{"id":997,"date":"2014-07-26T10:07:29","date_gmt":"2014-07-26T09:07:29","guid":{"rendered":"http:\/\/www.elodie-et-antoine.fr\/ra\/?p=997"},"modified":"2014-07-26T10:07:29","modified_gmt":"2014-07-26T09:07:29","slug":"pelagie-gauguet-premiere-femme-de-francois-bontemps","status":"publish","type":"post","link":"https:\/\/www.elodie-et-antoine.fr\/ra\/?p=997","title":{"rendered":"P\u00e9lagie GAUGUET, premi\u00e8re femme de Fran\u00e7ois BONTEMPS"},"content":{"rendered":"<p style=\"text-align: justify;\"><em>C&rsquo;est reparti pour un article g\u00e9n\u00e9alogique. Vous le devez \u00e0 <a href=\"http:\/\/mesracinesfamiliales.blogspot.fr\/\">Beno\u00eet <\/a>qui a partag\u00e9 sur les r\u00e9seaux sociaux un article portant sur Sury-\u00e8s-Bois. En effet, Jean LANDOIS, bien connu dans le Sancerrois publie apr\u00e8s de nombreuses autres, une monographie sur ce village.<\/em><\/p>\n<p style=\"text-align: justify;\"><span style=\"color: #993300;\"><strong>Sury-\u00e8s-Bois ?<\/strong><\/span> L&rsquo;un des trois \u00ab\u00a0Sury\u00a0\u00bb du Cher avec Sury-pr\u00e8s-L\u00e9r\u00e9 et Sury-en-Vaux d&rsquo;o\u00f9 sont originaires de nombreux anc\u00eatres. Mais aucun n&rsquo;est originaire de Sury-\u00e8s-Bois. Je saute une branche et passe \u00e0 l&rsquo;arbre de mon mari. Aucun ascendant n&rsquo;aurait v\u00e9cu dans ce village&#8230; mais je trouve une femme qui y est d\u00e9c\u00e9d\u00e9e\u00a0 : P\u00e9lagie GAUGUET. Elle fut la premi\u00e8re femme de Fran\u00e7ois BONTEMPS et j&rsquo;avoue ne pas avoir beaucoup de recherches la concernant. Je vous propose de la d\u00e9couvrir avec moi&#8230;<\/p>\n<p style=\"text-align: justify;\">Nous nous retrouvons le seize juillet 1860 \u00e0 Pierrefitte es Bois, le village d&rsquo;origine de P\u00e9lagie. Il se situe \u00e0 quelques kilom\u00e8tres seulement du Cher dans le d\u00e9partement du Loiret. Il est huit heure et Fran\u00e7ois BONTEMPS arrive avec ses fr\u00e8res et son p\u00e8re, venus de Subligny et de Jars.\u00a0 Il n&rsquo;est pas ce que l&rsquo;on pourrait appeler un bon parti : domestique, fils de laboureur. Mais il est jeune, vingt-cinq ans seulement.<\/p>\n<p style=\"text-align: center;\"><a href=\"https:\/\/www.elodie-et-antoine.fr\/ra\/wp-content\/uploads\/2014\/07\/La-Cour.jpg\"><img loading=\"lazy\" decoding=\"async\" class=\"wp-image-1000 aligncenter\" src=\"https:\/\/www.elodie-et-antoine.fr\/ra\/wp-content\/uploads\/2014\/07\/La-Cour.jpg\" alt=\"La Cour\" width=\"489\" height=\"309\" srcset=\"https:\/\/www.elodie-et-antoine.fr\/ra\/wp-content\/uploads\/2014\/07\/La-Cour.jpg 983w, https:\/\/www.elodie-et-antoine.fr\/ra\/wp-content\/uploads\/2014\/07\/La-Cour-300x189.jpg 300w\" sizes=\"auto, (max-width: 489px) 100vw, 489px\" \/><\/a><span style=\"color: #993300;\"><em>Fran\u00e7ois \u00e9tait domicili\u00e9 au lieu-dit la Cour Praneau. Peut-\u00eatre est-ce le m\u00eame endroit ?<\/em><\/span><\/p>\n<p style=\"text-align: justify;\">Car P\u00e9lagie est bien plus \u00e2g\u00e9e avec ses quarante-cinq ans, veuve de Pierre VILLARD parti il y a un an et demi. Elle a ensuite poursuivi son travail dans les champs comme l&rsquo;atteste son statut de cultivatrice et est alors domicili\u00e9e \u00e0 Cr\u00e9cy.<\/p>\n<p style=\"text-align: justify;\"><a href=\"https:\/\/www.elodie-et-antoine.fr\/ra\/wp-content\/uploads\/2014\/07\/Ferme-Crecy.jpg\"><img loading=\"lazy\" decoding=\"async\" class=\"size-full wp-image-1001 aligncenter\" src=\"https:\/\/www.elodie-et-antoine.fr\/ra\/wp-content\/uploads\/2014\/07\/Ferme-Crecy.jpg\" alt=\"Ferme Crecy\" width=\"448\" height=\"290\" srcset=\"https:\/\/www.elodie-et-antoine.fr\/ra\/wp-content\/uploads\/2014\/07\/Ferme-Crecy.jpg 448w, https:\/\/www.elodie-et-antoine.fr\/ra\/wp-content\/uploads\/2014\/07\/Ferme-Crecy-300x194.jpg 300w\" sizes=\"auto, (max-width: 448px) 100vw, 448px\" \/><\/a>Apr\u00e8s le mariage, les \u00e9v\u00e9nements s&rsquo;encha\u00eenent rapidement: le couple d\u00e9m\u00e9nage \u00e0 Sury-\u00e8s-Bois non loin de l\u00e0, o\u00f9 vivent les parents de P\u00e9lagie. La nuit de noces a \u00e9t\u00e9 fructueuse car un peu moins de neuf mois apr\u00e8s leur mariage, P\u00e9lagie met au monde leur fille Marie Ad\u00e8le. Son mari est alors journalier en cette commune, et son fr\u00e8re Jean laboureur \u00e0 Pierrefitte sera le parrain.<\/p>\n<p style=\"text-align: justify;\">Sauf qu&rsquo;un accouchement \u00e0 quarante-six ans, est beaucoup plus \u00e9prouvant qu&rsquo;\u00e0 vingt ans. La fatigue et un accouchement certainement difficile auront raison d&rsquo;elle, et quelques jours seulement apr\u00e8s son accouchement, P\u00e9lagie d\u00e9c\u00e8de le 13 mars \u00e0 Sury-\u00e8s-Bois.<\/p>\n<p style=\"text-align: justify;\">Deux ans plus tard, Fran\u00e7ois \u00e9pouse Marie Justine GRESSIN jeune fileuse de cinq ans sa cadette.<\/p>\n<p style=\"text-align: justify;\">Il n&rsquo;en reste pas moins que ce premier mariage et cette diff\u00e9rence d&rsquo;\u00e2ges m&rsquo;interpellent&#8230;<\/p>\n","protected":false},"excerpt":{"rendered":"<p>C&rsquo;est reparti pour un article g\u00e9n\u00e9alogique. Vous le devez \u00e0 Beno\u00eet qui a partag\u00e9 sur les r\u00e9seaux sociaux un article portant sur Sury-\u00e8s-Bois. En effet, Jean LANDOIS, bien connu dans le Sancerrois publie apr\u00e8s de nombreuses autres, une monographie sur ce village. Sury-\u00e8s-Bois ? L&rsquo;un des trois \u00ab\u00a0Sury\u00a0\u00bb du Cher avec Sury-pr\u00e8s-L\u00e9r\u00e9 et Sury-en-Vaux d&rsquo;o\u00f9 sont originaires de nombreux anc\u00eatres. Mais aucun n&rsquo;est originaire de Sury-\u00e8s-Bois. Je saute une branche et passe \u00e0 l&rsquo;arbre de mon mari. Aucun ascendant n&rsquo;aurait v\u00e9cu dans ce village&#8230; mais je trouve une femme qui y est d\u00e9c\u00e9d\u00e9e\u00a0 : P\u00e9lagie GAUGUET. Elle fut la premi\u00e8re femme de Fran\u00e7ois BONTEMPS et j&rsquo;avoue ne pas avoir beaucoup de recherches la concernant. Je vous propose de la d\u00e9couvrir avec moi&#8230; Nous nous retrouvons le seize juillet 1860 \u00e0 Pierrefitte es Bois, le village d&rsquo;origine de P\u00e9lagie. Il se situe \u00e0 quelques kilom\u00e8tres seulement du Cher dans le d\u00e9partement du Loiret. Il est huit heure et Fran\u00e7ois BONTEMPS arrive avec ses fr\u00e8res et son p\u00e8re, venus de Subligny et de Jars.\u00a0 Il n&rsquo;est pas ce que l&rsquo;on pourrait appeler un bon parti : domestique, fils de laboureur. Mais il est jeune, vingt-cinq ans seulement. Fran\u00e7ois \u00e9tait domicili\u00e9 au lieu-dit la Cour Praneau. Peut-\u00eatre est-ce le m\u00eame endroit ? Car P\u00e9lagie est bien plus \u00e2g\u00e9e avec ses quarante-cinq ans, veuve de Pierre VILLARD parti il y a un an et demi. Elle a ensuite poursuivi son travail dans les champs comme l&rsquo;atteste son statut de cultivatrice et est alors domicili\u00e9e \u00e0 Cr\u00e9cy. Apr\u00e8s le mariage, les \u00e9v\u00e9nements s&rsquo;encha\u00eenent rapidement: le couple d\u00e9m\u00e9nage \u00e0 Sury-\u00e8s-Bois non loin de l\u00e0, o\u00f9 vivent les parents de P\u00e9lagie. La nuit de noces a \u00e9t\u00e9 fructueuse car un peu moins de neuf mois apr\u00e8s leur mariage, P\u00e9lagie met au monde leur fille Marie Ad\u00e8le. Son mari est alors journalier en cette commune, et son fr\u00e8re Jean laboureur \u00e0 Pierrefitte sera le parrain. Sauf qu&rsquo;un accouchement \u00e0 quarante-six ans, est beaucoup plus \u00e9prouvant qu&rsquo;\u00e0 vingt ans. La fatigue et un accouchement certainement difficile auront raison d&rsquo;elle, et quelques jours seulement apr\u00e8s son accouchement, P\u00e9lagie d\u00e9c\u00e8de le 13 mars \u00e0 Sury-\u00e8s-Bois. Deux ans plus tard, Fran\u00e7ois \u00e9pouse Marie Justine GRESSIN jeune fileuse de cinq ans sa cadette. Il n&rsquo;en reste pas moins que ce premier mariage et cette diff\u00e9rence d&rsquo;\u00e2ges m&rsquo;interpellent&#8230;<\/p>\n","protected":false},"author":1,"featured_media":0,"comment_status":"open","ping_status":"open","sticky":false,"template":"","format":"standard","meta":{"_exactmetrics_skip_tracking":false,"_exactmetrics_sitenote_active":false,"_exactmetrics_sitenote_note":"","_exactmetrics_sitenote_category":0,"jetpack_post_was_ever_published":false,"_jetpack_newsletter_access":"","_jetpack_dont_email_post_to_subs":false,"_jetpack_newsletter_tier_id":0,"_jetpack_memberships_contains_paywalled_content":false,"_jetpack_memberships_contains_paid_content":false,"footnotes":""},"categories":[26],"tags":[183,184,185],"class_list":["post-997","post","type-post","status-publish","format-standard","hentry","category-mes-ancetres","tag-bontemps","tag-gauguet","tag-sury-es-bois"],"yoast_head":"<!-- This site is optimized with the Yoast SEO plugin v27.0 - https:\/\/yoast.com\/product\/yoast-seo-wordpress\/ -->\n<title>P\u00e9lagie GAUGUET, premi\u00e8re femme de Fran\u00e7ois BONTEMPS - Rencontre avec mes anc\u00eatres<\/title>\n<meta name=\"robots\" content=\"index, follow, max-snippet:-1, max-image-preview:large, max-video-preview:-1\" \/>\n<link rel=\"canonical\" href=\"https:\/\/www.elodie-et-antoine.fr\/ra\/?p=997\" \/>\n<meta property=\"og:locale\" content=\"fr_FR\" \/>\n<meta property=\"og:type\" content=\"article\" \/>\n<meta property=\"og:title\" content=\"P\u00e9lagie GAUGUET, premi\u00e8re femme de Fran\u00e7ois BONTEMPS - Rencontre avec mes anc\u00eatres\" \/>\n<meta property=\"og:description\" content=\"C&rsquo;est reparti pour un article g\u00e9n\u00e9alogique. Vous le devez \u00e0 Beno\u00eet qui a partag\u00e9 sur les r\u00e9seaux sociaux un article portant sur Sury-\u00e8s-Bois. En effet, Jean LANDOIS, bien connu dans le Sancerrois publie apr\u00e8s de nombreuses autres, une monographie sur ce village. Sury-\u00e8s-Bois ? L&rsquo;un des trois \u00ab\u00a0Sury\u00a0\u00bb du Cher avec Sury-pr\u00e8s-L\u00e9r\u00e9 et Sury-en-Vaux d&rsquo;o\u00f9 sont originaires de nombreux anc\u00eatres. Mais aucun n&rsquo;est originaire de Sury-\u00e8s-Bois. Je saute une branche et passe \u00e0 l&rsquo;arbre de mon mari. Aucun ascendant n&rsquo;aurait v\u00e9cu dans ce village&#8230; mais je trouve une femme qui y est d\u00e9c\u00e9d\u00e9e\u00a0 : P\u00e9lagie GAUGUET. Elle fut la premi\u00e8re femme de Fran\u00e7ois BONTEMPS et j&rsquo;avoue ne pas avoir beaucoup de recherches la concernant. Je vous propose de la d\u00e9couvrir avec moi&#8230; Nous nous retrouvons le seize juillet 1860 \u00e0 Pierrefitte es Bois, le village d&rsquo;origine de P\u00e9lagie. Il se situe \u00e0 quelques kilom\u00e8tres seulement du Cher dans le d\u00e9partement du Loiret. Il est huit heure et Fran\u00e7ois BONTEMPS arrive avec ses fr\u00e8res et son p\u00e8re, venus de Subligny et de Jars.\u00a0 Il n&rsquo;est pas ce que l&rsquo;on pourrait appeler un bon parti : domestique, fils de laboureur. Mais il est jeune, vingt-cinq ans seulement. Fran\u00e7ois \u00e9tait domicili\u00e9 au lieu-dit la Cour Praneau. Peut-\u00eatre est-ce le m\u00eame endroit ? Car P\u00e9lagie est bien plus \u00e2g\u00e9e avec ses quarante-cinq ans, veuve de Pierre VILLARD parti il y a un an et demi. Elle a ensuite poursuivi son travail dans les champs comme l&rsquo;atteste son statut de cultivatrice et est alors domicili\u00e9e \u00e0 Cr\u00e9cy. Apr\u00e8s le mariage, les \u00e9v\u00e9nements s&rsquo;encha\u00eenent rapidement: le couple d\u00e9m\u00e9nage \u00e0 Sury-\u00e8s-Bois non loin de l\u00e0, o\u00f9 vivent les parents de P\u00e9lagie. La nuit de noces a \u00e9t\u00e9 fructueuse car un peu moins de neuf mois apr\u00e8s leur mariage, P\u00e9lagie met au monde leur fille Marie Ad\u00e8le. Son mari est alors journalier en cette commune, et son fr\u00e8re Jean laboureur \u00e0 Pierrefitte sera le parrain. Sauf qu&rsquo;un accouchement \u00e0 quarante-six ans, est beaucoup plus \u00e9prouvant qu&rsquo;\u00e0 vingt ans. La fatigue et un accouchement certainement difficile auront raison d&rsquo;elle, et quelques jours seulement apr\u00e8s son accouchement, P\u00e9lagie d\u00e9c\u00e8de le 13 mars \u00e0 Sury-\u00e8s-Bois. Deux ans plus tard, Fran\u00e7ois \u00e9pouse Marie Justine GRESSIN jeune fileuse de cinq ans sa cadette. Il n&rsquo;en reste pas moins que ce premier mariage et cette diff\u00e9rence d&rsquo;\u00e2ges m&rsquo;interpellent&#8230;\" \/>\n<meta property=\"og:url\" content=\"https:\/\/www.elodie-et-antoine.fr\/ra\/?p=997\" \/>\n<meta property=\"og:site_name\" content=\"Rencontre avec mes anc\u00eatres\" \/>\n<meta property=\"article:publisher\" content=\"https:\/\/www.facebook.com\/rencontreancetres\" \/>\n<meta property=\"article:published_time\" content=\"2014-07-26T09:07:29+00:00\" \/>\n<meta property=\"og:image\" content=\"http:\/\/www.elodie-et-antoine.fr\/ra\/wp-content\/uploads\/2014\/07\/La-Cour.jpg\" \/>\n<meta name=\"author\" content=\"Elodie\" \/>\n<meta name=\"twitter:card\" content=\"summary_large_image\" \/>\n<meta name=\"twitter:creator\" content=\"@lodeetwit\" \/>\n<meta name=\"twitter:site\" content=\"@lodeetwit\" \/>\n<meta name=\"twitter:label1\" content=\"\u00c9crit par\" \/>\n\t<meta name=\"twitter:data1\" content=\"Elodie\" \/>\n\t<meta name=\"twitter:label2\" content=\"Dur\u00e9e de lecture estim\u00e9e\" \/>\n\t<meta name=\"twitter:data2\" content=\"2 minutes\" \/>\n<script type=\"application\/ld+json\" class=\"yoast-schema-graph\">{\"@context\":\"https:\/\/schema.org\",\"@graph\":[{\"@type\":\"Article\",\"@id\":\"https:\/\/www.elodie-et-antoine.fr\/ra\/?p=997#article\",\"isPartOf\":{\"@id\":\"https:\/\/www.elodie-et-antoine.fr\/ra\/?p=997\"},\"author\":{\"name\":\"Elodie\",\"@id\":\"https:\/\/www.elodie-et-antoine.fr\/ra\/#\/schema\/person\/50e9be10104b0e8a3c0f55df181b9b56\"},\"headline\":\"P\u00e9lagie GAUGUET, premi\u00e8re femme de Fran\u00e7ois BONTEMPS\",\"datePublished\":\"2014-07-26T09:07:29+00:00\",\"mainEntityOfPage\":{\"@id\":\"https:\/\/www.elodie-et-antoine.fr\/ra\/?p=997\"},\"wordCount\":430,\"commentCount\":6,\"publisher\":{\"@id\":\"https:\/\/www.elodie-et-antoine.fr\/ra\/#organization\"},\"image\":{\"@id\":\"https:\/\/www.elodie-et-antoine.fr\/ra\/?p=997#primaryimage\"},\"thumbnailUrl\":\"http:\/\/www.elodie-et-antoine.fr\/ra\/wp-content\/uploads\/2014\/07\/La-Cour.jpg\",\"keywords\":[\"Bontemps\",\"Gauguet\",\"Sury-\u00e8s-Bois\"],\"articleSection\":[\"Mes anc\u00eatres\"],\"inLanguage\":\"fr-FR\",\"potentialAction\":[{\"@type\":\"CommentAction\",\"name\":\"Comment\",\"target\":[\"https:\/\/www.elodie-et-antoine.fr\/ra\/?p=997#respond\"]}]},{\"@type\":\"WebPage\",\"@id\":\"https:\/\/www.elodie-et-antoine.fr\/ra\/?p=997\",\"url\":\"https:\/\/www.elodie-et-antoine.fr\/ra\/?p=997\",\"name\":\"P\u00e9lagie GAUGUET, premi\u00e8re femme de Fran\u00e7ois BONTEMPS - Rencontre avec mes anc\u00eatres\",\"isPartOf\":{\"@id\":\"https:\/\/www.elodie-et-antoine.fr\/ra\/#website\"},\"primaryImageOfPage\":{\"@id\":\"https:\/\/www.elodie-et-antoine.fr\/ra\/?p=997#primaryimage\"},\"image\":{\"@id\":\"https:\/\/www.elodie-et-antoine.fr\/ra\/?p=997#primaryimage\"},\"thumbnailUrl\":\"http:\/\/www.elodie-et-antoine.fr\/ra\/wp-content\/uploads\/2014\/07\/La-Cour.jpg\",\"datePublished\":\"2014-07-26T09:07:29+00:00\",\"breadcrumb\":{\"@id\":\"https:\/\/www.elodie-et-antoine.fr\/ra\/?p=997#breadcrumb\"},\"inLanguage\":\"fr-FR\",\"potentialAction\":[{\"@type\":\"ReadAction\",\"target\":[\"https:\/\/www.elodie-et-antoine.fr\/ra\/?p=997\"]}]},{\"@type\":\"ImageObject\",\"inLanguage\":\"fr-FR\",\"@id\":\"https:\/\/www.elodie-et-antoine.fr\/ra\/?p=997#primaryimage\",\"url\":\"http:\/\/www.elodie-et-antoine.fr\/ra\/wp-content\/uploads\/2014\/07\/La-Cour.jpg\",\"contentUrl\":\"http:\/\/www.elodie-et-antoine.fr\/ra\/wp-content\/uploads\/2014\/07\/La-Cour.jpg\"},{\"@type\":\"BreadcrumbList\",\"@id\":\"https:\/\/www.elodie-et-antoine.fr\/ra\/?p=997#breadcrumb\",\"itemListElement\":[{\"@type\":\"ListItem\",\"position\":1,\"name\":\"Accueil\",\"item\":\"https:\/\/www.elodie-et-antoine.fr\/ra\"},{\"@type\":\"ListItem\",\"position\":2,\"name\":\"P\u00e9lagie GAUGUET, premi\u00e8re femme de Fran\u00e7ois BONTEMPS\"}]},{\"@type\":\"WebSite\",\"@id\":\"https:\/\/www.elodie-et-antoine.fr\/ra\/#website\",\"url\":\"https:\/\/www.elodie-et-antoine.fr\/ra\/\",\"name\":\"Rencontre avec mes anc\u00eatres\",\"description\":\"Rencontre avec mes anc\u00eatres\",\"publisher\":{\"@id\":\"https:\/\/www.elodie-et-antoine.fr\/ra\/#organization\"},\"potentialAction\":[{\"@type\":\"SearchAction\",\"target\":{\"@type\":\"EntryPoint\",\"urlTemplate\":\"https:\/\/www.elodie-et-antoine.fr\/ra\/?s={search_term_string}\"},\"query-input\":{\"@type\":\"PropertyValueSpecification\",\"valueRequired\":true,\"valueName\":\"search_term_string\"}}],\"inLanguage\":\"fr-FR\"},{\"@type\":\"Organization\",\"@id\":\"https:\/\/www.elodie-et-antoine.fr\/ra\/#organization\",\"name\":\"Rencontre avec mes anc\u00eatres\",\"url\":\"https:\/\/www.elodie-et-antoine.fr\/ra\/\",\"logo\":{\"@type\":\"ImageObject\",\"inLanguage\":\"fr-FR\",\"@id\":\"https:\/\/www.elodie-et-antoine.fr\/ra\/#\/schema\/logo\/image\/\",\"url\":\"https:\/\/www.elodie-et-antoine.fr\/ra\/wp-content\/uploads\/2024\/02\/Logo-detoure.png\",\"contentUrl\":\"https:\/\/www.elodie-et-antoine.fr\/ra\/wp-content\/uploads\/2024\/02\/Logo-detoure.png\",\"width\":500,\"height\":500,\"caption\":\"Rencontre avec mes anc\u00eatres\"},\"image\":{\"@id\":\"https:\/\/www.elodie-et-antoine.fr\/ra\/#\/schema\/logo\/image\/\"},\"sameAs\":[\"https:\/\/www.facebook.com\/rencontreancetres\",\"https:\/\/x.com\/lodeetwit\"]},{\"@type\":\"Person\",\"@id\":\"https:\/\/www.elodie-et-antoine.fr\/ra\/#\/schema\/person\/50e9be10104b0e8a3c0f55df181b9b56\",\"name\":\"Elodie\",\"image\":{\"@type\":\"ImageObject\",\"inLanguage\":\"fr-FR\",\"@id\":\"https:\/\/www.elodie-et-antoine.fr\/ra\/#\/schema\/person\/image\/\",\"url\":\"https:\/\/secure.gravatar.com\/avatar\/1ee5777faed60801dee6c0665d8f4bb2cfd6d4bf6ab052dbbc40be268a652c31?s=96&d=mm&r=g\",\"contentUrl\":\"https:\/\/secure.gravatar.com\/avatar\/1ee5777faed60801dee6c0665d8f4bb2cfd6d4bf6ab052dbbc40be268a652c31?s=96&d=mm&r=g\",\"caption\":\"Elodie\"},\"url\":\"https:\/\/www.elodie-et-antoine.fr\/ra\/?author=1\"}]}<\/script>\n<!-- \/ Yoast SEO plugin. -->","yoast_head_json":{"title":"P\u00e9lagie GAUGUET, premi\u00e8re femme de Fran\u00e7ois BONTEMPS - Rencontre avec mes anc\u00eatres","robots":{"index":"index","follow":"follow","max-snippet":"max-snippet:-1","max-image-preview":"max-image-preview:large","max-video-preview":"max-video-preview:-1"},"canonical":"https:\/\/www.elodie-et-antoine.fr\/ra\/?p=997","og_locale":"fr_FR","og_type":"article","og_title":"P\u00e9lagie GAUGUET, premi\u00e8re femme de Fran\u00e7ois BONTEMPS - Rencontre avec mes anc\u00eatres","og_description":"C&rsquo;est reparti pour un article g\u00e9n\u00e9alogique. Vous le devez \u00e0 Beno\u00eet qui a partag\u00e9 sur les r\u00e9seaux sociaux un article portant sur Sury-\u00e8s-Bois. En effet, Jean LANDOIS, bien connu dans le Sancerrois publie apr\u00e8s de nombreuses autres, une monographie sur ce village. Sury-\u00e8s-Bois ? L&rsquo;un des trois \u00ab\u00a0Sury\u00a0\u00bb du Cher avec Sury-pr\u00e8s-L\u00e9r\u00e9 et Sury-en-Vaux d&rsquo;o\u00f9 sont originaires de nombreux anc\u00eatres. Mais aucun n&rsquo;est originaire de Sury-\u00e8s-Bois. Je saute une branche et passe \u00e0 l&rsquo;arbre de mon mari. Aucun ascendant n&rsquo;aurait v\u00e9cu dans ce village&#8230; mais je trouve une femme qui y est d\u00e9c\u00e9d\u00e9e\u00a0 : P\u00e9lagie GAUGUET. Elle fut la premi\u00e8re femme de Fran\u00e7ois BONTEMPS et j&rsquo;avoue ne pas avoir beaucoup de recherches la concernant. Je vous propose de la d\u00e9couvrir avec moi&#8230; Nous nous retrouvons le seize juillet 1860 \u00e0 Pierrefitte es Bois, le village d&rsquo;origine de P\u00e9lagie. Il se situe \u00e0 quelques kilom\u00e8tres seulement du Cher dans le d\u00e9partement du Loiret. Il est huit heure et Fran\u00e7ois BONTEMPS arrive avec ses fr\u00e8res et son p\u00e8re, venus de Subligny et de Jars.\u00a0 Il n&rsquo;est pas ce que l&rsquo;on pourrait appeler un bon parti : domestique, fils de laboureur. Mais il est jeune, vingt-cinq ans seulement. Fran\u00e7ois \u00e9tait domicili\u00e9 au lieu-dit la Cour Praneau. Peut-\u00eatre est-ce le m\u00eame endroit ? Car P\u00e9lagie est bien plus \u00e2g\u00e9e avec ses quarante-cinq ans, veuve de Pierre VILLARD parti il y a un an et demi. Elle a ensuite poursuivi son travail dans les champs comme l&rsquo;atteste son statut de cultivatrice et est alors domicili\u00e9e \u00e0 Cr\u00e9cy. Apr\u00e8s le mariage, les \u00e9v\u00e9nements s&rsquo;encha\u00eenent rapidement: le couple d\u00e9m\u00e9nage \u00e0 Sury-\u00e8s-Bois non loin de l\u00e0, o\u00f9 vivent les parents de P\u00e9lagie. La nuit de noces a \u00e9t\u00e9 fructueuse car un peu moins de neuf mois apr\u00e8s leur mariage, P\u00e9lagie met au monde leur fille Marie Ad\u00e8le. Son mari est alors journalier en cette commune, et son fr\u00e8re Jean laboureur \u00e0 Pierrefitte sera le parrain. Sauf qu&rsquo;un accouchement \u00e0 quarante-six ans, est beaucoup plus \u00e9prouvant qu&rsquo;\u00e0 vingt ans. La fatigue et un accouchement certainement difficile auront raison d&rsquo;elle, et quelques jours seulement apr\u00e8s son accouchement, P\u00e9lagie d\u00e9c\u00e8de le 13 mars \u00e0 Sury-\u00e8s-Bois. Deux ans plus tard, Fran\u00e7ois \u00e9pouse Marie Justine GRESSIN jeune fileuse de cinq ans sa cadette. Il n&rsquo;en reste pas moins que ce premier mariage et cette diff\u00e9rence d&rsquo;\u00e2ges m&rsquo;interpellent&#8230;","og_url":"https:\/\/www.elodie-et-antoine.fr\/ra\/?p=997","og_site_name":"Rencontre avec mes anc\u00eatres","article_publisher":"https:\/\/www.facebook.com\/rencontreancetres","article_published_time":"2014-07-26T09:07:29+00:00","og_image":[{"url":"http:\/\/www.elodie-et-antoine.fr\/ra\/wp-content\/uploads\/2014\/07\/La-Cour.jpg","type":"","width":"","height":""}],"author":"Elodie","twitter_card":"summary_large_image","twitter_creator":"@lodeetwit","twitter_site":"@lodeetwit","twitter_misc":{"\u00c9crit par":"Elodie","Dur\u00e9e de lecture estim\u00e9e":"2 minutes"},"schema":{"@context":"https:\/\/schema.org","@graph":[{"@type":"Article","@id":"https:\/\/www.elodie-et-antoine.fr\/ra\/?p=997#article","isPartOf":{"@id":"https:\/\/www.elodie-et-antoine.fr\/ra\/?p=997"},"author":{"name":"Elodie","@id":"https:\/\/www.elodie-et-antoine.fr\/ra\/#\/schema\/person\/50e9be10104b0e8a3c0f55df181b9b56"},"headline":"P\u00e9lagie GAUGUET, premi\u00e8re femme de Fran\u00e7ois BONTEMPS","datePublished":"2014-07-26T09:07:29+00:00","mainEntityOfPage":{"@id":"https:\/\/www.elodie-et-antoine.fr\/ra\/?p=997"},"wordCount":430,"commentCount":6,"publisher":{"@id":"https:\/\/www.elodie-et-antoine.fr\/ra\/#organization"},"image":{"@id":"https:\/\/www.elodie-et-antoine.fr\/ra\/?p=997#primaryimage"},"thumbnailUrl":"http:\/\/www.elodie-et-antoine.fr\/ra\/wp-content\/uploads\/2014\/07\/La-Cour.jpg","keywords":["Bontemps","Gauguet","Sury-\u00e8s-Bois"],"articleSection":["Mes anc\u00eatres"],"inLanguage":"fr-FR","potentialAction":[{"@type":"CommentAction","name":"Comment","target":["https:\/\/www.elodie-et-antoine.fr\/ra\/?p=997#respond"]}]},{"@type":"WebPage","@id":"https:\/\/www.elodie-et-antoine.fr\/ra\/?p=997","url":"https:\/\/www.elodie-et-antoine.fr\/ra\/?p=997","name":"P\u00e9lagie GAUGUET, premi\u00e8re femme de Fran\u00e7ois BONTEMPS - Rencontre avec mes anc\u00eatres","isPartOf":{"@id":"https:\/\/www.elodie-et-antoine.fr\/ra\/#website"},"primaryImageOfPage":{"@id":"https:\/\/www.elodie-et-antoine.fr\/ra\/?p=997#primaryimage"},"image":{"@id":"https:\/\/www.elodie-et-antoine.fr\/ra\/?p=997#primaryimage"},"thumbnailUrl":"http:\/\/www.elodie-et-antoine.fr\/ra\/wp-content\/uploads\/2014\/07\/La-Cour.jpg","datePublished":"2014-07-26T09:07:29+00:00","breadcrumb":{"@id":"https:\/\/www.elodie-et-antoine.fr\/ra\/?p=997#breadcrumb"},"inLanguage":"fr-FR","potentialAction":[{"@type":"ReadAction","target":["https:\/\/www.elodie-et-antoine.fr\/ra\/?p=997"]}]},{"@type":"ImageObject","inLanguage":"fr-FR","@id":"https:\/\/www.elodie-et-antoine.fr\/ra\/?p=997#primaryimage","url":"http:\/\/www.elodie-et-antoine.fr\/ra\/wp-content\/uploads\/2014\/07\/La-Cour.jpg","contentUrl":"http:\/\/www.elodie-et-antoine.fr\/ra\/wp-content\/uploads\/2014\/07\/La-Cour.jpg"},{"@type":"BreadcrumbList","@id":"https:\/\/www.elodie-et-antoine.fr\/ra\/?p=997#breadcrumb","itemListElement":[{"@type":"ListItem","position":1,"name":"Accueil","item":"https:\/\/www.elodie-et-antoine.fr\/ra"},{"@type":"ListItem","position":2,"name":"P\u00e9lagie GAUGUET, premi\u00e8re femme de Fran\u00e7ois BONTEMPS"}]},{"@type":"WebSite","@id":"https:\/\/www.elodie-et-antoine.fr\/ra\/#website","url":"https:\/\/www.elodie-et-antoine.fr\/ra\/","name":"Rencontre avec mes anc\u00eatres","description":"Rencontre avec mes anc\u00eatres","publisher":{"@id":"https:\/\/www.elodie-et-antoine.fr\/ra\/#organization"},"potentialAction":[{"@type":"SearchAction","target":{"@type":"EntryPoint","urlTemplate":"https:\/\/www.elodie-et-antoine.fr\/ra\/?s={search_term_string}"},"query-input":{"@type":"PropertyValueSpecification","valueRequired":true,"valueName":"search_term_string"}}],"inLanguage":"fr-FR"},{"@type":"Organization","@id":"https:\/\/www.elodie-et-antoine.fr\/ra\/#organization","name":"Rencontre avec mes anc\u00eatres","url":"https:\/\/www.elodie-et-antoine.fr\/ra\/","logo":{"@type":"ImageObject","inLanguage":"fr-FR","@id":"https:\/\/www.elodie-et-antoine.fr\/ra\/#\/schema\/logo\/image\/","url":"https:\/\/www.elodie-et-antoine.fr\/ra\/wp-content\/uploads\/2024\/02\/Logo-detoure.png","contentUrl":"https:\/\/www.elodie-et-antoine.fr\/ra\/wp-content\/uploads\/2024\/02\/Logo-detoure.png","width":500,"height":500,"caption":"Rencontre avec mes anc\u00eatres"},"image":{"@id":"https:\/\/www.elodie-et-antoine.fr\/ra\/#\/schema\/logo\/image\/"},"sameAs":["https:\/\/www.facebook.com\/rencontreancetres","https:\/\/x.com\/lodeetwit"]},{"@type":"Person","@id":"https:\/\/www.elodie-et-antoine.fr\/ra\/#\/schema\/person\/50e9be10104b0e8a3c0f55df181b9b56","name":"Elodie","image":{"@type":"ImageObject","inLanguage":"fr-FR","@id":"https:\/\/www.elodie-et-antoine.fr\/ra\/#\/schema\/person\/image\/","url":"https:\/\/secure.gravatar.com\/avatar\/1ee5777faed60801dee6c0665d8f4bb2cfd6d4bf6ab052dbbc40be268a652c31?s=96&d=mm&r=g","contentUrl":"https:\/\/secure.gravatar.com\/avatar\/1ee5777faed60801dee6c0665d8f4bb2cfd6d4bf6ab052dbbc40be268a652c31?s=96&d=mm&r=g","caption":"Elodie"},"url":"https:\/\/www.elodie-et-antoine.fr\/ra\/?author=1"}]}},"jetpack_featured_media_url":"","jetpack_sharing_enabled":true,"_links":{"self":[{"href":"https:\/\/www.elodie-et-antoine.fr\/ra\/index.php?rest_route=\/wp\/v2\/posts\/997","targetHints":{"allow":["GET"]}}],"collection":[{"href":"https:\/\/www.elodie-et-antoine.fr\/ra\/index.php?rest_route=\/wp\/v2\/posts"}],"about":[{"href":"https:\/\/www.elodie-et-antoine.fr\/ra\/index.php?rest_route=\/wp\/v2\/types\/post"}],"author":[{"embeddable":true,"href":"https:\/\/www.elodie-et-antoine.fr\/ra\/index.php?rest_route=\/wp\/v2\/users\/1"}],"replies":[{"embeddable":true,"href":"https:\/\/www.elodie-et-antoine.fr\/ra\/index.php?rest_route=%2Fwp%2Fv2%2Fcomments&post=997"}],"version-history":[{"count":3,"href":"https:\/\/www.elodie-et-antoine.fr\/ra\/index.php?rest_route=\/wp\/v2\/posts\/997\/revisions"}],"predecessor-version":[{"id":1002,"href":"https:\/\/www.elodie-et-antoine.fr\/ra\/index.php?rest_route=\/wp\/v2\/posts\/997\/revisions\/1002"}],"wp:attachment":[{"href":"https:\/\/www.elodie-et-antoine.fr\/ra\/index.php?rest_route=%2Fwp%2Fv2%2Fmedia&parent=997"}],"wp:term":[{"taxonomy":"category","embeddable":true,"href":"https:\/\/www.elodie-et-antoine.fr\/ra\/index.php?rest_route=%2Fwp%2Fv2%2Fcategories&post=997"},{"taxonomy":"post_tag","embeddable":true,"href":"https:\/\/www.elodie-et-antoine.fr\/ra\/index.php?rest_route=%2Fwp%2Fv2%2Ftags&post=997"}],"curies":[{"name":"wp","href":"https:\/\/api.w.org\/{rel}","templated":true}]}}