{"id":968,"date":"2014-07-09T08:10:50","date_gmt":"2014-07-09T07:10:50","guid":{"rendered":"http:\/\/www.elodie-et-antoine.fr\/ra\/?p=968"},"modified":"2014-07-09T08:10:50","modified_gmt":"2014-07-09T07:10:50","slug":"jai-depasse-les-cents","status":"publish","type":"post","link":"https:\/\/www.elodie-et-antoine.fr\/ra\/?p=968","title":{"rendered":"J&rsquo;ai d\u00e9pass\u00e9 les cents &#8230;"},"content":{"rendered":"<p style=\"text-align: justify;\"><em>Un petit \u00e9v\u00e9nement pour mon blog que je n&rsquo;ai pas pu vous relater car il s&rsquo;est produit durant le challenge A \u00e0 Z : j&rsquo;ai publi\u00e9 mon centi\u00e8me article !<\/em><\/p>\n<p style=\"text-align: justify;\">Cent&#8230;<\/p>\n<p style=\"text-align: justify;\">Mon sosa num\u00e9ro 100 est Andr\u00e9 RAIMBAULT, n\u00e9 le 29 messidor an XIII rue du grand Faubourg \u00e0 la Chapelle d&rsquo;Angillon et d\u00e9c\u00e9d\u00e9 au bourg de M\u00e9netou-R\u00e2tel le 30 janvier 1860. Il aurait \u00e9t\u00e9 man\u0153uvre, domestique, cultivateur et cabaretier (rien que \u00e7a).<\/p>\n<p style=\"text-align: justify;\">Le sosa num\u00e9ro 100 de mon mari, un certain Jean DAVID, laboureur qui v\u00e9cut \u00e0 Humbligny du 9 nivose an IV au 25 janvier 1851.<\/p>\n<p style=\"text-align: justify;\">Cent comme le d\u00e9fi de raconter la vie d&rsquo;un anc\u00eatre en cent mots, d\u00e9fi relev\u00e9 avec mon anc\u00eatre <a title=\"Jean BEAUNEZ le voyageur en cent mots\" href=\"https:\/\/www.elodie-et-antoine.fr\/ra\/?p=198\">Jean BEAUNEZ<\/a> qui partit avec son oncle du Morvan jusqu&rsquo;en Berry.<\/p>\n<p style=\"text-align: justify;\">Le centi\u00e8me article, <a title=\"C comme \u2026 charbonnier comme son p\u00e8re\" href=\"https:\/\/www.elodie-et-antoine.fr\/ra\/?p=831\">\u00ab\u00a0charbonnier comme son p\u00e8re\u00a0\u00bb<\/a> dont la r\u00e9daction fut longue mais r\u00e9compens\u00e9 par de nombreux \u00e9changes.<\/p>\n<p style=\"text-align: justify;\">Mon centi\u00e8me commentaire fut r\u00e9dig\u00e9 par C\u00e9line, petite publicit\u00e9 donc pour son blog <a href=\"luniversdeceline.overblog.com\">L&rsquo;univers de C\u00e9line<\/a>.<\/p>\n<p style=\"text-align: justify;\">Merci \u00e0 tous mes visiteurs, et \u00e0 bient\u00f4t !<\/p>\n","protected":false},"excerpt":{"rendered":"<p>Un petit \u00e9v\u00e9nement pour mon blog que je n&rsquo;ai pas pu vous relater car il s&rsquo;est produit durant le challenge A \u00e0 Z : j&rsquo;ai publi\u00e9 mon centi\u00e8me article ! Cent&#8230; Mon sosa num\u00e9ro 100 est Andr\u00e9 RAIMBAULT, n\u00e9 le 29 messidor an XIII rue du grand Faubourg \u00e0 la Chapelle d&rsquo;Angillon et d\u00e9c\u00e9d\u00e9 au bourg de M\u00e9netou-R\u00e2tel le 30 janvier 1860. Il aurait \u00e9t\u00e9 man\u0153uvre, domestique, cultivateur et cabaretier (rien que \u00e7a). Le sosa num\u00e9ro 100 de mon mari, un certain Jean DAVID, laboureur qui v\u00e9cut \u00e0 Humbligny du 9 nivose an IV au 25 janvier 1851. Cent comme le d\u00e9fi de raconter la vie d&rsquo;un anc\u00eatre en cent mots, d\u00e9fi relev\u00e9 avec mon anc\u00eatre Jean BEAUNEZ qui partit avec son oncle du Morvan jusqu&rsquo;en Berry. Le centi\u00e8me article, \u00ab\u00a0charbonnier comme son p\u00e8re\u00a0\u00bb dont la r\u00e9daction fut longue mais r\u00e9compens\u00e9 par de nombreux \u00e9changes. Mon centi\u00e8me commentaire fut r\u00e9dig\u00e9 par C\u00e9line, petite publicit\u00e9 donc pour son blog L&rsquo;univers de C\u00e9line. Merci \u00e0 tous mes visiteurs, et \u00e0 bient\u00f4t !<\/p>\n","protected":false},"author":1,"featured_media":0,"comment_status":"open","ping_status":"open","sticky":false,"template":"","format":"standard","meta":{"_exactmetrics_skip_tracking":false,"_exactmetrics_sitenote_active":false,"_exactmetrics_sitenote_note":"","_exactmetrics_sitenote_category":0,"jetpack_post_was_ever_published":false,"_jetpack_newsletter_access":"","_jetpack_dont_email_post_to_subs":false,"_jetpack_newsletter_tier_id":0,"_jetpack_memberships_contains_paywalled_content":false,"_jetpack_memberships_contains_paid_content":false,"footnotes":""},"categories":[2],"tags":[],"class_list":["post-968","post","type-post","status-publish","format-standard","hentry","category-vu-lu-entendu"],"yoast_head":"<!-- This site is optimized with the Yoast SEO plugin v27.0 - https:\/\/yoast.com\/product\/yoast-seo-wordpress\/ -->\n<title>J&#039;ai d\u00e9pass\u00e9 les cents ... - Rencontre avec mes anc\u00eatres<\/title>\n<meta name=\"robots\" content=\"index, follow, max-snippet:-1, max-image-preview:large, max-video-preview:-1\" \/>\n<link rel=\"canonical\" href=\"https:\/\/www.elodie-et-antoine.fr\/ra\/?p=968\" \/>\n<meta property=\"og:locale\" content=\"fr_FR\" \/>\n<meta property=\"og:type\" content=\"article\" \/>\n<meta property=\"og:title\" content=\"J&#039;ai d\u00e9pass\u00e9 les cents ... - Rencontre avec mes anc\u00eatres\" \/>\n<meta property=\"og:description\" content=\"Un petit \u00e9v\u00e9nement pour mon blog que je n&rsquo;ai pas pu vous relater car il s&rsquo;est produit durant le challenge A \u00e0 Z : j&rsquo;ai publi\u00e9 mon centi\u00e8me article ! Cent&#8230; Mon sosa num\u00e9ro 100 est Andr\u00e9 RAIMBAULT, n\u00e9 le 29 messidor an XIII rue du grand Faubourg \u00e0 la Chapelle d&rsquo;Angillon et d\u00e9c\u00e9d\u00e9 au bourg de M\u00e9netou-R\u00e2tel le 30 janvier 1860. Il aurait \u00e9t\u00e9 man\u0153uvre, domestique, cultivateur et cabaretier (rien que \u00e7a). Le sosa num\u00e9ro 100 de mon mari, un certain Jean DAVID, laboureur qui v\u00e9cut \u00e0 Humbligny du 9 nivose an IV au 25 janvier 1851. Cent comme le d\u00e9fi de raconter la vie d&rsquo;un anc\u00eatre en cent mots, d\u00e9fi relev\u00e9 avec mon anc\u00eatre Jean BEAUNEZ qui partit avec son oncle du Morvan jusqu&rsquo;en Berry. Le centi\u00e8me article, \u00ab\u00a0charbonnier comme son p\u00e8re\u00a0\u00bb dont la r\u00e9daction fut longue mais r\u00e9compens\u00e9 par de nombreux \u00e9changes. Mon centi\u00e8me commentaire fut r\u00e9dig\u00e9 par C\u00e9line, petite publicit\u00e9 donc pour son blog L&rsquo;univers de C\u00e9line. Merci \u00e0 tous mes visiteurs, et \u00e0 bient\u00f4t !\" \/>\n<meta property=\"og:url\" content=\"https:\/\/www.elodie-et-antoine.fr\/ra\/?p=968\" \/>\n<meta property=\"og:site_name\" content=\"Rencontre avec mes anc\u00eatres\" \/>\n<meta property=\"article:publisher\" content=\"https:\/\/www.facebook.com\/rencontreancetres\" \/>\n<meta property=\"article:published_time\" content=\"2014-07-09T07:10:50+00:00\" \/>\n<meta name=\"author\" content=\"Elodie\" \/>\n<meta name=\"twitter:card\" content=\"summary_large_image\" \/>\n<meta name=\"twitter:creator\" content=\"@lodeetwit\" \/>\n<meta name=\"twitter:site\" content=\"@lodeetwit\" \/>\n<meta name=\"twitter:label1\" content=\"\u00c9crit par\" \/>\n\t<meta name=\"twitter:data1\" content=\"Elodie\" \/>\n\t<meta name=\"twitter:label2\" content=\"Dur\u00e9e de lecture estim\u00e9e\" \/>\n\t<meta name=\"twitter:data2\" content=\"1 minute\" \/>\n<script type=\"application\/ld+json\" class=\"yoast-schema-graph\">{\"@context\":\"https:\/\/schema.org\",\"@graph\":[{\"@type\":\"Article\",\"@id\":\"https:\/\/www.elodie-et-antoine.fr\/ra\/?p=968#article\",\"isPartOf\":{\"@id\":\"https:\/\/www.elodie-et-antoine.fr\/ra\/?p=968\"},\"author\":{\"name\":\"Elodie\",\"@id\":\"https:\/\/www.elodie-et-antoine.fr\/ra\/#\/schema\/person\/50e9be10104b0e8a3c0f55df181b9b56\"},\"headline\":\"J&rsquo;ai d\u00e9pass\u00e9 les cents &#8230;\",\"datePublished\":\"2014-07-09T07:10:50+00:00\",\"mainEntityOfPage\":{\"@id\":\"https:\/\/www.elodie-et-antoine.fr\/ra\/?p=968\"},\"wordCount\":182,\"commentCount\":6,\"publisher\":{\"@id\":\"https:\/\/www.elodie-et-antoine.fr\/ra\/#organization\"},\"articleSection\":[\"Vu lu entendu\"],\"inLanguage\":\"fr-FR\",\"potentialAction\":[{\"@type\":\"CommentAction\",\"name\":\"Comment\",\"target\":[\"https:\/\/www.elodie-et-antoine.fr\/ra\/?p=968#respond\"]}]},{\"@type\":\"WebPage\",\"@id\":\"https:\/\/www.elodie-et-antoine.fr\/ra\/?p=968\",\"url\":\"https:\/\/www.elodie-et-antoine.fr\/ra\/?p=968\",\"name\":\"J'ai d\u00e9pass\u00e9 les cents ... - Rencontre avec mes anc\u00eatres\",\"isPartOf\":{\"@id\":\"https:\/\/www.elodie-et-antoine.fr\/ra\/#website\"},\"datePublished\":\"2014-07-09T07:10:50+00:00\",\"breadcrumb\":{\"@id\":\"https:\/\/www.elodie-et-antoine.fr\/ra\/?p=968#breadcrumb\"},\"inLanguage\":\"fr-FR\",\"potentialAction\":[{\"@type\":\"ReadAction\",\"target\":[\"https:\/\/www.elodie-et-antoine.fr\/ra\/?p=968\"]}]},{\"@type\":\"BreadcrumbList\",\"@id\":\"https:\/\/www.elodie-et-antoine.fr\/ra\/?p=968#breadcrumb\",\"itemListElement\":[{\"@type\":\"ListItem\",\"position\":1,\"name\":\"Accueil\",\"item\":\"https:\/\/www.elodie-et-antoine.fr\/ra\"},{\"@type\":\"ListItem\",\"position\":2,\"name\":\"J&rsquo;ai d\u00e9pass\u00e9 les cents &#8230;\"}]},{\"@type\":\"WebSite\",\"@id\":\"https:\/\/www.elodie-et-antoine.fr\/ra\/#website\",\"url\":\"https:\/\/www.elodie-et-antoine.fr\/ra\/\",\"name\":\"Rencontre avec mes anc\u00eatres\",\"description\":\"Rencontre avec mes anc\u00eatres\",\"publisher\":{\"@id\":\"https:\/\/www.elodie-et-antoine.fr\/ra\/#organization\"},\"potentialAction\":[{\"@type\":\"SearchAction\",\"target\":{\"@type\":\"EntryPoint\",\"urlTemplate\":\"https:\/\/www.elodie-et-antoine.fr\/ra\/?s={search_term_string}\"},\"query-input\":{\"@type\":\"PropertyValueSpecification\",\"valueRequired\":true,\"valueName\":\"search_term_string\"}}],\"inLanguage\":\"fr-FR\"},{\"@type\":\"Organization\",\"@id\":\"https:\/\/www.elodie-et-antoine.fr\/ra\/#organization\",\"name\":\"Rencontre avec mes anc\u00eatres\",\"url\":\"https:\/\/www.elodie-et-antoine.fr\/ra\/\",\"logo\":{\"@type\":\"ImageObject\",\"inLanguage\":\"fr-FR\",\"@id\":\"https:\/\/www.elodie-et-antoine.fr\/ra\/#\/schema\/logo\/image\/\",\"url\":\"https:\/\/www.elodie-et-antoine.fr\/ra\/wp-content\/uploads\/2024\/02\/Logo-detoure.png\",\"contentUrl\":\"https:\/\/www.elodie-et-antoine.fr\/ra\/wp-content\/uploads\/2024\/02\/Logo-detoure.png\",\"width\":500,\"height\":500,\"caption\":\"Rencontre avec mes anc\u00eatres\"},\"image\":{\"@id\":\"https:\/\/www.elodie-et-antoine.fr\/ra\/#\/schema\/logo\/image\/\"},\"sameAs\":[\"https:\/\/www.facebook.com\/rencontreancetres\",\"https:\/\/x.com\/lodeetwit\"]},{\"@type\":\"Person\",\"@id\":\"https:\/\/www.elodie-et-antoine.fr\/ra\/#\/schema\/person\/50e9be10104b0e8a3c0f55df181b9b56\",\"name\":\"Elodie\",\"image\":{\"@type\":\"ImageObject\",\"inLanguage\":\"fr-FR\",\"@id\":\"https:\/\/www.elodie-et-antoine.fr\/ra\/#\/schema\/person\/image\/\",\"url\":\"https:\/\/secure.gravatar.com\/avatar\/1ee5777faed60801dee6c0665d8f4bb2cfd6d4bf6ab052dbbc40be268a652c31?s=96&d=mm&r=g\",\"contentUrl\":\"https:\/\/secure.gravatar.com\/avatar\/1ee5777faed60801dee6c0665d8f4bb2cfd6d4bf6ab052dbbc40be268a652c31?s=96&d=mm&r=g\",\"caption\":\"Elodie\"},\"url\":\"https:\/\/www.elodie-et-antoine.fr\/ra\/?author=1\"}]}<\/script>\n<!-- \/ Yoast SEO plugin. -->","yoast_head_json":{"title":"J'ai d\u00e9pass\u00e9 les cents ... - Rencontre avec mes anc\u00eatres","robots":{"index":"index","follow":"follow","max-snippet":"max-snippet:-1","max-image-preview":"max-image-preview:large","max-video-preview":"max-video-preview:-1"},"canonical":"https:\/\/www.elodie-et-antoine.fr\/ra\/?p=968","og_locale":"fr_FR","og_type":"article","og_title":"J'ai d\u00e9pass\u00e9 les cents ... - Rencontre avec mes anc\u00eatres","og_description":"Un petit \u00e9v\u00e9nement pour mon blog que je n&rsquo;ai pas pu vous relater car il s&rsquo;est produit durant le challenge A \u00e0 Z : j&rsquo;ai publi\u00e9 mon centi\u00e8me article ! Cent&#8230; Mon sosa num\u00e9ro 100 est Andr\u00e9 RAIMBAULT, n\u00e9 le 29 messidor an XIII rue du grand Faubourg \u00e0 la Chapelle d&rsquo;Angillon et d\u00e9c\u00e9d\u00e9 au bourg de M\u00e9netou-R\u00e2tel le 30 janvier 1860. Il aurait \u00e9t\u00e9 man\u0153uvre, domestique, cultivateur et cabaretier (rien que \u00e7a). Le sosa num\u00e9ro 100 de mon mari, un certain Jean DAVID, laboureur qui v\u00e9cut \u00e0 Humbligny du 9 nivose an IV au 25 janvier 1851. Cent comme le d\u00e9fi de raconter la vie d&rsquo;un anc\u00eatre en cent mots, d\u00e9fi relev\u00e9 avec mon anc\u00eatre Jean BEAUNEZ qui partit avec son oncle du Morvan jusqu&rsquo;en Berry. Le centi\u00e8me article, \u00ab\u00a0charbonnier comme son p\u00e8re\u00a0\u00bb dont la r\u00e9daction fut longue mais r\u00e9compens\u00e9 par de nombreux \u00e9changes. Mon centi\u00e8me commentaire fut r\u00e9dig\u00e9 par C\u00e9line, petite publicit\u00e9 donc pour son blog L&rsquo;univers de C\u00e9line. Merci \u00e0 tous mes visiteurs, et \u00e0 bient\u00f4t !","og_url":"https:\/\/www.elodie-et-antoine.fr\/ra\/?p=968","og_site_name":"Rencontre avec mes anc\u00eatres","article_publisher":"https:\/\/www.facebook.com\/rencontreancetres","article_published_time":"2014-07-09T07:10:50+00:00","author":"Elodie","twitter_card":"summary_large_image","twitter_creator":"@lodeetwit","twitter_site":"@lodeetwit","twitter_misc":{"\u00c9crit par":"Elodie","Dur\u00e9e de lecture estim\u00e9e":"1 minute"},"schema":{"@context":"https:\/\/schema.org","@graph":[{"@type":"Article","@id":"https:\/\/www.elodie-et-antoine.fr\/ra\/?p=968#article","isPartOf":{"@id":"https:\/\/www.elodie-et-antoine.fr\/ra\/?p=968"},"author":{"name":"Elodie","@id":"https:\/\/www.elodie-et-antoine.fr\/ra\/#\/schema\/person\/50e9be10104b0e8a3c0f55df181b9b56"},"headline":"J&rsquo;ai d\u00e9pass\u00e9 les cents &#8230;","datePublished":"2014-07-09T07:10:50+00:00","mainEntityOfPage":{"@id":"https:\/\/www.elodie-et-antoine.fr\/ra\/?p=968"},"wordCount":182,"commentCount":6,"publisher":{"@id":"https:\/\/www.elodie-et-antoine.fr\/ra\/#organization"},"articleSection":["Vu lu entendu"],"inLanguage":"fr-FR","potentialAction":[{"@type":"CommentAction","name":"Comment","target":["https:\/\/www.elodie-et-antoine.fr\/ra\/?p=968#respond"]}]},{"@type":"WebPage","@id":"https:\/\/www.elodie-et-antoine.fr\/ra\/?p=968","url":"https:\/\/www.elodie-et-antoine.fr\/ra\/?p=968","name":"J'ai d\u00e9pass\u00e9 les cents ... - Rencontre avec mes anc\u00eatres","isPartOf":{"@id":"https:\/\/www.elodie-et-antoine.fr\/ra\/#website"},"datePublished":"2014-07-09T07:10:50+00:00","breadcrumb":{"@id":"https:\/\/www.elodie-et-antoine.fr\/ra\/?p=968#breadcrumb"},"inLanguage":"fr-FR","potentialAction":[{"@type":"ReadAction","target":["https:\/\/www.elodie-et-antoine.fr\/ra\/?p=968"]}]},{"@type":"BreadcrumbList","@id":"https:\/\/www.elodie-et-antoine.fr\/ra\/?p=968#breadcrumb","itemListElement":[{"@type":"ListItem","position":1,"name":"Accueil","item":"https:\/\/www.elodie-et-antoine.fr\/ra"},{"@type":"ListItem","position":2,"name":"J&rsquo;ai d\u00e9pass\u00e9 les cents &#8230;"}]},{"@type":"WebSite","@id":"https:\/\/www.elodie-et-antoine.fr\/ra\/#website","url":"https:\/\/www.elodie-et-antoine.fr\/ra\/","name":"Rencontre avec mes anc\u00eatres","description":"Rencontre avec mes anc\u00eatres","publisher":{"@id":"https:\/\/www.elodie-et-antoine.fr\/ra\/#organization"},"potentialAction":[{"@type":"SearchAction","target":{"@type":"EntryPoint","urlTemplate":"https:\/\/www.elodie-et-antoine.fr\/ra\/?s={search_term_string}"},"query-input":{"@type":"PropertyValueSpecification","valueRequired":true,"valueName":"search_term_string"}}],"inLanguage":"fr-FR"},{"@type":"Organization","@id":"https:\/\/www.elodie-et-antoine.fr\/ra\/#organization","name":"Rencontre avec mes anc\u00eatres","url":"https:\/\/www.elodie-et-antoine.fr\/ra\/","logo":{"@type":"ImageObject","inLanguage":"fr-FR","@id":"https:\/\/www.elodie-et-antoine.fr\/ra\/#\/schema\/logo\/image\/","url":"https:\/\/www.elodie-et-antoine.fr\/ra\/wp-content\/uploads\/2024\/02\/Logo-detoure.png","contentUrl":"https:\/\/www.elodie-et-antoine.fr\/ra\/wp-content\/uploads\/2024\/02\/Logo-detoure.png","width":500,"height":500,"caption":"Rencontre avec mes anc\u00eatres"},"image":{"@id":"https:\/\/www.elodie-et-antoine.fr\/ra\/#\/schema\/logo\/image\/"},"sameAs":["https:\/\/www.facebook.com\/rencontreancetres","https:\/\/x.com\/lodeetwit"]},{"@type":"Person","@id":"https:\/\/www.elodie-et-antoine.fr\/ra\/#\/schema\/person\/50e9be10104b0e8a3c0f55df181b9b56","name":"Elodie","image":{"@type":"ImageObject","inLanguage":"fr-FR","@id":"https:\/\/www.elodie-et-antoine.fr\/ra\/#\/schema\/person\/image\/","url":"https:\/\/secure.gravatar.com\/avatar\/1ee5777faed60801dee6c0665d8f4bb2cfd6d4bf6ab052dbbc40be268a652c31?s=96&d=mm&r=g","contentUrl":"https:\/\/secure.gravatar.com\/avatar\/1ee5777faed60801dee6c0665d8f4bb2cfd6d4bf6ab052dbbc40be268a652c31?s=96&d=mm&r=g","caption":"Elodie"},"url":"https:\/\/www.elodie-et-antoine.fr\/ra\/?author=1"}]}},"jetpack_featured_media_url":"","jetpack_sharing_enabled":true,"_links":{"self":[{"href":"https:\/\/www.elodie-et-antoine.fr\/ra\/index.php?rest_route=\/wp\/v2\/posts\/968","targetHints":{"allow":["GET"]}}],"collection":[{"href":"https:\/\/www.elodie-et-antoine.fr\/ra\/index.php?rest_route=\/wp\/v2\/posts"}],"about":[{"href":"https:\/\/www.elodie-et-antoine.fr\/ra\/index.php?rest_route=\/wp\/v2\/types\/post"}],"author":[{"embeddable":true,"href":"https:\/\/www.elodie-et-antoine.fr\/ra\/index.php?rest_route=\/wp\/v2\/users\/1"}],"replies":[{"embeddable":true,"href":"https:\/\/www.elodie-et-antoine.fr\/ra\/index.php?rest_route=%2Fwp%2Fv2%2Fcomments&post=968"}],"version-history":[{"count":5,"href":"https:\/\/www.elodie-et-antoine.fr\/ra\/index.php?rest_route=\/wp\/v2\/posts\/968\/revisions"}],"predecessor-version":[{"id":973,"href":"https:\/\/www.elodie-et-antoine.fr\/ra\/index.php?rest_route=\/wp\/v2\/posts\/968\/revisions\/973"}],"wp:attachment":[{"href":"https:\/\/www.elodie-et-antoine.fr\/ra\/index.php?rest_route=%2Fwp%2Fv2%2Fmedia&parent=968"}],"wp:term":[{"taxonomy":"category","embeddable":true,"href":"https:\/\/www.elodie-et-antoine.fr\/ra\/index.php?rest_route=%2Fwp%2Fv2%2Fcategories&post=968"},{"taxonomy":"post_tag","embeddable":true,"href":"https:\/\/www.elodie-et-antoine.fr\/ra\/index.php?rest_route=%2Fwp%2Fv2%2Ftags&post=968"}],"curies":[{"name":"wp","href":"https:\/\/api.w.org\/{rel}","templated":true}]}}