{"id":742,"date":"2014-06-11T07:19:45","date_gmt":"2014-06-11T06:19:45","guid":{"rendered":"http:\/\/www.elodie-et-antoine.fr\/ra\/?p=742"},"modified":"2014-06-11T07:19:45","modified_gmt":"2014-06-11T06:19:45","slug":"i-comme-il-etait-aussi-maire","status":"publish","type":"post","link":"https:\/\/www.elodie-et-antoine.fr\/ra\/?p=742","title":{"rendered":"I comme &#8230; il \u00e9tait aussi maire"},"content":{"rendered":"<p style=\"text-align: justify;\"><em>Revenons aujourd&rsquo;hui \u00e0 la vie de <a title=\"B comme \u2026 BEDU Jean Baptiste, cabaretier\" href=\"https:\/\/www.elodie-et-antoine.fr\/ra\/?p=715\">Jean Baptiste BEDU<\/a>. Pour rappel, cet anc\u00eatre de mon mari \u00e9tait cabaretier \u00e0 Morogues, et je vous avais propos\u00e9 la chronologie des m\u00e9tiers qu&rsquo;il a exerc\u00e9.<\/em><\/p>\n<p style=\"text-align: justify;\">Je me rends compte qu&rsquo;\u00e0 part visiter son cabaret, je ne vous en ai pas tellement dit plus de son histoire. Je vous propose de le retrouver en 1849&#8230;<\/p>\n<p style=\"text-align: justify;\">Jean Baptiste a pr\u00e8s de cinquante ans et habite dans le bourg de Morogues. Il s&rsquo;est mari\u00e9 il y a pr\u00e8s de vingt ans avec Marie-Th\u00e9r\u00e8se LOIZEAU de neuf ans sa cadette. Son foyer comprend Victorine alors \u00e2g\u00e9e de dix-huit ans, Pierre, quinze ans et Euphrasie la petite derni\u00e8re, \u00e2g\u00e9e de sept ans. En 1836, un petit Fran\u00e7ois est n\u00e9 mais est d\u00e9c\u00e9d\u00e9 \u00e0 l&rsquo;\u00e2ge de neuf mois ; cette ann\u00e9e-l\u00e0 la mortalit\u00e9 infantile fut particuli\u00e8rement importante \u00e0 Morogues.<\/p>\n<p><a href=\"https:\/\/www.elodie-et-antoine.fr\/ra\/wp-content\/uploads\/2014\/06\/bedu.jpg\"><img loading=\"lazy\" decoding=\"async\" class=\"alignnone size-full wp-image-862\" src=\"https:\/\/www.elodie-et-antoine.fr\/ra\/wp-content\/uploads\/2014\/06\/bedu.jpg\" alt=\"bedu\" width=\"684\" height=\"157\" srcset=\"https:\/\/www.elodie-et-antoine.fr\/ra\/wp-content\/uploads\/2014\/06\/bedu.jpg 684w, https:\/\/www.elodie-et-antoine.fr\/ra\/wp-content\/uploads\/2014\/06\/bedu-300x68.jpg 300w\" sizes=\"auto, (max-width: 684px) 100vw, 684px\" \/><\/a><\/p>\n<p style=\"text-align: justify;\"><em>Composition du foyer de Jean Baptiste BEDU et Marie Th\u00e9r\u00e8se LOIZEAU lors du recensement de 1851 &#8211; 27J0062<\/em><\/p>\n<p style=\"text-align: justify;\">L&rsquo;ann\u00e9e 1849 est surtout celle de son premier mandat en tant que maire. Difficile de savoir s&rsquo;il a poursuivit son activit\u00e9 de cabaretier, car dans les registres il n&rsquo;est plus not\u00e9 que propri\u00e9taire, vigneron ou rentier. Un autre indice qui me fait penser qu&rsquo;il a ferm\u00e9 son cabaret est le m\u00e9tier de son fils lors de son mariage, qui sera cultivateur.<\/p>\n<p style=\"text-align: justify;\">Jean Baptiste sera l&rsquo;Officier d\u2019\u00c9tat Civil de sa commune durant vingt-et-un ans. Comme vous pouvez l&rsquo;imaginer, ce fut un anc\u00eatre qui savait particuli\u00e8rement bien lire, \u00e9crire et compter.<\/p>\n<p><a href=\"https:\/\/www.elodie-et-antoine.fr\/ra\/wp-content\/uploads\/2014\/06\/maire.jpg\"><img loading=\"lazy\" decoding=\"async\" class=\"alignnone size-full wp-image-863\" src=\"https:\/\/www.elodie-et-antoine.fr\/ra\/wp-content\/uploads\/2014\/06\/maire.jpg\" alt=\"maire\" width=\"969\" height=\"226\" srcset=\"https:\/\/www.elodie-et-antoine.fr\/ra\/wp-content\/uploads\/2014\/06\/maire.jpg 969w, https:\/\/www.elodie-et-antoine.fr\/ra\/wp-content\/uploads\/2014\/06\/maire-300x69.jpg 300w\" sizes=\"auto, (max-width: 969px) 100vw, 969px\" \/><\/a><\/p>\n<p><em>Extrait du registre des naissances de la commune de Morogues &#8211; Archives du Cher, 3E 2714<\/em><\/p>\n<p style=\"text-align: justify;\"><a href=\"https:\/\/www.elodie-et-antoine.fr\/ra\/wp-content\/uploads\/2014\/03\/bandeau-challengeaz-copie.jpg\"><img loading=\"lazy\" decoding=\"async\" class=\"alignnone size-full wp-image-712\" src=\"https:\/\/www.elodie-et-antoine.fr\/ra\/wp-content\/uploads\/2014\/03\/bandeau-challengeaz-copie.jpg\" alt=\"bandeau challengeaz copie\" width=\"1059\" height=\"230\" srcset=\"https:\/\/www.elodie-et-antoine.fr\/ra\/wp-content\/uploads\/2014\/03\/bandeau-challengeaz-copie.jpg 1059w, https:\/\/www.elodie-et-antoine.fr\/ra\/wp-content\/uploads\/2014\/03\/bandeau-challengeaz-copie-300x65.jpg 300w, https:\/\/www.elodie-et-antoine.fr\/ra\/wp-content\/uploads\/2014\/03\/bandeau-challengeaz-copie-1024x222.jpg 1024w\" sizes=\"auto, (max-width: 1059px) 100vw, 1059px\" \/><\/a><\/p>\n","protected":false},"excerpt":{"rendered":"<p>Revenons aujourd&rsquo;hui \u00e0 la vie de Jean Baptiste BEDU. Pour rappel, cet anc\u00eatre de mon mari \u00e9tait cabaretier \u00e0 Morogues, et je vous avais propos\u00e9 la chronologie des m\u00e9tiers qu&rsquo;il a exerc\u00e9. Je me rends compte qu&rsquo;\u00e0 part visiter son cabaret, je ne vous en ai pas tellement dit plus de son histoire. Je vous propose de le retrouver en 1849&#8230; Jean Baptiste a pr\u00e8s de cinquante ans et habite dans le bourg de Morogues. Il s&rsquo;est mari\u00e9 il y a pr\u00e8s de vingt ans avec Marie-Th\u00e9r\u00e8se LOIZEAU de neuf ans sa cadette. Son foyer comprend Victorine alors \u00e2g\u00e9e de dix-huit ans, Pierre, quinze ans et Euphrasie la petite derni\u00e8re, \u00e2g\u00e9e de sept ans. En 1836, un petit Fran\u00e7ois est n\u00e9 mais est d\u00e9c\u00e9d\u00e9 \u00e0 l&rsquo;\u00e2ge de neuf mois ; cette ann\u00e9e-l\u00e0 la mortalit\u00e9 infantile fut particuli\u00e8rement importante \u00e0 Morogues. Composition du foyer de Jean Baptiste BEDU et Marie Th\u00e9r\u00e8se LOIZEAU lors du recensement de 1851 &#8211; 27J0062 L&rsquo;ann\u00e9e 1849 est surtout celle de son premier mandat en tant que maire. Difficile de savoir s&rsquo;il a poursuivit son activit\u00e9 de cabaretier, car dans les registres il n&rsquo;est plus not\u00e9 que propri\u00e9taire, vigneron ou rentier. Un autre indice qui me fait penser qu&rsquo;il a ferm\u00e9 son cabaret est le m\u00e9tier de son fils lors de son mariage, qui sera cultivateur. Jean Baptiste sera l&rsquo;Officier d\u2019\u00c9tat Civil de sa commune durant vingt-et-un ans. Comme vous pouvez l&rsquo;imaginer, ce fut un anc\u00eatre qui savait particuli\u00e8rement bien lire, \u00e9crire et compter. Extrait du registre des naissances de la commune de Morogues &#8211; Archives du Cher, 3E 2714<\/p>\n","protected":false},"author":1,"featured_media":0,"comment_status":"open","ping_status":"open","sticky":false,"template":"","format":"standard","meta":{"_exactmetrics_skip_tracking":false,"_exactmetrics_sitenote_active":false,"_exactmetrics_sitenote_note":"","_exactmetrics_sitenote_category":0,"jetpack_post_was_ever_published":false,"_jetpack_newsletter_access":"","_jetpack_dont_email_post_to_subs":false,"_jetpack_newsletter_tier_id":0,"_jetpack_memberships_contains_paywalled_content":false,"_jetpack_memberships_contains_paid_content":false,"footnotes":""},"categories":[12],"tags":[153,156,154],"class_list":["post-742","post","type-post","status-publish","format-standard","hentry","category-challenge","tag-bedu","tag-maire","tag-morogues"],"yoast_head":"<!-- This site is optimized with the Yoast SEO plugin v27.0 - https:\/\/yoast.com\/product\/yoast-seo-wordpress\/ -->\n<title>I comme ... il \u00e9tait aussi maire - Rencontre avec mes anc\u00eatres<\/title>\n<meta name=\"robots\" content=\"index, follow, max-snippet:-1, max-image-preview:large, max-video-preview:-1\" \/>\n<link rel=\"canonical\" href=\"https:\/\/www.elodie-et-antoine.fr\/ra\/?p=742\" \/>\n<meta property=\"og:locale\" content=\"fr_FR\" \/>\n<meta property=\"og:type\" content=\"article\" \/>\n<meta property=\"og:title\" content=\"I comme ... il \u00e9tait aussi maire - Rencontre avec mes anc\u00eatres\" \/>\n<meta property=\"og:description\" content=\"Revenons aujourd&rsquo;hui \u00e0 la vie de Jean Baptiste BEDU. Pour rappel, cet anc\u00eatre de mon mari \u00e9tait cabaretier \u00e0 Morogues, et je vous avais propos\u00e9 la chronologie des m\u00e9tiers qu&rsquo;il a exerc\u00e9. Je me rends compte qu&rsquo;\u00e0 part visiter son cabaret, je ne vous en ai pas tellement dit plus de son histoire. Je vous propose de le retrouver en 1849&#8230; Jean Baptiste a pr\u00e8s de cinquante ans et habite dans le bourg de Morogues. Il s&rsquo;est mari\u00e9 il y a pr\u00e8s de vingt ans avec Marie-Th\u00e9r\u00e8se LOIZEAU de neuf ans sa cadette. Son foyer comprend Victorine alors \u00e2g\u00e9e de dix-huit ans, Pierre, quinze ans et Euphrasie la petite derni\u00e8re, \u00e2g\u00e9e de sept ans. En 1836, un petit Fran\u00e7ois est n\u00e9 mais est d\u00e9c\u00e9d\u00e9 \u00e0 l&rsquo;\u00e2ge de neuf mois ; cette ann\u00e9e-l\u00e0 la mortalit\u00e9 infantile fut particuli\u00e8rement importante \u00e0 Morogues. Composition du foyer de Jean Baptiste BEDU et Marie Th\u00e9r\u00e8se LOIZEAU lors du recensement de 1851 &#8211; 27J0062 L&rsquo;ann\u00e9e 1849 est surtout celle de son premier mandat en tant que maire. Difficile de savoir s&rsquo;il a poursuivit son activit\u00e9 de cabaretier, car dans les registres il n&rsquo;est plus not\u00e9 que propri\u00e9taire, vigneron ou rentier. Un autre indice qui me fait penser qu&rsquo;il a ferm\u00e9 son cabaret est le m\u00e9tier de son fils lors de son mariage, qui sera cultivateur. Jean Baptiste sera l&rsquo;Officier d\u2019\u00c9tat Civil de sa commune durant vingt-et-un ans. Comme vous pouvez l&rsquo;imaginer, ce fut un anc\u00eatre qui savait particuli\u00e8rement bien lire, \u00e9crire et compter. Extrait du registre des naissances de la commune de Morogues &#8211; Archives du Cher, 3E 2714\" \/>\n<meta property=\"og:url\" content=\"https:\/\/www.elodie-et-antoine.fr\/ra\/?p=742\" \/>\n<meta property=\"og:site_name\" content=\"Rencontre avec mes anc\u00eatres\" \/>\n<meta property=\"article:publisher\" content=\"https:\/\/www.facebook.com\/rencontreancetres\" \/>\n<meta property=\"article:published_time\" content=\"2014-06-11T06:19:45+00:00\" \/>\n<meta property=\"og:image\" content=\"http:\/\/www.elodie-et-antoine.fr\/ra\/wp-content\/uploads\/2014\/06\/bedu.jpg\" \/>\n<meta name=\"author\" content=\"Elodie\" \/>\n<meta name=\"twitter:card\" content=\"summary_large_image\" \/>\n<meta name=\"twitter:creator\" content=\"@lodeetwit\" \/>\n<meta name=\"twitter:site\" content=\"@lodeetwit\" \/>\n<meta name=\"twitter:label1\" content=\"\u00c9crit par\" \/>\n\t<meta name=\"twitter:data1\" content=\"Elodie\" \/>\n\t<meta name=\"twitter:label2\" content=\"Dur\u00e9e de lecture estim\u00e9e\" \/>\n\t<meta name=\"twitter:data2\" content=\"1 minute\" \/>\n<script type=\"application\/ld+json\" class=\"yoast-schema-graph\">{\"@context\":\"https:\/\/schema.org\",\"@graph\":[{\"@type\":\"Article\",\"@id\":\"https:\/\/www.elodie-et-antoine.fr\/ra\/?p=742#article\",\"isPartOf\":{\"@id\":\"https:\/\/www.elodie-et-antoine.fr\/ra\/?p=742\"},\"author\":{\"name\":\"Elodie\",\"@id\":\"https:\/\/www.elodie-et-antoine.fr\/ra\/#\/schema\/person\/50e9be10104b0e8a3c0f55df181b9b56\"},\"headline\":\"I comme &#8230; il \u00e9tait aussi maire\",\"datePublished\":\"2014-06-11T06:19:45+00:00\",\"mainEntityOfPage\":{\"@id\":\"https:\/\/www.elodie-et-antoine.fr\/ra\/?p=742\"},\"wordCount\":282,\"commentCount\":6,\"publisher\":{\"@id\":\"https:\/\/www.elodie-et-antoine.fr\/ra\/#organization\"},\"image\":{\"@id\":\"https:\/\/www.elodie-et-antoine.fr\/ra\/?p=742#primaryimage\"},\"thumbnailUrl\":\"http:\/\/www.elodie-et-antoine.fr\/ra\/wp-content\/uploads\/2014\/06\/bedu.jpg\",\"keywords\":[\"Bedu\",\"maire\",\"Morogues\"],\"articleSection\":[\"Challenge\"],\"inLanguage\":\"fr-FR\",\"potentialAction\":[{\"@type\":\"CommentAction\",\"name\":\"Comment\",\"target\":[\"https:\/\/www.elodie-et-antoine.fr\/ra\/?p=742#respond\"]}]},{\"@type\":\"WebPage\",\"@id\":\"https:\/\/www.elodie-et-antoine.fr\/ra\/?p=742\",\"url\":\"https:\/\/www.elodie-et-antoine.fr\/ra\/?p=742\",\"name\":\"I comme ... il \u00e9tait aussi maire - Rencontre avec mes anc\u00eatres\",\"isPartOf\":{\"@id\":\"https:\/\/www.elodie-et-antoine.fr\/ra\/#website\"},\"primaryImageOfPage\":{\"@id\":\"https:\/\/www.elodie-et-antoine.fr\/ra\/?p=742#primaryimage\"},\"image\":{\"@id\":\"https:\/\/www.elodie-et-antoine.fr\/ra\/?p=742#primaryimage\"},\"thumbnailUrl\":\"http:\/\/www.elodie-et-antoine.fr\/ra\/wp-content\/uploads\/2014\/06\/bedu.jpg\",\"datePublished\":\"2014-06-11T06:19:45+00:00\",\"breadcrumb\":{\"@id\":\"https:\/\/www.elodie-et-antoine.fr\/ra\/?p=742#breadcrumb\"},\"inLanguage\":\"fr-FR\",\"potentialAction\":[{\"@type\":\"ReadAction\",\"target\":[\"https:\/\/www.elodie-et-antoine.fr\/ra\/?p=742\"]}]},{\"@type\":\"ImageObject\",\"inLanguage\":\"fr-FR\",\"@id\":\"https:\/\/www.elodie-et-antoine.fr\/ra\/?p=742#primaryimage\",\"url\":\"http:\/\/www.elodie-et-antoine.fr\/ra\/wp-content\/uploads\/2014\/06\/bedu.jpg\",\"contentUrl\":\"http:\/\/www.elodie-et-antoine.fr\/ra\/wp-content\/uploads\/2014\/06\/bedu.jpg\"},{\"@type\":\"BreadcrumbList\",\"@id\":\"https:\/\/www.elodie-et-antoine.fr\/ra\/?p=742#breadcrumb\",\"itemListElement\":[{\"@type\":\"ListItem\",\"position\":1,\"name\":\"Accueil\",\"item\":\"https:\/\/www.elodie-et-antoine.fr\/ra\"},{\"@type\":\"ListItem\",\"position\":2,\"name\":\"I comme &#8230; il \u00e9tait aussi maire\"}]},{\"@type\":\"WebSite\",\"@id\":\"https:\/\/www.elodie-et-antoine.fr\/ra\/#website\",\"url\":\"https:\/\/www.elodie-et-antoine.fr\/ra\/\",\"name\":\"Rencontre avec mes anc\u00eatres\",\"description\":\"Rencontre avec mes anc\u00eatres\",\"publisher\":{\"@id\":\"https:\/\/www.elodie-et-antoine.fr\/ra\/#organization\"},\"potentialAction\":[{\"@type\":\"SearchAction\",\"target\":{\"@type\":\"EntryPoint\",\"urlTemplate\":\"https:\/\/www.elodie-et-antoine.fr\/ra\/?s={search_term_string}\"},\"query-input\":{\"@type\":\"PropertyValueSpecification\",\"valueRequired\":true,\"valueName\":\"search_term_string\"}}],\"inLanguage\":\"fr-FR\"},{\"@type\":\"Organization\",\"@id\":\"https:\/\/www.elodie-et-antoine.fr\/ra\/#organization\",\"name\":\"Rencontre avec mes anc\u00eatres\",\"url\":\"https:\/\/www.elodie-et-antoine.fr\/ra\/\",\"logo\":{\"@type\":\"ImageObject\",\"inLanguage\":\"fr-FR\",\"@id\":\"https:\/\/www.elodie-et-antoine.fr\/ra\/#\/schema\/logo\/image\/\",\"url\":\"https:\/\/www.elodie-et-antoine.fr\/ra\/wp-content\/uploads\/2024\/02\/Logo-detoure.png\",\"contentUrl\":\"https:\/\/www.elodie-et-antoine.fr\/ra\/wp-content\/uploads\/2024\/02\/Logo-detoure.png\",\"width\":500,\"height\":500,\"caption\":\"Rencontre avec mes anc\u00eatres\"},\"image\":{\"@id\":\"https:\/\/www.elodie-et-antoine.fr\/ra\/#\/schema\/logo\/image\/\"},\"sameAs\":[\"https:\/\/www.facebook.com\/rencontreancetres\",\"https:\/\/x.com\/lodeetwit\"]},{\"@type\":\"Person\",\"@id\":\"https:\/\/www.elodie-et-antoine.fr\/ra\/#\/schema\/person\/50e9be10104b0e8a3c0f55df181b9b56\",\"name\":\"Elodie\",\"image\":{\"@type\":\"ImageObject\",\"inLanguage\":\"fr-FR\",\"@id\":\"https:\/\/www.elodie-et-antoine.fr\/ra\/#\/schema\/person\/image\/\",\"url\":\"https:\/\/secure.gravatar.com\/avatar\/1ee5777faed60801dee6c0665d8f4bb2cfd6d4bf6ab052dbbc40be268a652c31?s=96&d=mm&r=g\",\"contentUrl\":\"https:\/\/secure.gravatar.com\/avatar\/1ee5777faed60801dee6c0665d8f4bb2cfd6d4bf6ab052dbbc40be268a652c31?s=96&d=mm&r=g\",\"caption\":\"Elodie\"},\"url\":\"https:\/\/www.elodie-et-antoine.fr\/ra\/?author=1\"}]}<\/script>\n<!-- \/ Yoast SEO plugin. -->","yoast_head_json":{"title":"I comme ... il \u00e9tait aussi maire - Rencontre avec mes anc\u00eatres","robots":{"index":"index","follow":"follow","max-snippet":"max-snippet:-1","max-image-preview":"max-image-preview:large","max-video-preview":"max-video-preview:-1"},"canonical":"https:\/\/www.elodie-et-antoine.fr\/ra\/?p=742","og_locale":"fr_FR","og_type":"article","og_title":"I comme ... il \u00e9tait aussi maire - Rencontre avec mes anc\u00eatres","og_description":"Revenons aujourd&rsquo;hui \u00e0 la vie de Jean Baptiste BEDU. Pour rappel, cet anc\u00eatre de mon mari \u00e9tait cabaretier \u00e0 Morogues, et je vous avais propos\u00e9 la chronologie des m\u00e9tiers qu&rsquo;il a exerc\u00e9. Je me rends compte qu&rsquo;\u00e0 part visiter son cabaret, je ne vous en ai pas tellement dit plus de son histoire. Je vous propose de le retrouver en 1849&#8230; Jean Baptiste a pr\u00e8s de cinquante ans et habite dans le bourg de Morogues. Il s&rsquo;est mari\u00e9 il y a pr\u00e8s de vingt ans avec Marie-Th\u00e9r\u00e8se LOIZEAU de neuf ans sa cadette. Son foyer comprend Victorine alors \u00e2g\u00e9e de dix-huit ans, Pierre, quinze ans et Euphrasie la petite derni\u00e8re, \u00e2g\u00e9e de sept ans. En 1836, un petit Fran\u00e7ois est n\u00e9 mais est d\u00e9c\u00e9d\u00e9 \u00e0 l&rsquo;\u00e2ge de neuf mois ; cette ann\u00e9e-l\u00e0 la mortalit\u00e9 infantile fut particuli\u00e8rement importante \u00e0 Morogues. Composition du foyer de Jean Baptiste BEDU et Marie Th\u00e9r\u00e8se LOIZEAU lors du recensement de 1851 &#8211; 27J0062 L&rsquo;ann\u00e9e 1849 est surtout celle de son premier mandat en tant que maire. Difficile de savoir s&rsquo;il a poursuivit son activit\u00e9 de cabaretier, car dans les registres il n&rsquo;est plus not\u00e9 que propri\u00e9taire, vigneron ou rentier. Un autre indice qui me fait penser qu&rsquo;il a ferm\u00e9 son cabaret est le m\u00e9tier de son fils lors de son mariage, qui sera cultivateur. Jean Baptiste sera l&rsquo;Officier d\u2019\u00c9tat Civil de sa commune durant vingt-et-un ans. Comme vous pouvez l&rsquo;imaginer, ce fut un anc\u00eatre qui savait particuli\u00e8rement bien lire, \u00e9crire et compter. Extrait du registre des naissances de la commune de Morogues &#8211; Archives du Cher, 3E 2714","og_url":"https:\/\/www.elodie-et-antoine.fr\/ra\/?p=742","og_site_name":"Rencontre avec mes anc\u00eatres","article_publisher":"https:\/\/www.facebook.com\/rencontreancetres","article_published_time":"2014-06-11T06:19:45+00:00","og_image":[{"url":"http:\/\/www.elodie-et-antoine.fr\/ra\/wp-content\/uploads\/2014\/06\/bedu.jpg","type":"","width":"","height":""}],"author":"Elodie","twitter_card":"summary_large_image","twitter_creator":"@lodeetwit","twitter_site":"@lodeetwit","twitter_misc":{"\u00c9crit par":"Elodie","Dur\u00e9e de lecture estim\u00e9e":"1 minute"},"schema":{"@context":"https:\/\/schema.org","@graph":[{"@type":"Article","@id":"https:\/\/www.elodie-et-antoine.fr\/ra\/?p=742#article","isPartOf":{"@id":"https:\/\/www.elodie-et-antoine.fr\/ra\/?p=742"},"author":{"name":"Elodie","@id":"https:\/\/www.elodie-et-antoine.fr\/ra\/#\/schema\/person\/50e9be10104b0e8a3c0f55df181b9b56"},"headline":"I comme &#8230; il \u00e9tait aussi maire","datePublished":"2014-06-11T06:19:45+00:00","mainEntityOfPage":{"@id":"https:\/\/www.elodie-et-antoine.fr\/ra\/?p=742"},"wordCount":282,"commentCount":6,"publisher":{"@id":"https:\/\/www.elodie-et-antoine.fr\/ra\/#organization"},"image":{"@id":"https:\/\/www.elodie-et-antoine.fr\/ra\/?p=742#primaryimage"},"thumbnailUrl":"http:\/\/www.elodie-et-antoine.fr\/ra\/wp-content\/uploads\/2014\/06\/bedu.jpg","keywords":["Bedu","maire","Morogues"],"articleSection":["Challenge"],"inLanguage":"fr-FR","potentialAction":[{"@type":"CommentAction","name":"Comment","target":["https:\/\/www.elodie-et-antoine.fr\/ra\/?p=742#respond"]}]},{"@type":"WebPage","@id":"https:\/\/www.elodie-et-antoine.fr\/ra\/?p=742","url":"https:\/\/www.elodie-et-antoine.fr\/ra\/?p=742","name":"I comme ... il \u00e9tait aussi maire - Rencontre avec mes anc\u00eatres","isPartOf":{"@id":"https:\/\/www.elodie-et-antoine.fr\/ra\/#website"},"primaryImageOfPage":{"@id":"https:\/\/www.elodie-et-antoine.fr\/ra\/?p=742#primaryimage"},"image":{"@id":"https:\/\/www.elodie-et-antoine.fr\/ra\/?p=742#primaryimage"},"thumbnailUrl":"http:\/\/www.elodie-et-antoine.fr\/ra\/wp-content\/uploads\/2014\/06\/bedu.jpg","datePublished":"2014-06-11T06:19:45+00:00","breadcrumb":{"@id":"https:\/\/www.elodie-et-antoine.fr\/ra\/?p=742#breadcrumb"},"inLanguage":"fr-FR","potentialAction":[{"@type":"ReadAction","target":["https:\/\/www.elodie-et-antoine.fr\/ra\/?p=742"]}]},{"@type":"ImageObject","inLanguage":"fr-FR","@id":"https:\/\/www.elodie-et-antoine.fr\/ra\/?p=742#primaryimage","url":"http:\/\/www.elodie-et-antoine.fr\/ra\/wp-content\/uploads\/2014\/06\/bedu.jpg","contentUrl":"http:\/\/www.elodie-et-antoine.fr\/ra\/wp-content\/uploads\/2014\/06\/bedu.jpg"},{"@type":"BreadcrumbList","@id":"https:\/\/www.elodie-et-antoine.fr\/ra\/?p=742#breadcrumb","itemListElement":[{"@type":"ListItem","position":1,"name":"Accueil","item":"https:\/\/www.elodie-et-antoine.fr\/ra"},{"@type":"ListItem","position":2,"name":"I comme &#8230; il \u00e9tait aussi maire"}]},{"@type":"WebSite","@id":"https:\/\/www.elodie-et-antoine.fr\/ra\/#website","url":"https:\/\/www.elodie-et-antoine.fr\/ra\/","name":"Rencontre avec mes anc\u00eatres","description":"Rencontre avec mes anc\u00eatres","publisher":{"@id":"https:\/\/www.elodie-et-antoine.fr\/ra\/#organization"},"potentialAction":[{"@type":"SearchAction","target":{"@type":"EntryPoint","urlTemplate":"https:\/\/www.elodie-et-antoine.fr\/ra\/?s={search_term_string}"},"query-input":{"@type":"PropertyValueSpecification","valueRequired":true,"valueName":"search_term_string"}}],"inLanguage":"fr-FR"},{"@type":"Organization","@id":"https:\/\/www.elodie-et-antoine.fr\/ra\/#organization","name":"Rencontre avec mes anc\u00eatres","url":"https:\/\/www.elodie-et-antoine.fr\/ra\/","logo":{"@type":"ImageObject","inLanguage":"fr-FR","@id":"https:\/\/www.elodie-et-antoine.fr\/ra\/#\/schema\/logo\/image\/","url":"https:\/\/www.elodie-et-antoine.fr\/ra\/wp-content\/uploads\/2024\/02\/Logo-detoure.png","contentUrl":"https:\/\/www.elodie-et-antoine.fr\/ra\/wp-content\/uploads\/2024\/02\/Logo-detoure.png","width":500,"height":500,"caption":"Rencontre avec mes anc\u00eatres"},"image":{"@id":"https:\/\/www.elodie-et-antoine.fr\/ra\/#\/schema\/logo\/image\/"},"sameAs":["https:\/\/www.facebook.com\/rencontreancetres","https:\/\/x.com\/lodeetwit"]},{"@type":"Person","@id":"https:\/\/www.elodie-et-antoine.fr\/ra\/#\/schema\/person\/50e9be10104b0e8a3c0f55df181b9b56","name":"Elodie","image":{"@type":"ImageObject","inLanguage":"fr-FR","@id":"https:\/\/www.elodie-et-antoine.fr\/ra\/#\/schema\/person\/image\/","url":"https:\/\/secure.gravatar.com\/avatar\/1ee5777faed60801dee6c0665d8f4bb2cfd6d4bf6ab052dbbc40be268a652c31?s=96&d=mm&r=g","contentUrl":"https:\/\/secure.gravatar.com\/avatar\/1ee5777faed60801dee6c0665d8f4bb2cfd6d4bf6ab052dbbc40be268a652c31?s=96&d=mm&r=g","caption":"Elodie"},"url":"https:\/\/www.elodie-et-antoine.fr\/ra\/?author=1"}]}},"jetpack_featured_media_url":"","jetpack_sharing_enabled":true,"_links":{"self":[{"href":"https:\/\/www.elodie-et-antoine.fr\/ra\/index.php?rest_route=\/wp\/v2\/posts\/742","targetHints":{"allow":["GET"]}}],"collection":[{"href":"https:\/\/www.elodie-et-antoine.fr\/ra\/index.php?rest_route=\/wp\/v2\/posts"}],"about":[{"href":"https:\/\/www.elodie-et-antoine.fr\/ra\/index.php?rest_route=\/wp\/v2\/types\/post"}],"author":[{"embeddable":true,"href":"https:\/\/www.elodie-et-antoine.fr\/ra\/index.php?rest_route=\/wp\/v2\/users\/1"}],"replies":[{"embeddable":true,"href":"https:\/\/www.elodie-et-antoine.fr\/ra\/index.php?rest_route=%2Fwp%2Fv2%2Fcomments&post=742"}],"version-history":[{"count":6,"href":"https:\/\/www.elodie-et-antoine.fr\/ra\/index.php?rest_route=\/wp\/v2\/posts\/742\/revisions"}],"predecessor-version":[{"id":864,"href":"https:\/\/www.elodie-et-antoine.fr\/ra\/index.php?rest_route=\/wp\/v2\/posts\/742\/revisions\/864"}],"wp:attachment":[{"href":"https:\/\/www.elodie-et-antoine.fr\/ra\/index.php?rest_route=%2Fwp%2Fv2%2Fmedia&parent=742"}],"wp:term":[{"taxonomy":"category","embeddable":true,"href":"https:\/\/www.elodie-et-antoine.fr\/ra\/index.php?rest_route=%2Fwp%2Fv2%2Fcategories&post=742"},{"taxonomy":"post_tag","embeddable":true,"href":"https:\/\/www.elodie-et-antoine.fr\/ra\/index.php?rest_route=%2Fwp%2Fv2%2Ftags&post=742"}],"curies":[{"name":"wp","href":"https:\/\/api.w.org\/{rel}","templated":true}]}}