{"id":685,"date":"2014-02-26T09:57:56","date_gmt":"2014-02-26T08:57:56","guid":{"rendered":"http:\/\/www.elodie-et-antoine.fr\/ra\/?p=685"},"modified":"2014-02-26T09:57:56","modified_gmt":"2014-02-26T08:57:56","slug":"nos-ancetres-sur-les-epaules-de-darwin","status":"publish","type":"post","link":"https:\/\/www.elodie-et-antoine.fr\/ra\/?p=685","title":{"rendered":"Nos anc\u00eatres&#8230;. sur les \u00e9paules de Darwin."},"content":{"rendered":"<p style=\"text-align: justify;\">Samedi dernier en voiture j&rsquo;ai entendu le d\u00e9but d&rsquo;une \u00e9mission que j&rsquo;affectionne particuli\u00e8rement \u00ab\u00a0Sur les \u00e9paules de Darwin\u00a0\u00bb. J&rsquo;aime beaucoup le fond&#8230; et aussi la forme. Le th\u00e8me du 22 f\u00e9vrier \u00e9tait \u00ab\u00a0<a href=\"http:\/\/www.franceinter.fr\/emission-sur-les-epaules-de-darwin-a-la-recherche-des-traces-des-musiques-de-la-prehistoire\">A la recherche des traces des musiques de la pr\u00e9histoire\u00a0\u00bb.<\/a><\/p>\n<p style=\"text-align: justify;\">L&rsquo;introduction a fait \u00e9cho en la g\u00e9n\u00e9alogiste que je suis. Je vous en propose un petit extrait :<\/p>\n<p style=\"text-align: justify;\"><em>Plonger notre regard dans le pass\u00e9, et d\u00e9couvrir que ce pass\u00e9 est immense. Au fond de nous, et au-del\u00e0 encore, par-del\u00e0 <em>l&#8217;empreinte<\/em> en nous\u00a0 de ce que nous avons v\u00e9cu. Par-del\u00e0 la m\u00e9moire orale et \u00e9crite que nous ont l\u00e9gu\u00e9 les successions des g\u00e9n\u00e9rations humaines. Tent\u00e9s de d\u00e9couvrir autour de nous, la pr\u00e9sence de l&rsquo;absence. Tent\u00e9s de d\u00e9couvrir les vestiges de la longue histoire de nos anc\u00eatres qui nous ont, il y a longtemps, donn\u00e9 naissance. Entrevoir des \u00e2ges depuis longtemps r\u00e9volus, o\u00f9 nos anc\u00eatres arpentaient le monde et o\u00f9 nous n&rsquo;\u00e9tions pas encore.<\/em><\/p>\n<p style=\"text-align: justify;\"><em>Pouvoir remonter vers le pass\u00e9 \u00e0 contre-courant. Pouvoir distinguer \u00e0 travers le long \u00e9coulement des \u00e2ges des \u00e9clats de pass\u00e9, qui soudain ressurgissent de l&rsquo;oubli.<\/em><\/p>\n<p style=\"text-align: right;\"><span style=\"text-decoration: underline;\">Jean Claude Ameisen<\/span><\/p>\n<p style=\"text-align: justify;\">Je vous invite vivement \u00e0 \u00e9couter la suite car : quelle plume et quelle voix !<\/p>\n","protected":false},"excerpt":{"rendered":"<p>Samedi dernier en voiture j&rsquo;ai entendu le d\u00e9but d&rsquo;une \u00e9mission que j&rsquo;affectionne particuli\u00e8rement \u00ab\u00a0Sur les \u00e9paules de Darwin\u00a0\u00bb. J&rsquo;aime beaucoup le fond&#8230; et aussi la forme. Le th\u00e8me du 22 f\u00e9vrier \u00e9tait \u00ab\u00a0A la recherche des traces des musiques de la pr\u00e9histoire\u00a0\u00bb. L&rsquo;introduction a fait \u00e9cho en la g\u00e9n\u00e9alogiste que je suis. Je vous en propose un petit extrait : Plonger notre regard dans le pass\u00e9, et d\u00e9couvrir que ce pass\u00e9 est immense. Au fond de nous, et au-del\u00e0 encore, par-del\u00e0 l&#8217;empreinte en nous\u00a0 de ce que nous avons v\u00e9cu. Par-del\u00e0 la m\u00e9moire orale et \u00e9crite que nous ont l\u00e9gu\u00e9 les successions des g\u00e9n\u00e9rations humaines. Tent\u00e9s de d\u00e9couvrir autour de nous, la pr\u00e9sence de l&rsquo;absence. Tent\u00e9s de d\u00e9couvrir les vestiges de la longue histoire de nos anc\u00eatres qui nous ont, il y a longtemps, donn\u00e9 naissance. Entrevoir des \u00e2ges depuis longtemps r\u00e9volus, o\u00f9 nos anc\u00eatres arpentaient le monde et o\u00f9 nous n&rsquo;\u00e9tions pas encore. Pouvoir remonter vers le pass\u00e9 \u00e0 contre-courant. Pouvoir distinguer \u00e0 travers le long \u00e9coulement des \u00e2ges des \u00e9clats de pass\u00e9, qui soudain ressurgissent de l&rsquo;oubli. Jean Claude Ameisen Je vous invite vivement \u00e0 \u00e9couter la suite car : quelle plume et quelle voix !<\/p>\n","protected":false},"author":1,"featured_media":0,"comment_status":"open","ping_status":"open","sticky":false,"template":"","format":"standard","meta":{"_exactmetrics_skip_tracking":false,"_exactmetrics_sitenote_active":false,"_exactmetrics_sitenote_note":"","_exactmetrics_sitenote_category":0,"jetpack_post_was_ever_published":false,"_jetpack_newsletter_access":"","_jetpack_dont_email_post_to_subs":false,"_jetpack_newsletter_tier_id":0,"_jetpack_memberships_contains_paywalled_content":false,"_jetpack_memberships_contains_paid_content":false,"footnotes":""},"categories":[2],"tags":[144,143],"class_list":["post-685","post","type-post","status-publish","format-standard","hentry","category-vu-lu-entendu","tag-ancetres","tag-darwin"],"yoast_head":"<!-- This site is optimized with the Yoast SEO plugin v27.0 - https:\/\/yoast.com\/product\/yoast-seo-wordpress\/ -->\n<title>Nos anc\u00eatres.... sur les \u00e9paules de Darwin. - Rencontre avec mes anc\u00eatres<\/title>\n<meta name=\"robots\" content=\"index, follow, max-snippet:-1, max-image-preview:large, max-video-preview:-1\" \/>\n<link rel=\"canonical\" href=\"https:\/\/www.elodie-et-antoine.fr\/ra\/?p=685\" \/>\n<meta property=\"og:locale\" content=\"fr_FR\" \/>\n<meta property=\"og:type\" content=\"article\" \/>\n<meta property=\"og:title\" content=\"Nos anc\u00eatres.... sur les \u00e9paules de Darwin. - Rencontre avec mes anc\u00eatres\" \/>\n<meta property=\"og:description\" content=\"Samedi dernier en voiture j&rsquo;ai entendu le d\u00e9but d&rsquo;une \u00e9mission que j&rsquo;affectionne particuli\u00e8rement \u00ab\u00a0Sur les \u00e9paules de Darwin\u00a0\u00bb. J&rsquo;aime beaucoup le fond&#8230; et aussi la forme. Le th\u00e8me du 22 f\u00e9vrier \u00e9tait \u00ab\u00a0A la recherche des traces des musiques de la pr\u00e9histoire\u00a0\u00bb. L&rsquo;introduction a fait \u00e9cho en la g\u00e9n\u00e9alogiste que je suis. Je vous en propose un petit extrait : Plonger notre regard dans le pass\u00e9, et d\u00e9couvrir que ce pass\u00e9 est immense. Au fond de nous, et au-del\u00e0 encore, par-del\u00e0 l&#8217;empreinte en nous\u00a0 de ce que nous avons v\u00e9cu. Par-del\u00e0 la m\u00e9moire orale et \u00e9crite que nous ont l\u00e9gu\u00e9 les successions des g\u00e9n\u00e9rations humaines. Tent\u00e9s de d\u00e9couvrir autour de nous, la pr\u00e9sence de l&rsquo;absence. Tent\u00e9s de d\u00e9couvrir les vestiges de la longue histoire de nos anc\u00eatres qui nous ont, il y a longtemps, donn\u00e9 naissance. Entrevoir des \u00e2ges depuis longtemps r\u00e9volus, o\u00f9 nos anc\u00eatres arpentaient le monde et o\u00f9 nous n&rsquo;\u00e9tions pas encore. Pouvoir remonter vers le pass\u00e9 \u00e0 contre-courant. Pouvoir distinguer \u00e0 travers le long \u00e9coulement des \u00e2ges des \u00e9clats de pass\u00e9, qui soudain ressurgissent de l&rsquo;oubli. Jean Claude Ameisen Je vous invite vivement \u00e0 \u00e9couter la suite car : quelle plume et quelle voix !\" \/>\n<meta property=\"og:url\" content=\"https:\/\/www.elodie-et-antoine.fr\/ra\/?p=685\" \/>\n<meta property=\"og:site_name\" content=\"Rencontre avec mes anc\u00eatres\" \/>\n<meta property=\"article:publisher\" content=\"https:\/\/www.facebook.com\/rencontreancetres\" \/>\n<meta property=\"article:published_time\" content=\"2014-02-26T08:57:56+00:00\" \/>\n<meta name=\"author\" content=\"Elodie\" \/>\n<meta name=\"twitter:card\" content=\"summary_large_image\" \/>\n<meta name=\"twitter:creator\" content=\"@lodeetwit\" \/>\n<meta name=\"twitter:site\" content=\"@lodeetwit\" \/>\n<meta name=\"twitter:label1\" content=\"\u00c9crit par\" \/>\n\t<meta name=\"twitter:data1\" content=\"Elodie\" \/>\n\t<meta name=\"twitter:label2\" content=\"Dur\u00e9e de lecture estim\u00e9e\" \/>\n\t<meta name=\"twitter:data2\" content=\"1 minute\" \/>\n<script type=\"application\/ld+json\" class=\"yoast-schema-graph\">{\"@context\":\"https:\/\/schema.org\",\"@graph\":[{\"@type\":\"Article\",\"@id\":\"https:\/\/www.elodie-et-antoine.fr\/ra\/?p=685#article\",\"isPartOf\":{\"@id\":\"https:\/\/www.elodie-et-antoine.fr\/ra\/?p=685\"},\"author\":{\"name\":\"Elodie\",\"@id\":\"https:\/\/www.elodie-et-antoine.fr\/ra\/#\/schema\/person\/50e9be10104b0e8a3c0f55df181b9b56\"},\"headline\":\"Nos anc\u00eatres&#8230;. sur les \u00e9paules de Darwin.\",\"datePublished\":\"2014-02-26T08:57:56+00:00\",\"mainEntityOfPage\":{\"@id\":\"https:\/\/www.elodie-et-antoine.fr\/ra\/?p=685\"},\"wordCount\":221,\"commentCount\":4,\"publisher\":{\"@id\":\"https:\/\/www.elodie-et-antoine.fr\/ra\/#organization\"},\"keywords\":[\"anc\u00eatres\",\"Darwin\"],\"articleSection\":[\"Vu lu entendu\"],\"inLanguage\":\"fr-FR\",\"potentialAction\":[{\"@type\":\"CommentAction\",\"name\":\"Comment\",\"target\":[\"https:\/\/www.elodie-et-antoine.fr\/ra\/?p=685#respond\"]}]},{\"@type\":\"WebPage\",\"@id\":\"https:\/\/www.elodie-et-antoine.fr\/ra\/?p=685\",\"url\":\"https:\/\/www.elodie-et-antoine.fr\/ra\/?p=685\",\"name\":\"Nos anc\u00eatres.... sur les \u00e9paules de Darwin. - Rencontre avec mes anc\u00eatres\",\"isPartOf\":{\"@id\":\"https:\/\/www.elodie-et-antoine.fr\/ra\/#website\"},\"datePublished\":\"2014-02-26T08:57:56+00:00\",\"breadcrumb\":{\"@id\":\"https:\/\/www.elodie-et-antoine.fr\/ra\/?p=685#breadcrumb\"},\"inLanguage\":\"fr-FR\",\"potentialAction\":[{\"@type\":\"ReadAction\",\"target\":[\"https:\/\/www.elodie-et-antoine.fr\/ra\/?p=685\"]}]},{\"@type\":\"BreadcrumbList\",\"@id\":\"https:\/\/www.elodie-et-antoine.fr\/ra\/?p=685#breadcrumb\",\"itemListElement\":[{\"@type\":\"ListItem\",\"position\":1,\"name\":\"Accueil\",\"item\":\"https:\/\/www.elodie-et-antoine.fr\/ra\"},{\"@type\":\"ListItem\",\"position\":2,\"name\":\"Nos anc\u00eatres&#8230;. sur les \u00e9paules de Darwin.\"}]},{\"@type\":\"WebSite\",\"@id\":\"https:\/\/www.elodie-et-antoine.fr\/ra\/#website\",\"url\":\"https:\/\/www.elodie-et-antoine.fr\/ra\/\",\"name\":\"Rencontre avec mes anc\u00eatres\",\"description\":\"Rencontre avec mes anc\u00eatres\",\"publisher\":{\"@id\":\"https:\/\/www.elodie-et-antoine.fr\/ra\/#organization\"},\"potentialAction\":[{\"@type\":\"SearchAction\",\"target\":{\"@type\":\"EntryPoint\",\"urlTemplate\":\"https:\/\/www.elodie-et-antoine.fr\/ra\/?s={search_term_string}\"},\"query-input\":{\"@type\":\"PropertyValueSpecification\",\"valueRequired\":true,\"valueName\":\"search_term_string\"}}],\"inLanguage\":\"fr-FR\"},{\"@type\":\"Organization\",\"@id\":\"https:\/\/www.elodie-et-antoine.fr\/ra\/#organization\",\"name\":\"Rencontre avec mes anc\u00eatres\",\"url\":\"https:\/\/www.elodie-et-antoine.fr\/ra\/\",\"logo\":{\"@type\":\"ImageObject\",\"inLanguage\":\"fr-FR\",\"@id\":\"https:\/\/www.elodie-et-antoine.fr\/ra\/#\/schema\/logo\/image\/\",\"url\":\"https:\/\/www.elodie-et-antoine.fr\/ra\/wp-content\/uploads\/2024\/02\/Logo-detoure.png\",\"contentUrl\":\"https:\/\/www.elodie-et-antoine.fr\/ra\/wp-content\/uploads\/2024\/02\/Logo-detoure.png\",\"width\":500,\"height\":500,\"caption\":\"Rencontre avec mes anc\u00eatres\"},\"image\":{\"@id\":\"https:\/\/www.elodie-et-antoine.fr\/ra\/#\/schema\/logo\/image\/\"},\"sameAs\":[\"https:\/\/www.facebook.com\/rencontreancetres\",\"https:\/\/x.com\/lodeetwit\"]},{\"@type\":\"Person\",\"@id\":\"https:\/\/www.elodie-et-antoine.fr\/ra\/#\/schema\/person\/50e9be10104b0e8a3c0f55df181b9b56\",\"name\":\"Elodie\",\"image\":{\"@type\":\"ImageObject\",\"inLanguage\":\"fr-FR\",\"@id\":\"https:\/\/www.elodie-et-antoine.fr\/ra\/#\/schema\/person\/image\/\",\"url\":\"https:\/\/secure.gravatar.com\/avatar\/1ee5777faed60801dee6c0665d8f4bb2cfd6d4bf6ab052dbbc40be268a652c31?s=96&d=mm&r=g\",\"contentUrl\":\"https:\/\/secure.gravatar.com\/avatar\/1ee5777faed60801dee6c0665d8f4bb2cfd6d4bf6ab052dbbc40be268a652c31?s=96&d=mm&r=g\",\"caption\":\"Elodie\"},\"url\":\"https:\/\/www.elodie-et-antoine.fr\/ra\/?author=1\"}]}<\/script>\n<!-- \/ Yoast SEO plugin. -->","yoast_head_json":{"title":"Nos anc\u00eatres.... sur les \u00e9paules de Darwin. - Rencontre avec mes anc\u00eatres","robots":{"index":"index","follow":"follow","max-snippet":"max-snippet:-1","max-image-preview":"max-image-preview:large","max-video-preview":"max-video-preview:-1"},"canonical":"https:\/\/www.elodie-et-antoine.fr\/ra\/?p=685","og_locale":"fr_FR","og_type":"article","og_title":"Nos anc\u00eatres.... sur les \u00e9paules de Darwin. - Rencontre avec mes anc\u00eatres","og_description":"Samedi dernier en voiture j&rsquo;ai entendu le d\u00e9but d&rsquo;une \u00e9mission que j&rsquo;affectionne particuli\u00e8rement \u00ab\u00a0Sur les \u00e9paules de Darwin\u00a0\u00bb. J&rsquo;aime beaucoup le fond&#8230; et aussi la forme. Le th\u00e8me du 22 f\u00e9vrier \u00e9tait \u00ab\u00a0A la recherche des traces des musiques de la pr\u00e9histoire\u00a0\u00bb. L&rsquo;introduction a fait \u00e9cho en la g\u00e9n\u00e9alogiste que je suis. Je vous en propose un petit extrait : Plonger notre regard dans le pass\u00e9, et d\u00e9couvrir que ce pass\u00e9 est immense. Au fond de nous, et au-del\u00e0 encore, par-del\u00e0 l&#8217;empreinte en nous\u00a0 de ce que nous avons v\u00e9cu. Par-del\u00e0 la m\u00e9moire orale et \u00e9crite que nous ont l\u00e9gu\u00e9 les successions des g\u00e9n\u00e9rations humaines. Tent\u00e9s de d\u00e9couvrir autour de nous, la pr\u00e9sence de l&rsquo;absence. Tent\u00e9s de d\u00e9couvrir les vestiges de la longue histoire de nos anc\u00eatres qui nous ont, il y a longtemps, donn\u00e9 naissance. Entrevoir des \u00e2ges depuis longtemps r\u00e9volus, o\u00f9 nos anc\u00eatres arpentaient le monde et o\u00f9 nous n&rsquo;\u00e9tions pas encore. Pouvoir remonter vers le pass\u00e9 \u00e0 contre-courant. Pouvoir distinguer \u00e0 travers le long \u00e9coulement des \u00e2ges des \u00e9clats de pass\u00e9, qui soudain ressurgissent de l&rsquo;oubli. Jean Claude Ameisen Je vous invite vivement \u00e0 \u00e9couter la suite car : quelle plume et quelle voix !","og_url":"https:\/\/www.elodie-et-antoine.fr\/ra\/?p=685","og_site_name":"Rencontre avec mes anc\u00eatres","article_publisher":"https:\/\/www.facebook.com\/rencontreancetres","article_published_time":"2014-02-26T08:57:56+00:00","author":"Elodie","twitter_card":"summary_large_image","twitter_creator":"@lodeetwit","twitter_site":"@lodeetwit","twitter_misc":{"\u00c9crit par":"Elodie","Dur\u00e9e de lecture estim\u00e9e":"1 minute"},"schema":{"@context":"https:\/\/schema.org","@graph":[{"@type":"Article","@id":"https:\/\/www.elodie-et-antoine.fr\/ra\/?p=685#article","isPartOf":{"@id":"https:\/\/www.elodie-et-antoine.fr\/ra\/?p=685"},"author":{"name":"Elodie","@id":"https:\/\/www.elodie-et-antoine.fr\/ra\/#\/schema\/person\/50e9be10104b0e8a3c0f55df181b9b56"},"headline":"Nos anc\u00eatres&#8230;. sur les \u00e9paules de Darwin.","datePublished":"2014-02-26T08:57:56+00:00","mainEntityOfPage":{"@id":"https:\/\/www.elodie-et-antoine.fr\/ra\/?p=685"},"wordCount":221,"commentCount":4,"publisher":{"@id":"https:\/\/www.elodie-et-antoine.fr\/ra\/#organization"},"keywords":["anc\u00eatres","Darwin"],"articleSection":["Vu lu entendu"],"inLanguage":"fr-FR","potentialAction":[{"@type":"CommentAction","name":"Comment","target":["https:\/\/www.elodie-et-antoine.fr\/ra\/?p=685#respond"]}]},{"@type":"WebPage","@id":"https:\/\/www.elodie-et-antoine.fr\/ra\/?p=685","url":"https:\/\/www.elodie-et-antoine.fr\/ra\/?p=685","name":"Nos anc\u00eatres.... sur les \u00e9paules de Darwin. - Rencontre avec mes anc\u00eatres","isPartOf":{"@id":"https:\/\/www.elodie-et-antoine.fr\/ra\/#website"},"datePublished":"2014-02-26T08:57:56+00:00","breadcrumb":{"@id":"https:\/\/www.elodie-et-antoine.fr\/ra\/?p=685#breadcrumb"},"inLanguage":"fr-FR","potentialAction":[{"@type":"ReadAction","target":["https:\/\/www.elodie-et-antoine.fr\/ra\/?p=685"]}]},{"@type":"BreadcrumbList","@id":"https:\/\/www.elodie-et-antoine.fr\/ra\/?p=685#breadcrumb","itemListElement":[{"@type":"ListItem","position":1,"name":"Accueil","item":"https:\/\/www.elodie-et-antoine.fr\/ra"},{"@type":"ListItem","position":2,"name":"Nos anc\u00eatres&#8230;. sur les \u00e9paules de Darwin."}]},{"@type":"WebSite","@id":"https:\/\/www.elodie-et-antoine.fr\/ra\/#website","url":"https:\/\/www.elodie-et-antoine.fr\/ra\/","name":"Rencontre avec mes anc\u00eatres","description":"Rencontre avec mes anc\u00eatres","publisher":{"@id":"https:\/\/www.elodie-et-antoine.fr\/ra\/#organization"},"potentialAction":[{"@type":"SearchAction","target":{"@type":"EntryPoint","urlTemplate":"https:\/\/www.elodie-et-antoine.fr\/ra\/?s={search_term_string}"},"query-input":{"@type":"PropertyValueSpecification","valueRequired":true,"valueName":"search_term_string"}}],"inLanguage":"fr-FR"},{"@type":"Organization","@id":"https:\/\/www.elodie-et-antoine.fr\/ra\/#organization","name":"Rencontre avec mes anc\u00eatres","url":"https:\/\/www.elodie-et-antoine.fr\/ra\/","logo":{"@type":"ImageObject","inLanguage":"fr-FR","@id":"https:\/\/www.elodie-et-antoine.fr\/ra\/#\/schema\/logo\/image\/","url":"https:\/\/www.elodie-et-antoine.fr\/ra\/wp-content\/uploads\/2024\/02\/Logo-detoure.png","contentUrl":"https:\/\/www.elodie-et-antoine.fr\/ra\/wp-content\/uploads\/2024\/02\/Logo-detoure.png","width":500,"height":500,"caption":"Rencontre avec mes anc\u00eatres"},"image":{"@id":"https:\/\/www.elodie-et-antoine.fr\/ra\/#\/schema\/logo\/image\/"},"sameAs":["https:\/\/www.facebook.com\/rencontreancetres","https:\/\/x.com\/lodeetwit"]},{"@type":"Person","@id":"https:\/\/www.elodie-et-antoine.fr\/ra\/#\/schema\/person\/50e9be10104b0e8a3c0f55df181b9b56","name":"Elodie","image":{"@type":"ImageObject","inLanguage":"fr-FR","@id":"https:\/\/www.elodie-et-antoine.fr\/ra\/#\/schema\/person\/image\/","url":"https:\/\/secure.gravatar.com\/avatar\/1ee5777faed60801dee6c0665d8f4bb2cfd6d4bf6ab052dbbc40be268a652c31?s=96&d=mm&r=g","contentUrl":"https:\/\/secure.gravatar.com\/avatar\/1ee5777faed60801dee6c0665d8f4bb2cfd6d4bf6ab052dbbc40be268a652c31?s=96&d=mm&r=g","caption":"Elodie"},"url":"https:\/\/www.elodie-et-antoine.fr\/ra\/?author=1"}]}},"jetpack_featured_media_url":"","jetpack_sharing_enabled":true,"_links":{"self":[{"href":"https:\/\/www.elodie-et-antoine.fr\/ra\/index.php?rest_route=\/wp\/v2\/posts\/685","targetHints":{"allow":["GET"]}}],"collection":[{"href":"https:\/\/www.elodie-et-antoine.fr\/ra\/index.php?rest_route=\/wp\/v2\/posts"}],"about":[{"href":"https:\/\/www.elodie-et-antoine.fr\/ra\/index.php?rest_route=\/wp\/v2\/types\/post"}],"author":[{"embeddable":true,"href":"https:\/\/www.elodie-et-antoine.fr\/ra\/index.php?rest_route=\/wp\/v2\/users\/1"}],"replies":[{"embeddable":true,"href":"https:\/\/www.elodie-et-antoine.fr\/ra\/index.php?rest_route=%2Fwp%2Fv2%2Fcomments&post=685"}],"version-history":[{"count":1,"href":"https:\/\/www.elodie-et-antoine.fr\/ra\/index.php?rest_route=\/wp\/v2\/posts\/685\/revisions"}],"predecessor-version":[{"id":686,"href":"https:\/\/www.elodie-et-antoine.fr\/ra\/index.php?rest_route=\/wp\/v2\/posts\/685\/revisions\/686"}],"wp:attachment":[{"href":"https:\/\/www.elodie-et-antoine.fr\/ra\/index.php?rest_route=%2Fwp%2Fv2%2Fmedia&parent=685"}],"wp:term":[{"taxonomy":"category","embeddable":true,"href":"https:\/\/www.elodie-et-antoine.fr\/ra\/index.php?rest_route=%2Fwp%2Fv2%2Fcategories&post=685"},{"taxonomy":"post_tag","embeddable":true,"href":"https:\/\/www.elodie-et-antoine.fr\/ra\/index.php?rest_route=%2Fwp%2Fv2%2Ftags&post=685"}],"curies":[{"name":"wp","href":"https:\/\/api.w.org\/{rel}","templated":true}]}}