{"id":636,"date":"2014-01-29T15:34:35","date_gmt":"2014-01-29T14:34:35","guid":{"rendered":"http:\/\/www.elodie-et-antoine.fr\/ra\/?p=636"},"modified":"2014-01-29T19:46:54","modified_gmt":"2014-01-29T18:46:54","slug":"bilan-ancetres-7eme-generation","status":"publish","type":"post","link":"https:\/\/www.elodie-et-antoine.fr\/ra\/?p=636","title":{"rendered":"[Bilan anc\u00eatres] 7\u00e8me g\u00e9n\u00e9ration"},"content":{"rendered":"<p style=\"text-align: justify;\">Je viens de franchir une \u00e9tape dans la v\u00e9rification des informations relatives \u00e0 mes anc\u00eatres : la 7\u00e8me g\u00e9n\u00e9ration est termin\u00e9e !\u00a0 L&rsquo;occasion de faire un petit bilan :<\/p>\n<p style=\"text-align: justify;\">Je d\u00e9bute par le <strong>nombre d&rsquo;anc\u00eatres trouv\u00e9s,<\/strong> comme l&rsquo;ont fait certains g\u00e9n\u00e9alogistes r\u00e9cemment. D&rsquo;un c\u00f4t\u00e9 le nombre d&rsquo;anc\u00eatres th\u00e9oriques, et de l&rsquo;autre le nombre d&rsquo;anc\u00eatres trouv\u00e9s. Comme cela ne me convient pas compl\u00e8tement, j&rsquo;ai \u00e9galement cr\u00e9\u00e9 une colonne avec le nombre d&rsquo;anc\u00eatres potentiels (l\u00e0, je joue sur les mots). La diff\u00e9rence ? Je tiens ici compte des p\u00e8res inconnus et autres implexes.\u00a0 Ainsi donc, si j&rsquo;ai bien 64 individus th\u00e9oriques \u00e0 la septi\u00e8me g\u00e9n\u00e9ration, je n&rsquo;en ai que 59 potentiels (l&rsquo;explication va suivre). A la huiti\u00e8me g\u00e9n\u00e9ration, la diff\u00e9rence entre individus th\u00e9oriques et potentiels sera donc d&rsquo;au moins dix individus. Point tr\u00e8s positif : j&rsquo;ai trouv\u00e9 100% des anc\u00eatres potentiels \u00e0 ce niveau !<\/p>\n<p><a href=\"https:\/\/www.elodie-et-antoine.fr\/ra\/wp-content\/uploads\/2014\/01\/Nouvelle-image-5.jpg\"><img loading=\"lazy\" decoding=\"async\" class=\"alignnone size-full wp-image-639\" alt=\"Nouvelle image (5)\" src=\"https:\/\/www.elodie-et-antoine.fr\/ra\/wp-content\/uploads\/2014\/01\/Nouvelle-image-5.jpg\" width=\"473\" height=\"217\" srcset=\"https:\/\/www.elodie-et-antoine.fr\/ra\/wp-content\/uploads\/2014\/01\/Nouvelle-image-5.jpg 473w, https:\/\/www.elodie-et-antoine.fr\/ra\/wp-content\/uploads\/2014\/01\/Nouvelle-image-5-300x137.jpg 300w\" sizes=\"auto, (max-width: 473px) 100vw, 473px\" \/><\/a><\/p>\n<p style=\"text-align: justify;\">A la 7\u00e8me g\u00e9n\u00e9ration, je trouve mon premier couple <strong>implexe<\/strong> : Jean Louis BLONDEAU et Th\u00e9r\u00e8se NEVEU sont les parents de Louis, Marie et Rosalie BLONDEAU pr\u00e9sents tous les trois dans l&rsquo;ascendance de ma grand-m\u00e8re maternelle !<\/p>\n<p style=\"text-align: justify;\">Je trouve aussi mon premier <strong>p\u00e8re inconnu<\/strong> qui aurait du \u00eatre mon Sosa 110, p\u00e8re de Val\u00e9rie GODON.<\/p>\n<p style=\"text-align: justify;\">Concernant la <strong>localisation<\/strong>, j&rsquo;ai repr\u00e9sent\u00e9 les lieux de mes actes avec une couleur pour mes quatre branches, une branche correspondant \u00e0 l&rsquo;un de mes grand-parents.<\/p>\n<p style=\"text-align: justify;\">Pour vous repr\u00e9senter l&rsquo;\u00e9chelle, ces points tiennent dans un carr\u00e9 faisant de 50 \u00e0 60 km de c\u00f4t\u00e9 : quand je vous disais que mes anc\u00eatres ne bougeaient pas beaucoup !<\/p>\n<p style=\"text-align: justify;\"><a href=\"https:\/\/www.elodie-et-antoine.fr\/ra\/wp-content\/uploads\/2014\/01\/Nouvelle-image-6.jpg\"><img loading=\"lazy\" decoding=\"async\" class=\"alignnone size-full wp-image-640\" alt=\"Nouvelle image (6)\" src=\"https:\/\/www.elodie-et-antoine.fr\/ra\/wp-content\/uploads\/2014\/01\/Nouvelle-image-6.jpg\" width=\"714\" height=\"597\" srcset=\"https:\/\/www.elodie-et-antoine.fr\/ra\/wp-content\/uploads\/2014\/01\/Nouvelle-image-6.jpg 714w, https:\/\/www.elodie-et-antoine.fr\/ra\/wp-content\/uploads\/2014\/01\/Nouvelle-image-6-300x250.jpg 300w\" sizes=\"auto, (max-width: 714px) 100vw, 714px\" \/><\/a><\/p>\n<p style=\"text-align: justify;\">Ma branche <span style=\"text-decoration: underline;\">DEZAT<\/span> (vert fonc\u00e9) et <span style=\"text-decoration: underline;\">BLONDEAU<\/span> (vert clair) se superposent presque et sont centr\u00e9es autour de Sury-en-Vaux et Verdigny, dans le Sancerrois. Du c\u00f4t\u00e9 de ma m\u00e8re, mes anc\u00eatres ont un peu plus voyag\u00e9 : ma branche <span style=\"text-decoration: underline;\">GUENEAU<\/span> (violet) s&rsquo;\u00e9tend plut\u00f4t \u00e0 l&rsquo;ouest dans ce que l&rsquo;on appelle le Pays Fort. Les deux points les plus au Nord correspondent \u00e0 la naissance de deux anc\u00eatres &#8230; n\u00e9s de p\u00e8re inconnu, mais dont les m\u00e8res sont bien originaires du berceau familial plus au Sud. Enfin, ma branche <span style=\"text-decoration: underline;\">CHAMPION<\/span> (rose clair) s&rsquo;\u00e9tend au Sud et \u00e0 l&rsquo;Est, pour partie dans le Sancerrois et dans le val de Loire. Avec cette branche nous commen\u00e7ons \u00e0 gravir le piton de Sancerre &#8230;<\/p>\n<p style=\"text-align: justify;\">Mais ces deux braches se retrouvent \u00e9galement &#8230; \u00e0 Sury-en-Vaux ! D\u00e9cid\u00e9ment, ce village est bien le berceau de ma famille.<\/p>\n<p style=\"text-align: justify;\">C&rsquo;est \u00e0 cette g\u00e9n\u00e9ration qu&rsquo;il se passe un grand \u00e9v\u00e8nement : <strong>je franchis les fronti\u00e8res du Cher pour la premi\u00e8re fois<\/strong> et trouve un acte dans le Loiret. C&rsquo;est la branche GUENEAU qui gagne cette fois-ci, mais il m&rsquo;est avis qu&rsquo;\u00e0 la huiti\u00e8me g\u00e9n\u00e9ration la branche CHAMPION va se venger &#8230;<\/p>\n<p style=\"text-align: justify;\">Enfin, je vais faire rigoler les g\u00e9n\u00e9alogistes qui ont de vrais anc\u00eatres voyageurs en vous montrant la r\u00e9partition de mes anc\u00eatres \u00e0 l&rsquo;\u00e9chelle de la France !<a href=\"https:\/\/www.elodie-et-antoine.fr\/ra\/wp-content\/uploads\/2014\/01\/Nouvelle-image-7.jpg\"><img loading=\"lazy\" decoding=\"async\" class=\"alignnone size-full wp-image-641\" alt=\"Nouvelle image (7)\" src=\"https:\/\/www.elodie-et-antoine.fr\/ra\/wp-content\/uploads\/2014\/01\/Nouvelle-image-7.jpg\" width=\"603\" height=\"591\" srcset=\"https:\/\/www.elodie-et-antoine.fr\/ra\/wp-content\/uploads\/2014\/01\/Nouvelle-image-7.jpg 603w, https:\/\/www.elodie-et-antoine.fr\/ra\/wp-content\/uploads\/2014\/01\/Nouvelle-image-7-300x294.jpg 300w\" sizes=\"auto, (max-width: 603px) 100vw, 603px\" \/><\/a><\/p>\n","protected":false},"excerpt":{"rendered":"<p>Je viens de franchir une \u00e9tape dans la v\u00e9rification des informations relatives \u00e0 mes anc\u00eatres : la 7\u00e8me g\u00e9n\u00e9ration est termin\u00e9e !\u00a0 L&rsquo;occasion de faire un petit bilan : Je d\u00e9bute par le nombre d&rsquo;anc\u00eatres trouv\u00e9s, comme l&rsquo;ont fait certains g\u00e9n\u00e9alogistes r\u00e9cemment. D&rsquo;un c\u00f4t\u00e9 le nombre d&rsquo;anc\u00eatres th\u00e9oriques, et de l&rsquo;autre le nombre d&rsquo;anc\u00eatres trouv\u00e9s. Comme cela ne me convient pas compl\u00e8tement, j&rsquo;ai \u00e9galement cr\u00e9\u00e9 une colonne avec le nombre d&rsquo;anc\u00eatres potentiels (l\u00e0, je joue sur les mots). La diff\u00e9rence ? Je tiens ici compte des p\u00e8res inconnus et autres implexes.\u00a0 Ainsi donc, si j&rsquo;ai bien 64 individus th\u00e9oriques \u00e0 la septi\u00e8me g\u00e9n\u00e9ration, je n&rsquo;en ai que 59 potentiels (l&rsquo;explication va suivre). A la huiti\u00e8me g\u00e9n\u00e9ration, la diff\u00e9rence entre individus th\u00e9oriques et potentiels sera donc d&rsquo;au moins dix individus. Point tr\u00e8s positif : j&rsquo;ai trouv\u00e9 100% des anc\u00eatres potentiels \u00e0 ce niveau ! A la 7\u00e8me g\u00e9n\u00e9ration, je trouve mon premier couple implexe : Jean Louis BLONDEAU et Th\u00e9r\u00e8se NEVEU sont les parents de Louis, Marie et Rosalie BLONDEAU pr\u00e9sents tous les trois dans l&rsquo;ascendance de ma grand-m\u00e8re maternelle ! Je trouve aussi mon premier p\u00e8re inconnu qui aurait du \u00eatre mon Sosa 110, p\u00e8re de Val\u00e9rie GODON. Concernant la localisation, j&rsquo;ai repr\u00e9sent\u00e9 les lieux de mes actes avec une couleur pour mes quatre branches, une branche correspondant \u00e0 l&rsquo;un de mes grand-parents. Pour vous repr\u00e9senter l&rsquo;\u00e9chelle, ces points tiennent dans un carr\u00e9 faisant de 50 \u00e0 60 km de c\u00f4t\u00e9 : quand je vous disais que mes anc\u00eatres ne bougeaient pas beaucoup ! Ma branche DEZAT (vert fonc\u00e9) et BLONDEAU (vert clair) se superposent presque et sont centr\u00e9es autour de Sury-en-Vaux et Verdigny, dans le Sancerrois. Du c\u00f4t\u00e9 de ma m\u00e8re, mes anc\u00eatres ont un peu plus voyag\u00e9 : ma branche GUENEAU (violet) s&rsquo;\u00e9tend plut\u00f4t \u00e0 l&rsquo;ouest dans ce que l&rsquo;on appelle le Pays Fort. Les deux points les plus au Nord correspondent \u00e0 la naissance de deux anc\u00eatres &#8230; n\u00e9s de p\u00e8re inconnu, mais dont les m\u00e8res sont bien originaires du berceau familial plus au Sud. Enfin, ma branche CHAMPION (rose clair) s&rsquo;\u00e9tend au Sud et \u00e0 l&rsquo;Est, pour partie dans le Sancerrois et dans le val de Loire. Avec cette branche nous commen\u00e7ons \u00e0 gravir le piton de Sancerre &#8230; Mais ces deux braches se retrouvent \u00e9galement &#8230; \u00e0 Sury-en-Vaux ! D\u00e9cid\u00e9ment, ce village est bien le berceau de ma famille. C&rsquo;est \u00e0 cette g\u00e9n\u00e9ration qu&rsquo;il se passe un grand \u00e9v\u00e8nement : je franchis les fronti\u00e8res du Cher pour la premi\u00e8re fois et trouve un acte dans le Loiret. C&rsquo;est la branche GUENEAU qui gagne cette fois-ci, mais il m&rsquo;est avis qu&rsquo;\u00e0 la huiti\u00e8me g\u00e9n\u00e9ration la branche CHAMPION va se venger &#8230; Enfin, je vais faire rigoler les g\u00e9n\u00e9alogistes qui ont de vrais anc\u00eatres voyageurs en vous montrant la r\u00e9partition de mes anc\u00eatres \u00e0 l&rsquo;\u00e9chelle de la France !<\/p>\n","protected":false},"author":1,"featured_media":0,"comment_status":"open","ping_status":"open","sticky":false,"template":"","format":"standard","meta":{"_exactmetrics_skip_tracking":false,"_exactmetrics_sitenote_active":false,"_exactmetrics_sitenote_note":"","_exactmetrics_sitenote_category":0,"jetpack_post_was_ever_published":false,"_jetpack_newsletter_access":"","_jetpack_dont_email_post_to_subs":false,"_jetpack_newsletter_tier_id":0,"_jetpack_memberships_contains_paywalled_content":false,"_jetpack_memberships_contains_paid_content":false,"footnotes":""},"categories":[26],"tags":[137,30,138],"class_list":["post-636","post","type-post","status-publish","format-standard","hentry","category-mes-ancetres","tag-bilan","tag-genealogie","tag-generation"],"yoast_head":"<!-- This site is optimized with the Yoast SEO plugin v27.0 - https:\/\/yoast.com\/product\/yoast-seo-wordpress\/ -->\n<title>[Bilan anc\u00eatres] 7\u00e8me g\u00e9n\u00e9ration - Rencontre avec mes anc\u00eatres<\/title>\n<meta name=\"robots\" content=\"index, follow, max-snippet:-1, max-image-preview:large, max-video-preview:-1\" \/>\n<link rel=\"canonical\" href=\"https:\/\/www.elodie-et-antoine.fr\/ra\/?p=636\" \/>\n<meta property=\"og:locale\" content=\"fr_FR\" \/>\n<meta property=\"og:type\" content=\"article\" \/>\n<meta property=\"og:title\" content=\"[Bilan anc\u00eatres] 7\u00e8me g\u00e9n\u00e9ration - Rencontre avec mes anc\u00eatres\" \/>\n<meta property=\"og:description\" content=\"Je viens de franchir une \u00e9tape dans la v\u00e9rification des informations relatives \u00e0 mes anc\u00eatres : la 7\u00e8me g\u00e9n\u00e9ration est termin\u00e9e !\u00a0 L&rsquo;occasion de faire un petit bilan : Je d\u00e9bute par le nombre d&rsquo;anc\u00eatres trouv\u00e9s, comme l&rsquo;ont fait certains g\u00e9n\u00e9alogistes r\u00e9cemment. D&rsquo;un c\u00f4t\u00e9 le nombre d&rsquo;anc\u00eatres th\u00e9oriques, et de l&rsquo;autre le nombre d&rsquo;anc\u00eatres trouv\u00e9s. Comme cela ne me convient pas compl\u00e8tement, j&rsquo;ai \u00e9galement cr\u00e9\u00e9 une colonne avec le nombre d&rsquo;anc\u00eatres potentiels (l\u00e0, je joue sur les mots). La diff\u00e9rence ? Je tiens ici compte des p\u00e8res inconnus et autres implexes.\u00a0 Ainsi donc, si j&rsquo;ai bien 64 individus th\u00e9oriques \u00e0 la septi\u00e8me g\u00e9n\u00e9ration, je n&rsquo;en ai que 59 potentiels (l&rsquo;explication va suivre). A la huiti\u00e8me g\u00e9n\u00e9ration, la diff\u00e9rence entre individus th\u00e9oriques et potentiels sera donc d&rsquo;au moins dix individus. Point tr\u00e8s positif : j&rsquo;ai trouv\u00e9 100% des anc\u00eatres potentiels \u00e0 ce niveau ! A la 7\u00e8me g\u00e9n\u00e9ration, je trouve mon premier couple implexe : Jean Louis BLONDEAU et Th\u00e9r\u00e8se NEVEU sont les parents de Louis, Marie et Rosalie BLONDEAU pr\u00e9sents tous les trois dans l&rsquo;ascendance de ma grand-m\u00e8re maternelle ! Je trouve aussi mon premier p\u00e8re inconnu qui aurait du \u00eatre mon Sosa 110, p\u00e8re de Val\u00e9rie GODON. Concernant la localisation, j&rsquo;ai repr\u00e9sent\u00e9 les lieux de mes actes avec une couleur pour mes quatre branches, une branche correspondant \u00e0 l&rsquo;un de mes grand-parents. Pour vous repr\u00e9senter l&rsquo;\u00e9chelle, ces points tiennent dans un carr\u00e9 faisant de 50 \u00e0 60 km de c\u00f4t\u00e9 : quand je vous disais que mes anc\u00eatres ne bougeaient pas beaucoup ! Ma branche DEZAT (vert fonc\u00e9) et BLONDEAU (vert clair) se superposent presque et sont centr\u00e9es autour de Sury-en-Vaux et Verdigny, dans le Sancerrois. Du c\u00f4t\u00e9 de ma m\u00e8re, mes anc\u00eatres ont un peu plus voyag\u00e9 : ma branche GUENEAU (violet) s&rsquo;\u00e9tend plut\u00f4t \u00e0 l&rsquo;ouest dans ce que l&rsquo;on appelle le Pays Fort. Les deux points les plus au Nord correspondent \u00e0 la naissance de deux anc\u00eatres &#8230; n\u00e9s de p\u00e8re inconnu, mais dont les m\u00e8res sont bien originaires du berceau familial plus au Sud. Enfin, ma branche CHAMPION (rose clair) s&rsquo;\u00e9tend au Sud et \u00e0 l&rsquo;Est, pour partie dans le Sancerrois et dans le val de Loire. Avec cette branche nous commen\u00e7ons \u00e0 gravir le piton de Sancerre &#8230; Mais ces deux braches se retrouvent \u00e9galement &#8230; \u00e0 Sury-en-Vaux ! D\u00e9cid\u00e9ment, ce village est bien le berceau de ma famille. C&rsquo;est \u00e0 cette g\u00e9n\u00e9ration qu&rsquo;il se passe un grand \u00e9v\u00e8nement : je franchis les fronti\u00e8res du Cher pour la premi\u00e8re fois et trouve un acte dans le Loiret. C&rsquo;est la branche GUENEAU qui gagne cette fois-ci, mais il m&rsquo;est avis qu&rsquo;\u00e0 la huiti\u00e8me g\u00e9n\u00e9ration la branche CHAMPION va se venger &#8230; Enfin, je vais faire rigoler les g\u00e9n\u00e9alogistes qui ont de vrais anc\u00eatres voyageurs en vous montrant la r\u00e9partition de mes anc\u00eatres \u00e0 l&rsquo;\u00e9chelle de la France !\" \/>\n<meta property=\"og:url\" content=\"https:\/\/www.elodie-et-antoine.fr\/ra\/?p=636\" \/>\n<meta property=\"og:site_name\" content=\"Rencontre avec mes anc\u00eatres\" \/>\n<meta property=\"article:publisher\" content=\"https:\/\/www.facebook.com\/rencontreancetres\" \/>\n<meta property=\"article:published_time\" content=\"2014-01-29T14:34:35+00:00\" \/>\n<meta property=\"article:modified_time\" content=\"2014-01-29T18:46:54+00:00\" \/>\n<meta property=\"og:image\" content=\"http:\/\/www.elodie-et-antoine.fr\/ra\/wp-content\/uploads\/2014\/01\/Nouvelle-image-5.jpg\" \/>\n<meta name=\"author\" content=\"Elodie\" \/>\n<meta name=\"twitter:card\" content=\"summary_large_image\" \/>\n<meta name=\"twitter:creator\" content=\"@lodeetwit\" \/>\n<meta name=\"twitter:site\" content=\"@lodeetwit\" \/>\n<meta name=\"twitter:label1\" content=\"\u00c9crit par\" \/>\n\t<meta name=\"twitter:data1\" content=\"Elodie\" \/>\n\t<meta name=\"twitter:label2\" content=\"Dur\u00e9e de lecture estim\u00e9e\" \/>\n\t<meta name=\"twitter:data2\" content=\"3 minutes\" \/>\n<script type=\"application\/ld+json\" class=\"yoast-schema-graph\">{\"@context\":\"https:\/\/schema.org\",\"@graph\":[{\"@type\":\"Article\",\"@id\":\"https:\/\/www.elodie-et-antoine.fr\/ra\/?p=636#article\",\"isPartOf\":{\"@id\":\"https:\/\/www.elodie-et-antoine.fr\/ra\/?p=636\"},\"author\":{\"name\":\"Elodie\",\"@id\":\"https:\/\/www.elodie-et-antoine.fr\/ra\/#\/schema\/person\/50e9be10104b0e8a3c0f55df181b9b56\"},\"headline\":\"[Bilan anc\u00eatres] 7\u00e8me g\u00e9n\u00e9ration\",\"datePublished\":\"2014-01-29T14:34:35+00:00\",\"dateModified\":\"2014-01-29T18:46:54+00:00\",\"mainEntityOfPage\":{\"@id\":\"https:\/\/www.elodie-et-antoine.fr\/ra\/?p=636\"},\"wordCount\":516,\"commentCount\":8,\"publisher\":{\"@id\":\"https:\/\/www.elodie-et-antoine.fr\/ra\/#organization\"},\"image\":{\"@id\":\"https:\/\/www.elodie-et-antoine.fr\/ra\/?p=636#primaryimage\"},\"thumbnailUrl\":\"http:\/\/www.elodie-et-antoine.fr\/ra\/wp-content\/uploads\/2014\/01\/Nouvelle-image-5.jpg\",\"keywords\":[\"bilan\",\"g\u00e9n\u00e9alogie\",\"g\u00e9n\u00e9ration\"],\"articleSection\":[\"Mes anc\u00eatres\"],\"inLanguage\":\"fr-FR\",\"potentialAction\":[{\"@type\":\"CommentAction\",\"name\":\"Comment\",\"target\":[\"https:\/\/www.elodie-et-antoine.fr\/ra\/?p=636#respond\"]}]},{\"@type\":\"WebPage\",\"@id\":\"https:\/\/www.elodie-et-antoine.fr\/ra\/?p=636\",\"url\":\"https:\/\/www.elodie-et-antoine.fr\/ra\/?p=636\",\"name\":\"[Bilan anc\u00eatres] 7\u00e8me g\u00e9n\u00e9ration - Rencontre avec mes anc\u00eatres\",\"isPartOf\":{\"@id\":\"https:\/\/www.elodie-et-antoine.fr\/ra\/#website\"},\"primaryImageOfPage\":{\"@id\":\"https:\/\/www.elodie-et-antoine.fr\/ra\/?p=636#primaryimage\"},\"image\":{\"@id\":\"https:\/\/www.elodie-et-antoine.fr\/ra\/?p=636#primaryimage\"},\"thumbnailUrl\":\"http:\/\/www.elodie-et-antoine.fr\/ra\/wp-content\/uploads\/2014\/01\/Nouvelle-image-5.jpg\",\"datePublished\":\"2014-01-29T14:34:35+00:00\",\"dateModified\":\"2014-01-29T18:46:54+00:00\",\"breadcrumb\":{\"@id\":\"https:\/\/www.elodie-et-antoine.fr\/ra\/?p=636#breadcrumb\"},\"inLanguage\":\"fr-FR\",\"potentialAction\":[{\"@type\":\"ReadAction\",\"target\":[\"https:\/\/www.elodie-et-antoine.fr\/ra\/?p=636\"]}]},{\"@type\":\"ImageObject\",\"inLanguage\":\"fr-FR\",\"@id\":\"https:\/\/www.elodie-et-antoine.fr\/ra\/?p=636#primaryimage\",\"url\":\"http:\/\/www.elodie-et-antoine.fr\/ra\/wp-content\/uploads\/2014\/01\/Nouvelle-image-5.jpg\",\"contentUrl\":\"http:\/\/www.elodie-et-antoine.fr\/ra\/wp-content\/uploads\/2014\/01\/Nouvelle-image-5.jpg\"},{\"@type\":\"BreadcrumbList\",\"@id\":\"https:\/\/www.elodie-et-antoine.fr\/ra\/?p=636#breadcrumb\",\"itemListElement\":[{\"@type\":\"ListItem\",\"position\":1,\"name\":\"Accueil\",\"item\":\"https:\/\/www.elodie-et-antoine.fr\/ra\"},{\"@type\":\"ListItem\",\"position\":2,\"name\":\"[Bilan anc\u00eatres] 7\u00e8me g\u00e9n\u00e9ration\"}]},{\"@type\":\"WebSite\",\"@id\":\"https:\/\/www.elodie-et-antoine.fr\/ra\/#website\",\"url\":\"https:\/\/www.elodie-et-antoine.fr\/ra\/\",\"name\":\"Rencontre avec mes anc\u00eatres\",\"description\":\"Rencontre avec mes anc\u00eatres\",\"publisher\":{\"@id\":\"https:\/\/www.elodie-et-antoine.fr\/ra\/#organization\"},\"potentialAction\":[{\"@type\":\"SearchAction\",\"target\":{\"@type\":\"EntryPoint\",\"urlTemplate\":\"https:\/\/www.elodie-et-antoine.fr\/ra\/?s={search_term_string}\"},\"query-input\":{\"@type\":\"PropertyValueSpecification\",\"valueRequired\":true,\"valueName\":\"search_term_string\"}}],\"inLanguage\":\"fr-FR\"},{\"@type\":\"Organization\",\"@id\":\"https:\/\/www.elodie-et-antoine.fr\/ra\/#organization\",\"name\":\"Rencontre avec mes anc\u00eatres\",\"url\":\"https:\/\/www.elodie-et-antoine.fr\/ra\/\",\"logo\":{\"@type\":\"ImageObject\",\"inLanguage\":\"fr-FR\",\"@id\":\"https:\/\/www.elodie-et-antoine.fr\/ra\/#\/schema\/logo\/image\/\",\"url\":\"https:\/\/www.elodie-et-antoine.fr\/ra\/wp-content\/uploads\/2024\/02\/Logo-detoure.png\",\"contentUrl\":\"https:\/\/www.elodie-et-antoine.fr\/ra\/wp-content\/uploads\/2024\/02\/Logo-detoure.png\",\"width\":500,\"height\":500,\"caption\":\"Rencontre avec mes anc\u00eatres\"},\"image\":{\"@id\":\"https:\/\/www.elodie-et-antoine.fr\/ra\/#\/schema\/logo\/image\/\"},\"sameAs\":[\"https:\/\/www.facebook.com\/rencontreancetres\",\"https:\/\/x.com\/lodeetwit\"]},{\"@type\":\"Person\",\"@id\":\"https:\/\/www.elodie-et-antoine.fr\/ra\/#\/schema\/person\/50e9be10104b0e8a3c0f55df181b9b56\",\"name\":\"Elodie\",\"image\":{\"@type\":\"ImageObject\",\"inLanguage\":\"fr-FR\",\"@id\":\"https:\/\/www.elodie-et-antoine.fr\/ra\/#\/schema\/person\/image\/\",\"url\":\"https:\/\/secure.gravatar.com\/avatar\/1ee5777faed60801dee6c0665d8f4bb2cfd6d4bf6ab052dbbc40be268a652c31?s=96&d=mm&r=g\",\"contentUrl\":\"https:\/\/secure.gravatar.com\/avatar\/1ee5777faed60801dee6c0665d8f4bb2cfd6d4bf6ab052dbbc40be268a652c31?s=96&d=mm&r=g\",\"caption\":\"Elodie\"},\"url\":\"https:\/\/www.elodie-et-antoine.fr\/ra\/?author=1\"}]}<\/script>\n<!-- \/ Yoast SEO plugin. -->","yoast_head_json":{"title":"[Bilan anc\u00eatres] 7\u00e8me g\u00e9n\u00e9ration - Rencontre avec mes anc\u00eatres","robots":{"index":"index","follow":"follow","max-snippet":"max-snippet:-1","max-image-preview":"max-image-preview:large","max-video-preview":"max-video-preview:-1"},"canonical":"https:\/\/www.elodie-et-antoine.fr\/ra\/?p=636","og_locale":"fr_FR","og_type":"article","og_title":"[Bilan anc\u00eatres] 7\u00e8me g\u00e9n\u00e9ration - Rencontre avec mes anc\u00eatres","og_description":"Je viens de franchir une \u00e9tape dans la v\u00e9rification des informations relatives \u00e0 mes anc\u00eatres : la 7\u00e8me g\u00e9n\u00e9ration est termin\u00e9e !\u00a0 L&rsquo;occasion de faire un petit bilan : Je d\u00e9bute par le nombre d&rsquo;anc\u00eatres trouv\u00e9s, comme l&rsquo;ont fait certains g\u00e9n\u00e9alogistes r\u00e9cemment. D&rsquo;un c\u00f4t\u00e9 le nombre d&rsquo;anc\u00eatres th\u00e9oriques, et de l&rsquo;autre le nombre d&rsquo;anc\u00eatres trouv\u00e9s. Comme cela ne me convient pas compl\u00e8tement, j&rsquo;ai \u00e9galement cr\u00e9\u00e9 une colonne avec le nombre d&rsquo;anc\u00eatres potentiels (l\u00e0, je joue sur les mots). La diff\u00e9rence ? Je tiens ici compte des p\u00e8res inconnus et autres implexes.\u00a0 Ainsi donc, si j&rsquo;ai bien 64 individus th\u00e9oriques \u00e0 la septi\u00e8me g\u00e9n\u00e9ration, je n&rsquo;en ai que 59 potentiels (l&rsquo;explication va suivre). A la huiti\u00e8me g\u00e9n\u00e9ration, la diff\u00e9rence entre individus th\u00e9oriques et potentiels sera donc d&rsquo;au moins dix individus. Point tr\u00e8s positif : j&rsquo;ai trouv\u00e9 100% des anc\u00eatres potentiels \u00e0 ce niveau ! A la 7\u00e8me g\u00e9n\u00e9ration, je trouve mon premier couple implexe : Jean Louis BLONDEAU et Th\u00e9r\u00e8se NEVEU sont les parents de Louis, Marie et Rosalie BLONDEAU pr\u00e9sents tous les trois dans l&rsquo;ascendance de ma grand-m\u00e8re maternelle ! Je trouve aussi mon premier p\u00e8re inconnu qui aurait du \u00eatre mon Sosa 110, p\u00e8re de Val\u00e9rie GODON. Concernant la localisation, j&rsquo;ai repr\u00e9sent\u00e9 les lieux de mes actes avec une couleur pour mes quatre branches, une branche correspondant \u00e0 l&rsquo;un de mes grand-parents. Pour vous repr\u00e9senter l&rsquo;\u00e9chelle, ces points tiennent dans un carr\u00e9 faisant de 50 \u00e0 60 km de c\u00f4t\u00e9 : quand je vous disais que mes anc\u00eatres ne bougeaient pas beaucoup ! Ma branche DEZAT (vert fonc\u00e9) et BLONDEAU (vert clair) se superposent presque et sont centr\u00e9es autour de Sury-en-Vaux et Verdigny, dans le Sancerrois. Du c\u00f4t\u00e9 de ma m\u00e8re, mes anc\u00eatres ont un peu plus voyag\u00e9 : ma branche GUENEAU (violet) s&rsquo;\u00e9tend plut\u00f4t \u00e0 l&rsquo;ouest dans ce que l&rsquo;on appelle le Pays Fort. Les deux points les plus au Nord correspondent \u00e0 la naissance de deux anc\u00eatres &#8230; n\u00e9s de p\u00e8re inconnu, mais dont les m\u00e8res sont bien originaires du berceau familial plus au Sud. Enfin, ma branche CHAMPION (rose clair) s&rsquo;\u00e9tend au Sud et \u00e0 l&rsquo;Est, pour partie dans le Sancerrois et dans le val de Loire. Avec cette branche nous commen\u00e7ons \u00e0 gravir le piton de Sancerre &#8230; Mais ces deux braches se retrouvent \u00e9galement &#8230; \u00e0 Sury-en-Vaux ! D\u00e9cid\u00e9ment, ce village est bien le berceau de ma famille. C&rsquo;est \u00e0 cette g\u00e9n\u00e9ration qu&rsquo;il se passe un grand \u00e9v\u00e8nement : je franchis les fronti\u00e8res du Cher pour la premi\u00e8re fois et trouve un acte dans le Loiret. C&rsquo;est la branche GUENEAU qui gagne cette fois-ci, mais il m&rsquo;est avis qu&rsquo;\u00e0 la huiti\u00e8me g\u00e9n\u00e9ration la branche CHAMPION va se venger &#8230; Enfin, je vais faire rigoler les g\u00e9n\u00e9alogistes qui ont de vrais anc\u00eatres voyageurs en vous montrant la r\u00e9partition de mes anc\u00eatres \u00e0 l&rsquo;\u00e9chelle de la France !","og_url":"https:\/\/www.elodie-et-antoine.fr\/ra\/?p=636","og_site_name":"Rencontre avec mes anc\u00eatres","article_publisher":"https:\/\/www.facebook.com\/rencontreancetres","article_published_time":"2014-01-29T14:34:35+00:00","article_modified_time":"2014-01-29T18:46:54+00:00","og_image":[{"url":"http:\/\/www.elodie-et-antoine.fr\/ra\/wp-content\/uploads\/2014\/01\/Nouvelle-image-5.jpg","type":"","width":"","height":""}],"author":"Elodie","twitter_card":"summary_large_image","twitter_creator":"@lodeetwit","twitter_site":"@lodeetwit","twitter_misc":{"\u00c9crit par":"Elodie","Dur\u00e9e de lecture estim\u00e9e":"3 minutes"},"schema":{"@context":"https:\/\/schema.org","@graph":[{"@type":"Article","@id":"https:\/\/www.elodie-et-antoine.fr\/ra\/?p=636#article","isPartOf":{"@id":"https:\/\/www.elodie-et-antoine.fr\/ra\/?p=636"},"author":{"name":"Elodie","@id":"https:\/\/www.elodie-et-antoine.fr\/ra\/#\/schema\/person\/50e9be10104b0e8a3c0f55df181b9b56"},"headline":"[Bilan anc\u00eatres] 7\u00e8me g\u00e9n\u00e9ration","datePublished":"2014-01-29T14:34:35+00:00","dateModified":"2014-01-29T18:46:54+00:00","mainEntityOfPage":{"@id":"https:\/\/www.elodie-et-antoine.fr\/ra\/?p=636"},"wordCount":516,"commentCount":8,"publisher":{"@id":"https:\/\/www.elodie-et-antoine.fr\/ra\/#organization"},"image":{"@id":"https:\/\/www.elodie-et-antoine.fr\/ra\/?p=636#primaryimage"},"thumbnailUrl":"http:\/\/www.elodie-et-antoine.fr\/ra\/wp-content\/uploads\/2014\/01\/Nouvelle-image-5.jpg","keywords":["bilan","g\u00e9n\u00e9alogie","g\u00e9n\u00e9ration"],"articleSection":["Mes anc\u00eatres"],"inLanguage":"fr-FR","potentialAction":[{"@type":"CommentAction","name":"Comment","target":["https:\/\/www.elodie-et-antoine.fr\/ra\/?p=636#respond"]}]},{"@type":"WebPage","@id":"https:\/\/www.elodie-et-antoine.fr\/ra\/?p=636","url":"https:\/\/www.elodie-et-antoine.fr\/ra\/?p=636","name":"[Bilan anc\u00eatres] 7\u00e8me g\u00e9n\u00e9ration - Rencontre avec mes anc\u00eatres","isPartOf":{"@id":"https:\/\/www.elodie-et-antoine.fr\/ra\/#website"},"primaryImageOfPage":{"@id":"https:\/\/www.elodie-et-antoine.fr\/ra\/?p=636#primaryimage"},"image":{"@id":"https:\/\/www.elodie-et-antoine.fr\/ra\/?p=636#primaryimage"},"thumbnailUrl":"http:\/\/www.elodie-et-antoine.fr\/ra\/wp-content\/uploads\/2014\/01\/Nouvelle-image-5.jpg","datePublished":"2014-01-29T14:34:35+00:00","dateModified":"2014-01-29T18:46:54+00:00","breadcrumb":{"@id":"https:\/\/www.elodie-et-antoine.fr\/ra\/?p=636#breadcrumb"},"inLanguage":"fr-FR","potentialAction":[{"@type":"ReadAction","target":["https:\/\/www.elodie-et-antoine.fr\/ra\/?p=636"]}]},{"@type":"ImageObject","inLanguage":"fr-FR","@id":"https:\/\/www.elodie-et-antoine.fr\/ra\/?p=636#primaryimage","url":"http:\/\/www.elodie-et-antoine.fr\/ra\/wp-content\/uploads\/2014\/01\/Nouvelle-image-5.jpg","contentUrl":"http:\/\/www.elodie-et-antoine.fr\/ra\/wp-content\/uploads\/2014\/01\/Nouvelle-image-5.jpg"},{"@type":"BreadcrumbList","@id":"https:\/\/www.elodie-et-antoine.fr\/ra\/?p=636#breadcrumb","itemListElement":[{"@type":"ListItem","position":1,"name":"Accueil","item":"https:\/\/www.elodie-et-antoine.fr\/ra"},{"@type":"ListItem","position":2,"name":"[Bilan anc\u00eatres] 7\u00e8me g\u00e9n\u00e9ration"}]},{"@type":"WebSite","@id":"https:\/\/www.elodie-et-antoine.fr\/ra\/#website","url":"https:\/\/www.elodie-et-antoine.fr\/ra\/","name":"Rencontre avec mes anc\u00eatres","description":"Rencontre avec mes anc\u00eatres","publisher":{"@id":"https:\/\/www.elodie-et-antoine.fr\/ra\/#organization"},"potentialAction":[{"@type":"SearchAction","target":{"@type":"EntryPoint","urlTemplate":"https:\/\/www.elodie-et-antoine.fr\/ra\/?s={search_term_string}"},"query-input":{"@type":"PropertyValueSpecification","valueRequired":true,"valueName":"search_term_string"}}],"inLanguage":"fr-FR"},{"@type":"Organization","@id":"https:\/\/www.elodie-et-antoine.fr\/ra\/#organization","name":"Rencontre avec mes anc\u00eatres","url":"https:\/\/www.elodie-et-antoine.fr\/ra\/","logo":{"@type":"ImageObject","inLanguage":"fr-FR","@id":"https:\/\/www.elodie-et-antoine.fr\/ra\/#\/schema\/logo\/image\/","url":"https:\/\/www.elodie-et-antoine.fr\/ra\/wp-content\/uploads\/2024\/02\/Logo-detoure.png","contentUrl":"https:\/\/www.elodie-et-antoine.fr\/ra\/wp-content\/uploads\/2024\/02\/Logo-detoure.png","width":500,"height":500,"caption":"Rencontre avec mes anc\u00eatres"},"image":{"@id":"https:\/\/www.elodie-et-antoine.fr\/ra\/#\/schema\/logo\/image\/"},"sameAs":["https:\/\/www.facebook.com\/rencontreancetres","https:\/\/x.com\/lodeetwit"]},{"@type":"Person","@id":"https:\/\/www.elodie-et-antoine.fr\/ra\/#\/schema\/person\/50e9be10104b0e8a3c0f55df181b9b56","name":"Elodie","image":{"@type":"ImageObject","inLanguage":"fr-FR","@id":"https:\/\/www.elodie-et-antoine.fr\/ra\/#\/schema\/person\/image\/","url":"https:\/\/secure.gravatar.com\/avatar\/1ee5777faed60801dee6c0665d8f4bb2cfd6d4bf6ab052dbbc40be268a652c31?s=96&d=mm&r=g","contentUrl":"https:\/\/secure.gravatar.com\/avatar\/1ee5777faed60801dee6c0665d8f4bb2cfd6d4bf6ab052dbbc40be268a652c31?s=96&d=mm&r=g","caption":"Elodie"},"url":"https:\/\/www.elodie-et-antoine.fr\/ra\/?author=1"}]}},"jetpack_featured_media_url":"","jetpack_sharing_enabled":true,"_links":{"self":[{"href":"https:\/\/www.elodie-et-antoine.fr\/ra\/index.php?rest_route=\/wp\/v2\/posts\/636","targetHints":{"allow":["GET"]}}],"collection":[{"href":"https:\/\/www.elodie-et-antoine.fr\/ra\/index.php?rest_route=\/wp\/v2\/posts"}],"about":[{"href":"https:\/\/www.elodie-et-antoine.fr\/ra\/index.php?rest_route=\/wp\/v2\/types\/post"}],"author":[{"embeddable":true,"href":"https:\/\/www.elodie-et-antoine.fr\/ra\/index.php?rest_route=\/wp\/v2\/users\/1"}],"replies":[{"embeddable":true,"href":"https:\/\/www.elodie-et-antoine.fr\/ra\/index.php?rest_route=%2Fwp%2Fv2%2Fcomments&post=636"}],"version-history":[{"count":4,"href":"https:\/\/www.elodie-et-antoine.fr\/ra\/index.php?rest_route=\/wp\/v2\/posts\/636\/revisions"}],"predecessor-version":[{"id":645,"href":"https:\/\/www.elodie-et-antoine.fr\/ra\/index.php?rest_route=\/wp\/v2\/posts\/636\/revisions\/645"}],"wp:attachment":[{"href":"https:\/\/www.elodie-et-antoine.fr\/ra\/index.php?rest_route=%2Fwp%2Fv2%2Fmedia&parent=636"}],"wp:term":[{"taxonomy":"category","embeddable":true,"href":"https:\/\/www.elodie-et-antoine.fr\/ra\/index.php?rest_route=%2Fwp%2Fv2%2Fcategories&post=636"},{"taxonomy":"post_tag","embeddable":true,"href":"https:\/\/www.elodie-et-antoine.fr\/ra\/index.php?rest_route=%2Fwp%2Fv2%2Ftags&post=636"}],"curies":[{"name":"wp","href":"https:\/\/api.w.org\/{rel}","templated":true}]}}