{"id":4407,"date":"2026-01-25T09:34:02","date_gmt":"2026-01-25T08:34:02","guid":{"rendered":"https:\/\/www.elodie-et-antoine.fr\/ra\/?p=4407"},"modified":"2026-01-25T09:42:18","modified_gmt":"2026-01-25T08:42:18","slug":"le-mariage-de-jean-gueneau-et-genevieve-vimon","status":"publish","type":"post","link":"https:\/\/www.elodie-et-antoine.fr\/ra\/?p=4407","title":{"rendered":"Le mariage de Jean GUENEAU et Genevi\u00e8ve VIMON"},"content":{"rendered":"<div class=\"wp-block-image\">\n<figure class=\"aligncenter size-full is-resized\"><a href=\"https:\/\/www.elodie-et-antoine.fr\/ra\/wp-content\/uploads\/2026\/01\/Gueneau-Vimon.jpg\"><img loading=\"lazy\" decoding=\"async\" width=\"940\" height=\"788\" src=\"https:\/\/www.elodie-et-antoine.fr\/ra\/wp-content\/uploads\/2026\/01\/Gueneau-Vimon.jpg\" alt=\"\" class=\"wp-image-4417\" style=\"width:516px;height:auto\" srcset=\"https:\/\/www.elodie-et-antoine.fr\/ra\/wp-content\/uploads\/2026\/01\/Gueneau-Vimon.jpg 940w, https:\/\/www.elodie-et-antoine.fr\/ra\/wp-content\/uploads\/2026\/01\/Gueneau-Vimon-300x251.jpg 300w, https:\/\/www.elodie-et-antoine.fr\/ra\/wp-content\/uploads\/2026\/01\/Gueneau-Vimon-768x644.jpg 768w\" sizes=\"auto, (max-width: 940px) 100vw, 940px\" \/><\/a><\/figure>\n<\/div>\n\n\n<p>Le mardi 24 janvier 1826, il y a tout juste 200 ans, mes anc\u00eatres Jean GUENEAU et Genevi\u00e8ve VIMON se mari\u00e8rent \u00e0 Sury-en-Vaux (18), \u00e0 9 heures du matin.<\/p>\n\n\n\n<p>Jean \u00e9tait \u00e2g\u00e9 de 31 ans et Genevi\u00e8ve de 26 ans. Tous deux orphelins de p\u00e8re, ils \u00e9taient issus de familles vigneronnes. Du c\u00f4t\u00e9 du mari\u00e9, les t\u00e9moins \u00e9taient son fr\u00e8re Pierre GUENEAU, vigneron de 26 ans au hameau des Vignes, et Fran\u00e7ois JUTTIN, son oncle maternel de 58 ans, \u00e9galement vigneron aux Vignes. Du c\u00f4t\u00e9 de la mari\u00e9e, deux cousins appos\u00e8rent leur signature : Mathurin et Louis MOREUX, vignerons au village de Verdigny, \u00e2g\u00e9s respectivement de 23 et 26 ans.<\/p>\n\n\n\n<p>Les futurs \u00e9poux avaient conclu un contrat de mariage deux jours auparavant, le 22 janvier 1826, chez Me BUOT en son \u00e9tude de Sury-en-Vaux. Malheureusement, les minutes de cette p\u00e9riode n&rsquo;ont pas \u00e9t\u00e9 vers\u00e9es aux archives, ce qui ne fait pas mes affaires vu que beaucoup de mes anc\u00eatres lui avait fait appel. Les tables de contrats de mariage permettent n\u00e9anmoins de conna\u00eetre l&rsquo;apport de chacun : 120 francs.<\/p>\n\n\n\n<figure class=\"wp-block-image size-full\"><a href=\"https:\/\/www.elodie-et-antoine.fr\/ra\/wp-content\/uploads\/2026\/01\/Mariage-GUENEAU-VIMON.jpg\"><img loading=\"lazy\" decoding=\"async\" width=\"970\" height=\"768\" src=\"https:\/\/www.elodie-et-antoine.fr\/ra\/wp-content\/uploads\/2026\/01\/Mariage-GUENEAU-VIMON.jpg\" alt=\"\" class=\"wp-image-4413\" srcset=\"https:\/\/www.elodie-et-antoine.fr\/ra\/wp-content\/uploads\/2026\/01\/Mariage-GUENEAU-VIMON.jpg 970w, https:\/\/www.elodie-et-antoine.fr\/ra\/wp-content\/uploads\/2026\/01\/Mariage-GUENEAU-VIMON-300x238.jpg 300w, https:\/\/www.elodie-et-antoine.fr\/ra\/wp-content\/uploads\/2026\/01\/Mariage-GUENEAU-VIMON-768x608.jpg 768w\" sizes=\"auto, (max-width: 970px) 100vw, 970px\" \/><\/a><figcaption class=\"wp-element-caption\">Acte de mariage &#8211; Sury-en-Vaux &#8211; 3E 2427 &#8211; AD18<\/figcaption><\/figure>\n\n\n\n<h2 class=\"wp-block-heading\">Jeunesse des \u00e9poux<\/h2>\n\n\n\n<p>Genevi\u00e8ve VIMON est n\u00e9e le 5 pluvi\u00f4se an VIII (25 janvier 1800) au hameau de la Vall\u00e9e \u00e0 Sury-en-Vaux. Son p\u00e8re Martin, vigneron de 30 ans, d\u00e9clara sa naissance en pr\u00e9sence de Louis MOREUX, vigneron \u00e0 Verdigny, et de Marie VIMON, venue de la commune de Bu\u00e9 et s\u0153ur de Martin. La pr\u00e9sence de t\u00e9moins venus d&rsquo;aussi loin pour une d\u00e9claration de naissance est assez inhabituel. Sa m\u00e8re, Genevi\u00e8ve DOUCET, \u00e9tait alors \u00e2g\u00e9e de 24 ans.<\/p>\n\n\n\n<p>Genevi\u00e8ve \u00e9tait la petite-fille de Charles VIMON, \u00e0 qui j&rsquo;avais consacr\u00e9 un bref article en 2013 : il termina ses jours loin de son village natal, dans le d\u00e9partement du Loiret, o\u00f9 il \u00e9tait mendiant.<\/p>\n\n\n\n<figure class=\"wp-block-embed is-type-wp-embed is-provider-rencontre-avec-mes-anc-tres wp-block-embed-rencontre-avec-mes-anc-tres\"><div class=\"wp-block-embed__wrapper\">\n<blockquote class=\"wp-embedded-content\" data-secret=\"0KsV7rnUVr\"><a href=\"https:\/\/www.elodie-et-antoine.fr\/ra\/?p=44\">M comme mendiant<\/a><\/blockquote><iframe loading=\"lazy\" class=\"wp-embedded-content\" sandbox=\"allow-scripts\" security=\"restricted\" style=\"position: absolute; visibility: hidden;\" title=\"\u00ab\u00a0M comme mendiant\u00a0\u00bb &#8212; Rencontre avec mes anc\u00eatres\" src=\"https:\/\/www.elodie-et-antoine.fr\/ra\/?p=44&#038;embed=true#?secret=K8ZedtIIYu#?secret=0KsV7rnUVr\" data-secret=\"0KsV7rnUVr\" width=\"600\" height=\"338\" frameborder=\"0\" marginwidth=\"0\" marginheight=\"0\" scrolling=\"no\"><\/iframe>\n<\/div><\/figure>\n\n\n\n<p>J&rsquo;avais \u00e9galement publi\u00e9 il y a deux ans un article sur <a href=\"https:\/\/www.elodie-et-antoine.fr\/ra\/?p=3902\">Martin VIMON<\/a>.<\/p>\n\n\n\n<p>Jean GUENEAU vint au monde quelques ann\u00e9es plus t\u00f4t, le 25 frimaire an III (15 d\u00e9cembre 1794), au hameau des Vignes \u00e0 Sury-en-Vaux, lui aussi dans une famille vigneronne. Son p\u00e8re Jean-Baptiste d\u00e9clara sa naissance en pr\u00e9sence de Jean JUTTIN, vigneron de 45 ans, et de Jeanne GUENEAU, \u00e2g\u00e9e de 47 ans, peut-\u00eatre sa marraine. Jean-Baptiste GUENEAU \u00e9tait alors \u00e2g\u00e9 de 33 ans, et son \u00e9pouse Solange JUTTIN, ancienne gouvernante, de 31 ans. Jean devint vigneron, apprenant le m\u00e9tier aupr\u00e8s de son p\u00e8re avant que celui-ci ne d\u00e9c\u00e8de en 1819, alors que Jean n&rsquo;avait que 24 ans. Genevi\u00e8ve perdit \u00e0 son tour son p\u00e8re en 1824, deux ans avant son mariage.<\/p>\n\n\n\n<h2 class=\"wp-block-heading\">Vie de famille apr\u00e8s le mariage<\/h2>\n\n\n\n<p>Deux enfants sont n\u00e9s de cette union : Marie Anne en 1826 et Jean en 1829. Marie Anne se maria en 1844 mais d\u00e9c\u00e9da pr\u00e9matur\u00e9ment en 1853, \u00e0 l&rsquo;\u00e2ge de 27 ans.<\/p>\n\n\n\n<p>Je retrouve la trace de Jean et Genevi\u00e8ve dans le recensement de 1851. Jean, vigneron de 56 ans, et Genevi\u00e8ve \u00e2g\u00e9e de 50 ans vivent toujours au hameau des Vignes. Le foyer comprend \u00e9galement leur fils Jean, mon a\u00efeul, \u00e2g\u00e9 de 21 ans et Genevi\u00e8ve DOUCET, m\u00e8re de Genevi\u00e8ve, alors \u00e2g\u00e9e de 80 ans.<\/p>\n\n\n\n<p>Cinq ann\u00e9es plus tard, le couple r\u00e9side toujours au hameau des Vignes, cette fois avec leur fils Jean et sa jeune \u00e9pouse V\u00e9ronique VATTAN.<\/p>\n\n\n\n<figure class=\"wp-block-image size-full\"><a href=\"https:\/\/www.elodie-et-antoine.fr\/ra\/wp-content\/uploads\/2026\/01\/Arbre-GUENEAU-VIMON.jpg\"><img loading=\"lazy\" decoding=\"async\" width=\"935\" height=\"635\" src=\"https:\/\/www.elodie-et-antoine.fr\/ra\/wp-content\/uploads\/2026\/01\/Arbre-GUENEAU-VIMON.jpg\" alt=\"\" class=\"wp-image-4411\" srcset=\"https:\/\/www.elodie-et-antoine.fr\/ra\/wp-content\/uploads\/2026\/01\/Arbre-GUENEAU-VIMON.jpg 935w, https:\/\/www.elodie-et-antoine.fr\/ra\/wp-content\/uploads\/2026\/01\/Arbre-GUENEAU-VIMON-300x204.jpg 300w, https:\/\/www.elodie-et-antoine.fr\/ra\/wp-content\/uploads\/2026\/01\/Arbre-GUENEAU-VIMON-768x522.jpg 768w\" sizes=\"auto, (max-width: 935px) 100vw, 935px\" \/><\/a><\/figure>\n\n\n\n<p>Les recensements de 1861 et 1866 les montrent vivant tous les deux, avant que la composition du foyer ne se transforme consid\u00e9rablement. En 1872, la maisonn\u00e9e s&rsquo;est agrandie et comprend d\u00e9sormais :<\/p>\n\n\n\n<ul class=\"wp-block-list\">\n<li>Jean GUENEAU (fils), vigneron de 43 ans et sa femme V\u00e9ronique VATTAN \u00e2g\u00e9e de 44 ans.<\/li>\n\n\n\n<li>Leurs enfants : Marie Louise, Jean Baptiste, V\u00e9ronique Ad\u00e9la\u00efde C\u00e9lestine, et mon a\u00efeul Joseph \u00ab Henri \u00bb Isidore GUENEAU (p\u00e8re de m\u00e9m\u00e9 Berthe).<\/li>\n\n\n\n<li>Jean GUENEAU (p\u00e8re) et Genevi\u00e8ve VIMON compl\u00e8tent la famille ; ils sont \u00e2g\u00e9s de 76 et 69 ans.<\/li>\n<\/ul>\n\n\n\n<p>Le recensement eut lieu peu avant le d\u00e9c\u00e8s de Jean, survenu le 20 ao\u00fbt 1872. Leur fils Jean et leur petit-fils Prosper RAIMBAULT d\u00e9clar\u00e8rent le d\u00e9c\u00e8s.<\/p>\n\n\n\n<p>Genevi\u00e8ve rend son dernier souffle le 19 novembre 1880 \u00e0 l&rsquo;\u00e2ge de 80 ans. Son fils Jean vient d\u00e9clarer son \u00e9c\u00e8s, accompagn\u00e9 d&rsquo;Andr\u00e9 MOINDROT, un voisin.<\/p>\n\n\n\n<figure class=\"wp-block-image size-full\"><a href=\"https:\/\/www.elodie-et-antoine.fr\/ra\/wp-content\/uploads\/2026\/01\/Cartes-GUENEAU-VIMON.jpg\"><img loading=\"lazy\" decoding=\"async\" width=\"970\" height=\"636\" src=\"https:\/\/www.elodie-et-antoine.fr\/ra\/wp-content\/uploads\/2026\/01\/Cartes-GUENEAU-VIMON.jpg\" alt=\"\" class=\"wp-image-4410\" srcset=\"https:\/\/www.elodie-et-antoine.fr\/ra\/wp-content\/uploads\/2026\/01\/Cartes-GUENEAU-VIMON.jpg 970w, https:\/\/www.elodie-et-antoine.fr\/ra\/wp-content\/uploads\/2026\/01\/Cartes-GUENEAU-VIMON-300x197.jpg 300w, https:\/\/www.elodie-et-antoine.fr\/ra\/wp-content\/uploads\/2026\/01\/Cartes-GUENEAU-VIMON-768x504.jpg 768w\" sizes=\"auto, (max-width: 970px) 100vw, 970px\" \/><\/a><\/figure>\n\n\n\n<p><\/p>\n\n\n\n<pre class=\"wp-block-preformatted\"><em>Sources\u00a0:<\/em> <br><em>Acte de mariage -  Sury-en-Vaux 1823 - 1842 - 3E 2427 - AD18.<\/em><br><em>Tables des contrats de mariages - Bureau de Sancerre -f\u00e9vrier 1818-1828 - 1Q 2240 - AD18.<\/em> <br><em>Etat civil de Sury-en-Vaux : 1795 - 1798 - 3E 1061, 1799-1801 - 3E 1062, d\u00e9c\u00e8s 1853-1872, 3E 4188, 1873 -1882 - 3E 4759  AD18<\/em><br><br><\/pre>\n","protected":false},"excerpt":{"rendered":"<p>Le mardi 24 janvier 1826, il y a tout juste 200 ans, mes anc\u00eatres Jean GUENEAU et Genevi\u00e8ve VIMON se mari\u00e8rent \u00e0 Sury-en-Vaux (18), \u00e0 9 heures du matin. Jean \u00e9tait \u00e2g\u00e9 de 31 ans et Genevi\u00e8ve de 26 ans. Tous deux orphelins de p\u00e8re, ils \u00e9taient issus de familles vigneronnes. Du c\u00f4t\u00e9 du mari\u00e9, les t\u00e9moins \u00e9taient son fr\u00e8re Pierre GUENEAU, vigneron de 26 ans au hameau des Vignes, et Fran\u00e7ois JUTTIN, son oncle maternel de 58 ans, \u00e9galement vigneron aux Vignes. Du c\u00f4t\u00e9 de la mari\u00e9e, deux cousins appos\u00e8rent leur signature : Mathurin et Louis MOREUX, vignerons au village de Verdigny, \u00e2g\u00e9s respectivement de 23 et 26 ans. Les futurs \u00e9poux avaient conclu un contrat de mariage deux jours auparavant, le 22 janvier 1826, chez Me BUOT en son \u00e9tude de Sury-en-Vaux. Malheureusement, les minutes de cette p\u00e9riode n&rsquo;ont pas \u00e9t\u00e9 vers\u00e9es aux archives, ce qui ne fait pas mes affaires vu que beaucoup de mes anc\u00eatres lui avait fait appel. Les tables de contrats de mariage permettent n\u00e9anmoins de conna\u00eetre l&rsquo;apport de chacun : 120 francs. Jeunesse des \u00e9poux Genevi\u00e8ve VIMON est n\u00e9e le 5 pluvi\u00f4se an VIII (25 janvier 1800) au hameau de la Vall\u00e9e \u00e0 Sury-en-Vaux. Son p\u00e8re Martin, vigneron de 30 ans, d\u00e9clara sa naissance en pr\u00e9sence de Louis MOREUX, vigneron \u00e0 Verdigny, et de Marie VIMON, venue de la commune de Bu\u00e9 et s\u0153ur de Martin. La pr\u00e9sence de t\u00e9moins venus d&rsquo;aussi loin pour une d\u00e9claration de naissance est assez inhabituel. Sa m\u00e8re, Genevi\u00e8ve DOUCET, \u00e9tait alors \u00e2g\u00e9e de 24 ans. Genevi\u00e8ve \u00e9tait la petite-fille de Charles VIMON, \u00e0 qui j&rsquo;avais consacr\u00e9 un bref article en 2013 : il termina ses jours loin de son village natal, dans le d\u00e9partement du Loiret, o\u00f9 il \u00e9tait mendiant. J&rsquo;avais \u00e9galement publi\u00e9 il y a deux ans un article sur Martin VIMON. Jean GUENEAU vint au monde quelques ann\u00e9es plus t\u00f4t, le 25 frimaire an III (15 d\u00e9cembre 1794), au hameau des Vignes \u00e0 Sury-en-Vaux, lui aussi dans une famille vigneronne. Son p\u00e8re Jean-Baptiste d\u00e9clara sa naissance en pr\u00e9sence de Jean JUTTIN, vigneron de 45 ans, et de Jeanne GUENEAU, \u00e2g\u00e9e de 47 ans, peut-\u00eatre sa marraine. Jean-Baptiste GUENEAU \u00e9tait alors \u00e2g\u00e9 de 33 ans, et son \u00e9pouse Solange JUTTIN, ancienne gouvernante, de 31 ans. Jean devint vigneron, apprenant le m\u00e9tier aupr\u00e8s de son p\u00e8re avant que celui-ci ne d\u00e9c\u00e8de en 1819, alors que Jean n&rsquo;avait que 24 ans. Genevi\u00e8ve perdit \u00e0 son tour son p\u00e8re en 1824, deux ans avant son mariage. Vie de famille apr\u00e8s le mariage Deux enfants sont n\u00e9s de cette union : Marie Anne en 1826 et Jean en 1829. Marie Anne se maria en 1844 mais d\u00e9c\u00e9da pr\u00e9matur\u00e9ment en 1853, \u00e0 l&rsquo;\u00e2ge de 27 ans. Je retrouve la trace de Jean et Genevi\u00e8ve dans le recensement de 1851. Jean, vigneron de 56 ans, et Genevi\u00e8ve \u00e2g\u00e9e de 50 ans vivent toujours au hameau des Vignes. Le foyer comprend \u00e9galement leur fils Jean, mon a\u00efeul, \u00e2g\u00e9 de 21 ans et Genevi\u00e8ve DOUCET, m\u00e8re de Genevi\u00e8ve, alors \u00e2g\u00e9e de 80 ans. Cinq ann\u00e9es plus tard, le couple r\u00e9side toujours au hameau des Vignes, cette fois avec leur fils Jean et sa jeune \u00e9pouse V\u00e9ronique VATTAN. Les recensements de 1861 et 1866 les montrent vivant tous les deux, avant que la composition du foyer ne se transforme consid\u00e9rablement. En 1872, la maisonn\u00e9e s&rsquo;est agrandie et comprend d\u00e9sormais : Le recensement eut lieu peu avant le d\u00e9c\u00e8s de Jean, survenu le 20 ao\u00fbt 1872. Leur fils Jean et leur petit-fils Prosper RAIMBAULT d\u00e9clar\u00e8rent le d\u00e9c\u00e8s. Genevi\u00e8ve rend son dernier souffle le 19 novembre 1880 \u00e0 l&rsquo;\u00e2ge de 80 ans. Son fils Jean vient d\u00e9clarer son \u00e9c\u00e8s, accompagn\u00e9 d&rsquo;Andr\u00e9 MOINDROT, un voisin. Sources\u00a0: Acte de mariage &#8211; Sury-en-Vaux 1823 &#8211; 1842 &#8211; 3E 2427 &#8211; AD18.Tables des contrats de mariages &#8211; Bureau de Sancerre -f\u00e9vrier 1818-1828 &#8211; 1Q 2240 &#8211; AD18. Etat civil de Sury-en-Vaux : 1795 &#8211; 1798 &#8211; 3E 1061, 1799-1801 &#8211; 3E 1062, d\u00e9c\u00e8s 1853-1872, 3E 4188, 1873 -1882 &#8211; 3E 4759 AD18<\/p>\n","protected":false},"author":1,"featured_media":0,"comment_status":"open","ping_status":"open","sticky":false,"template":"","format":"standard","meta":{"_exactmetrics_skip_tracking":false,"_exactmetrics_sitenote_active":false,"_exactmetrics_sitenote_note":"","_exactmetrics_sitenote_category":0,"jetpack_post_was_ever_published":false,"_jetpack_newsletter_access":"","_jetpack_dont_email_post_to_subs":false,"_jetpack_newsletter_tier_id":0,"_jetpack_memberships_contains_paywalled_content":false,"_jetpack_memberships_contains_paid_content":false,"footnotes":""},"categories":[26],"tags":[],"class_list":["post-4407","post","type-post","status-publish","format-standard","hentry","category-mes-ancetres"],"yoast_head":"<!-- This site is optimized with the Yoast SEO plugin v27.0 - https:\/\/yoast.com\/product\/yoast-seo-wordpress\/ -->\n<title>Le mariage de Jean GUENEAU et Genevi\u00e8ve VIMON - Rencontre avec mes anc\u00eatres<\/title>\n<meta name=\"robots\" content=\"index, follow, max-snippet:-1, max-image-preview:large, max-video-preview:-1\" \/>\n<link rel=\"canonical\" href=\"https:\/\/www.elodie-et-antoine.fr\/ra\/?p=4407\" \/>\n<meta property=\"og:locale\" content=\"fr_FR\" \/>\n<meta property=\"og:type\" content=\"article\" \/>\n<meta property=\"og:title\" content=\"Le mariage de Jean GUENEAU et Genevi\u00e8ve VIMON - Rencontre avec mes anc\u00eatres\" \/>\n<meta property=\"og:description\" content=\"Le mardi 24 janvier 1826, il y a tout juste 200 ans, mes anc\u00eatres Jean GUENEAU et Genevi\u00e8ve VIMON se mari\u00e8rent \u00e0 Sury-en-Vaux (18), \u00e0 9 heures du matin. Jean \u00e9tait \u00e2g\u00e9 de 31 ans et Genevi\u00e8ve de 26 ans. Tous deux orphelins de p\u00e8re, ils \u00e9taient issus de familles vigneronnes. Du c\u00f4t\u00e9 du mari\u00e9, les t\u00e9moins \u00e9taient son fr\u00e8re Pierre GUENEAU, vigneron de 26 ans au hameau des Vignes, et Fran\u00e7ois JUTTIN, son oncle maternel de 58 ans, \u00e9galement vigneron aux Vignes. Du c\u00f4t\u00e9 de la mari\u00e9e, deux cousins appos\u00e8rent leur signature : Mathurin et Louis MOREUX, vignerons au village de Verdigny, \u00e2g\u00e9s respectivement de 23 et 26 ans. Les futurs \u00e9poux avaient conclu un contrat de mariage deux jours auparavant, le 22 janvier 1826, chez Me BUOT en son \u00e9tude de Sury-en-Vaux. Malheureusement, les minutes de cette p\u00e9riode n&rsquo;ont pas \u00e9t\u00e9 vers\u00e9es aux archives, ce qui ne fait pas mes affaires vu que beaucoup de mes anc\u00eatres lui avait fait appel. Les tables de contrats de mariage permettent n\u00e9anmoins de conna\u00eetre l&rsquo;apport de chacun : 120 francs. Jeunesse des \u00e9poux Genevi\u00e8ve VIMON est n\u00e9e le 5 pluvi\u00f4se an VIII (25 janvier 1800) au hameau de la Vall\u00e9e \u00e0 Sury-en-Vaux. Son p\u00e8re Martin, vigneron de 30 ans, d\u00e9clara sa naissance en pr\u00e9sence de Louis MOREUX, vigneron \u00e0 Verdigny, et de Marie VIMON, venue de la commune de Bu\u00e9 et s\u0153ur de Martin. La pr\u00e9sence de t\u00e9moins venus d&rsquo;aussi loin pour une d\u00e9claration de naissance est assez inhabituel. Sa m\u00e8re, Genevi\u00e8ve DOUCET, \u00e9tait alors \u00e2g\u00e9e de 24 ans. Genevi\u00e8ve \u00e9tait la petite-fille de Charles VIMON, \u00e0 qui j&rsquo;avais consacr\u00e9 un bref article en 2013 : il termina ses jours loin de son village natal, dans le d\u00e9partement du Loiret, o\u00f9 il \u00e9tait mendiant. J&rsquo;avais \u00e9galement publi\u00e9 il y a deux ans un article sur Martin VIMON. Jean GUENEAU vint au monde quelques ann\u00e9es plus t\u00f4t, le 25 frimaire an III (15 d\u00e9cembre 1794), au hameau des Vignes \u00e0 Sury-en-Vaux, lui aussi dans une famille vigneronne. Son p\u00e8re Jean-Baptiste d\u00e9clara sa naissance en pr\u00e9sence de Jean JUTTIN, vigneron de 45 ans, et de Jeanne GUENEAU, \u00e2g\u00e9e de 47 ans, peut-\u00eatre sa marraine. Jean-Baptiste GUENEAU \u00e9tait alors \u00e2g\u00e9 de 33 ans, et son \u00e9pouse Solange JUTTIN, ancienne gouvernante, de 31 ans. Jean devint vigneron, apprenant le m\u00e9tier aupr\u00e8s de son p\u00e8re avant que celui-ci ne d\u00e9c\u00e8de en 1819, alors que Jean n&rsquo;avait que 24 ans. Genevi\u00e8ve perdit \u00e0 son tour son p\u00e8re en 1824, deux ans avant son mariage. Vie de famille apr\u00e8s le mariage Deux enfants sont n\u00e9s de cette union : Marie Anne en 1826 et Jean en 1829. Marie Anne se maria en 1844 mais d\u00e9c\u00e9da pr\u00e9matur\u00e9ment en 1853, \u00e0 l&rsquo;\u00e2ge de 27 ans. Je retrouve la trace de Jean et Genevi\u00e8ve dans le recensement de 1851. Jean, vigneron de 56 ans, et Genevi\u00e8ve \u00e2g\u00e9e de 50 ans vivent toujours au hameau des Vignes. Le foyer comprend \u00e9galement leur fils Jean, mon a\u00efeul, \u00e2g\u00e9 de 21 ans et Genevi\u00e8ve DOUCET, m\u00e8re de Genevi\u00e8ve, alors \u00e2g\u00e9e de 80 ans. Cinq ann\u00e9es plus tard, le couple r\u00e9side toujours au hameau des Vignes, cette fois avec leur fils Jean et sa jeune \u00e9pouse V\u00e9ronique VATTAN. Les recensements de 1861 et 1866 les montrent vivant tous les deux, avant que la composition du foyer ne se transforme consid\u00e9rablement. En 1872, la maisonn\u00e9e s&rsquo;est agrandie et comprend d\u00e9sormais : Le recensement eut lieu peu avant le d\u00e9c\u00e8s de Jean, survenu le 20 ao\u00fbt 1872. Leur fils Jean et leur petit-fils Prosper RAIMBAULT d\u00e9clar\u00e8rent le d\u00e9c\u00e8s. Genevi\u00e8ve rend son dernier souffle le 19 novembre 1880 \u00e0 l&rsquo;\u00e2ge de 80 ans. Son fils Jean vient d\u00e9clarer son \u00e9c\u00e8s, accompagn\u00e9 d&rsquo;Andr\u00e9 MOINDROT, un voisin. Sources\u00a0: Acte de mariage - Sury-en-Vaux 1823 - 1842 - 3E 2427 - AD18.Tables des contrats de mariages - Bureau de Sancerre -f\u00e9vrier 1818-1828 - 1Q 2240 - AD18. Etat civil de Sury-en-Vaux : 1795 - 1798 - 3E 1061, 1799-1801 - 3E 1062, d\u00e9c\u00e8s 1853-1872, 3E 4188, 1873 -1882 - 3E 4759 AD18\" \/>\n<meta property=\"og:url\" content=\"https:\/\/www.elodie-et-antoine.fr\/ra\/?p=4407\" \/>\n<meta property=\"og:site_name\" content=\"Rencontre avec mes anc\u00eatres\" \/>\n<meta property=\"article:publisher\" content=\"https:\/\/www.facebook.com\/rencontreancetres\" \/>\n<meta property=\"article:published_time\" content=\"2026-01-25T08:34:02+00:00\" \/>\n<meta property=\"article:modified_time\" content=\"2026-01-25T08:42:18+00:00\" \/>\n<meta property=\"og:image\" content=\"https:\/\/www.elodie-et-antoine.fr\/ra\/wp-content\/uploads\/2026\/01\/Gueneau-Vimon.jpg\" \/>\n\t<meta property=\"og:image:width\" content=\"940\" \/>\n\t<meta property=\"og:image:height\" content=\"788\" \/>\n\t<meta property=\"og:image:type\" content=\"image\/jpeg\" \/>\n<meta name=\"author\" content=\"Elodie\" \/>\n<meta name=\"twitter:card\" content=\"summary_large_image\" \/>\n<meta name=\"twitter:creator\" content=\"@lodeetwit\" \/>\n<meta name=\"twitter:site\" content=\"@lodeetwit\" \/>\n<meta name=\"twitter:label1\" content=\"\u00c9crit par\" \/>\n\t<meta name=\"twitter:data1\" content=\"Elodie\" \/>\n\t<meta name=\"twitter:label2\" content=\"Dur\u00e9e de lecture estim\u00e9e\" \/>\n\t<meta name=\"twitter:data2\" content=\"4 minutes\" \/>\n<script type=\"application\/ld+json\" class=\"yoast-schema-graph\">{\"@context\":\"https:\/\/schema.org\",\"@graph\":[{\"@type\":\"Article\",\"@id\":\"https:\/\/www.elodie-et-antoine.fr\/ra\/?p=4407#article\",\"isPartOf\":{\"@id\":\"https:\/\/www.elodie-et-antoine.fr\/ra\/?p=4407\"},\"author\":{\"name\":\"Elodie\",\"@id\":\"https:\/\/www.elodie-et-antoine.fr\/ra\/#\/schema\/person\/50e9be10104b0e8a3c0f55df181b9b56\"},\"headline\":\"Le mariage de Jean GUENEAU et Genevi\u00e8ve VIMON\",\"datePublished\":\"2026-01-25T08:34:02+00:00\",\"dateModified\":\"2026-01-25T08:42:18+00:00\",\"mainEntityOfPage\":{\"@id\":\"https:\/\/www.elodie-et-antoine.fr\/ra\/?p=4407\"},\"wordCount\":722,\"commentCount\":1,\"publisher\":{\"@id\":\"https:\/\/www.elodie-et-antoine.fr\/ra\/#organization\"},\"image\":{\"@id\":\"https:\/\/www.elodie-et-antoine.fr\/ra\/?p=4407#primaryimage\"},\"thumbnailUrl\":\"https:\/\/www.elodie-et-antoine.fr\/ra\/wp-content\/uploads\/2026\/01\/Gueneau-Vimon.jpg\",\"articleSection\":[\"Mes anc\u00eatres\"],\"inLanguage\":\"fr-FR\",\"potentialAction\":[{\"@type\":\"CommentAction\",\"name\":\"Comment\",\"target\":[\"https:\/\/www.elodie-et-antoine.fr\/ra\/?p=4407#respond\"]}]},{\"@type\":\"WebPage\",\"@id\":\"https:\/\/www.elodie-et-antoine.fr\/ra\/?p=4407\",\"url\":\"https:\/\/www.elodie-et-antoine.fr\/ra\/?p=4407\",\"name\":\"Le mariage de Jean GUENEAU et Genevi\u00e8ve VIMON - Rencontre avec mes anc\u00eatres\",\"isPartOf\":{\"@id\":\"https:\/\/www.elodie-et-antoine.fr\/ra\/#website\"},\"primaryImageOfPage\":{\"@id\":\"https:\/\/www.elodie-et-antoine.fr\/ra\/?p=4407#primaryimage\"},\"image\":{\"@id\":\"https:\/\/www.elodie-et-antoine.fr\/ra\/?p=4407#primaryimage\"},\"thumbnailUrl\":\"https:\/\/www.elodie-et-antoine.fr\/ra\/wp-content\/uploads\/2026\/01\/Gueneau-Vimon.jpg\",\"datePublished\":\"2026-01-25T08:34:02+00:00\",\"dateModified\":\"2026-01-25T08:42:18+00:00\",\"breadcrumb\":{\"@id\":\"https:\/\/www.elodie-et-antoine.fr\/ra\/?p=4407#breadcrumb\"},\"inLanguage\":\"fr-FR\",\"potentialAction\":[{\"@type\":\"ReadAction\",\"target\":[\"https:\/\/www.elodie-et-antoine.fr\/ra\/?p=4407\"]}]},{\"@type\":\"ImageObject\",\"inLanguage\":\"fr-FR\",\"@id\":\"https:\/\/www.elodie-et-antoine.fr\/ra\/?p=4407#primaryimage\",\"url\":\"https:\/\/www.elodie-et-antoine.fr\/ra\/wp-content\/uploads\/2026\/01\/Gueneau-Vimon.jpg\",\"contentUrl\":\"https:\/\/www.elodie-et-antoine.fr\/ra\/wp-content\/uploads\/2026\/01\/Gueneau-Vimon.jpg\"},{\"@type\":\"BreadcrumbList\",\"@id\":\"https:\/\/www.elodie-et-antoine.fr\/ra\/?p=4407#breadcrumb\",\"itemListElement\":[{\"@type\":\"ListItem\",\"position\":1,\"name\":\"Accueil\",\"item\":\"https:\/\/www.elodie-et-antoine.fr\/ra\"},{\"@type\":\"ListItem\",\"position\":2,\"name\":\"Le mariage de Jean GUENEAU et Genevi\u00e8ve VIMON\"}]},{\"@type\":\"WebSite\",\"@id\":\"https:\/\/www.elodie-et-antoine.fr\/ra\/#website\",\"url\":\"https:\/\/www.elodie-et-antoine.fr\/ra\/\",\"name\":\"Rencontre avec mes anc\u00eatres\",\"description\":\"Rencontre avec mes anc\u00eatres\",\"publisher\":{\"@id\":\"https:\/\/www.elodie-et-antoine.fr\/ra\/#organization\"},\"potentialAction\":[{\"@type\":\"SearchAction\",\"target\":{\"@type\":\"EntryPoint\",\"urlTemplate\":\"https:\/\/www.elodie-et-antoine.fr\/ra\/?s={search_term_string}\"},\"query-input\":{\"@type\":\"PropertyValueSpecification\",\"valueRequired\":true,\"valueName\":\"search_term_string\"}}],\"inLanguage\":\"fr-FR\"},{\"@type\":\"Organization\",\"@id\":\"https:\/\/www.elodie-et-antoine.fr\/ra\/#organization\",\"name\":\"Rencontre avec mes anc\u00eatres\",\"url\":\"https:\/\/www.elodie-et-antoine.fr\/ra\/\",\"logo\":{\"@type\":\"ImageObject\",\"inLanguage\":\"fr-FR\",\"@id\":\"https:\/\/www.elodie-et-antoine.fr\/ra\/#\/schema\/logo\/image\/\",\"url\":\"https:\/\/www.elodie-et-antoine.fr\/ra\/wp-content\/uploads\/2024\/02\/Logo-detoure.png\",\"contentUrl\":\"https:\/\/www.elodie-et-antoine.fr\/ra\/wp-content\/uploads\/2024\/02\/Logo-detoure.png\",\"width\":500,\"height\":500,\"caption\":\"Rencontre avec mes anc\u00eatres\"},\"image\":{\"@id\":\"https:\/\/www.elodie-et-antoine.fr\/ra\/#\/schema\/logo\/image\/\"},\"sameAs\":[\"https:\/\/www.facebook.com\/rencontreancetres\",\"https:\/\/x.com\/lodeetwit\"]},{\"@type\":\"Person\",\"@id\":\"https:\/\/www.elodie-et-antoine.fr\/ra\/#\/schema\/person\/50e9be10104b0e8a3c0f55df181b9b56\",\"name\":\"Elodie\",\"image\":{\"@type\":\"ImageObject\",\"inLanguage\":\"fr-FR\",\"@id\":\"https:\/\/www.elodie-et-antoine.fr\/ra\/#\/schema\/person\/image\/\",\"url\":\"https:\/\/secure.gravatar.com\/avatar\/1ee5777faed60801dee6c0665d8f4bb2cfd6d4bf6ab052dbbc40be268a652c31?s=96&d=mm&r=g\",\"contentUrl\":\"https:\/\/secure.gravatar.com\/avatar\/1ee5777faed60801dee6c0665d8f4bb2cfd6d4bf6ab052dbbc40be268a652c31?s=96&d=mm&r=g\",\"caption\":\"Elodie\"},\"url\":\"https:\/\/www.elodie-et-antoine.fr\/ra\/?author=1\"}]}<\/script>\n<!-- \/ Yoast SEO plugin. -->","yoast_head_json":{"title":"Le mariage de Jean GUENEAU et Genevi\u00e8ve VIMON - Rencontre avec mes anc\u00eatres","robots":{"index":"index","follow":"follow","max-snippet":"max-snippet:-1","max-image-preview":"max-image-preview:large","max-video-preview":"max-video-preview:-1"},"canonical":"https:\/\/www.elodie-et-antoine.fr\/ra\/?p=4407","og_locale":"fr_FR","og_type":"article","og_title":"Le mariage de Jean GUENEAU et Genevi\u00e8ve VIMON - Rencontre avec mes anc\u00eatres","og_description":"Le mardi 24 janvier 1826, il y a tout juste 200 ans, mes anc\u00eatres Jean GUENEAU et Genevi\u00e8ve VIMON se mari\u00e8rent \u00e0 Sury-en-Vaux (18), \u00e0 9 heures du matin. Jean \u00e9tait \u00e2g\u00e9 de 31 ans et Genevi\u00e8ve de 26 ans. Tous deux orphelins de p\u00e8re, ils \u00e9taient issus de familles vigneronnes. Du c\u00f4t\u00e9 du mari\u00e9, les t\u00e9moins \u00e9taient son fr\u00e8re Pierre GUENEAU, vigneron de 26 ans au hameau des Vignes, et Fran\u00e7ois JUTTIN, son oncle maternel de 58 ans, \u00e9galement vigneron aux Vignes. Du c\u00f4t\u00e9 de la mari\u00e9e, deux cousins appos\u00e8rent leur signature : Mathurin et Louis MOREUX, vignerons au village de Verdigny, \u00e2g\u00e9s respectivement de 23 et 26 ans. Les futurs \u00e9poux avaient conclu un contrat de mariage deux jours auparavant, le 22 janvier 1826, chez Me BUOT en son \u00e9tude de Sury-en-Vaux. Malheureusement, les minutes de cette p\u00e9riode n&rsquo;ont pas \u00e9t\u00e9 vers\u00e9es aux archives, ce qui ne fait pas mes affaires vu que beaucoup de mes anc\u00eatres lui avait fait appel. Les tables de contrats de mariage permettent n\u00e9anmoins de conna\u00eetre l&rsquo;apport de chacun : 120 francs. Jeunesse des \u00e9poux Genevi\u00e8ve VIMON est n\u00e9e le 5 pluvi\u00f4se an VIII (25 janvier 1800) au hameau de la Vall\u00e9e \u00e0 Sury-en-Vaux. Son p\u00e8re Martin, vigneron de 30 ans, d\u00e9clara sa naissance en pr\u00e9sence de Louis MOREUX, vigneron \u00e0 Verdigny, et de Marie VIMON, venue de la commune de Bu\u00e9 et s\u0153ur de Martin. La pr\u00e9sence de t\u00e9moins venus d&rsquo;aussi loin pour une d\u00e9claration de naissance est assez inhabituel. Sa m\u00e8re, Genevi\u00e8ve DOUCET, \u00e9tait alors \u00e2g\u00e9e de 24 ans. Genevi\u00e8ve \u00e9tait la petite-fille de Charles VIMON, \u00e0 qui j&rsquo;avais consacr\u00e9 un bref article en 2013 : il termina ses jours loin de son village natal, dans le d\u00e9partement du Loiret, o\u00f9 il \u00e9tait mendiant. J&rsquo;avais \u00e9galement publi\u00e9 il y a deux ans un article sur Martin VIMON. Jean GUENEAU vint au monde quelques ann\u00e9es plus t\u00f4t, le 25 frimaire an III (15 d\u00e9cembre 1794), au hameau des Vignes \u00e0 Sury-en-Vaux, lui aussi dans une famille vigneronne. Son p\u00e8re Jean-Baptiste d\u00e9clara sa naissance en pr\u00e9sence de Jean JUTTIN, vigneron de 45 ans, et de Jeanne GUENEAU, \u00e2g\u00e9e de 47 ans, peut-\u00eatre sa marraine. Jean-Baptiste GUENEAU \u00e9tait alors \u00e2g\u00e9 de 33 ans, et son \u00e9pouse Solange JUTTIN, ancienne gouvernante, de 31 ans. Jean devint vigneron, apprenant le m\u00e9tier aupr\u00e8s de son p\u00e8re avant que celui-ci ne d\u00e9c\u00e8de en 1819, alors que Jean n&rsquo;avait que 24 ans. Genevi\u00e8ve perdit \u00e0 son tour son p\u00e8re en 1824, deux ans avant son mariage. Vie de famille apr\u00e8s le mariage Deux enfants sont n\u00e9s de cette union : Marie Anne en 1826 et Jean en 1829. Marie Anne se maria en 1844 mais d\u00e9c\u00e9da pr\u00e9matur\u00e9ment en 1853, \u00e0 l&rsquo;\u00e2ge de 27 ans. Je retrouve la trace de Jean et Genevi\u00e8ve dans le recensement de 1851. Jean, vigneron de 56 ans, et Genevi\u00e8ve \u00e2g\u00e9e de 50 ans vivent toujours au hameau des Vignes. Le foyer comprend \u00e9galement leur fils Jean, mon a\u00efeul, \u00e2g\u00e9 de 21 ans et Genevi\u00e8ve DOUCET, m\u00e8re de Genevi\u00e8ve, alors \u00e2g\u00e9e de 80 ans. Cinq ann\u00e9es plus tard, le couple r\u00e9side toujours au hameau des Vignes, cette fois avec leur fils Jean et sa jeune \u00e9pouse V\u00e9ronique VATTAN. Les recensements de 1861 et 1866 les montrent vivant tous les deux, avant que la composition du foyer ne se transforme consid\u00e9rablement. En 1872, la maisonn\u00e9e s&rsquo;est agrandie et comprend d\u00e9sormais : Le recensement eut lieu peu avant le d\u00e9c\u00e8s de Jean, survenu le 20 ao\u00fbt 1872. Leur fils Jean et leur petit-fils Prosper RAIMBAULT d\u00e9clar\u00e8rent le d\u00e9c\u00e8s. Genevi\u00e8ve rend son dernier souffle le 19 novembre 1880 \u00e0 l&rsquo;\u00e2ge de 80 ans. Son fils Jean vient d\u00e9clarer son \u00e9c\u00e8s, accompagn\u00e9 d&rsquo;Andr\u00e9 MOINDROT, un voisin. Sources\u00a0: Acte de mariage - Sury-en-Vaux 1823 - 1842 - 3E 2427 - AD18.Tables des contrats de mariages - Bureau de Sancerre -f\u00e9vrier 1818-1828 - 1Q 2240 - AD18. Etat civil de Sury-en-Vaux : 1795 - 1798 - 3E 1061, 1799-1801 - 3E 1062, d\u00e9c\u00e8s 1853-1872, 3E 4188, 1873 -1882 - 3E 4759 AD18","og_url":"https:\/\/www.elodie-et-antoine.fr\/ra\/?p=4407","og_site_name":"Rencontre avec mes anc\u00eatres","article_publisher":"https:\/\/www.facebook.com\/rencontreancetres","article_published_time":"2026-01-25T08:34:02+00:00","article_modified_time":"2026-01-25T08:42:18+00:00","og_image":[{"width":940,"height":788,"url":"https:\/\/www.elodie-et-antoine.fr\/ra\/wp-content\/uploads\/2026\/01\/Gueneau-Vimon.jpg","type":"image\/jpeg"}],"author":"Elodie","twitter_card":"summary_large_image","twitter_creator":"@lodeetwit","twitter_site":"@lodeetwit","twitter_misc":{"\u00c9crit par":"Elodie","Dur\u00e9e de lecture estim\u00e9e":"4 minutes"},"schema":{"@context":"https:\/\/schema.org","@graph":[{"@type":"Article","@id":"https:\/\/www.elodie-et-antoine.fr\/ra\/?p=4407#article","isPartOf":{"@id":"https:\/\/www.elodie-et-antoine.fr\/ra\/?p=4407"},"author":{"name":"Elodie","@id":"https:\/\/www.elodie-et-antoine.fr\/ra\/#\/schema\/person\/50e9be10104b0e8a3c0f55df181b9b56"},"headline":"Le mariage de Jean GUENEAU et Genevi\u00e8ve VIMON","datePublished":"2026-01-25T08:34:02+00:00","dateModified":"2026-01-25T08:42:18+00:00","mainEntityOfPage":{"@id":"https:\/\/www.elodie-et-antoine.fr\/ra\/?p=4407"},"wordCount":722,"commentCount":1,"publisher":{"@id":"https:\/\/www.elodie-et-antoine.fr\/ra\/#organization"},"image":{"@id":"https:\/\/www.elodie-et-antoine.fr\/ra\/?p=4407#primaryimage"},"thumbnailUrl":"https:\/\/www.elodie-et-antoine.fr\/ra\/wp-content\/uploads\/2026\/01\/Gueneau-Vimon.jpg","articleSection":["Mes anc\u00eatres"],"inLanguage":"fr-FR","potentialAction":[{"@type":"CommentAction","name":"Comment","target":["https:\/\/www.elodie-et-antoine.fr\/ra\/?p=4407#respond"]}]},{"@type":"WebPage","@id":"https:\/\/www.elodie-et-antoine.fr\/ra\/?p=4407","url":"https:\/\/www.elodie-et-antoine.fr\/ra\/?p=4407","name":"Le mariage de Jean GUENEAU et Genevi\u00e8ve VIMON - Rencontre avec mes anc\u00eatres","isPartOf":{"@id":"https:\/\/www.elodie-et-antoine.fr\/ra\/#website"},"primaryImageOfPage":{"@id":"https:\/\/www.elodie-et-antoine.fr\/ra\/?p=4407#primaryimage"},"image":{"@id":"https:\/\/www.elodie-et-antoine.fr\/ra\/?p=4407#primaryimage"},"thumbnailUrl":"https:\/\/www.elodie-et-antoine.fr\/ra\/wp-content\/uploads\/2026\/01\/Gueneau-Vimon.jpg","datePublished":"2026-01-25T08:34:02+00:00","dateModified":"2026-01-25T08:42:18+00:00","breadcrumb":{"@id":"https:\/\/www.elodie-et-antoine.fr\/ra\/?p=4407#breadcrumb"},"inLanguage":"fr-FR","potentialAction":[{"@type":"ReadAction","target":["https:\/\/www.elodie-et-antoine.fr\/ra\/?p=4407"]}]},{"@type":"ImageObject","inLanguage":"fr-FR","@id":"https:\/\/www.elodie-et-antoine.fr\/ra\/?p=4407#primaryimage","url":"https:\/\/www.elodie-et-antoine.fr\/ra\/wp-content\/uploads\/2026\/01\/Gueneau-Vimon.jpg","contentUrl":"https:\/\/www.elodie-et-antoine.fr\/ra\/wp-content\/uploads\/2026\/01\/Gueneau-Vimon.jpg"},{"@type":"BreadcrumbList","@id":"https:\/\/www.elodie-et-antoine.fr\/ra\/?p=4407#breadcrumb","itemListElement":[{"@type":"ListItem","position":1,"name":"Accueil","item":"https:\/\/www.elodie-et-antoine.fr\/ra"},{"@type":"ListItem","position":2,"name":"Le mariage de Jean GUENEAU et Genevi\u00e8ve VIMON"}]},{"@type":"WebSite","@id":"https:\/\/www.elodie-et-antoine.fr\/ra\/#website","url":"https:\/\/www.elodie-et-antoine.fr\/ra\/","name":"Rencontre avec mes anc\u00eatres","description":"Rencontre avec mes anc\u00eatres","publisher":{"@id":"https:\/\/www.elodie-et-antoine.fr\/ra\/#organization"},"potentialAction":[{"@type":"SearchAction","target":{"@type":"EntryPoint","urlTemplate":"https:\/\/www.elodie-et-antoine.fr\/ra\/?s={search_term_string}"},"query-input":{"@type":"PropertyValueSpecification","valueRequired":true,"valueName":"search_term_string"}}],"inLanguage":"fr-FR"},{"@type":"Organization","@id":"https:\/\/www.elodie-et-antoine.fr\/ra\/#organization","name":"Rencontre avec mes anc\u00eatres","url":"https:\/\/www.elodie-et-antoine.fr\/ra\/","logo":{"@type":"ImageObject","inLanguage":"fr-FR","@id":"https:\/\/www.elodie-et-antoine.fr\/ra\/#\/schema\/logo\/image\/","url":"https:\/\/www.elodie-et-antoine.fr\/ra\/wp-content\/uploads\/2024\/02\/Logo-detoure.png","contentUrl":"https:\/\/www.elodie-et-antoine.fr\/ra\/wp-content\/uploads\/2024\/02\/Logo-detoure.png","width":500,"height":500,"caption":"Rencontre avec mes anc\u00eatres"},"image":{"@id":"https:\/\/www.elodie-et-antoine.fr\/ra\/#\/schema\/logo\/image\/"},"sameAs":["https:\/\/www.facebook.com\/rencontreancetres","https:\/\/x.com\/lodeetwit"]},{"@type":"Person","@id":"https:\/\/www.elodie-et-antoine.fr\/ra\/#\/schema\/person\/50e9be10104b0e8a3c0f55df181b9b56","name":"Elodie","image":{"@type":"ImageObject","inLanguage":"fr-FR","@id":"https:\/\/www.elodie-et-antoine.fr\/ra\/#\/schema\/person\/image\/","url":"https:\/\/secure.gravatar.com\/avatar\/1ee5777faed60801dee6c0665d8f4bb2cfd6d4bf6ab052dbbc40be268a652c31?s=96&d=mm&r=g","contentUrl":"https:\/\/secure.gravatar.com\/avatar\/1ee5777faed60801dee6c0665d8f4bb2cfd6d4bf6ab052dbbc40be268a652c31?s=96&d=mm&r=g","caption":"Elodie"},"url":"https:\/\/www.elodie-et-antoine.fr\/ra\/?author=1"}]}},"jetpack_featured_media_url":"","jetpack_sharing_enabled":true,"_links":{"self":[{"href":"https:\/\/www.elodie-et-antoine.fr\/ra\/index.php?rest_route=\/wp\/v2\/posts\/4407","targetHints":{"allow":["GET"]}}],"collection":[{"href":"https:\/\/www.elodie-et-antoine.fr\/ra\/index.php?rest_route=\/wp\/v2\/posts"}],"about":[{"href":"https:\/\/www.elodie-et-antoine.fr\/ra\/index.php?rest_route=\/wp\/v2\/types\/post"}],"author":[{"embeddable":true,"href":"https:\/\/www.elodie-et-antoine.fr\/ra\/index.php?rest_route=\/wp\/v2\/users\/1"}],"replies":[{"embeddable":true,"href":"https:\/\/www.elodie-et-antoine.fr\/ra\/index.php?rest_route=%2Fwp%2Fv2%2Fcomments&post=4407"}],"version-history":[{"count":8,"href":"https:\/\/www.elodie-et-antoine.fr\/ra\/index.php?rest_route=\/wp\/v2\/posts\/4407\/revisions"}],"predecessor-version":[{"id":4419,"href":"https:\/\/www.elodie-et-antoine.fr\/ra\/index.php?rest_route=\/wp\/v2\/posts\/4407\/revisions\/4419"}],"wp:attachment":[{"href":"https:\/\/www.elodie-et-antoine.fr\/ra\/index.php?rest_route=%2Fwp%2Fv2%2Fmedia&parent=4407"}],"wp:term":[{"taxonomy":"category","embeddable":true,"href":"https:\/\/www.elodie-et-antoine.fr\/ra\/index.php?rest_route=%2Fwp%2Fv2%2Fcategories&post=4407"},{"taxonomy":"post_tag","embeddable":true,"href":"https:\/\/www.elodie-et-antoine.fr\/ra\/index.php?rest_route=%2Fwp%2Fv2%2Ftags&post=4407"}],"curies":[{"name":"wp","href":"https:\/\/api.w.org\/{rel}","templated":true}]}}