{"id":4269,"date":"2025-10-19T08:00:00","date_gmt":"2025-10-19T07:00:00","guid":{"rendered":"https:\/\/www.elodie-et-antoine.fr\/ra\/?p=4269"},"modified":"2025-10-19T08:11:57","modified_gmt":"2025-10-19T07:11:57","slug":"pierre-palisson-garde-champetre-et-forestier","status":"publish","type":"post","link":"https:\/\/www.elodie-et-antoine.fr\/ra\/?p=4269","title":{"rendered":"Pierre PALISSON, garde champ\u00eatre et forestier"},"content":{"rendered":"\n<figure class=\"wp-block-image size-full\"><a href=\"https:\/\/www.elodie-et-antoine.fr\/ra\/wp-content\/uploads\/2025\/10\/Palisson-Pierre.png\"><img loading=\"lazy\" decoding=\"async\" width=\"940\" height=\"788\" src=\"https:\/\/www.elodie-et-antoine.fr\/ra\/wp-content\/uploads\/2025\/10\/Palisson-Pierre.png\" alt=\"\" class=\"wp-image-4271\" srcset=\"https:\/\/www.elodie-et-antoine.fr\/ra\/wp-content\/uploads\/2025\/10\/Palisson-Pierre.png 940w, https:\/\/www.elodie-et-antoine.fr\/ra\/wp-content\/uploads\/2025\/10\/Palisson-Pierre-300x251.png 300w, https:\/\/www.elodie-et-antoine.fr\/ra\/wp-content\/uploads\/2025\/10\/Palisson-Pierre-768x644.png 768w\" sizes=\"auto, (max-width: 940px) 100vw, 940px\" \/><\/a><\/figure>\n\n\n\n<p>Cet article est publi\u00e9 la veille des 150 ans du d\u00e9c\u00e8s de Pierre PALISSON, anc\u00eatre dans ma lign\u00e9e maternelle.<\/p>\n\n\n\n<h2 class=\"wp-block-heading\">La jeunesse de Pierre PALISSON<\/h2>\n\n\n\n<p><a href=\"https:\/\/gw.geneanet.org\/edezat_w?lang=fr&amp;pz=louis+desire+auguste&amp;nz=dezat&amp;p=pierre&amp;n=palisson\">Pierre PALISSON<\/a> voit le jour le mardi 26 ao\u00fbt 1806 \u00e0 Lugny-Champagne (Cher). Son p\u00e8re Jacques, cultivateur \u00e2g\u00e9 de 32 ans, vient d\u00e9clarer la naissance aupr\u00e8s de l&rsquo;officier d&rsquo;\u00e9tat civil. Sa m\u00e8re est Marie Anne RAPPIN. Deux t\u00e9moins assistent \u00e0 la d\u00e9claration : Pierre PALISSON, sans doute un membre de la famille paternelle, cultivateur \u00e0 Charentonnay, et Jean RAPIN, cette fois-ci du c\u00f4t\u00e9 maternel.<\/p>\n\n\n\n<p>De sa jeunesse, nous ne savons pas grand-chose si ce n&rsquo;est qu&rsquo;il apprit le m\u00e9tier de laboureur qu&rsquo;il exercera dans un premier temps.<\/p>\n\n\n\n<h2 class=\"wp-block-heading\">1829, une ann\u00e9e marquante<\/h2>\n\n\n\n<p>L&rsquo;ann\u00e9e 1829 sera marqu\u00e9e par plusieurs \u00e9v\u00e9nements, l&rsquo;un heureux et deux deuils. En ce d\u00e9but d&rsquo;ann\u00e9e, c&rsquo;est l&rsquo;effervescence : Pierre va se marier ! Le choix s&rsquo;est port\u00e9 sur Marie F\u00c8VE, journali\u00e8re de la m\u00eame commune \u00e2g\u00e9e de 28 ans.<\/p>\n\n\n\n<p>Mais le 3 janvier, survient le premier drame de l&rsquo;ann\u00e9e. Pierre est t\u00e9moin du d\u00e9c\u00e8s de sa s\u0153ur Anne, \u00e2g\u00e9e de seulement 26 ans, qui vivait au domaine de Marnay avec son \u00e9poux, comme le reste de la famille.<\/p>\n\n\n\n<p>Les pr\u00e9paratifs se poursuivent, et arrive bient\u00f4t le jour de r\u00e9diger le contrat de mariage. Le 14 janvier 1829, les futurs \u00e9poux se retrouvent aupr\u00e8s de Me NAUDIN, notaire \u00e0 Sancergues (\u00e0 ne pas confondre avec Sancerre, pour ceux qui ne seraient pas du coin). Bien que les possessions des futurs mari\u00e9s ne semblent pas tr\u00e8s \u00e9lev\u00e9es, l&rsquo;acte mentionne une somme de 100 francs, comme l&rsquo;indiquent la table d&rsquo;enregistrement des contrats de mariage ainsi que le r\u00e9pertoire du notaire. Il me reste maintenant \u00e0 chercher l&rsquo;acte en lui-m\u00eame.<\/p>\n\n\n\n<figure class=\"wp-block-image size-full\"><a href=\"https:\/\/www.elodie-et-antoine.fr\/ra\/wp-content\/uploads\/2025\/10\/CM-Palisson-CM1.jpg\"><img loading=\"lazy\" decoding=\"async\" width=\"1024\" height=\"536\" src=\"https:\/\/www.elodie-et-antoine.fr\/ra\/wp-content\/uploads\/2025\/10\/CM-Palisson-CM1.jpg\" alt=\"\" class=\"wp-image-4277\" srcset=\"https:\/\/www.elodie-et-antoine.fr\/ra\/wp-content\/uploads\/2025\/10\/CM-Palisson-CM1.jpg 1024w, https:\/\/www.elodie-et-antoine.fr\/ra\/wp-content\/uploads\/2025\/10\/CM-Palisson-CM1-300x157.jpg 300w, https:\/\/www.elodie-et-antoine.fr\/ra\/wp-content\/uploads\/2025\/10\/CM-Palisson-CM1-768x402.jpg 768w\" sizes=\"auto, (max-width: 1024px) 100vw, 1024px\" \/><\/a><\/figure>\n\n\n\n<p>Le mariage a lieu une semaine plus tard, le mardi 27 janvier 1829 \u00e0 Feux. Deux amis de Pierre sont pr\u00e9sents : Geneford TR\u00c9BILLON et Andr\u00e9 FLEURIET, tous deux propri\u00e9taires de plus de 40 ans r\u00e9sidant \u00e0 Feux. Ses parents assistent \u00e9galement \u00e0 la c\u00e9r\u00e9monie.<\/p>\n\n\n\n<p>L&rsquo;ann\u00e9e se termine dans la tristesse. Le 14 d\u00e9cembre \u00e0 une heure du matin, Marie Anne RAPPIN, m\u00e8re de Pierre, meurt \u00e0 son tour. Pierre, t\u00e9moin de ce second d\u00e9c\u00e8s, vivait vraisemblablement toujours avec ses parents.<\/p>\n\n\n\n<p>Le 7 f\u00e9vrier 1830, la fille de Pierre et Marie,Fran\u00e7oise, na\u00eet au domaine de Marnay o\u00f9 Pierre exerce le m\u00e9tier de laboureur. Malheureusement, ce premier mariage sera de courte dur\u00e9e : son \u00e9pouse Marie d\u00e9c\u00e8de le 31 d\u00e9cembre 1831, \u00e0 l&rsquo;\u00e2ge de 30 ans. Pierre se retrouve veuf \u00e0 25 ans, avec une petite fille \u00e0 \u00e9lever.<\/p>\n\n\n\n<h2 class=\"wp-block-heading\">Un remariage et ses d\u00e9buts en tant que garde champ\u00eatre et garde forestier<\/h2>\n\n\n\n<p>Pierre ne se presse pas de se remarier ; il \u00e9pouse mon a\u00efeule Fran\u00e7oise MIGEON le 22 juillet 1834 \u00e0 Feux. Je n&rsquo;ai pas trouv\u00e9 de mention d&rsquo;un contrat de mariage dans les archives. Il est \u00e2g\u00e9 de 27 ans, sa femme a neuf ans de plus que lui. Elle est originaire de La Chapelle-Montlinard, commune situ\u00e9e \u00e0 l&rsquo;est de Feux en se dirigeant vers la Loire. Assistent au mariage son p\u00e8re Jacques, \u00e2g\u00e9 de 60 ans, et son fr\u00e8re Fran\u00e7ois, tous deux vivant \u00e0 Feux.<\/p>\n\n\n\n<p>Dix mois plus tard, un premier enfant, Andr\u00e9, rejoint le foyer. Viennent ensuite mon a\u00efeule Marie Louise en 1838, et enfin Alexandrine P\u00e9lagie en 1840.<\/p>\n\n\n\n<p>Entre les naissances d&rsquo;Andr\u00e9 et Marie Louise se produit un grand changement : de laboureur au domaine de Marnay ou \u00e0 Savernay, la famille s&rsquo;installe dans le bourg de Feux o\u00f9 Pierre devient garde champ\u00eatre et garde forestier. Les deux fonctions se m\u00e9langent dans les actes d&rsquo;\u00e9tat civil, t\u00e9moignant du cumul de ces responsabilit\u00e9s.<\/p>\n\n\n\n<figure class=\"wp-block-image size-full\"><a href=\"https:\/\/www.elodie-et-antoine.fr\/ra\/wp-content\/uploads\/2025\/10\/Garde-champetre-ou-forestier.jpg\"><img loading=\"lazy\" decoding=\"async\" width=\"1024\" height=\"319\" src=\"https:\/\/www.elodie-et-antoine.fr\/ra\/wp-content\/uploads\/2025\/10\/Garde-champetre-ou-forestier.jpg\" alt=\"\" class=\"wp-image-4279\" srcset=\"https:\/\/www.elodie-et-antoine.fr\/ra\/wp-content\/uploads\/2025\/10\/Garde-champetre-ou-forestier.jpg 1024w, https:\/\/www.elodie-et-antoine.fr\/ra\/wp-content\/uploads\/2025\/10\/Garde-champetre-ou-forestier-300x93.jpg 300w, https:\/\/www.elodie-et-antoine.fr\/ra\/wp-content\/uploads\/2025\/10\/Garde-champetre-ou-forestier-768x239.jpg 768w\" sizes=\"auto, (max-width: 1024px) 100vw, 1024px\" \/><\/a><\/figure>\n\n\n\n<p>Quel pouvait \u00eatre son quotidien ? Par ses attributions de garde champ\u00eatre, il avait en charge la police rurale en veillant \u00e0 l&rsquo;ordre et la tranquillit\u00e9 dans sa commune. Il constatait des d\u00e9lits et infractions et r\u00e9digeait des proc\u00e8s-verbaux. Ses t\u00e2ches comprenaient aussi l&rsquo;annonce publique des d\u00e9cisions municipales, notamment au son du tambour, faisant de lui le crieur public du village.<\/p>\n\n\n\n<p>Le garde forestier s&rsquo;occupait quant \u00e0 lui de prot\u00e9ger les bois et for\u00eats contre les coupes ill\u00e9gales, le braconnage et les d\u00e9pr\u00e9dations. Comme le garde champ\u00eatre, il dressait des proc\u00e8s-verbaux et d\u00e9pendait du maire ou du conseil municipal lorsqu&rsquo;il s&rsquo;agissait de for\u00eats communales.<\/p>\n\n\n\n<p>Cumuler ces deux fonctions devait t\u00e9moigner d&rsquo;une confiance particuli\u00e8re du maire et faisait de Pierre une figure centrale de la vie du village de Feux. Il a d\u00fb arpenter les chemins du village de fond en comble !<\/p>\n\n\n\n<figure class=\"wp-block-image size-full\"><a href=\"https:\/\/www.elodie-et-antoine.fr\/ra\/wp-content\/uploads\/2025\/10\/Arbre-Pierre-Palisson.jpg\"><img loading=\"lazy\" decoding=\"async\" width=\"879\" height=\"628\" src=\"https:\/\/www.elodie-et-antoine.fr\/ra\/wp-content\/uploads\/2025\/10\/Arbre-Pierre-Palisson.jpg\" alt=\"\" class=\"wp-image-4273\" srcset=\"https:\/\/www.elodie-et-antoine.fr\/ra\/wp-content\/uploads\/2025\/10\/Arbre-Pierre-Palisson.jpg 879w, https:\/\/www.elodie-et-antoine.fr\/ra\/wp-content\/uploads\/2025\/10\/Arbre-Pierre-Palisson-300x214.jpg 300w, https:\/\/www.elodie-et-antoine.fr\/ra\/wp-content\/uploads\/2025\/10\/Arbre-Pierre-Palisson-768x549.jpg 768w\" sizes=\"auto, (max-width: 879px) 100vw, 879px\" \/><\/a><\/figure>\n\n\n\n<h2 class=\"wp-block-heading\">La vie se poursuit<\/h2>\n\n\n\n<p>La vie continue son cours. Son p\u00e8re Jacques meurt en 1843, et sa premi\u00e8re fille Fran\u00e7oise (issue de son premier mariage) se marie en 1848 avec Jean DURET, couvreur de la commune.<\/p>\n\n\n\n<p>Au recensement de 1851 \u00e0 Feux, Pierre et Fran\u00e7oise vivent avec leurs deux derni\u00e8res filles : Marie Louise \u00e2g\u00e9e de 13 ans et Alexandrine P\u00e9lagie \u00e2g\u00e9e de 11 ans, toutes deux berg\u00e8res. Leur fils Andr\u00e9, \u00e2g\u00e9 de 15 ans, est domestique \u00e0 Feux chez Jacques VERRIER, fermier.<\/p>\n\n\n\n<p>En 1858, mon a\u00efeule Marie Louise \u00e9pouse Auguste CHAMPION, qui sera charbonnier dans les for\u00eats de Feux et des villages alentour. Andr\u00e9 est t\u00e9moin lors du mariage, et c&rsquo;est la derni\u00e8re fois que je trouve une trace de lui dans les archives. Que devient-il ensuite ? Le myst\u00e8re demeure.<\/p>\n\n\n\n<p>Sa derni\u00e8re fille Alexandrine se marie trois ans plus tard, en 1861, avec Fran\u00e7ois MILLERIOUX, couvreur.<\/p>\n\n\n\n<p>Au recensement de 1872, Pierre PALISSON vit toujours \u00e0 Feux o\u00f9 il exerce ses fonctions de garde. Sa femme Fran\u00e7oise est \u00e9galement pr\u00e9sente, ainsi que leur fille Alexandrine et leur petite-fille Marie Louise CHAMPION, \u00e2g\u00e9e de 9 ans.<\/p>\n\n\n\n<p>Si Alexandrine vit \u00e0 nouveau avec ses parents, c&rsquo;est que le malheur vient de la frapper. Son mariage n&rsquo;a dur\u00e9 que sept ans. Le couple n&rsquo;avait eu qu&rsquo;une petite fille, Sophie H\u00e9l\u00e8ne, d\u00e9c\u00e9d\u00e9e \u00e0 l&rsquo;\u00e2ge de 6 ans peu de temps avant, en mars 1972. Les choses iront vite malgr\u00e9 tout : Alexandrine se remarie en juin 1872 avec Louis PINAULT.<\/p>\n\n\n\n<p>Deux ans plus tard, Fran\u00e7ois MIGEON \u00e9pouse de Pierre meurt ; il est alord \u00e2g\u00e9 de 67 ans. Un an plus tard, le 20 octobre 1875 c&rsquo;est au tour de Pierre de d\u00e9c\u00e9der \u00e0 l&rsquo;\u00e2ge de 69 ans, \u00e0 son domicile de La Bascule \u00e0 Feux. Ses deux gendres sont t\u00e9moins du d\u00e9c\u00e8s : Jean DURET, 55 ans, fermier \u00e0 Lugny-Champagne, et Auguste Alexandre CHAMPION, 38 ans, charbonnier \u00e0 Feux.<br><br>La disparition \u00e9trange de son fils Andr\u00e9 semble avoir perturb\u00e9 la succession : dans les tables de successions et absences, il est fait mention d&rsquo;un sommier douteux et d&rsquo;un avertissement aux h\u00e9ritiers en juin 1876, avant de cl\u00f4turer d\u00e9finitivement la succession en ao\u00fbt. Il me tard de d\u00e9couvrir l&rsquo;acte de succession pour voir si ce fils disparu est mentionn\u00e9.<\/p>\n\n\n\n<pre class=\"wp-block-preformatted\">Etat civil de Feux : 3E 2255, 3E 4691.\nEtat civil de Lugny-Champagne : 3E 2308.\nRecencesments de Feux : 27J 0057, 27J 0082.\nTable alphab\u00e9tique des successions et absences : 1Q 9317.\n<\/pre>\n\n\n\n<figure class=\"wp-block-image size-full\"><a href=\"https:\/\/www.elodie-et-antoine.fr\/ra\/wp-content\/uploads\/2025\/10\/Carte-Pierre-Palisson.jpg\"><img loading=\"lazy\" decoding=\"async\" width=\"1024\" height=\"654\" src=\"https:\/\/www.elodie-et-antoine.fr\/ra\/wp-content\/uploads\/2025\/10\/Carte-Pierre-Palisson.jpg\" alt=\"\" class=\"wp-image-4270\" srcset=\"https:\/\/www.elodie-et-antoine.fr\/ra\/wp-content\/uploads\/2025\/10\/Carte-Pierre-Palisson.jpg 1024w, https:\/\/www.elodie-et-antoine.fr\/ra\/wp-content\/uploads\/2025\/10\/Carte-Pierre-Palisson-300x192.jpg 300w, https:\/\/www.elodie-et-antoine.fr\/ra\/wp-content\/uploads\/2025\/10\/Carte-Pierre-Palisson-768x491.jpg 768w\" sizes=\"auto, (max-width: 1024px) 100vw, 1024px\" \/><\/a><\/figure>\n","protected":false},"excerpt":{"rendered":"<p>Cet article est publi\u00e9 la veille des 150 ans du d\u00e9c\u00e8s de Pierre PALISSON, anc\u00eatre dans ma lign\u00e9e maternelle. La jeunesse de Pierre PALISSON Pierre PALISSON voit le jour le mardi 26 ao\u00fbt 1806 \u00e0 Lugny-Champagne (Cher). Son p\u00e8re Jacques, cultivateur \u00e2g\u00e9 de 32 ans, vient d\u00e9clarer la naissance aupr\u00e8s de l&rsquo;officier d&rsquo;\u00e9tat civil. Sa m\u00e8re est Marie Anne RAPPIN. Deux t\u00e9moins assistent \u00e0 la d\u00e9claration : Pierre PALISSON, sans doute un membre de la famille paternelle, cultivateur \u00e0 Charentonnay, et Jean RAPIN, cette fois-ci du c\u00f4t\u00e9 maternel. De sa jeunesse, nous ne savons pas grand-chose si ce n&rsquo;est qu&rsquo;il apprit le m\u00e9tier de laboureur qu&rsquo;il exercera dans un premier temps. 1829, une ann\u00e9e marquante L&rsquo;ann\u00e9e 1829 sera marqu\u00e9e par plusieurs \u00e9v\u00e9nements, l&rsquo;un heureux et deux deuils. En ce d\u00e9but d&rsquo;ann\u00e9e, c&rsquo;est l&rsquo;effervescence : Pierre va se marier ! Le choix s&rsquo;est port\u00e9 sur Marie F\u00c8VE, journali\u00e8re de la m\u00eame commune \u00e2g\u00e9e de 28 ans. Mais le 3 janvier, survient le premier drame de l&rsquo;ann\u00e9e. Pierre est t\u00e9moin du d\u00e9c\u00e8s de sa s\u0153ur Anne, \u00e2g\u00e9e de seulement 26 ans, qui vivait au domaine de Marnay avec son \u00e9poux, comme le reste de la famille. Les pr\u00e9paratifs se poursuivent, et arrive bient\u00f4t le jour de r\u00e9diger le contrat de mariage. Le 14 janvier 1829, les futurs \u00e9poux se retrouvent aupr\u00e8s de Me NAUDIN, notaire \u00e0 Sancergues (\u00e0 ne pas confondre avec Sancerre, pour ceux qui ne seraient pas du coin). Bien que les possessions des futurs mari\u00e9s ne semblent pas tr\u00e8s \u00e9lev\u00e9es, l&rsquo;acte mentionne une somme de 100 francs, comme l&rsquo;indiquent la table d&rsquo;enregistrement des contrats de mariage ainsi que le r\u00e9pertoire du notaire. Il me reste maintenant \u00e0 chercher l&rsquo;acte en lui-m\u00eame. Le mariage a lieu une semaine plus tard, le mardi 27 janvier 1829 \u00e0 Feux. Deux amis de Pierre sont pr\u00e9sents : Geneford TR\u00c9BILLON et Andr\u00e9 FLEURIET, tous deux propri\u00e9taires de plus de 40 ans r\u00e9sidant \u00e0 Feux. Ses parents assistent \u00e9galement \u00e0 la c\u00e9r\u00e9monie. L&rsquo;ann\u00e9e se termine dans la tristesse. Le 14 d\u00e9cembre \u00e0 une heure du matin, Marie Anne RAPPIN, m\u00e8re de Pierre, meurt \u00e0 son tour. Pierre, t\u00e9moin de ce second d\u00e9c\u00e8s, vivait vraisemblablement toujours avec ses parents. Le 7 f\u00e9vrier 1830, la fille de Pierre et Marie,Fran\u00e7oise, na\u00eet au domaine de Marnay o\u00f9 Pierre exerce le m\u00e9tier de laboureur. Malheureusement, ce premier mariage sera de courte dur\u00e9e : son \u00e9pouse Marie d\u00e9c\u00e8de le 31 d\u00e9cembre 1831, \u00e0 l&rsquo;\u00e2ge de 30 ans. Pierre se retrouve veuf \u00e0 25 ans, avec une petite fille \u00e0 \u00e9lever. Un remariage et ses d\u00e9buts en tant que garde champ\u00eatre et garde forestier Pierre ne se presse pas de se remarier ; il \u00e9pouse mon a\u00efeule Fran\u00e7oise MIGEON le 22 juillet 1834 \u00e0 Feux. Je n&rsquo;ai pas trouv\u00e9 de mention d&rsquo;un contrat de mariage dans les archives. Il est \u00e2g\u00e9 de 27 ans, sa femme a neuf ans de plus que lui. Elle est originaire de La Chapelle-Montlinard, commune situ\u00e9e \u00e0 l&rsquo;est de Feux en se dirigeant vers la Loire. Assistent au mariage son p\u00e8re Jacques, \u00e2g\u00e9 de 60 ans, et son fr\u00e8re Fran\u00e7ois, tous deux vivant \u00e0 Feux. Dix mois plus tard, un premier enfant, Andr\u00e9, rejoint le foyer. Viennent ensuite mon a\u00efeule Marie Louise en 1838, et enfin Alexandrine P\u00e9lagie en 1840. Entre les naissances d&rsquo;Andr\u00e9 et Marie Louise se produit un grand changement : de laboureur au domaine de Marnay ou \u00e0 Savernay, la famille s&rsquo;installe dans le bourg de Feux o\u00f9 Pierre devient garde champ\u00eatre et garde forestier. Les deux fonctions se m\u00e9langent dans les actes d&rsquo;\u00e9tat civil, t\u00e9moignant du cumul de ces responsabilit\u00e9s. Quel pouvait \u00eatre son quotidien ? Par ses attributions de garde champ\u00eatre, il avait en charge la police rurale en veillant \u00e0 l&rsquo;ordre et la tranquillit\u00e9 dans sa commune. Il constatait des d\u00e9lits et infractions et r\u00e9digeait des proc\u00e8s-verbaux. Ses t\u00e2ches comprenaient aussi l&rsquo;annonce publique des d\u00e9cisions municipales, notamment au son du tambour, faisant de lui le crieur public du village. Le garde forestier s&rsquo;occupait quant \u00e0 lui de prot\u00e9ger les bois et for\u00eats contre les coupes ill\u00e9gales, le braconnage et les d\u00e9pr\u00e9dations. Comme le garde champ\u00eatre, il dressait des proc\u00e8s-verbaux et d\u00e9pendait du maire ou du conseil municipal lorsqu&rsquo;il s&rsquo;agissait de for\u00eats communales. Cumuler ces deux fonctions devait t\u00e9moigner d&rsquo;une confiance particuli\u00e8re du maire et faisait de Pierre une figure centrale de la vie du village de Feux. Il a d\u00fb arpenter les chemins du village de fond en comble ! La vie se poursuit La vie continue son cours. Son p\u00e8re Jacques meurt en 1843, et sa premi\u00e8re fille Fran\u00e7oise (issue de son premier mariage) se marie en 1848 avec Jean DURET, couvreur de la commune. Au recensement de 1851 \u00e0 Feux, Pierre et Fran\u00e7oise vivent avec leurs deux derni\u00e8res filles : Marie Louise \u00e2g\u00e9e de 13 ans et Alexandrine P\u00e9lagie \u00e2g\u00e9e de 11 ans, toutes deux berg\u00e8res. Leur fils Andr\u00e9, \u00e2g\u00e9 de 15 ans, est domestique \u00e0 Feux chez Jacques VERRIER, fermier. En 1858, mon a\u00efeule Marie Louise \u00e9pouse Auguste CHAMPION, qui sera charbonnier dans les for\u00eats de Feux et des villages alentour. Andr\u00e9 est t\u00e9moin lors du mariage, et c&rsquo;est la derni\u00e8re fois que je trouve une trace de lui dans les archives. Que devient-il ensuite ? Le myst\u00e8re demeure. Sa derni\u00e8re fille Alexandrine se marie trois ans plus tard, en 1861, avec Fran\u00e7ois MILLERIOUX, couvreur. Au recensement de 1872, Pierre PALISSON vit toujours \u00e0 Feux o\u00f9 il exerce ses fonctions de garde. Sa femme Fran\u00e7oise est \u00e9galement pr\u00e9sente, ainsi que leur fille Alexandrine et leur petite-fille Marie Louise CHAMPION, \u00e2g\u00e9e de 9 ans. Si Alexandrine vit \u00e0 nouveau avec ses parents, c&rsquo;est que le malheur vient de la frapper. Son mariage n&rsquo;a dur\u00e9 que sept ans. Le couple n&rsquo;avait eu qu&rsquo;une petite fille, Sophie H\u00e9l\u00e8ne, d\u00e9c\u00e9d\u00e9e \u00e0 l&rsquo;\u00e2ge de 6 ans peu de temps avant, en mars 1972. Les choses iront vite malgr\u00e9 tout : Alexandrine se remarie en juin 1872 avec Louis PINAULT. Deux ans plus tard, Fran\u00e7ois MIGEON \u00e9pouse de Pierre meurt ; il est alord \u00e2g\u00e9 de 67 ans. Un an plus tard, le 20 octobre 1875 c&rsquo;est au tour de Pierre de d\u00e9c\u00e9der \u00e0 l&rsquo;\u00e2ge de 69 ans, \u00e0 son domicile de La Bascule \u00e0 Feux. Ses deux gendres sont t\u00e9moins du d\u00e9c\u00e8s : Jean DURET, 55 ans, fermier \u00e0 Lugny-Champagne, et Auguste Alexandre CHAMPION, 38 ans, charbonnier \u00e0 Feux. La disparition \u00e9trange de son fils Andr\u00e9 semble avoir perturb\u00e9 la succession : dans les tables de successions et absences, il est fait mention d&rsquo;un sommier douteux et d&rsquo;un avertissement aux h\u00e9ritiers en juin 1876, avant de cl\u00f4turer d\u00e9finitivement la succession en ao\u00fbt. Il me tard de d\u00e9couvrir l&rsquo;acte de succession pour voir si ce fils disparu est mentionn\u00e9. Etat civil de Feux : 3E 2255, 3E 4691. Etat civil de Lugny-Champagne : 3E 2308. Recencesments de Feux : 27J 0057, 27J 0082. Table alphab\u00e9tique des successions et absences : 1Q 9317.<\/p>\n","protected":false},"author":1,"featured_media":0,"comment_status":"open","ping_status":"open","sticky":false,"template":"","format":"standard","meta":{"_exactmetrics_skip_tracking":false,"_exactmetrics_sitenote_active":false,"_exactmetrics_sitenote_note":"","_exactmetrics_sitenote_category":0,"jetpack_post_was_ever_published":false,"_jetpack_newsletter_access":"","_jetpack_dont_email_post_to_subs":false,"_jetpack_newsletter_tier_id":0,"_jetpack_memberships_contains_paywalled_content":false,"_jetpack_memberships_contains_paid_content":false,"footnotes":""},"categories":[26],"tags":[],"class_list":["post-4269","post","type-post","status-publish","format-standard","hentry","category-mes-ancetres"],"yoast_head":"<!-- This site is optimized with the Yoast SEO plugin v27.0 - https:\/\/yoast.com\/product\/yoast-seo-wordpress\/ -->\n<title>Pierre PALISSON, garde champ\u00eatre et forestier - Rencontre avec mes anc\u00eatres<\/title>\n<meta name=\"robots\" content=\"index, follow, max-snippet:-1, max-image-preview:large, max-video-preview:-1\" \/>\n<link rel=\"canonical\" href=\"https:\/\/www.elodie-et-antoine.fr\/ra\/?p=4269\" \/>\n<meta property=\"og:locale\" content=\"fr_FR\" \/>\n<meta property=\"og:type\" content=\"article\" \/>\n<meta property=\"og:title\" content=\"Pierre PALISSON, garde champ\u00eatre et forestier - Rencontre avec mes anc\u00eatres\" \/>\n<meta property=\"og:description\" content=\"Cet article est publi\u00e9 la veille des 150 ans du d\u00e9c\u00e8s de Pierre PALISSON, anc\u00eatre dans ma lign\u00e9e maternelle. La jeunesse de Pierre PALISSON Pierre PALISSON voit le jour le mardi 26 ao\u00fbt 1806 \u00e0 Lugny-Champagne (Cher). Son p\u00e8re Jacques, cultivateur \u00e2g\u00e9 de 32 ans, vient d\u00e9clarer la naissance aupr\u00e8s de l&rsquo;officier d&rsquo;\u00e9tat civil. Sa m\u00e8re est Marie Anne RAPPIN. Deux t\u00e9moins assistent \u00e0 la d\u00e9claration : Pierre PALISSON, sans doute un membre de la famille paternelle, cultivateur \u00e0 Charentonnay, et Jean RAPIN, cette fois-ci du c\u00f4t\u00e9 maternel. De sa jeunesse, nous ne savons pas grand-chose si ce n&rsquo;est qu&rsquo;il apprit le m\u00e9tier de laboureur qu&rsquo;il exercera dans un premier temps. 1829, une ann\u00e9e marquante L&rsquo;ann\u00e9e 1829 sera marqu\u00e9e par plusieurs \u00e9v\u00e9nements, l&rsquo;un heureux et deux deuils. En ce d\u00e9but d&rsquo;ann\u00e9e, c&rsquo;est l&rsquo;effervescence : Pierre va se marier ! Le choix s&rsquo;est port\u00e9 sur Marie F\u00c8VE, journali\u00e8re de la m\u00eame commune \u00e2g\u00e9e de 28 ans. Mais le 3 janvier, survient le premier drame de l&rsquo;ann\u00e9e. Pierre est t\u00e9moin du d\u00e9c\u00e8s de sa s\u0153ur Anne, \u00e2g\u00e9e de seulement 26 ans, qui vivait au domaine de Marnay avec son \u00e9poux, comme le reste de la famille. Les pr\u00e9paratifs se poursuivent, et arrive bient\u00f4t le jour de r\u00e9diger le contrat de mariage. Le 14 janvier 1829, les futurs \u00e9poux se retrouvent aupr\u00e8s de Me NAUDIN, notaire \u00e0 Sancergues (\u00e0 ne pas confondre avec Sancerre, pour ceux qui ne seraient pas du coin). Bien que les possessions des futurs mari\u00e9s ne semblent pas tr\u00e8s \u00e9lev\u00e9es, l&rsquo;acte mentionne une somme de 100 francs, comme l&rsquo;indiquent la table d&rsquo;enregistrement des contrats de mariage ainsi que le r\u00e9pertoire du notaire. Il me reste maintenant \u00e0 chercher l&rsquo;acte en lui-m\u00eame. Le mariage a lieu une semaine plus tard, le mardi 27 janvier 1829 \u00e0 Feux. Deux amis de Pierre sont pr\u00e9sents : Geneford TR\u00c9BILLON et Andr\u00e9 FLEURIET, tous deux propri\u00e9taires de plus de 40 ans r\u00e9sidant \u00e0 Feux. Ses parents assistent \u00e9galement \u00e0 la c\u00e9r\u00e9monie. L&rsquo;ann\u00e9e se termine dans la tristesse. Le 14 d\u00e9cembre \u00e0 une heure du matin, Marie Anne RAPPIN, m\u00e8re de Pierre, meurt \u00e0 son tour. Pierre, t\u00e9moin de ce second d\u00e9c\u00e8s, vivait vraisemblablement toujours avec ses parents. Le 7 f\u00e9vrier 1830, la fille de Pierre et Marie,Fran\u00e7oise, na\u00eet au domaine de Marnay o\u00f9 Pierre exerce le m\u00e9tier de laboureur. Malheureusement, ce premier mariage sera de courte dur\u00e9e : son \u00e9pouse Marie d\u00e9c\u00e8de le 31 d\u00e9cembre 1831, \u00e0 l&rsquo;\u00e2ge de 30 ans. Pierre se retrouve veuf \u00e0 25 ans, avec une petite fille \u00e0 \u00e9lever. Un remariage et ses d\u00e9buts en tant que garde champ\u00eatre et garde forestier Pierre ne se presse pas de se remarier ; il \u00e9pouse mon a\u00efeule Fran\u00e7oise MIGEON le 22 juillet 1834 \u00e0 Feux. Je n&rsquo;ai pas trouv\u00e9 de mention d&rsquo;un contrat de mariage dans les archives. Il est \u00e2g\u00e9 de 27 ans, sa femme a neuf ans de plus que lui. Elle est originaire de La Chapelle-Montlinard, commune situ\u00e9e \u00e0 l&rsquo;est de Feux en se dirigeant vers la Loire. Assistent au mariage son p\u00e8re Jacques, \u00e2g\u00e9 de 60 ans, et son fr\u00e8re Fran\u00e7ois, tous deux vivant \u00e0 Feux. Dix mois plus tard, un premier enfant, Andr\u00e9, rejoint le foyer. Viennent ensuite mon a\u00efeule Marie Louise en 1838, et enfin Alexandrine P\u00e9lagie en 1840. Entre les naissances d&rsquo;Andr\u00e9 et Marie Louise se produit un grand changement : de laboureur au domaine de Marnay ou \u00e0 Savernay, la famille s&rsquo;installe dans le bourg de Feux o\u00f9 Pierre devient garde champ\u00eatre et garde forestier. Les deux fonctions se m\u00e9langent dans les actes d&rsquo;\u00e9tat civil, t\u00e9moignant du cumul de ces responsabilit\u00e9s. Quel pouvait \u00eatre son quotidien ? Par ses attributions de garde champ\u00eatre, il avait en charge la police rurale en veillant \u00e0 l&rsquo;ordre et la tranquillit\u00e9 dans sa commune. Il constatait des d\u00e9lits et infractions et r\u00e9digeait des proc\u00e8s-verbaux. Ses t\u00e2ches comprenaient aussi l&rsquo;annonce publique des d\u00e9cisions municipales, notamment au son du tambour, faisant de lui le crieur public du village. Le garde forestier s&rsquo;occupait quant \u00e0 lui de prot\u00e9ger les bois et for\u00eats contre les coupes ill\u00e9gales, le braconnage et les d\u00e9pr\u00e9dations. Comme le garde champ\u00eatre, il dressait des proc\u00e8s-verbaux et d\u00e9pendait du maire ou du conseil municipal lorsqu&rsquo;il s&rsquo;agissait de for\u00eats communales. Cumuler ces deux fonctions devait t\u00e9moigner d&rsquo;une confiance particuli\u00e8re du maire et faisait de Pierre une figure centrale de la vie du village de Feux. Il a d\u00fb arpenter les chemins du village de fond en comble ! La vie se poursuit La vie continue son cours. Son p\u00e8re Jacques meurt en 1843, et sa premi\u00e8re fille Fran\u00e7oise (issue de son premier mariage) se marie en 1848 avec Jean DURET, couvreur de la commune. Au recensement de 1851 \u00e0 Feux, Pierre et Fran\u00e7oise vivent avec leurs deux derni\u00e8res filles : Marie Louise \u00e2g\u00e9e de 13 ans et Alexandrine P\u00e9lagie \u00e2g\u00e9e de 11 ans, toutes deux berg\u00e8res. Leur fils Andr\u00e9, \u00e2g\u00e9 de 15 ans, est domestique \u00e0 Feux chez Jacques VERRIER, fermier. En 1858, mon a\u00efeule Marie Louise \u00e9pouse Auguste CHAMPION, qui sera charbonnier dans les for\u00eats de Feux et des villages alentour. Andr\u00e9 est t\u00e9moin lors du mariage, et c&rsquo;est la derni\u00e8re fois que je trouve une trace de lui dans les archives. Que devient-il ensuite ? Le myst\u00e8re demeure. Sa derni\u00e8re fille Alexandrine se marie trois ans plus tard, en 1861, avec Fran\u00e7ois MILLERIOUX, couvreur. Au recensement de 1872, Pierre PALISSON vit toujours \u00e0 Feux o\u00f9 il exerce ses fonctions de garde. Sa femme Fran\u00e7oise est \u00e9galement pr\u00e9sente, ainsi que leur fille Alexandrine et leur petite-fille Marie Louise CHAMPION, \u00e2g\u00e9e de 9 ans. Si Alexandrine vit \u00e0 nouveau avec ses parents, c&rsquo;est que le malheur vient de la frapper. Son mariage n&rsquo;a dur\u00e9 que sept ans. Le couple n&rsquo;avait eu qu&rsquo;une petite fille, Sophie H\u00e9l\u00e8ne, d\u00e9c\u00e9d\u00e9e \u00e0 l&rsquo;\u00e2ge de 6 ans peu de temps avant, en mars 1972. Les choses iront vite malgr\u00e9 tout : Alexandrine se remarie en juin 1872 avec Louis PINAULT. Deux ans plus tard, Fran\u00e7ois MIGEON \u00e9pouse de Pierre meurt ; il est alord \u00e2g\u00e9 de 67 ans. Un an plus tard, le 20 octobre 1875 c&rsquo;est au tour de Pierre de d\u00e9c\u00e9der \u00e0 l&rsquo;\u00e2ge de 69 ans, \u00e0 son domicile de La Bascule \u00e0 Feux. Ses deux gendres sont t\u00e9moins du d\u00e9c\u00e8s : Jean DURET, 55 ans, fermier \u00e0 Lugny-Champagne, et Auguste Alexandre CHAMPION, 38 ans, charbonnier \u00e0 Feux. La disparition \u00e9trange de son fils Andr\u00e9 semble avoir perturb\u00e9 la succession : dans les tables de successions et absences, il est fait mention d&rsquo;un sommier douteux et d&rsquo;un avertissement aux h\u00e9ritiers en juin 1876, avant de cl\u00f4turer d\u00e9finitivement la succession en ao\u00fbt. Il me tard de d\u00e9couvrir l&rsquo;acte de succession pour voir si ce fils disparu est mentionn\u00e9. Etat civil de Feux : 3E 2255, 3E 4691. Etat civil de Lugny-Champagne : 3E 2308. Recencesments de Feux : 27J 0057, 27J 0082. Table alphab\u00e9tique des successions et absences : 1Q 9317.\" \/>\n<meta property=\"og:url\" content=\"https:\/\/www.elodie-et-antoine.fr\/ra\/?p=4269\" \/>\n<meta property=\"og:site_name\" content=\"Rencontre avec mes anc\u00eatres\" \/>\n<meta property=\"article:publisher\" content=\"https:\/\/www.facebook.com\/rencontreancetres\" \/>\n<meta property=\"article:published_time\" content=\"2025-10-19T07:00:00+00:00\" \/>\n<meta property=\"article:modified_time\" content=\"2025-10-19T07:11:57+00:00\" \/>\n<meta property=\"og:image\" content=\"https:\/\/www.elodie-et-antoine.fr\/ra\/wp-content\/uploads\/2025\/10\/Palisson-Pierre.png\" \/>\n\t<meta property=\"og:image:width\" content=\"940\" \/>\n\t<meta property=\"og:image:height\" content=\"788\" \/>\n\t<meta property=\"og:image:type\" content=\"image\/png\" \/>\n<meta name=\"author\" content=\"Elodie\" \/>\n<meta name=\"twitter:card\" content=\"summary_large_image\" \/>\n<meta name=\"twitter:creator\" content=\"@lodeetwit\" \/>\n<meta name=\"twitter:site\" content=\"@lodeetwit\" \/>\n<meta name=\"twitter:label1\" content=\"\u00c9crit par\" \/>\n\t<meta name=\"twitter:data1\" content=\"Elodie\" \/>\n\t<meta name=\"twitter:label2\" content=\"Dur\u00e9e de lecture estim\u00e9e\" \/>\n\t<meta name=\"twitter:data2\" content=\"7 minutes\" \/>\n<script type=\"application\/ld+json\" class=\"yoast-schema-graph\">{\"@context\":\"https:\/\/schema.org\",\"@graph\":[{\"@type\":\"Article\",\"@id\":\"https:\/\/www.elodie-et-antoine.fr\/ra\/?p=4269#article\",\"isPartOf\":{\"@id\":\"https:\/\/www.elodie-et-antoine.fr\/ra\/?p=4269\"},\"author\":{\"name\":\"Elodie\",\"@id\":\"https:\/\/www.elodie-et-antoine.fr\/ra\/#\/schema\/person\/50e9be10104b0e8a3c0f55df181b9b56\"},\"headline\":\"Pierre PALISSON, garde champ\u00eatre et forestier\",\"datePublished\":\"2025-10-19T07:00:00+00:00\",\"dateModified\":\"2025-10-19T07:11:57+00:00\",\"mainEntityOfPage\":{\"@id\":\"https:\/\/www.elodie-et-antoine.fr\/ra\/?p=4269\"},\"wordCount\":1160,\"commentCount\":2,\"publisher\":{\"@id\":\"https:\/\/www.elodie-et-antoine.fr\/ra\/#organization\"},\"image\":{\"@id\":\"https:\/\/www.elodie-et-antoine.fr\/ra\/?p=4269#primaryimage\"},\"thumbnailUrl\":\"https:\/\/www.elodie-et-antoine.fr\/ra\/wp-content\/uploads\/2025\/10\/Palisson-Pierre.png\",\"articleSection\":[\"Mes anc\u00eatres\"],\"inLanguage\":\"fr-FR\",\"potentialAction\":[{\"@type\":\"CommentAction\",\"name\":\"Comment\",\"target\":[\"https:\/\/www.elodie-et-antoine.fr\/ra\/?p=4269#respond\"]}]},{\"@type\":\"WebPage\",\"@id\":\"https:\/\/www.elodie-et-antoine.fr\/ra\/?p=4269\",\"url\":\"https:\/\/www.elodie-et-antoine.fr\/ra\/?p=4269\",\"name\":\"Pierre PALISSON, garde champ\u00eatre et forestier - Rencontre avec mes anc\u00eatres\",\"isPartOf\":{\"@id\":\"https:\/\/www.elodie-et-antoine.fr\/ra\/#website\"},\"primaryImageOfPage\":{\"@id\":\"https:\/\/www.elodie-et-antoine.fr\/ra\/?p=4269#primaryimage\"},\"image\":{\"@id\":\"https:\/\/www.elodie-et-antoine.fr\/ra\/?p=4269#primaryimage\"},\"thumbnailUrl\":\"https:\/\/www.elodie-et-antoine.fr\/ra\/wp-content\/uploads\/2025\/10\/Palisson-Pierre.png\",\"datePublished\":\"2025-10-19T07:00:00+00:00\",\"dateModified\":\"2025-10-19T07:11:57+00:00\",\"breadcrumb\":{\"@id\":\"https:\/\/www.elodie-et-antoine.fr\/ra\/?p=4269#breadcrumb\"},\"inLanguage\":\"fr-FR\",\"potentialAction\":[{\"@type\":\"ReadAction\",\"target\":[\"https:\/\/www.elodie-et-antoine.fr\/ra\/?p=4269\"]}]},{\"@type\":\"ImageObject\",\"inLanguage\":\"fr-FR\",\"@id\":\"https:\/\/www.elodie-et-antoine.fr\/ra\/?p=4269#primaryimage\",\"url\":\"https:\/\/www.elodie-et-antoine.fr\/ra\/wp-content\/uploads\/2025\/10\/Palisson-Pierre.png\",\"contentUrl\":\"https:\/\/www.elodie-et-antoine.fr\/ra\/wp-content\/uploads\/2025\/10\/Palisson-Pierre.png\"},{\"@type\":\"BreadcrumbList\",\"@id\":\"https:\/\/www.elodie-et-antoine.fr\/ra\/?p=4269#breadcrumb\",\"itemListElement\":[{\"@type\":\"ListItem\",\"position\":1,\"name\":\"Accueil\",\"item\":\"https:\/\/www.elodie-et-antoine.fr\/ra\"},{\"@type\":\"ListItem\",\"position\":2,\"name\":\"Pierre PALISSON, garde champ\u00eatre et forestier\"}]},{\"@type\":\"WebSite\",\"@id\":\"https:\/\/www.elodie-et-antoine.fr\/ra\/#website\",\"url\":\"https:\/\/www.elodie-et-antoine.fr\/ra\/\",\"name\":\"Rencontre avec mes anc\u00eatres\",\"description\":\"Rencontre avec mes anc\u00eatres\",\"publisher\":{\"@id\":\"https:\/\/www.elodie-et-antoine.fr\/ra\/#organization\"},\"potentialAction\":[{\"@type\":\"SearchAction\",\"target\":{\"@type\":\"EntryPoint\",\"urlTemplate\":\"https:\/\/www.elodie-et-antoine.fr\/ra\/?s={search_term_string}\"},\"query-input\":{\"@type\":\"PropertyValueSpecification\",\"valueRequired\":true,\"valueName\":\"search_term_string\"}}],\"inLanguage\":\"fr-FR\"},{\"@type\":\"Organization\",\"@id\":\"https:\/\/www.elodie-et-antoine.fr\/ra\/#organization\",\"name\":\"Rencontre avec mes anc\u00eatres\",\"url\":\"https:\/\/www.elodie-et-antoine.fr\/ra\/\",\"logo\":{\"@type\":\"ImageObject\",\"inLanguage\":\"fr-FR\",\"@id\":\"https:\/\/www.elodie-et-antoine.fr\/ra\/#\/schema\/logo\/image\/\",\"url\":\"https:\/\/www.elodie-et-antoine.fr\/ra\/wp-content\/uploads\/2024\/02\/Logo-detoure.png\",\"contentUrl\":\"https:\/\/www.elodie-et-antoine.fr\/ra\/wp-content\/uploads\/2024\/02\/Logo-detoure.png\",\"width\":500,\"height\":500,\"caption\":\"Rencontre avec mes anc\u00eatres\"},\"image\":{\"@id\":\"https:\/\/www.elodie-et-antoine.fr\/ra\/#\/schema\/logo\/image\/\"},\"sameAs\":[\"https:\/\/www.facebook.com\/rencontreancetres\",\"https:\/\/x.com\/lodeetwit\"]},{\"@type\":\"Person\",\"@id\":\"https:\/\/www.elodie-et-antoine.fr\/ra\/#\/schema\/person\/50e9be10104b0e8a3c0f55df181b9b56\",\"name\":\"Elodie\",\"image\":{\"@type\":\"ImageObject\",\"inLanguage\":\"fr-FR\",\"@id\":\"https:\/\/www.elodie-et-antoine.fr\/ra\/#\/schema\/person\/image\/\",\"url\":\"https:\/\/secure.gravatar.com\/avatar\/1ee5777faed60801dee6c0665d8f4bb2cfd6d4bf6ab052dbbc40be268a652c31?s=96&d=mm&r=g\",\"contentUrl\":\"https:\/\/secure.gravatar.com\/avatar\/1ee5777faed60801dee6c0665d8f4bb2cfd6d4bf6ab052dbbc40be268a652c31?s=96&d=mm&r=g\",\"caption\":\"Elodie\"},\"url\":\"https:\/\/www.elodie-et-antoine.fr\/ra\/?author=1\"}]}<\/script>\n<!-- \/ Yoast SEO plugin. -->","yoast_head_json":{"title":"Pierre PALISSON, garde champ\u00eatre et forestier - Rencontre avec mes anc\u00eatres","robots":{"index":"index","follow":"follow","max-snippet":"max-snippet:-1","max-image-preview":"max-image-preview:large","max-video-preview":"max-video-preview:-1"},"canonical":"https:\/\/www.elodie-et-antoine.fr\/ra\/?p=4269","og_locale":"fr_FR","og_type":"article","og_title":"Pierre PALISSON, garde champ\u00eatre et forestier - Rencontre avec mes anc\u00eatres","og_description":"Cet article est publi\u00e9 la veille des 150 ans du d\u00e9c\u00e8s de Pierre PALISSON, anc\u00eatre dans ma lign\u00e9e maternelle. La jeunesse de Pierre PALISSON Pierre PALISSON voit le jour le mardi 26 ao\u00fbt 1806 \u00e0 Lugny-Champagne (Cher). Son p\u00e8re Jacques, cultivateur \u00e2g\u00e9 de 32 ans, vient d\u00e9clarer la naissance aupr\u00e8s de l&rsquo;officier d&rsquo;\u00e9tat civil. Sa m\u00e8re est Marie Anne RAPPIN. Deux t\u00e9moins assistent \u00e0 la d\u00e9claration : Pierre PALISSON, sans doute un membre de la famille paternelle, cultivateur \u00e0 Charentonnay, et Jean RAPIN, cette fois-ci du c\u00f4t\u00e9 maternel. De sa jeunesse, nous ne savons pas grand-chose si ce n&rsquo;est qu&rsquo;il apprit le m\u00e9tier de laboureur qu&rsquo;il exercera dans un premier temps. 1829, une ann\u00e9e marquante L&rsquo;ann\u00e9e 1829 sera marqu\u00e9e par plusieurs \u00e9v\u00e9nements, l&rsquo;un heureux et deux deuils. En ce d\u00e9but d&rsquo;ann\u00e9e, c&rsquo;est l&rsquo;effervescence : Pierre va se marier ! Le choix s&rsquo;est port\u00e9 sur Marie F\u00c8VE, journali\u00e8re de la m\u00eame commune \u00e2g\u00e9e de 28 ans. Mais le 3 janvier, survient le premier drame de l&rsquo;ann\u00e9e. Pierre est t\u00e9moin du d\u00e9c\u00e8s de sa s\u0153ur Anne, \u00e2g\u00e9e de seulement 26 ans, qui vivait au domaine de Marnay avec son \u00e9poux, comme le reste de la famille. Les pr\u00e9paratifs se poursuivent, et arrive bient\u00f4t le jour de r\u00e9diger le contrat de mariage. Le 14 janvier 1829, les futurs \u00e9poux se retrouvent aupr\u00e8s de Me NAUDIN, notaire \u00e0 Sancergues (\u00e0 ne pas confondre avec Sancerre, pour ceux qui ne seraient pas du coin). Bien que les possessions des futurs mari\u00e9s ne semblent pas tr\u00e8s \u00e9lev\u00e9es, l&rsquo;acte mentionne une somme de 100 francs, comme l&rsquo;indiquent la table d&rsquo;enregistrement des contrats de mariage ainsi que le r\u00e9pertoire du notaire. Il me reste maintenant \u00e0 chercher l&rsquo;acte en lui-m\u00eame. Le mariage a lieu une semaine plus tard, le mardi 27 janvier 1829 \u00e0 Feux. Deux amis de Pierre sont pr\u00e9sents : Geneford TR\u00c9BILLON et Andr\u00e9 FLEURIET, tous deux propri\u00e9taires de plus de 40 ans r\u00e9sidant \u00e0 Feux. Ses parents assistent \u00e9galement \u00e0 la c\u00e9r\u00e9monie. L&rsquo;ann\u00e9e se termine dans la tristesse. Le 14 d\u00e9cembre \u00e0 une heure du matin, Marie Anne RAPPIN, m\u00e8re de Pierre, meurt \u00e0 son tour. Pierre, t\u00e9moin de ce second d\u00e9c\u00e8s, vivait vraisemblablement toujours avec ses parents. Le 7 f\u00e9vrier 1830, la fille de Pierre et Marie,Fran\u00e7oise, na\u00eet au domaine de Marnay o\u00f9 Pierre exerce le m\u00e9tier de laboureur. Malheureusement, ce premier mariage sera de courte dur\u00e9e : son \u00e9pouse Marie d\u00e9c\u00e8de le 31 d\u00e9cembre 1831, \u00e0 l&rsquo;\u00e2ge de 30 ans. Pierre se retrouve veuf \u00e0 25 ans, avec une petite fille \u00e0 \u00e9lever. Un remariage et ses d\u00e9buts en tant que garde champ\u00eatre et garde forestier Pierre ne se presse pas de se remarier ; il \u00e9pouse mon a\u00efeule Fran\u00e7oise MIGEON le 22 juillet 1834 \u00e0 Feux. Je n&rsquo;ai pas trouv\u00e9 de mention d&rsquo;un contrat de mariage dans les archives. Il est \u00e2g\u00e9 de 27 ans, sa femme a neuf ans de plus que lui. Elle est originaire de La Chapelle-Montlinard, commune situ\u00e9e \u00e0 l&rsquo;est de Feux en se dirigeant vers la Loire. Assistent au mariage son p\u00e8re Jacques, \u00e2g\u00e9 de 60 ans, et son fr\u00e8re Fran\u00e7ois, tous deux vivant \u00e0 Feux. Dix mois plus tard, un premier enfant, Andr\u00e9, rejoint le foyer. Viennent ensuite mon a\u00efeule Marie Louise en 1838, et enfin Alexandrine P\u00e9lagie en 1840. Entre les naissances d&rsquo;Andr\u00e9 et Marie Louise se produit un grand changement : de laboureur au domaine de Marnay ou \u00e0 Savernay, la famille s&rsquo;installe dans le bourg de Feux o\u00f9 Pierre devient garde champ\u00eatre et garde forestier. Les deux fonctions se m\u00e9langent dans les actes d&rsquo;\u00e9tat civil, t\u00e9moignant du cumul de ces responsabilit\u00e9s. Quel pouvait \u00eatre son quotidien ? Par ses attributions de garde champ\u00eatre, il avait en charge la police rurale en veillant \u00e0 l&rsquo;ordre et la tranquillit\u00e9 dans sa commune. Il constatait des d\u00e9lits et infractions et r\u00e9digeait des proc\u00e8s-verbaux. Ses t\u00e2ches comprenaient aussi l&rsquo;annonce publique des d\u00e9cisions municipales, notamment au son du tambour, faisant de lui le crieur public du village. Le garde forestier s&rsquo;occupait quant \u00e0 lui de prot\u00e9ger les bois et for\u00eats contre les coupes ill\u00e9gales, le braconnage et les d\u00e9pr\u00e9dations. Comme le garde champ\u00eatre, il dressait des proc\u00e8s-verbaux et d\u00e9pendait du maire ou du conseil municipal lorsqu&rsquo;il s&rsquo;agissait de for\u00eats communales. Cumuler ces deux fonctions devait t\u00e9moigner d&rsquo;une confiance particuli\u00e8re du maire et faisait de Pierre une figure centrale de la vie du village de Feux. Il a d\u00fb arpenter les chemins du village de fond en comble ! La vie se poursuit La vie continue son cours. Son p\u00e8re Jacques meurt en 1843, et sa premi\u00e8re fille Fran\u00e7oise (issue de son premier mariage) se marie en 1848 avec Jean DURET, couvreur de la commune. Au recensement de 1851 \u00e0 Feux, Pierre et Fran\u00e7oise vivent avec leurs deux derni\u00e8res filles : Marie Louise \u00e2g\u00e9e de 13 ans et Alexandrine P\u00e9lagie \u00e2g\u00e9e de 11 ans, toutes deux berg\u00e8res. Leur fils Andr\u00e9, \u00e2g\u00e9 de 15 ans, est domestique \u00e0 Feux chez Jacques VERRIER, fermier. En 1858, mon a\u00efeule Marie Louise \u00e9pouse Auguste CHAMPION, qui sera charbonnier dans les for\u00eats de Feux et des villages alentour. Andr\u00e9 est t\u00e9moin lors du mariage, et c&rsquo;est la derni\u00e8re fois que je trouve une trace de lui dans les archives. Que devient-il ensuite ? Le myst\u00e8re demeure. Sa derni\u00e8re fille Alexandrine se marie trois ans plus tard, en 1861, avec Fran\u00e7ois MILLERIOUX, couvreur. Au recensement de 1872, Pierre PALISSON vit toujours \u00e0 Feux o\u00f9 il exerce ses fonctions de garde. Sa femme Fran\u00e7oise est \u00e9galement pr\u00e9sente, ainsi que leur fille Alexandrine et leur petite-fille Marie Louise CHAMPION, \u00e2g\u00e9e de 9 ans. Si Alexandrine vit \u00e0 nouveau avec ses parents, c&rsquo;est que le malheur vient de la frapper. Son mariage n&rsquo;a dur\u00e9 que sept ans. Le couple n&rsquo;avait eu qu&rsquo;une petite fille, Sophie H\u00e9l\u00e8ne, d\u00e9c\u00e9d\u00e9e \u00e0 l&rsquo;\u00e2ge de 6 ans peu de temps avant, en mars 1972. Les choses iront vite malgr\u00e9 tout : Alexandrine se remarie en juin 1872 avec Louis PINAULT. Deux ans plus tard, Fran\u00e7ois MIGEON \u00e9pouse de Pierre meurt ; il est alord \u00e2g\u00e9 de 67 ans. Un an plus tard, le 20 octobre 1875 c&rsquo;est au tour de Pierre de d\u00e9c\u00e9der \u00e0 l&rsquo;\u00e2ge de 69 ans, \u00e0 son domicile de La Bascule \u00e0 Feux. Ses deux gendres sont t\u00e9moins du d\u00e9c\u00e8s : Jean DURET, 55 ans, fermier \u00e0 Lugny-Champagne, et Auguste Alexandre CHAMPION, 38 ans, charbonnier \u00e0 Feux. La disparition \u00e9trange de son fils Andr\u00e9 semble avoir perturb\u00e9 la succession : dans les tables de successions et absences, il est fait mention d&rsquo;un sommier douteux et d&rsquo;un avertissement aux h\u00e9ritiers en juin 1876, avant de cl\u00f4turer d\u00e9finitivement la succession en ao\u00fbt. Il me tard de d\u00e9couvrir l&rsquo;acte de succession pour voir si ce fils disparu est mentionn\u00e9. Etat civil de Feux : 3E 2255, 3E 4691. Etat civil de Lugny-Champagne : 3E 2308. Recencesments de Feux : 27J 0057, 27J 0082. Table alphab\u00e9tique des successions et absences : 1Q 9317.","og_url":"https:\/\/www.elodie-et-antoine.fr\/ra\/?p=4269","og_site_name":"Rencontre avec mes anc\u00eatres","article_publisher":"https:\/\/www.facebook.com\/rencontreancetres","article_published_time":"2025-10-19T07:00:00+00:00","article_modified_time":"2025-10-19T07:11:57+00:00","og_image":[{"width":940,"height":788,"url":"https:\/\/www.elodie-et-antoine.fr\/ra\/wp-content\/uploads\/2025\/10\/Palisson-Pierre.png","type":"image\/png"}],"author":"Elodie","twitter_card":"summary_large_image","twitter_creator":"@lodeetwit","twitter_site":"@lodeetwit","twitter_misc":{"\u00c9crit par":"Elodie","Dur\u00e9e de lecture estim\u00e9e":"7 minutes"},"schema":{"@context":"https:\/\/schema.org","@graph":[{"@type":"Article","@id":"https:\/\/www.elodie-et-antoine.fr\/ra\/?p=4269#article","isPartOf":{"@id":"https:\/\/www.elodie-et-antoine.fr\/ra\/?p=4269"},"author":{"name":"Elodie","@id":"https:\/\/www.elodie-et-antoine.fr\/ra\/#\/schema\/person\/50e9be10104b0e8a3c0f55df181b9b56"},"headline":"Pierre PALISSON, garde champ\u00eatre et forestier","datePublished":"2025-10-19T07:00:00+00:00","dateModified":"2025-10-19T07:11:57+00:00","mainEntityOfPage":{"@id":"https:\/\/www.elodie-et-antoine.fr\/ra\/?p=4269"},"wordCount":1160,"commentCount":2,"publisher":{"@id":"https:\/\/www.elodie-et-antoine.fr\/ra\/#organization"},"image":{"@id":"https:\/\/www.elodie-et-antoine.fr\/ra\/?p=4269#primaryimage"},"thumbnailUrl":"https:\/\/www.elodie-et-antoine.fr\/ra\/wp-content\/uploads\/2025\/10\/Palisson-Pierre.png","articleSection":["Mes anc\u00eatres"],"inLanguage":"fr-FR","potentialAction":[{"@type":"CommentAction","name":"Comment","target":["https:\/\/www.elodie-et-antoine.fr\/ra\/?p=4269#respond"]}]},{"@type":"WebPage","@id":"https:\/\/www.elodie-et-antoine.fr\/ra\/?p=4269","url":"https:\/\/www.elodie-et-antoine.fr\/ra\/?p=4269","name":"Pierre PALISSON, garde champ\u00eatre et forestier - Rencontre avec mes anc\u00eatres","isPartOf":{"@id":"https:\/\/www.elodie-et-antoine.fr\/ra\/#website"},"primaryImageOfPage":{"@id":"https:\/\/www.elodie-et-antoine.fr\/ra\/?p=4269#primaryimage"},"image":{"@id":"https:\/\/www.elodie-et-antoine.fr\/ra\/?p=4269#primaryimage"},"thumbnailUrl":"https:\/\/www.elodie-et-antoine.fr\/ra\/wp-content\/uploads\/2025\/10\/Palisson-Pierre.png","datePublished":"2025-10-19T07:00:00+00:00","dateModified":"2025-10-19T07:11:57+00:00","breadcrumb":{"@id":"https:\/\/www.elodie-et-antoine.fr\/ra\/?p=4269#breadcrumb"},"inLanguage":"fr-FR","potentialAction":[{"@type":"ReadAction","target":["https:\/\/www.elodie-et-antoine.fr\/ra\/?p=4269"]}]},{"@type":"ImageObject","inLanguage":"fr-FR","@id":"https:\/\/www.elodie-et-antoine.fr\/ra\/?p=4269#primaryimage","url":"https:\/\/www.elodie-et-antoine.fr\/ra\/wp-content\/uploads\/2025\/10\/Palisson-Pierre.png","contentUrl":"https:\/\/www.elodie-et-antoine.fr\/ra\/wp-content\/uploads\/2025\/10\/Palisson-Pierre.png"},{"@type":"BreadcrumbList","@id":"https:\/\/www.elodie-et-antoine.fr\/ra\/?p=4269#breadcrumb","itemListElement":[{"@type":"ListItem","position":1,"name":"Accueil","item":"https:\/\/www.elodie-et-antoine.fr\/ra"},{"@type":"ListItem","position":2,"name":"Pierre PALISSON, garde champ\u00eatre et forestier"}]},{"@type":"WebSite","@id":"https:\/\/www.elodie-et-antoine.fr\/ra\/#website","url":"https:\/\/www.elodie-et-antoine.fr\/ra\/","name":"Rencontre avec mes anc\u00eatres","description":"Rencontre avec mes anc\u00eatres","publisher":{"@id":"https:\/\/www.elodie-et-antoine.fr\/ra\/#organization"},"potentialAction":[{"@type":"SearchAction","target":{"@type":"EntryPoint","urlTemplate":"https:\/\/www.elodie-et-antoine.fr\/ra\/?s={search_term_string}"},"query-input":{"@type":"PropertyValueSpecification","valueRequired":true,"valueName":"search_term_string"}}],"inLanguage":"fr-FR"},{"@type":"Organization","@id":"https:\/\/www.elodie-et-antoine.fr\/ra\/#organization","name":"Rencontre avec mes anc\u00eatres","url":"https:\/\/www.elodie-et-antoine.fr\/ra\/","logo":{"@type":"ImageObject","inLanguage":"fr-FR","@id":"https:\/\/www.elodie-et-antoine.fr\/ra\/#\/schema\/logo\/image\/","url":"https:\/\/www.elodie-et-antoine.fr\/ra\/wp-content\/uploads\/2024\/02\/Logo-detoure.png","contentUrl":"https:\/\/www.elodie-et-antoine.fr\/ra\/wp-content\/uploads\/2024\/02\/Logo-detoure.png","width":500,"height":500,"caption":"Rencontre avec mes anc\u00eatres"},"image":{"@id":"https:\/\/www.elodie-et-antoine.fr\/ra\/#\/schema\/logo\/image\/"},"sameAs":["https:\/\/www.facebook.com\/rencontreancetres","https:\/\/x.com\/lodeetwit"]},{"@type":"Person","@id":"https:\/\/www.elodie-et-antoine.fr\/ra\/#\/schema\/person\/50e9be10104b0e8a3c0f55df181b9b56","name":"Elodie","image":{"@type":"ImageObject","inLanguage":"fr-FR","@id":"https:\/\/www.elodie-et-antoine.fr\/ra\/#\/schema\/person\/image\/","url":"https:\/\/secure.gravatar.com\/avatar\/1ee5777faed60801dee6c0665d8f4bb2cfd6d4bf6ab052dbbc40be268a652c31?s=96&d=mm&r=g","contentUrl":"https:\/\/secure.gravatar.com\/avatar\/1ee5777faed60801dee6c0665d8f4bb2cfd6d4bf6ab052dbbc40be268a652c31?s=96&d=mm&r=g","caption":"Elodie"},"url":"https:\/\/www.elodie-et-antoine.fr\/ra\/?author=1"}]}},"jetpack_featured_media_url":"","jetpack_sharing_enabled":true,"_links":{"self":[{"href":"https:\/\/www.elodie-et-antoine.fr\/ra\/index.php?rest_route=\/wp\/v2\/posts\/4269","targetHints":{"allow":["GET"]}}],"collection":[{"href":"https:\/\/www.elodie-et-antoine.fr\/ra\/index.php?rest_route=\/wp\/v2\/posts"}],"about":[{"href":"https:\/\/www.elodie-et-antoine.fr\/ra\/index.php?rest_route=\/wp\/v2\/types\/post"}],"author":[{"embeddable":true,"href":"https:\/\/www.elodie-et-antoine.fr\/ra\/index.php?rest_route=\/wp\/v2\/users\/1"}],"replies":[{"embeddable":true,"href":"https:\/\/www.elodie-et-antoine.fr\/ra\/index.php?rest_route=%2Fwp%2Fv2%2Fcomments&post=4269"}],"version-history":[{"count":12,"href":"https:\/\/www.elodie-et-antoine.fr\/ra\/index.php?rest_route=\/wp\/v2\/posts\/4269\/revisions"}],"predecessor-version":[{"id":4286,"href":"https:\/\/www.elodie-et-antoine.fr\/ra\/index.php?rest_route=\/wp\/v2\/posts\/4269\/revisions\/4286"}],"wp:attachment":[{"href":"https:\/\/www.elodie-et-antoine.fr\/ra\/index.php?rest_route=%2Fwp%2Fv2%2Fmedia&parent=4269"}],"wp:term":[{"taxonomy":"category","embeddable":true,"href":"https:\/\/www.elodie-et-antoine.fr\/ra\/index.php?rest_route=%2Fwp%2Fv2%2Fcategories&post=4269"},{"taxonomy":"post_tag","embeddable":true,"href":"https:\/\/www.elodie-et-antoine.fr\/ra\/index.php?rest_route=%2Fwp%2Fv2%2Ftags&post=4269"}],"curies":[{"name":"wp","href":"https:\/\/api.w.org\/{rel}","templated":true}]}}