{"id":3727,"date":"2024-01-17T18:00:00","date_gmt":"2024-01-17T17:00:00","guid":{"rendered":"http:\/\/www.elodie-et-antoine.fr\/ra\/?p=3727"},"modified":"2024-01-17T11:57:22","modified_gmt":"2024-01-17T10:57:22","slug":"a-la-rencontre-de-jean-baptiste-dezat","status":"publish","type":"post","link":"https:\/\/www.elodie-et-antoine.fr\/ra\/?p=3727","title":{"rendered":"A la rencontre de Jean Baptiste DEZAT"},"content":{"rendered":"\n<p><em>Pour ce premier g\u00e9n\u00e9anniversaire de l&rsquo;ann\u00e9e 2024, je vous propose de partir \u00e0 la rencontre <a href=\"https:\/\/gw.geneanet.org\/edezat?lang=fr&amp;pz=louis+desire+auguste&amp;nz=dezat&amp;p=jean+baptiste&amp;n=dezat\">Jean Bapstiste DEZAT<\/a>. Assez \u00e9tonnamment, bien que je porte ce m\u00eame patronyme, Jean Baptiste ne figure pas dans ma lign\u00e9e patronymique, mais est pr\u00e9sent dans l&rsquo;arbre de ma maman. Il est mon sosa 1010, vous aviez donc rencontr\u00e9 son p\u00e8re en 2020 lorsque je m&rsquo;\u00e9tais pench\u00e9e sur mon<a href=\"https:\/\/www.elodie-et-antoine.fr\/ra\/?p=2630\" data-type=\"post\" data-id=\"2630\"> sosa 2020<\/a>.<\/em><\/p>\n\n\n\n<p>Jean Baptiste nait le 30 ao\u00fbt 1749 \u00e0 Sury-en-Vaux (18) de Fran\u00e7ois, vigneron, et Marie DELAPORTE, originaire de la commune voisine de Sainte-Gemme.<\/p>\n\n\n\n<p>D\u00e8s le lendemain, il sera baptis\u00e9 en l&rsquo;\u00e9glise de Sury-en-Vaux. Son parrain est son oncle Jean Baptiste DELAPORTE, de qui il tiendra tr\u00e8s certainement son pr\u00e9nom, et sa marraine une certaine Marguerite REVERDY, un patronyme tr\u00e8s commun dans le canton.<\/p>\n\n\n\n<p>Le 17 d\u00e9cembre 1772, il \u00e9pouse Marie Magdeleine FOREST, originaire comme lui de la commune de Sury-en-Vaux. De ce mariage naitrons huit enfants, dont l&rsquo;a\u00een\u00e9e Magdeleine, qui est mon a\u00efeule.<\/p>\n\n\n\n<p>J&rsquo;apprends, au d\u00e9tour de l&rsquo;acte de mariage de son fils Louis, qu&rsquo;en 1813 il vit avec sa femme au hameau de la Vall\u00e9e. Louis, le dernier enfant qui restait avec eux, prendra ensuite son envol pour fonder sa propre famille.<\/p>\n\n\n\n<figure class=\"wp-block-image size-full\"><a href=\"https:\/\/www.elodie-et-antoine.fr\/ra\/wp-content\/uploads\/2024\/01\/SV-Vallee.jpg\"><img loading=\"lazy\" decoding=\"async\" width=\"1024\" height=\"649\" src=\"https:\/\/www.elodie-et-antoine.fr\/ra\/wp-content\/uploads\/2024\/01\/SV-Vallee.jpg\" alt=\"\" class=\"wp-image-3729\" srcset=\"https:\/\/www.elodie-et-antoine.fr\/ra\/wp-content\/uploads\/2024\/01\/SV-Vallee.jpg 1024w, https:\/\/www.elodie-et-antoine.fr\/ra\/wp-content\/uploads\/2024\/01\/SV-Vallee-300x190.jpg 300w, https:\/\/www.elodie-et-antoine.fr\/ra\/wp-content\/uploads\/2024\/01\/SV-Vallee-768x487.jpg 768w, https:\/\/www.elodie-et-antoine.fr\/ra\/wp-content\/uploads\/2024\/01\/SV-Vallee-426x270.jpg 426w\" sizes=\"auto, (max-width: 1024px) 100vw, 1024px\" \/><\/a><figcaption class=\"wp-element-caption\">Sury-en-Vaux &#8211; Hameau de la Vall\u00e9e &#8211; 6Fi &#8211; Archives d\u00e9partementales du Cher<\/figcaption><\/figure>\n\n\n\n<p>C&rsquo;est dans ce hameau de la Vall\u00e9e que sa femme d\u00e9c\u00e8dera le 29 novembre 1818 \u00e0 l&rsquo;\u00e2ge de 72 ans. Leur fils \u00c9tienne, vigneron, se rendra \u00e0 la mairie d\u00e9clarer le d\u00e9c\u00e8s.<\/p>\n\n\n\n<p>Jean Baptiste vivra malheureusement au cours de sa vie le d\u00e9c\u00e8s de plusieurs de ses enfants : Jean, Pierre et Jeanne qui n&rsquo;\u00e9taient \u00e2g\u00e9s que de quelques jours. Mais aussi le d\u00e9c\u00e8s de Magdeleine, mon a\u00efeule morte en couches en mettant au monde son troisi\u00e8me enfant, une petite fille. Mais il verra aussi la naissance du petit-fils qui portera le m\u00eame patronyme \u00ab\u00a0Jean Baptiste\u00a0\u00bben 1814, fils de Jean.<\/p>\n\n\n\n<figure class=\"wp-block-image size-full\"><a href=\"https:\/\/www.elodie-et-antoine.fr\/ra\/wp-content\/uploads\/2024\/01\/Copie-de-Arbre-Beaunez.jpg\"><img loading=\"lazy\" decoding=\"async\" width=\"801\" height=\"540\" src=\"https:\/\/www.elodie-et-antoine.fr\/ra\/wp-content\/uploads\/2024\/01\/Copie-de-Arbre-Beaunez.jpg\" alt=\"\" class=\"wp-image-3732\" srcset=\"https:\/\/www.elodie-et-antoine.fr\/ra\/wp-content\/uploads\/2024\/01\/Copie-de-Arbre-Beaunez.jpg 801w, https:\/\/www.elodie-et-antoine.fr\/ra\/wp-content\/uploads\/2024\/01\/Copie-de-Arbre-Beaunez-300x202.jpg 300w, https:\/\/www.elodie-et-antoine.fr\/ra\/wp-content\/uploads\/2024\/01\/Copie-de-Arbre-Beaunez-768x518.jpg 768w, https:\/\/www.elodie-et-antoine.fr\/ra\/wp-content\/uploads\/2024\/01\/Copie-de-Arbre-Beaunez-401x270.jpg 401w\" sizes=\"auto, (max-width: 801px) 100vw, 801px\" \/><\/a><\/figure>\n\n\n\n<p>Ce sera au tour de Jean Baptiste de quitter ce monde le 17 janvier 1824, mais cette fois-ci au hameau d&rsquo;Orl\u00e9ans o\u00f9 v\u00e9curent plusieurs de mes anc\u00eatres, mais de ma branche patronymique cette fois. Deux de ses fils iront d\u00e9clarer le d\u00e9c\u00e8s en mairie : Jean, vigneron \u00e0 Orl\u00e9ans chez qui il vivait peut-\u00eatre, et Louis, meunier au moulin de Panquelaine.<\/p>\n\n\n\n<figure class=\"wp-block-image size-full\"><a href=\"https:\/\/www.elodie-et-antoine.fr\/ra\/wp-content\/uploads\/2024\/01\/Localisation-DEZAT-JB.jpg\"><img loading=\"lazy\" decoding=\"async\" width=\"997\" height=\"700\" src=\"https:\/\/www.elodie-et-antoine.fr\/ra\/wp-content\/uploads\/2024\/01\/Localisation-DEZAT-JB.jpg\" alt=\"\" class=\"wp-image-3731\" srcset=\"https:\/\/www.elodie-et-antoine.fr\/ra\/wp-content\/uploads\/2024\/01\/Localisation-DEZAT-JB.jpg 997w, https:\/\/www.elodie-et-antoine.fr\/ra\/wp-content\/uploads\/2024\/01\/Localisation-DEZAT-JB-300x211.jpg 300w, https:\/\/www.elodie-et-antoine.fr\/ra\/wp-content\/uploads\/2024\/01\/Localisation-DEZAT-JB-768x539.jpg 768w, https:\/\/www.elodie-et-antoine.fr\/ra\/wp-content\/uploads\/2024\/01\/Localisation-DEZAT-JB-385x270.jpg 385w\" sizes=\"auto, (max-width: 997px) 100vw, 997px\" \/><\/a><figcaption class=\"wp-element-caption\">Localisation des lieux cit\u00e9s dans l&rsquo;article<\/figcaption><\/figure>\n","protected":false},"excerpt":{"rendered":"<p>Pour ce premier g\u00e9n\u00e9anniversaire de l&rsquo;ann\u00e9e 2024, je vous propose de partir \u00e0 la rencontre Jean Bapstiste DEZAT. Assez \u00e9tonnamment, bien que je porte ce m\u00eame patronyme, Jean Baptiste ne figure pas dans ma lign\u00e9e patronymique, mais est pr\u00e9sent dans l&rsquo;arbre de ma maman. Il est mon sosa 1010, vous aviez donc rencontr\u00e9 son p\u00e8re en 2020 lorsque je m&rsquo;\u00e9tais pench\u00e9e sur mon sosa 2020. Jean Baptiste nait le 30 ao\u00fbt 1749 \u00e0 Sury-en-Vaux (18) de Fran\u00e7ois, vigneron, et Marie DELAPORTE, originaire de la commune voisine de Sainte-Gemme. D\u00e8s le lendemain, il sera baptis\u00e9 en l&rsquo;\u00e9glise de Sury-en-Vaux. Son parrain est son oncle Jean Baptiste DELAPORTE, de qui il tiendra tr\u00e8s certainement son pr\u00e9nom, et sa marraine une certaine Marguerite REVERDY, un patronyme tr\u00e8s commun dans le canton. Le 17 d\u00e9cembre 1772, il \u00e9pouse Marie Magdeleine FOREST, originaire comme lui de la commune de Sury-en-Vaux. De ce mariage naitrons huit enfants, dont l&rsquo;a\u00een\u00e9e Magdeleine, qui est mon a\u00efeule. J&rsquo;apprends, au d\u00e9tour de l&rsquo;acte de mariage de son fils Louis, qu&rsquo;en 1813 il vit avec sa femme au hameau de la Vall\u00e9e. Louis, le dernier enfant qui restait avec eux, prendra ensuite son envol pour fonder sa propre famille. C&rsquo;est dans ce hameau de la Vall\u00e9e que sa femme d\u00e9c\u00e8dera le 29 novembre 1818 \u00e0 l&rsquo;\u00e2ge de 72 ans. Leur fils \u00c9tienne, vigneron, se rendra \u00e0 la mairie d\u00e9clarer le d\u00e9c\u00e8s. Jean Baptiste vivra malheureusement au cours de sa vie le d\u00e9c\u00e8s de plusieurs de ses enfants : Jean, Pierre et Jeanne qui n&rsquo;\u00e9taient \u00e2g\u00e9s que de quelques jours. Mais aussi le d\u00e9c\u00e8s de Magdeleine, mon a\u00efeule morte en couches en mettant au monde son troisi\u00e8me enfant, une petite fille. Mais il verra aussi la naissance du petit-fils qui portera le m\u00eame patronyme \u00ab\u00a0Jean Baptiste\u00a0\u00bben 1814, fils de Jean. Ce sera au tour de Jean Baptiste de quitter ce monde le 17 janvier 1824, mais cette fois-ci au hameau d&rsquo;Orl\u00e9ans o\u00f9 v\u00e9curent plusieurs de mes anc\u00eatres, mais de ma branche patronymique cette fois. Deux de ses fils iront d\u00e9clarer le d\u00e9c\u00e8s en mairie : Jean, vigneron \u00e0 Orl\u00e9ans chez qui il vivait peut-\u00eatre, et Louis, meunier au moulin de Panquelaine.<\/p>\n","protected":false},"author":1,"featured_media":0,"comment_status":"open","ping_status":"open","sticky":false,"template":"","format":"standard","meta":{"_exactmetrics_skip_tracking":false,"_exactmetrics_sitenote_active":false,"_exactmetrics_sitenote_note":"","_exactmetrics_sitenote_category":0,"jetpack_post_was_ever_published":false,"_jetpack_newsletter_access":"","_jetpack_dont_email_post_to_subs":false,"_jetpack_newsletter_tier_id":0,"_jetpack_memberships_contains_paywalled_content":false,"_jetpack_memberships_contains_paid_content":false,"footnotes":""},"categories":[26],"tags":[311],"class_list":["post-3727","post","type-post","status-publish","format-standard","hentry","category-mes-ancetres","tag-geneanniversaire"],"yoast_head":"<!-- This site is optimized with the Yoast SEO plugin v27.0 - https:\/\/yoast.com\/product\/yoast-seo-wordpress\/ -->\n<title>A la rencontre de Jean Baptiste DEZAT - Rencontre avec mes anc\u00eatres<\/title>\n<meta name=\"robots\" content=\"index, follow, max-snippet:-1, max-image-preview:large, max-video-preview:-1\" \/>\n<link rel=\"canonical\" href=\"https:\/\/www.elodie-et-antoine.fr\/ra\/?p=3727\" \/>\n<meta property=\"og:locale\" content=\"fr_FR\" \/>\n<meta property=\"og:type\" content=\"article\" \/>\n<meta property=\"og:title\" content=\"A la rencontre de Jean Baptiste DEZAT - Rencontre avec mes anc\u00eatres\" \/>\n<meta property=\"og:description\" content=\"Pour ce premier g\u00e9n\u00e9anniversaire de l&rsquo;ann\u00e9e 2024, je vous propose de partir \u00e0 la rencontre Jean Bapstiste DEZAT. Assez \u00e9tonnamment, bien que je porte ce m\u00eame patronyme, Jean Baptiste ne figure pas dans ma lign\u00e9e patronymique, mais est pr\u00e9sent dans l&rsquo;arbre de ma maman. Il est mon sosa 1010, vous aviez donc rencontr\u00e9 son p\u00e8re en 2020 lorsque je m&rsquo;\u00e9tais pench\u00e9e sur mon sosa 2020. Jean Baptiste nait le 30 ao\u00fbt 1749 \u00e0 Sury-en-Vaux (18) de Fran\u00e7ois, vigneron, et Marie DELAPORTE, originaire de la commune voisine de Sainte-Gemme. D\u00e8s le lendemain, il sera baptis\u00e9 en l&rsquo;\u00e9glise de Sury-en-Vaux. Son parrain est son oncle Jean Baptiste DELAPORTE, de qui il tiendra tr\u00e8s certainement son pr\u00e9nom, et sa marraine une certaine Marguerite REVERDY, un patronyme tr\u00e8s commun dans le canton. Le 17 d\u00e9cembre 1772, il \u00e9pouse Marie Magdeleine FOREST, originaire comme lui de la commune de Sury-en-Vaux. De ce mariage naitrons huit enfants, dont l&rsquo;a\u00een\u00e9e Magdeleine, qui est mon a\u00efeule. J&rsquo;apprends, au d\u00e9tour de l&rsquo;acte de mariage de son fils Louis, qu&rsquo;en 1813 il vit avec sa femme au hameau de la Vall\u00e9e. Louis, le dernier enfant qui restait avec eux, prendra ensuite son envol pour fonder sa propre famille. C&rsquo;est dans ce hameau de la Vall\u00e9e que sa femme d\u00e9c\u00e8dera le 29 novembre 1818 \u00e0 l&rsquo;\u00e2ge de 72 ans. Leur fils \u00c9tienne, vigneron, se rendra \u00e0 la mairie d\u00e9clarer le d\u00e9c\u00e8s. Jean Baptiste vivra malheureusement au cours de sa vie le d\u00e9c\u00e8s de plusieurs de ses enfants : Jean, Pierre et Jeanne qui n&rsquo;\u00e9taient \u00e2g\u00e9s que de quelques jours. Mais aussi le d\u00e9c\u00e8s de Magdeleine, mon a\u00efeule morte en couches en mettant au monde son troisi\u00e8me enfant, une petite fille. Mais il verra aussi la naissance du petit-fils qui portera le m\u00eame patronyme \u00ab\u00a0Jean Baptiste\u00a0\u00bben 1814, fils de Jean. Ce sera au tour de Jean Baptiste de quitter ce monde le 17 janvier 1824, mais cette fois-ci au hameau d&rsquo;Orl\u00e9ans o\u00f9 v\u00e9curent plusieurs de mes anc\u00eatres, mais de ma branche patronymique cette fois. Deux de ses fils iront d\u00e9clarer le d\u00e9c\u00e8s en mairie : Jean, vigneron \u00e0 Orl\u00e9ans chez qui il vivait peut-\u00eatre, et Louis, meunier au moulin de Panquelaine.\" \/>\n<meta property=\"og:url\" content=\"https:\/\/www.elodie-et-antoine.fr\/ra\/?p=3727\" \/>\n<meta property=\"og:site_name\" content=\"Rencontre avec mes anc\u00eatres\" \/>\n<meta property=\"article:publisher\" content=\"https:\/\/www.facebook.com\/rencontreancetres\" \/>\n<meta property=\"article:published_time\" content=\"2024-01-17T17:00:00+00:00\" \/>\n<meta property=\"og:image\" content=\"http:\/\/www.elodie-et-antoine.fr\/ra\/wp-content\/uploads\/2024\/01\/SV-Vallee.jpg\" \/>\n<meta name=\"author\" content=\"Elodie\" \/>\n<meta name=\"twitter:card\" content=\"summary_large_image\" \/>\n<meta name=\"twitter:creator\" content=\"@lodeetwit\" \/>\n<meta name=\"twitter:site\" content=\"@lodeetwit\" \/>\n<meta name=\"twitter:label1\" content=\"\u00c9crit par\" \/>\n\t<meta name=\"twitter:data1\" content=\"Elodie\" \/>\n\t<meta name=\"twitter:label2\" content=\"Dur\u00e9e de lecture estim\u00e9e\" \/>\n\t<meta name=\"twitter:data2\" content=\"2 minutes\" \/>\n<script type=\"application\/ld+json\" class=\"yoast-schema-graph\">{\"@context\":\"https:\/\/schema.org\",\"@graph\":[{\"@type\":\"Article\",\"@id\":\"https:\/\/www.elodie-et-antoine.fr\/ra\/?p=3727#article\",\"isPartOf\":{\"@id\":\"https:\/\/www.elodie-et-antoine.fr\/ra\/?p=3727\"},\"author\":{\"name\":\"Elodie\",\"@id\":\"https:\/\/www.elodie-et-antoine.fr\/ra\/#\/schema\/person\/50e9be10104b0e8a3c0f55df181b9b56\"},\"headline\":\"A la rencontre de Jean Baptiste DEZAT\",\"datePublished\":\"2024-01-17T17:00:00+00:00\",\"mainEntityOfPage\":{\"@id\":\"https:\/\/www.elodie-et-antoine.fr\/ra\/?p=3727\"},\"wordCount\":412,\"commentCount\":2,\"publisher\":{\"@id\":\"https:\/\/www.elodie-et-antoine.fr\/ra\/#organization\"},\"image\":{\"@id\":\"https:\/\/www.elodie-et-antoine.fr\/ra\/?p=3727#primaryimage\"},\"thumbnailUrl\":\"http:\/\/www.elodie-et-antoine.fr\/ra\/wp-content\/uploads\/2024\/01\/SV-Vallee.jpg\",\"keywords\":[\"g\u00e9n\u00e9anniversaire\"],\"articleSection\":[\"Mes anc\u00eatres\"],\"inLanguage\":\"fr-FR\",\"potentialAction\":[{\"@type\":\"CommentAction\",\"name\":\"Comment\",\"target\":[\"https:\/\/www.elodie-et-antoine.fr\/ra\/?p=3727#respond\"]}]},{\"@type\":\"WebPage\",\"@id\":\"https:\/\/www.elodie-et-antoine.fr\/ra\/?p=3727\",\"url\":\"https:\/\/www.elodie-et-antoine.fr\/ra\/?p=3727\",\"name\":\"A la rencontre de Jean Baptiste DEZAT - Rencontre avec mes anc\u00eatres\",\"isPartOf\":{\"@id\":\"https:\/\/www.elodie-et-antoine.fr\/ra\/#website\"},\"primaryImageOfPage\":{\"@id\":\"https:\/\/www.elodie-et-antoine.fr\/ra\/?p=3727#primaryimage\"},\"image\":{\"@id\":\"https:\/\/www.elodie-et-antoine.fr\/ra\/?p=3727#primaryimage\"},\"thumbnailUrl\":\"http:\/\/www.elodie-et-antoine.fr\/ra\/wp-content\/uploads\/2024\/01\/SV-Vallee.jpg\",\"datePublished\":\"2024-01-17T17:00:00+00:00\",\"breadcrumb\":{\"@id\":\"https:\/\/www.elodie-et-antoine.fr\/ra\/?p=3727#breadcrumb\"},\"inLanguage\":\"fr-FR\",\"potentialAction\":[{\"@type\":\"ReadAction\",\"target\":[\"https:\/\/www.elodie-et-antoine.fr\/ra\/?p=3727\"]}]},{\"@type\":\"ImageObject\",\"inLanguage\":\"fr-FR\",\"@id\":\"https:\/\/www.elodie-et-antoine.fr\/ra\/?p=3727#primaryimage\",\"url\":\"http:\/\/www.elodie-et-antoine.fr\/ra\/wp-content\/uploads\/2024\/01\/SV-Vallee.jpg\",\"contentUrl\":\"http:\/\/www.elodie-et-antoine.fr\/ra\/wp-content\/uploads\/2024\/01\/SV-Vallee.jpg\"},{\"@type\":\"BreadcrumbList\",\"@id\":\"https:\/\/www.elodie-et-antoine.fr\/ra\/?p=3727#breadcrumb\",\"itemListElement\":[{\"@type\":\"ListItem\",\"position\":1,\"name\":\"Accueil\",\"item\":\"https:\/\/www.elodie-et-antoine.fr\/ra\"},{\"@type\":\"ListItem\",\"position\":2,\"name\":\"A la rencontre de Jean Baptiste DEZAT\"}]},{\"@type\":\"WebSite\",\"@id\":\"https:\/\/www.elodie-et-antoine.fr\/ra\/#website\",\"url\":\"https:\/\/www.elodie-et-antoine.fr\/ra\/\",\"name\":\"Rencontre avec mes anc\u00eatres\",\"description\":\"Rencontre avec mes anc\u00eatres\",\"publisher\":{\"@id\":\"https:\/\/www.elodie-et-antoine.fr\/ra\/#organization\"},\"potentialAction\":[{\"@type\":\"SearchAction\",\"target\":{\"@type\":\"EntryPoint\",\"urlTemplate\":\"https:\/\/www.elodie-et-antoine.fr\/ra\/?s={search_term_string}\"},\"query-input\":{\"@type\":\"PropertyValueSpecification\",\"valueRequired\":true,\"valueName\":\"search_term_string\"}}],\"inLanguage\":\"fr-FR\"},{\"@type\":\"Organization\",\"@id\":\"https:\/\/www.elodie-et-antoine.fr\/ra\/#organization\",\"name\":\"Rencontre avec mes anc\u00eatres\",\"url\":\"https:\/\/www.elodie-et-antoine.fr\/ra\/\",\"logo\":{\"@type\":\"ImageObject\",\"inLanguage\":\"fr-FR\",\"@id\":\"https:\/\/www.elodie-et-antoine.fr\/ra\/#\/schema\/logo\/image\/\",\"url\":\"https:\/\/www.elodie-et-antoine.fr\/ra\/wp-content\/uploads\/2024\/02\/Logo-detoure.png\",\"contentUrl\":\"https:\/\/www.elodie-et-antoine.fr\/ra\/wp-content\/uploads\/2024\/02\/Logo-detoure.png\",\"width\":500,\"height\":500,\"caption\":\"Rencontre avec mes anc\u00eatres\"},\"image\":{\"@id\":\"https:\/\/www.elodie-et-antoine.fr\/ra\/#\/schema\/logo\/image\/\"},\"sameAs\":[\"https:\/\/www.facebook.com\/rencontreancetres\",\"https:\/\/x.com\/lodeetwit\"]},{\"@type\":\"Person\",\"@id\":\"https:\/\/www.elodie-et-antoine.fr\/ra\/#\/schema\/person\/50e9be10104b0e8a3c0f55df181b9b56\",\"name\":\"Elodie\",\"image\":{\"@type\":\"ImageObject\",\"inLanguage\":\"fr-FR\",\"@id\":\"https:\/\/www.elodie-et-antoine.fr\/ra\/#\/schema\/person\/image\/\",\"url\":\"https:\/\/secure.gravatar.com\/avatar\/1ee5777faed60801dee6c0665d8f4bb2cfd6d4bf6ab052dbbc40be268a652c31?s=96&d=mm&r=g\",\"contentUrl\":\"https:\/\/secure.gravatar.com\/avatar\/1ee5777faed60801dee6c0665d8f4bb2cfd6d4bf6ab052dbbc40be268a652c31?s=96&d=mm&r=g\",\"caption\":\"Elodie\"},\"url\":\"https:\/\/www.elodie-et-antoine.fr\/ra\/?author=1\"}]}<\/script>\n<!-- \/ Yoast SEO plugin. -->","yoast_head_json":{"title":"A la rencontre de Jean Baptiste DEZAT - Rencontre avec mes anc\u00eatres","robots":{"index":"index","follow":"follow","max-snippet":"max-snippet:-1","max-image-preview":"max-image-preview:large","max-video-preview":"max-video-preview:-1"},"canonical":"https:\/\/www.elodie-et-antoine.fr\/ra\/?p=3727","og_locale":"fr_FR","og_type":"article","og_title":"A la rencontre de Jean Baptiste DEZAT - Rencontre avec mes anc\u00eatres","og_description":"Pour ce premier g\u00e9n\u00e9anniversaire de l&rsquo;ann\u00e9e 2024, je vous propose de partir \u00e0 la rencontre Jean Bapstiste DEZAT. Assez \u00e9tonnamment, bien que je porte ce m\u00eame patronyme, Jean Baptiste ne figure pas dans ma lign\u00e9e patronymique, mais est pr\u00e9sent dans l&rsquo;arbre de ma maman. Il est mon sosa 1010, vous aviez donc rencontr\u00e9 son p\u00e8re en 2020 lorsque je m&rsquo;\u00e9tais pench\u00e9e sur mon sosa 2020. Jean Baptiste nait le 30 ao\u00fbt 1749 \u00e0 Sury-en-Vaux (18) de Fran\u00e7ois, vigneron, et Marie DELAPORTE, originaire de la commune voisine de Sainte-Gemme. D\u00e8s le lendemain, il sera baptis\u00e9 en l&rsquo;\u00e9glise de Sury-en-Vaux. Son parrain est son oncle Jean Baptiste DELAPORTE, de qui il tiendra tr\u00e8s certainement son pr\u00e9nom, et sa marraine une certaine Marguerite REVERDY, un patronyme tr\u00e8s commun dans le canton. Le 17 d\u00e9cembre 1772, il \u00e9pouse Marie Magdeleine FOREST, originaire comme lui de la commune de Sury-en-Vaux. De ce mariage naitrons huit enfants, dont l&rsquo;a\u00een\u00e9e Magdeleine, qui est mon a\u00efeule. J&rsquo;apprends, au d\u00e9tour de l&rsquo;acte de mariage de son fils Louis, qu&rsquo;en 1813 il vit avec sa femme au hameau de la Vall\u00e9e. Louis, le dernier enfant qui restait avec eux, prendra ensuite son envol pour fonder sa propre famille. C&rsquo;est dans ce hameau de la Vall\u00e9e que sa femme d\u00e9c\u00e8dera le 29 novembre 1818 \u00e0 l&rsquo;\u00e2ge de 72 ans. Leur fils \u00c9tienne, vigneron, se rendra \u00e0 la mairie d\u00e9clarer le d\u00e9c\u00e8s. Jean Baptiste vivra malheureusement au cours de sa vie le d\u00e9c\u00e8s de plusieurs de ses enfants : Jean, Pierre et Jeanne qui n&rsquo;\u00e9taient \u00e2g\u00e9s que de quelques jours. Mais aussi le d\u00e9c\u00e8s de Magdeleine, mon a\u00efeule morte en couches en mettant au monde son troisi\u00e8me enfant, une petite fille. Mais il verra aussi la naissance du petit-fils qui portera le m\u00eame patronyme \u00ab\u00a0Jean Baptiste\u00a0\u00bben 1814, fils de Jean. Ce sera au tour de Jean Baptiste de quitter ce monde le 17 janvier 1824, mais cette fois-ci au hameau d&rsquo;Orl\u00e9ans o\u00f9 v\u00e9curent plusieurs de mes anc\u00eatres, mais de ma branche patronymique cette fois. Deux de ses fils iront d\u00e9clarer le d\u00e9c\u00e8s en mairie : Jean, vigneron \u00e0 Orl\u00e9ans chez qui il vivait peut-\u00eatre, et Louis, meunier au moulin de Panquelaine.","og_url":"https:\/\/www.elodie-et-antoine.fr\/ra\/?p=3727","og_site_name":"Rencontre avec mes anc\u00eatres","article_publisher":"https:\/\/www.facebook.com\/rencontreancetres","article_published_time":"2024-01-17T17:00:00+00:00","og_image":[{"url":"http:\/\/www.elodie-et-antoine.fr\/ra\/wp-content\/uploads\/2024\/01\/SV-Vallee.jpg","type":"","width":"","height":""}],"author":"Elodie","twitter_card":"summary_large_image","twitter_creator":"@lodeetwit","twitter_site":"@lodeetwit","twitter_misc":{"\u00c9crit par":"Elodie","Dur\u00e9e de lecture estim\u00e9e":"2 minutes"},"schema":{"@context":"https:\/\/schema.org","@graph":[{"@type":"Article","@id":"https:\/\/www.elodie-et-antoine.fr\/ra\/?p=3727#article","isPartOf":{"@id":"https:\/\/www.elodie-et-antoine.fr\/ra\/?p=3727"},"author":{"name":"Elodie","@id":"https:\/\/www.elodie-et-antoine.fr\/ra\/#\/schema\/person\/50e9be10104b0e8a3c0f55df181b9b56"},"headline":"A la rencontre de Jean Baptiste DEZAT","datePublished":"2024-01-17T17:00:00+00:00","mainEntityOfPage":{"@id":"https:\/\/www.elodie-et-antoine.fr\/ra\/?p=3727"},"wordCount":412,"commentCount":2,"publisher":{"@id":"https:\/\/www.elodie-et-antoine.fr\/ra\/#organization"},"image":{"@id":"https:\/\/www.elodie-et-antoine.fr\/ra\/?p=3727#primaryimage"},"thumbnailUrl":"http:\/\/www.elodie-et-antoine.fr\/ra\/wp-content\/uploads\/2024\/01\/SV-Vallee.jpg","keywords":["g\u00e9n\u00e9anniversaire"],"articleSection":["Mes anc\u00eatres"],"inLanguage":"fr-FR","potentialAction":[{"@type":"CommentAction","name":"Comment","target":["https:\/\/www.elodie-et-antoine.fr\/ra\/?p=3727#respond"]}]},{"@type":"WebPage","@id":"https:\/\/www.elodie-et-antoine.fr\/ra\/?p=3727","url":"https:\/\/www.elodie-et-antoine.fr\/ra\/?p=3727","name":"A la rencontre de Jean Baptiste DEZAT - Rencontre avec mes anc\u00eatres","isPartOf":{"@id":"https:\/\/www.elodie-et-antoine.fr\/ra\/#website"},"primaryImageOfPage":{"@id":"https:\/\/www.elodie-et-antoine.fr\/ra\/?p=3727#primaryimage"},"image":{"@id":"https:\/\/www.elodie-et-antoine.fr\/ra\/?p=3727#primaryimage"},"thumbnailUrl":"http:\/\/www.elodie-et-antoine.fr\/ra\/wp-content\/uploads\/2024\/01\/SV-Vallee.jpg","datePublished":"2024-01-17T17:00:00+00:00","breadcrumb":{"@id":"https:\/\/www.elodie-et-antoine.fr\/ra\/?p=3727#breadcrumb"},"inLanguage":"fr-FR","potentialAction":[{"@type":"ReadAction","target":["https:\/\/www.elodie-et-antoine.fr\/ra\/?p=3727"]}]},{"@type":"ImageObject","inLanguage":"fr-FR","@id":"https:\/\/www.elodie-et-antoine.fr\/ra\/?p=3727#primaryimage","url":"http:\/\/www.elodie-et-antoine.fr\/ra\/wp-content\/uploads\/2024\/01\/SV-Vallee.jpg","contentUrl":"http:\/\/www.elodie-et-antoine.fr\/ra\/wp-content\/uploads\/2024\/01\/SV-Vallee.jpg"},{"@type":"BreadcrumbList","@id":"https:\/\/www.elodie-et-antoine.fr\/ra\/?p=3727#breadcrumb","itemListElement":[{"@type":"ListItem","position":1,"name":"Accueil","item":"https:\/\/www.elodie-et-antoine.fr\/ra"},{"@type":"ListItem","position":2,"name":"A la rencontre de Jean Baptiste DEZAT"}]},{"@type":"WebSite","@id":"https:\/\/www.elodie-et-antoine.fr\/ra\/#website","url":"https:\/\/www.elodie-et-antoine.fr\/ra\/","name":"Rencontre avec mes anc\u00eatres","description":"Rencontre avec mes anc\u00eatres","publisher":{"@id":"https:\/\/www.elodie-et-antoine.fr\/ra\/#organization"},"potentialAction":[{"@type":"SearchAction","target":{"@type":"EntryPoint","urlTemplate":"https:\/\/www.elodie-et-antoine.fr\/ra\/?s={search_term_string}"},"query-input":{"@type":"PropertyValueSpecification","valueRequired":true,"valueName":"search_term_string"}}],"inLanguage":"fr-FR"},{"@type":"Organization","@id":"https:\/\/www.elodie-et-antoine.fr\/ra\/#organization","name":"Rencontre avec mes anc\u00eatres","url":"https:\/\/www.elodie-et-antoine.fr\/ra\/","logo":{"@type":"ImageObject","inLanguage":"fr-FR","@id":"https:\/\/www.elodie-et-antoine.fr\/ra\/#\/schema\/logo\/image\/","url":"https:\/\/www.elodie-et-antoine.fr\/ra\/wp-content\/uploads\/2024\/02\/Logo-detoure.png","contentUrl":"https:\/\/www.elodie-et-antoine.fr\/ra\/wp-content\/uploads\/2024\/02\/Logo-detoure.png","width":500,"height":500,"caption":"Rencontre avec mes anc\u00eatres"},"image":{"@id":"https:\/\/www.elodie-et-antoine.fr\/ra\/#\/schema\/logo\/image\/"},"sameAs":["https:\/\/www.facebook.com\/rencontreancetres","https:\/\/x.com\/lodeetwit"]},{"@type":"Person","@id":"https:\/\/www.elodie-et-antoine.fr\/ra\/#\/schema\/person\/50e9be10104b0e8a3c0f55df181b9b56","name":"Elodie","image":{"@type":"ImageObject","inLanguage":"fr-FR","@id":"https:\/\/www.elodie-et-antoine.fr\/ra\/#\/schema\/person\/image\/","url":"https:\/\/secure.gravatar.com\/avatar\/1ee5777faed60801dee6c0665d8f4bb2cfd6d4bf6ab052dbbc40be268a652c31?s=96&d=mm&r=g","contentUrl":"https:\/\/secure.gravatar.com\/avatar\/1ee5777faed60801dee6c0665d8f4bb2cfd6d4bf6ab052dbbc40be268a652c31?s=96&d=mm&r=g","caption":"Elodie"},"url":"https:\/\/www.elodie-et-antoine.fr\/ra\/?author=1"}]}},"jetpack_featured_media_url":"","jetpack_sharing_enabled":true,"_links":{"self":[{"href":"https:\/\/www.elodie-et-antoine.fr\/ra\/index.php?rest_route=\/wp\/v2\/posts\/3727","targetHints":{"allow":["GET"]}}],"collection":[{"href":"https:\/\/www.elodie-et-antoine.fr\/ra\/index.php?rest_route=\/wp\/v2\/posts"}],"about":[{"href":"https:\/\/www.elodie-et-antoine.fr\/ra\/index.php?rest_route=\/wp\/v2\/types\/post"}],"author":[{"embeddable":true,"href":"https:\/\/www.elodie-et-antoine.fr\/ra\/index.php?rest_route=\/wp\/v2\/users\/1"}],"replies":[{"embeddable":true,"href":"https:\/\/www.elodie-et-antoine.fr\/ra\/index.php?rest_route=%2Fwp%2Fv2%2Fcomments&post=3727"}],"version-history":[{"count":5,"href":"https:\/\/www.elodie-et-antoine.fr\/ra\/index.php?rest_route=\/wp\/v2\/posts\/3727\/revisions"}],"predecessor-version":[{"id":3739,"href":"https:\/\/www.elodie-et-antoine.fr\/ra\/index.php?rest_route=\/wp\/v2\/posts\/3727\/revisions\/3739"}],"wp:attachment":[{"href":"https:\/\/www.elodie-et-antoine.fr\/ra\/index.php?rest_route=%2Fwp%2Fv2%2Fmedia&parent=3727"}],"wp:term":[{"taxonomy":"category","embeddable":true,"href":"https:\/\/www.elodie-et-antoine.fr\/ra\/index.php?rest_route=%2Fwp%2Fv2%2Fcategories&post=3727"},{"taxonomy":"post_tag","embeddable":true,"href":"https:\/\/www.elodie-et-antoine.fr\/ra\/index.php?rest_route=%2Fwp%2Fv2%2Ftags&post=3727"}],"curies":[{"name":"wp","href":"https:\/\/api.w.org\/{rel}","templated":true}]}}