{"id":3531,"date":"2023-03-11T09:10:14","date_gmt":"2023-03-11T08:10:14","guid":{"rendered":"http:\/\/www.elodie-et-antoine.fr\/ra\/?p=3531"},"modified":"2023-03-11T09:10:14","modified_gmt":"2023-03-11T08:10:14","slug":"les-archives-de-lasile-de-bourges","status":"publish","type":"post","link":"https:\/\/www.elodie-et-antoine.fr\/ra\/?p=3531","title":{"rendered":"Les archives de l&rsquo;asile de Bourges"},"content":{"rendered":"\n<p>Lors de ma visite aux <a href=\"https:\/\/www.archives18.fr\/\">archives d\u00e9partementales du Cher<\/a> en octobre 2022, j&rsquo;ai pour la premi\u00e8re fois effectu\u00e9 des recherches dans les <strong>archives hospitali\u00e8res<\/strong>, qui comprennent les archives des asiles.<\/p>\n\n\n\n<p>A Bourges, les \u00ab\u00a0ali\u00e9n\u00e9s\u00a0\u00bb furent tout d&rsquo;abord plac\u00e9s \u00e0 l&rsquo;hospice de St Fulgent,  dans un b\u00e2timent aujourd&rsquo;hui r\u00e9affect\u00e9. En 1865 il fut d\u00e9cid\u00e9 de construire un nouvel asile, car comme le pr\u00e9cise un docteur, \u00ab\u00a0les ali\u00e9n\u00e9s ont besoin de d&rsquo;air et de pouvoir travailler\u00a0\u00bb. Le site de Beauregard est choisi ; la construction d\u00e9bute en 1874  et les derniers pavillons sont \u00e9difi\u00e9s en 1895.<\/p>\n\n\n\n<figure class=\"wp-block-image size-large\"><a href=\"https:\/\/www.elodie-et-antoine.fr\/ra\/wp-content\/uploads\/2023\/03\/Doc-80-J-1542.jpg\"><img loading=\"lazy\" decoding=\"async\" width=\"1024\" height=\"543\" src=\"https:\/\/www.elodie-et-antoine.fr\/ra\/wp-content\/uploads\/2023\/03\/Doc-80-J-1542-1024x543.jpg\" alt=\"\" class=\"wp-image-3554\" srcset=\"https:\/\/www.elodie-et-antoine.fr\/ra\/wp-content\/uploads\/2023\/03\/Doc-80-J-1542-1024x543.jpg 1024w, https:\/\/www.elodie-et-antoine.fr\/ra\/wp-content\/uploads\/2023\/03\/Doc-80-J-1542-300x159.jpg 300w, https:\/\/www.elodie-et-antoine.fr\/ra\/wp-content\/uploads\/2023\/03\/Doc-80-J-1542-768x407.jpg 768w, https:\/\/www.elodie-et-antoine.fr\/ra\/wp-content\/uploads\/2023\/03\/Doc-80-J-1542-1536x814.jpg 1536w, https:\/\/www.elodie-et-antoine.fr\/ra\/wp-content\/uploads\/2023\/03\/Doc-80-J-1542-509x270.jpg 509w, https:\/\/www.elodie-et-antoine.fr\/ra\/wp-content\/uploads\/2023\/03\/Doc-80-J-1542.jpg 2000w\" sizes=\"auto, (max-width: 1024px) 100vw, 1024px\" \/><\/a><figcaption>Plan g\u00e9n\u00e9ral de l&rsquo;Asile d&rsquo;ali\u00e9n\u00e9s de Beauregard, fin du XIX\u00e8 si\u00e8cle &#8211; Conseil D\u00e9partemental<\/figcaption><\/figure>\n\n\n\n<p>Mais revenons \u00e0 l&rsquo;asile de St Fulgent pour mes recherches.<\/p>\n\n\n\n<h2 class=\"wp-block-heading\">Les listes nominatives semestrielles &#8211; l&rsquo;exemple de Jacques BEAUNEZ<\/h2>\n\n\n\n<p>Ces recherches dans les fonds de l&rsquo;asile de Bourges, avaient avant tout pour but de chercher le dossier de <a href=\"https:\/\/www.elodie-et-antoine.fr\/ra\/?p=3029\" data-type=\"post\" data-id=\"3029\">Jacques BEAUNEZ<\/a>, le fr\u00e8re de mon a\u00efeule Rosalie BEAUNEZ, dont je savais qu&rsquo;il avait \u00e9t\u00e9 intern\u00e9 \u00e0 l&rsquo;asile St Fulgent (mention d&rsquo;une facture dans un inventaire apr\u00e8s d\u00e9c\u00e8s) et qu&rsquo;il y \u00e9tait d\u00e9c\u00e9d\u00e9.<\/p>\n\n\n\n<p>Malheureusement les dossiers individuels concernant la p\u00e9riode o\u00f9 il s&rsquo;y trouvait n&rsquo;ont pas \u00e9t\u00e9 conserv\u00e9s. J&rsquo;ai par contre pu consulter les listes semestrielles, envoy\u00e9es deux fois par an au pr\u00e9fet et qui donnaient quelques informations concernant les ali\u00e9n\u00e9s :<\/p>\n\n\n\n<ul class=\"wp-block-list\"><li>Le nom et le pr\u00e9nom de l&rsquo;ali\u00e9n\u00e9<\/li><li>Son num\u00e9ro de matricule<\/li><li>Son \u00e2ge<\/li><li>Son domicile<\/li><li>Son placement : qui a donn\u00e9 l&rsquo;ordre, \u00e0 quelle date et quelle est la date d&rsquo;entr\u00e9e<\/li><li>Des observations : ici des informations sur la dangerosit\u00e9 par exemple<\/li><li>L&rsquo;\u00e9tat mental : sorte de diagnostic tr\u00e8s succinct<\/li><\/ul>\n\n\n\n<p>J&rsquo;ai ainsi appris que Jacques BEAUNEZ a \u00e9t\u00e9 intern\u00e9 \u00e0 la demande du pr\u00e9fet en mars 1872 (malheureusement selon les listes les dates peuvent diff\u00e9rer de quelques jours). Il souffrait de manie chronique, et selon le semestres \u00e9tait ou non dangereux. Ces informations sont moins fournies que celles des dossiers, mais elles m&rsquo;ont permis d&rsquo;en savoir plus sur ce dont il devait souffrir.<\/p>\n\n\n\n<figure class=\"wp-block-image size-large\"><a href=\"https:\/\/www.elodie-et-antoine.fr\/ra\/wp-content\/uploads\/2023\/02\/Semestres-Beaunez.jpg\"><img loading=\"lazy\" decoding=\"async\" width=\"856\" height=\"502\" src=\"https:\/\/www.elodie-et-antoine.fr\/ra\/wp-content\/uploads\/2023\/02\/Semestres-Beaunez.jpg\" alt=\"\" class=\"wp-image-3549\" srcset=\"https:\/\/www.elodie-et-antoine.fr\/ra\/wp-content\/uploads\/2023\/02\/Semestres-Beaunez.jpg 856w, https:\/\/www.elodie-et-antoine.fr\/ra\/wp-content\/uploads\/2023\/02\/Semestres-Beaunez-300x176.jpg 300w, https:\/\/www.elodie-et-antoine.fr\/ra\/wp-content\/uploads\/2023\/02\/Semestres-Beaunez-768x450.jpg 768w, https:\/\/www.elodie-et-antoine.fr\/ra\/wp-content\/uploads\/2023\/02\/Semestres-Beaunez-460x270.jpg 460w\" sizes=\"auto, (max-width: 856px) 100vw, 856px\" \/><\/a><figcaption>Listes semestrielles de l&rsquo;hospice de St Fulgent &#8211; 1866-1875 &#8211; 1X\/368 &#8211; Archives du Cher<\/figcaption><\/figure>\n\n\n\n<h2 class=\"wp-block-heading\">Les dossiers individuels &#8211; l&rsquo;exemple de Jacques TOULLERON<\/h2>\n\n\n\n<p>Bien que n&rsquo;ayant pas trouv\u00e9 de dossier de Jacques BEAUNEZ, j&rsquo;ai feuillet\u00e9 quelques dossiers pour voir ce qu&rsquo;ils pouvaient contenir, et j&rsquo;en ai choisi un au hasard pour vous le pr\u00e9senter.<\/p>\n\n\n\n<p>Le premier \u00e9l\u00e9ment du dossier est le proc\u00e8s verbal d&rsquo;arrestation dress\u00e9 par la gendarmerie. \u00ab\u00a0<em>Arrestation de Mr TOULLERON Jacques, journalier atteint d&rsquo;ali\u00e9nation mentale en vertu d&rsquo;un r\u00e9quisitoire de Mr le maire de la commune de Nan\u00e7ay, pour le conduire au d\u00e9p\u00f4t \u00e0 Bourges.<\/em>\u00a0\u00bb Y sont d\u00e9taill\u00e9es les raisons de l&rsquo;arrestation : une intrusion lors du Conseil Municipal et pr\u00e9c\u00e9demment une altercation chez le cur\u00e9 du village, alors qu&rsquo;il \u00e9tait arm\u00e9 d&rsquo;une faux.<\/p>\n\n\n\n<p>Vient ensuite un bulletin de renseignements fourni par le maire de Nan\u00e7ay. Quelques \u00e9l\u00e9ments int\u00e9ressants pour un g\u00e9n\u00e9alogiste, notamment sur son \u00e9pouse et ses trois enfants \u00e2g\u00e9s de 3 \u00e0 16 ans. On y apprend \u00e9galement que ses parents sont d\u00e9c\u00e9d\u00e9s, et que lui-m\u00eame il est indigent. Quelle triste vie a d\u00fb vivre cette famille&#8230;<\/p>\n\n\n\n<figure class=\"wp-block-image size-large\"><a href=\"https:\/\/www.elodie-et-antoine.fr\/ra\/wp-content\/uploads\/2023\/03\/Bulletin-Toulleron-scaled.jpg\"><img loading=\"lazy\" decoding=\"async\" width=\"1024\" height=\"725\" src=\"https:\/\/www.elodie-et-antoine.fr\/ra\/wp-content\/uploads\/2023\/03\/Bulletin-Toulleron-1024x725.jpg\" alt=\"\" class=\"wp-image-3559\" srcset=\"https:\/\/www.elodie-et-antoine.fr\/ra\/wp-content\/uploads\/2023\/03\/Bulletin-Toulleron-1024x725.jpg 1024w, https:\/\/www.elodie-et-antoine.fr\/ra\/wp-content\/uploads\/2023\/03\/Bulletin-Toulleron-300x213.jpg 300w, https:\/\/www.elodie-et-antoine.fr\/ra\/wp-content\/uploads\/2023\/03\/Bulletin-Toulleron-768x544.jpg 768w, https:\/\/www.elodie-et-antoine.fr\/ra\/wp-content\/uploads\/2023\/03\/Bulletin-Toulleron-1536x1088.jpg 1536w, https:\/\/www.elodie-et-antoine.fr\/ra\/wp-content\/uploads\/2023\/03\/Bulletin-Toulleron-2048x1451.jpg 2048w, https:\/\/www.elodie-et-antoine.fr\/ra\/wp-content\/uploads\/2023\/03\/Bulletin-Toulleron-381x270.jpg 381w\" sizes=\"auto, (max-width: 1024px) 100vw, 1024px\" \/><\/a><figcaption>Dossier de placement de l&rsquo;hospice de St Fulgent &#8211; 1853-1858 &#8211; 1X\/384 &#8211; Archives du Cher<\/figcaption><\/figure>\n\n\n\n<p>Vient ensuite le placement, d\u00e9cid\u00e9 dans un arr\u00eat\u00e9 du 27 mai, le lendemain de l&rsquo;arrestation. On y apprend notamment que Jacques TOULLERON y sera plac\u00e9 aux frais de la commune. Le 28 mai, le m\u00e9decin de l&rsquo;hospice l&rsquo;examine ; il diagnostique une manie chronique motivant un s\u00e9jour \u00e0 l&rsquo;asile.<\/p>\n\n\n\n<p><\/p>\n\n\n\n<p>Deux courriers du maire de la commune de Nan\u00e7ay (l&rsquo;un avant, et l&rsquo;autre apr\u00e8s son placement) justifient la demande qu&rsquo;il a faite. Plusieurs villageois auraient \u00e9t\u00e9 menac\u00e9s de \u00ab\u00a0p\u00e9rir par ses mains\u00a0\u00bb. M\u00eame si jusqu&rsquo;\u00e0 ce jour il n&rsquo;a fait de mal \u00e0 personne, il vagabonde dans la commune avec un \u00ab\u00a0instrument\u00a0\u00bb en main. Voici la transcription du second et dernier courrier envoy\u00e9 par le maire :<\/p>\n\n\n\n<div class=\"wp-block-group has-white-background-color has-background\"><div class=\"wp-block-group__inner-container is-layout-flow wp-block-group-is-layout-flow\">\n<p class=\"has-text-align-center has-black-color has-white-background-color has-text-color has-background\"><em>Par une note que vous avez \u00e9crite sur une lettre que j&rsquo;ai eu l&rsquo;honneur de vous adresser en date du 9 mars dernier, vous m&rsquo;avez autoris\u00e9 \u00e0 prendre les mesures n\u00e9cessaires pour pr\u00e9venir tout accident dans le cas o\u00f9 la folie de Toulleron Jacques habitant de ma commune prendrait un caract\u00e8re dangereux. J&rsquo;ai cru ce moment arriv\u00e9, et j&rsquo;ai requis M le Brigadier de Gendarmerie de Neuvy de l&rsquo;arr\u00eater et de le faire transporter au d\u00e9p\u00f4t de Bourges ; voici ce qui m&rsquo;a d\u00e9cid\u00e9 \u00e0 prendre ce parti :<\/em><\/p>\n\n\n\n<p class=\"has-text-align-center has-black-color has-white-background-color has-text-color has-background\"><em>Toulleron est dot\u00e9 d&rsquo;une force remarquable et se refuse \u00e0 toute esp\u00e8ce de travail, il parcourt les campagnes et se fait nourrir par les habitants du voisinage. Je suis port\u00e9 \u00e0 croire qu&rsquo;il exploite un peu l&rsquo;int\u00e9r\u00eat qu&rsquo;il peut attacher \u00e0 sa position, il n&rsquo;est pas av\u00e9r\u00e9 pour moi qu&rsquo;il soit tout \u00e0 fait aussi insens\u00e9 qu&rsquo;il le para\u00eet. Hier pendant la s\u00e9ance du Conseil de l&rsquo;Hospice, qui a eu lieu \u00e0 la suite de la s\u00e9ance du Conseil Municipal Toulleron s&rsquo;est introduit dans la salle des d\u00e9lib\u00e9rations et pour me d\u00e9barrasser de ses importunit\u00e9s, j&rsquo;ai \u00e9t\u00e9 oblig\u00e9 de lire une lettre qu&rsquo;il m&rsquo;avait d\u00e9j\u00e0 souvent pr\u00e9sent\u00e9e. Je la lui ai rendue en lui disant que cette lettre de disait rien de nouveau sur l&rsquo;affaire [&#8230;]. Il est rest\u00e9 un instant derri\u00e8re ma chaise puis allongeant le bras il s&rsquo;est empar\u00e9 des comptes de l&rsquo;Hospice que le conseil \u00e9tait \u00e0 m\u00eame d&rsquo;examiner, en disant que ces papiers lui appartenaient et que c&rsquo;\u00e9tait son contrat de mariage. J&rsquo;ai eu beaucoup de peine \u00e0 lui reprendre ces papiers, et ce n&rsquo;est que difficilement que nous l&rsquo;avons expuls\u00e9 de la salle des d\u00e9lib\u00e9rations, malgr\u00e9 sa r\u00e9sistance.<\/em><\/p>\n\n\n\n<p class=\"has-text-align-center has-black-color has-white-background-color has-text-color has-background\"><em>J&rsquo;ai pense que, \u00e0 quelque point de vue que l&rsquo;on se place, il \u00e9tait n\u00e9cessaire de le faire arr\u00eater et conduire \u00e0 Bourges : s&rsquo;il est r\u00e9ellement ali\u00e9n\u00e9 pour lui faire subir un traitement, et s&rsquo;il ne l&rsquo;est pas pour lui faire subir au moins quelques jours de pr\u00e9sence.<\/em><\/p>\n<\/div><\/div>\n\n\n\n<p>De ce que j&rsquo;ai pu voir, les dossiers individuels se terminent toujours de deux mani\u00e8res : soit un certificat de d\u00e9c\u00e8s lorsque l&rsquo;ali\u00e9n\u00e9 est d\u00e9c\u00e9d\u00e9 \u00e0 l&rsquo;asile, soit un certificat m\u00e9dical lorsque le m\u00e9decin estimait qu&rsquo;il pouvait rentrer chez lui.<\/p>\n\n\n\n<p>Assez myst\u00e9rieusement le dossier de Jacques TOULLERON contient les deux&#8230; Le 8 juin 1857, soit 10 jours seulement apr\u00e8s son placement, le m\u00e9decin r\u00e9dige un certificat m\u00e9dical dans lequel il estime que Jacques est plus calme et est \u00e0 pr\u00e9sent en \u00e9tat de sortir de l&rsquo;asile. Mais le m\u00eame jour est dress\u00e9 un bulletin de d\u00e9c\u00e8s qui pr\u00e9cise que Jacques TOULLERON s&rsquo;est suicid\u00e9 par strangulation&#8230; \u00c9trange alors qu&rsquo;il allait rentrer chez lui ?<\/p>\n\n\n\n<figure class=\"wp-block-image size-large\"><a href=\"https:\/\/www.elodie-et-antoine.fr\/ra\/wp-content\/uploads\/2023\/03\/Dc-Toulleron.jpg\"><img loading=\"lazy\" decoding=\"async\" width=\"1024\" height=\"530\" src=\"https:\/\/www.elodie-et-antoine.fr\/ra\/wp-content\/uploads\/2023\/03\/Dc-Toulleron.jpg\" alt=\"\" class=\"wp-image-3555\" srcset=\"https:\/\/www.elodie-et-antoine.fr\/ra\/wp-content\/uploads\/2023\/03\/Dc-Toulleron.jpg 1024w, https:\/\/www.elodie-et-antoine.fr\/ra\/wp-content\/uploads\/2023\/03\/Dc-Toulleron-300x155.jpg 300w, https:\/\/www.elodie-et-antoine.fr\/ra\/wp-content\/uploads\/2023\/03\/Dc-Toulleron-768x398.jpg 768w, https:\/\/www.elodie-et-antoine.fr\/ra\/wp-content\/uploads\/2023\/03\/Dc-Toulleron-522x270.jpg 522w\" sizes=\"auto, (max-width: 1024px) 100vw, 1024px\" \/><\/a><\/figure>\n\n\n\n<p class=\"has-white-color has-cyan-bluish-gray-background-color has-text-color has-background\">Pour le d\u00e9partement du Cher, les archives des asiles sont conserv\u00e9es en S\u00e9rie X : Assitance et pr\u00e9voyance sociale \/ 1X &#8211; Administration hospitali\u00e8re. J&rsquo;ai \u00e9galement d\u00e9couvert en r\u00e9digeant cet article qu&rsquo;un b\u00e9n\u00e9vole a pris en photo des dossiers individuels qui ont \u00e9t\u00e9 mis en ligne sur Geneanet ! Le dossier de <a href=\"https:\/\/www.geneanet.org\/registres\/view\/897322\/128?individu_filter=20557966\">Jacques TOULLERON<\/a> y est accessible et a \u00e9t\u00e9 index\u00e9.<\/p>\n\n\n\n<pre class=\"wp-block-preformatted\">Dossiers de placement de l'hospice de St Fulgent - 1853-1858 - 1X\/384 - Archives du Cher.\nListes semestrielles de l'hospice de St Fulgent - 1866-1875 - 1X\/368 et 1876-1881 - 1X\/369 - Archives du Cher.\n<a href=\"https:\/\/www.departement18.fr\/dossier-pedagogique-bourges\/impr\/doc80.html\">D\u00e9partement du Cher<\/a><\/pre>\n","protected":false},"excerpt":{"rendered":"<p>Lors de ma visite aux archives d\u00e9partementales du Cher en octobre 2022, j&rsquo;ai pour la premi\u00e8re fois effectu\u00e9 des recherches dans les archives hospitali\u00e8res, qui comprennent les archives des asiles. A Bourges, les \u00ab\u00a0ali\u00e9n\u00e9s\u00a0\u00bb furent tout d&rsquo;abord plac\u00e9s \u00e0 l&rsquo;hospice de St Fulgent, dans un b\u00e2timent aujourd&rsquo;hui r\u00e9affect\u00e9. En 1865 il fut d\u00e9cid\u00e9 de construire un nouvel asile, car comme le pr\u00e9cise un docteur, \u00ab\u00a0les ali\u00e9n\u00e9s ont besoin de d&rsquo;air et de pouvoir travailler\u00a0\u00bb. Le site de Beauregard est choisi ; la construction d\u00e9bute en 1874 et les derniers pavillons sont \u00e9difi\u00e9s en 1895. Mais revenons \u00e0 l&rsquo;asile de St Fulgent pour mes recherches. Les listes nominatives semestrielles &#8211; l&rsquo;exemple de Jacques BEAUNEZ Ces recherches dans les fonds de l&rsquo;asile de Bourges, avaient avant tout pour but de chercher le dossier de Jacques BEAUNEZ, le fr\u00e8re de mon a\u00efeule Rosalie BEAUNEZ, dont je savais qu&rsquo;il avait \u00e9t\u00e9 intern\u00e9 \u00e0 l&rsquo;asile St Fulgent (mention d&rsquo;une facture dans un inventaire apr\u00e8s d\u00e9c\u00e8s) et qu&rsquo;il y \u00e9tait d\u00e9c\u00e9d\u00e9. Malheureusement les dossiers individuels concernant la p\u00e9riode o\u00f9 il s&rsquo;y trouvait n&rsquo;ont pas \u00e9t\u00e9 conserv\u00e9s. J&rsquo;ai par contre pu consulter les listes semestrielles, envoy\u00e9es deux fois par an au pr\u00e9fet et qui donnaient quelques informations concernant les ali\u00e9n\u00e9s : Le nom et le pr\u00e9nom de l&rsquo;ali\u00e9n\u00e9 Son num\u00e9ro de matricule Son \u00e2ge Son domicile Son placement : qui a donn\u00e9 l&rsquo;ordre, \u00e0 quelle date et quelle est la date d&rsquo;entr\u00e9e Des observations : ici des informations sur la dangerosit\u00e9 par exemple L&rsquo;\u00e9tat mental : sorte de diagnostic tr\u00e8s succinct J&rsquo;ai ainsi appris que Jacques BEAUNEZ a \u00e9t\u00e9 intern\u00e9 \u00e0 la demande du pr\u00e9fet en mars 1872 (malheureusement selon les listes les dates peuvent diff\u00e9rer de quelques jours). Il souffrait de manie chronique, et selon le semestres \u00e9tait ou non dangereux. Ces informations sont moins fournies que celles des dossiers, mais elles m&rsquo;ont permis d&rsquo;en savoir plus sur ce dont il devait souffrir. Les dossiers individuels &#8211; l&rsquo;exemple de Jacques TOULLERON Bien que n&rsquo;ayant pas trouv\u00e9 de dossier de Jacques BEAUNEZ, j&rsquo;ai feuillet\u00e9 quelques dossiers pour voir ce qu&rsquo;ils pouvaient contenir, et j&rsquo;en ai choisi un au hasard pour vous le pr\u00e9senter. Le premier \u00e9l\u00e9ment du dossier est le proc\u00e8s verbal d&rsquo;arrestation dress\u00e9 par la gendarmerie. \u00ab\u00a0Arrestation de Mr TOULLERON Jacques, journalier atteint d&rsquo;ali\u00e9nation mentale en vertu d&rsquo;un r\u00e9quisitoire de Mr le maire de la commune de Nan\u00e7ay, pour le conduire au d\u00e9p\u00f4t \u00e0 Bourges.\u00a0\u00bb Y sont d\u00e9taill\u00e9es les raisons de l&rsquo;arrestation : une intrusion lors du Conseil Municipal et pr\u00e9c\u00e9demment une altercation chez le cur\u00e9 du village, alors qu&rsquo;il \u00e9tait arm\u00e9 d&rsquo;une faux. Vient ensuite un bulletin de renseignements fourni par le maire de Nan\u00e7ay. Quelques \u00e9l\u00e9ments int\u00e9ressants pour un g\u00e9n\u00e9alogiste, notamment sur son \u00e9pouse et ses trois enfants \u00e2g\u00e9s de 3 \u00e0 16 ans. On y apprend \u00e9galement que ses parents sont d\u00e9c\u00e9d\u00e9s, et que lui-m\u00eame il est indigent. Quelle triste vie a d\u00fb vivre cette famille&#8230; Vient ensuite le placement, d\u00e9cid\u00e9 dans un arr\u00eat\u00e9 du 27 mai, le lendemain de l&rsquo;arrestation. On y apprend notamment que Jacques TOULLERON y sera plac\u00e9 aux frais de la commune. Le 28 mai, le m\u00e9decin de l&rsquo;hospice l&rsquo;examine ; il diagnostique une manie chronique motivant un s\u00e9jour \u00e0 l&rsquo;asile. Deux courriers du maire de la commune de Nan\u00e7ay (l&rsquo;un avant, et l&rsquo;autre apr\u00e8s son placement) justifient la demande qu&rsquo;il a faite. Plusieurs villageois auraient \u00e9t\u00e9 menac\u00e9s de \u00ab\u00a0p\u00e9rir par ses mains\u00a0\u00bb. M\u00eame si jusqu&rsquo;\u00e0 ce jour il n&rsquo;a fait de mal \u00e0 personne, il vagabonde dans la commune avec un \u00ab\u00a0instrument\u00a0\u00bb en main. Voici la transcription du second et dernier courrier envoy\u00e9 par le maire : Par une note que vous avez \u00e9crite sur une lettre que j&rsquo;ai eu l&rsquo;honneur de vous adresser en date du 9 mars dernier, vous m&rsquo;avez autoris\u00e9 \u00e0 prendre les mesures n\u00e9cessaires pour pr\u00e9venir tout accident dans le cas o\u00f9 la folie de Toulleron Jacques habitant de ma commune prendrait un caract\u00e8re dangereux. J&rsquo;ai cru ce moment arriv\u00e9, et j&rsquo;ai requis M le Brigadier de Gendarmerie de Neuvy de l&rsquo;arr\u00eater et de le faire transporter au d\u00e9p\u00f4t de Bourges ; voici ce qui m&rsquo;a d\u00e9cid\u00e9 \u00e0 prendre ce parti : Toulleron est dot\u00e9 d&rsquo;une force remarquable et se refuse \u00e0 toute esp\u00e8ce de travail, il parcourt les campagnes et se fait nourrir par les habitants du voisinage. Je suis port\u00e9 \u00e0 croire qu&rsquo;il exploite un peu l&rsquo;int\u00e9r\u00eat qu&rsquo;il peut attacher \u00e0 sa position, il n&rsquo;est pas av\u00e9r\u00e9 pour moi qu&rsquo;il soit tout \u00e0 fait aussi insens\u00e9 qu&rsquo;il le para\u00eet. Hier pendant la s\u00e9ance du Conseil de l&rsquo;Hospice, qui a eu lieu \u00e0 la suite de la s\u00e9ance du Conseil Municipal Toulleron s&rsquo;est introduit dans la salle des d\u00e9lib\u00e9rations et pour me d\u00e9barrasser de ses importunit\u00e9s, j&rsquo;ai \u00e9t\u00e9 oblig\u00e9 de lire une lettre qu&rsquo;il m&rsquo;avait d\u00e9j\u00e0 souvent pr\u00e9sent\u00e9e. Je la lui ai rendue en lui disant que cette lettre de disait rien de nouveau sur l&rsquo;affaire [&#8230;]. Il est rest\u00e9 un instant derri\u00e8re ma chaise puis allongeant le bras il s&rsquo;est empar\u00e9 des comptes de l&rsquo;Hospice que le conseil \u00e9tait \u00e0 m\u00eame d&rsquo;examiner, en disant que ces papiers lui appartenaient et que c&rsquo;\u00e9tait son contrat de mariage. J&rsquo;ai eu beaucoup de peine \u00e0 lui reprendre ces papiers, et ce n&rsquo;est que difficilement que nous l&rsquo;avons expuls\u00e9 de la salle des d\u00e9lib\u00e9rations, malgr\u00e9 sa r\u00e9sistance. J&rsquo;ai pense que, \u00e0 quelque point de vue que l&rsquo;on se place, il \u00e9tait n\u00e9cessaire de le faire arr\u00eater et conduire \u00e0 Bourges : s&rsquo;il est r\u00e9ellement ali\u00e9n\u00e9 pour lui faire subir un traitement, et s&rsquo;il ne l&rsquo;est pas pour lui faire subir au moins quelques jours de pr\u00e9sence. De ce que j&rsquo;ai pu voir, les dossiers individuels se terminent toujours de deux mani\u00e8res : soit un certificat de d\u00e9c\u00e8s lorsque l&rsquo;ali\u00e9n\u00e9 est d\u00e9c\u00e9d\u00e9 \u00e0 l&rsquo;asile, soit un certificat m\u00e9dical lorsque le m\u00e9decin estimait qu&rsquo;il pouvait rentrer chez lui. Assez myst\u00e9rieusement le dossier de Jacques TOULLERON contient les deux&#8230; Le 8 juin 1857, soit 10 jours seulement apr\u00e8s son placement, le m\u00e9decin r\u00e9dige un certificat m\u00e9dical dans lequel il estime que Jacques est plus calme et est \u00e0 pr\u00e9sent en \u00e9tat de sortir de l&rsquo;asile. Mais le m\u00eame jour est dress\u00e9 un bulletin de d\u00e9c\u00e8s qui pr\u00e9cise que Jacques TOULLERON s&rsquo;est suicid\u00e9 par strangulation&#8230; \u00c9trange alors qu&rsquo;il allait rentrer chez lui ? Pour le d\u00e9partement du Cher, les archives des asiles sont conserv\u00e9es en S\u00e9rie X : Assitance et pr\u00e9voyance sociale \/ 1X &#8211; Administration hospitali\u00e8re. J&rsquo;ai \u00e9galement d\u00e9couvert en r\u00e9digeant cet article qu&rsquo;un b\u00e9n\u00e9vole a pris en photo des dossiers individuels qui ont \u00e9t\u00e9 mis en ligne sur Geneanet ! Le dossier de Jacques TOULLERON y est accessible et a \u00e9t\u00e9 index\u00e9. Dossiers de placement de l&rsquo;hospice de St Fulgent &#8211; 1853-1858 &#8211; 1X\/384 &#8211; Archives du Cher. Listes semestrielles de l&rsquo;hospice de St Fulgent &#8211; 1866-1875 &#8211; 1X\/368 et 1876-1881 &#8211; 1X\/369 &#8211; Archives du Cher. D\u00e9partement du Cher<\/p>\n","protected":false},"author":1,"featured_media":0,"comment_status":"open","ping_status":"open","sticky":false,"template":"","format":"standard","meta":{"_exactmetrics_skip_tracking":false,"_exactmetrics_sitenote_active":false,"_exactmetrics_sitenote_note":"","_exactmetrics_sitenote_category":0,"jetpack_post_was_ever_published":false,"_jetpack_newsletter_access":"","_jetpack_dont_email_post_to_subs":false,"_jetpack_newsletter_tier_id":0,"_jetpack_memberships_contains_paywalled_content":false,"_jetpack_memberships_contains_paid_content":false,"footnotes":""},"categories":[7],"tags":[304,63,303,306,307],"class_list":["post-3531","post","type-post","status-publish","format-standard","hentry","category-mes-recherches","tag-asile","tag-beaunez","tag-bourges","tag-nancay","tag-toulleron"],"yoast_head":"<!-- This site is optimized with the Yoast SEO plugin v27.0 - https:\/\/yoast.com\/product\/yoast-seo-wordpress\/ -->\n<title>Les archives de l&#039;asile de Bourges - Rencontre avec mes anc\u00eatres<\/title>\n<meta name=\"robots\" content=\"index, follow, max-snippet:-1, max-image-preview:large, max-video-preview:-1\" \/>\n<link rel=\"canonical\" href=\"https:\/\/www.elodie-et-antoine.fr\/ra\/?p=3531\" \/>\n<meta property=\"og:locale\" content=\"fr_FR\" \/>\n<meta property=\"og:type\" content=\"article\" \/>\n<meta property=\"og:title\" content=\"Les archives de l&#039;asile de Bourges - Rencontre avec mes anc\u00eatres\" \/>\n<meta property=\"og:description\" content=\"Lors de ma visite aux archives d\u00e9partementales du Cher en octobre 2022, j&rsquo;ai pour la premi\u00e8re fois effectu\u00e9 des recherches dans les archives hospitali\u00e8res, qui comprennent les archives des asiles. A Bourges, les \u00ab\u00a0ali\u00e9n\u00e9s\u00a0\u00bb furent tout d&rsquo;abord plac\u00e9s \u00e0 l&rsquo;hospice de St Fulgent, dans un b\u00e2timent aujourd&rsquo;hui r\u00e9affect\u00e9. En 1865 il fut d\u00e9cid\u00e9 de construire un nouvel asile, car comme le pr\u00e9cise un docteur, \u00ab\u00a0les ali\u00e9n\u00e9s ont besoin de d&rsquo;air et de pouvoir travailler\u00a0\u00bb. Le site de Beauregard est choisi ; la construction d\u00e9bute en 1874 et les derniers pavillons sont \u00e9difi\u00e9s en 1895. Mais revenons \u00e0 l&rsquo;asile de St Fulgent pour mes recherches. Les listes nominatives semestrielles &#8211; l&rsquo;exemple de Jacques BEAUNEZ Ces recherches dans les fonds de l&rsquo;asile de Bourges, avaient avant tout pour but de chercher le dossier de Jacques BEAUNEZ, le fr\u00e8re de mon a\u00efeule Rosalie BEAUNEZ, dont je savais qu&rsquo;il avait \u00e9t\u00e9 intern\u00e9 \u00e0 l&rsquo;asile St Fulgent (mention d&rsquo;une facture dans un inventaire apr\u00e8s d\u00e9c\u00e8s) et qu&rsquo;il y \u00e9tait d\u00e9c\u00e9d\u00e9. Malheureusement les dossiers individuels concernant la p\u00e9riode o\u00f9 il s&rsquo;y trouvait n&rsquo;ont pas \u00e9t\u00e9 conserv\u00e9s. J&rsquo;ai par contre pu consulter les listes semestrielles, envoy\u00e9es deux fois par an au pr\u00e9fet et qui donnaient quelques informations concernant les ali\u00e9n\u00e9s : Le nom et le pr\u00e9nom de l&rsquo;ali\u00e9n\u00e9 Son num\u00e9ro de matricule Son \u00e2ge Son domicile Son placement : qui a donn\u00e9 l&rsquo;ordre, \u00e0 quelle date et quelle est la date d&rsquo;entr\u00e9e Des observations : ici des informations sur la dangerosit\u00e9 par exemple L&rsquo;\u00e9tat mental : sorte de diagnostic tr\u00e8s succinct J&rsquo;ai ainsi appris que Jacques BEAUNEZ a \u00e9t\u00e9 intern\u00e9 \u00e0 la demande du pr\u00e9fet en mars 1872 (malheureusement selon les listes les dates peuvent diff\u00e9rer de quelques jours). Il souffrait de manie chronique, et selon le semestres \u00e9tait ou non dangereux. Ces informations sont moins fournies que celles des dossiers, mais elles m&rsquo;ont permis d&rsquo;en savoir plus sur ce dont il devait souffrir. Les dossiers individuels &#8211; l&rsquo;exemple de Jacques TOULLERON Bien que n&rsquo;ayant pas trouv\u00e9 de dossier de Jacques BEAUNEZ, j&rsquo;ai feuillet\u00e9 quelques dossiers pour voir ce qu&rsquo;ils pouvaient contenir, et j&rsquo;en ai choisi un au hasard pour vous le pr\u00e9senter. Le premier \u00e9l\u00e9ment du dossier est le proc\u00e8s verbal d&rsquo;arrestation dress\u00e9 par la gendarmerie. \u00ab\u00a0Arrestation de Mr TOULLERON Jacques, journalier atteint d&rsquo;ali\u00e9nation mentale en vertu d&rsquo;un r\u00e9quisitoire de Mr le maire de la commune de Nan\u00e7ay, pour le conduire au d\u00e9p\u00f4t \u00e0 Bourges.\u00a0\u00bb Y sont d\u00e9taill\u00e9es les raisons de l&rsquo;arrestation : une intrusion lors du Conseil Municipal et pr\u00e9c\u00e9demment une altercation chez le cur\u00e9 du village, alors qu&rsquo;il \u00e9tait arm\u00e9 d&rsquo;une faux. Vient ensuite un bulletin de renseignements fourni par le maire de Nan\u00e7ay. Quelques \u00e9l\u00e9ments int\u00e9ressants pour un g\u00e9n\u00e9alogiste, notamment sur son \u00e9pouse et ses trois enfants \u00e2g\u00e9s de 3 \u00e0 16 ans. On y apprend \u00e9galement que ses parents sont d\u00e9c\u00e9d\u00e9s, et que lui-m\u00eame il est indigent. Quelle triste vie a d\u00fb vivre cette famille&#8230; Vient ensuite le placement, d\u00e9cid\u00e9 dans un arr\u00eat\u00e9 du 27 mai, le lendemain de l&rsquo;arrestation. On y apprend notamment que Jacques TOULLERON y sera plac\u00e9 aux frais de la commune. Le 28 mai, le m\u00e9decin de l&rsquo;hospice l&rsquo;examine ; il diagnostique une manie chronique motivant un s\u00e9jour \u00e0 l&rsquo;asile. Deux courriers du maire de la commune de Nan\u00e7ay (l&rsquo;un avant, et l&rsquo;autre apr\u00e8s son placement) justifient la demande qu&rsquo;il a faite. Plusieurs villageois auraient \u00e9t\u00e9 menac\u00e9s de \u00ab\u00a0p\u00e9rir par ses mains\u00a0\u00bb. M\u00eame si jusqu&rsquo;\u00e0 ce jour il n&rsquo;a fait de mal \u00e0 personne, il vagabonde dans la commune avec un \u00ab\u00a0instrument\u00a0\u00bb en main. Voici la transcription du second et dernier courrier envoy\u00e9 par le maire : Par une note que vous avez \u00e9crite sur une lettre que j&rsquo;ai eu l&rsquo;honneur de vous adresser en date du 9 mars dernier, vous m&rsquo;avez autoris\u00e9 \u00e0 prendre les mesures n\u00e9cessaires pour pr\u00e9venir tout accident dans le cas o\u00f9 la folie de Toulleron Jacques habitant de ma commune prendrait un caract\u00e8re dangereux. J&rsquo;ai cru ce moment arriv\u00e9, et j&rsquo;ai requis M le Brigadier de Gendarmerie de Neuvy de l&rsquo;arr\u00eater et de le faire transporter au d\u00e9p\u00f4t de Bourges ; voici ce qui m&rsquo;a d\u00e9cid\u00e9 \u00e0 prendre ce parti : Toulleron est dot\u00e9 d&rsquo;une force remarquable et se refuse \u00e0 toute esp\u00e8ce de travail, il parcourt les campagnes et se fait nourrir par les habitants du voisinage. Je suis port\u00e9 \u00e0 croire qu&rsquo;il exploite un peu l&rsquo;int\u00e9r\u00eat qu&rsquo;il peut attacher \u00e0 sa position, il n&rsquo;est pas av\u00e9r\u00e9 pour moi qu&rsquo;il soit tout \u00e0 fait aussi insens\u00e9 qu&rsquo;il le para\u00eet. Hier pendant la s\u00e9ance du Conseil de l&rsquo;Hospice, qui a eu lieu \u00e0 la suite de la s\u00e9ance du Conseil Municipal Toulleron s&rsquo;est introduit dans la salle des d\u00e9lib\u00e9rations et pour me d\u00e9barrasser de ses importunit\u00e9s, j&rsquo;ai \u00e9t\u00e9 oblig\u00e9 de lire une lettre qu&rsquo;il m&rsquo;avait d\u00e9j\u00e0 souvent pr\u00e9sent\u00e9e. Je la lui ai rendue en lui disant que cette lettre de disait rien de nouveau sur l&rsquo;affaire [&#8230;]. Il est rest\u00e9 un instant derri\u00e8re ma chaise puis allongeant le bras il s&rsquo;est empar\u00e9 des comptes de l&rsquo;Hospice que le conseil \u00e9tait \u00e0 m\u00eame d&rsquo;examiner, en disant que ces papiers lui appartenaient et que c&rsquo;\u00e9tait son contrat de mariage. J&rsquo;ai eu beaucoup de peine \u00e0 lui reprendre ces papiers, et ce n&rsquo;est que difficilement que nous l&rsquo;avons expuls\u00e9 de la salle des d\u00e9lib\u00e9rations, malgr\u00e9 sa r\u00e9sistance. J&rsquo;ai pense que, \u00e0 quelque point de vue que l&rsquo;on se place, il \u00e9tait n\u00e9cessaire de le faire arr\u00eater et conduire \u00e0 Bourges : s&rsquo;il est r\u00e9ellement ali\u00e9n\u00e9 pour lui faire subir un traitement, et s&rsquo;il ne l&rsquo;est pas pour lui faire subir au moins quelques jours de pr\u00e9sence. De ce que j&rsquo;ai pu voir, les dossiers individuels se terminent toujours de deux mani\u00e8res : soit un certificat de d\u00e9c\u00e8s lorsque l&rsquo;ali\u00e9n\u00e9 est d\u00e9c\u00e9d\u00e9 \u00e0 l&rsquo;asile, soit un certificat m\u00e9dical lorsque le m\u00e9decin estimait qu&rsquo;il pouvait rentrer chez lui. Assez myst\u00e9rieusement le dossier de Jacques TOULLERON contient les deux&#8230; Le 8 juin 1857, soit 10 jours seulement apr\u00e8s son placement, le m\u00e9decin r\u00e9dige un certificat m\u00e9dical dans lequel il estime que Jacques est plus calme et est \u00e0 pr\u00e9sent en \u00e9tat de sortir de l&rsquo;asile. Mais le m\u00eame jour est dress\u00e9 un bulletin de d\u00e9c\u00e8s qui pr\u00e9cise que Jacques TOULLERON s&rsquo;est suicid\u00e9 par strangulation&#8230; \u00c9trange alors qu&rsquo;il allait rentrer chez lui ? Pour le d\u00e9partement du Cher, les archives des asiles sont conserv\u00e9es en S\u00e9rie X : Assitance et pr\u00e9voyance sociale \/ 1X &#8211; Administration hospitali\u00e8re. J&rsquo;ai \u00e9galement d\u00e9couvert en r\u00e9digeant cet article qu&rsquo;un b\u00e9n\u00e9vole a pris en photo des dossiers individuels qui ont \u00e9t\u00e9 mis en ligne sur Geneanet ! Le dossier de Jacques TOULLERON y est accessible et a \u00e9t\u00e9 index\u00e9. Dossiers de placement de l&#039;hospice de St Fulgent - 1853-1858 - 1X\/384 - Archives du Cher. Listes semestrielles de l&#039;hospice de St Fulgent - 1866-1875 - 1X\/368 et 1876-1881 - 1X\/369 - Archives du Cher. D\u00e9partement du Cher\" \/>\n<meta property=\"og:url\" content=\"https:\/\/www.elodie-et-antoine.fr\/ra\/?p=3531\" \/>\n<meta property=\"og:site_name\" content=\"Rencontre avec mes anc\u00eatres\" \/>\n<meta property=\"article:publisher\" content=\"https:\/\/www.facebook.com\/rencontreancetres\" \/>\n<meta property=\"article:published_time\" content=\"2023-03-11T08:10:14+00:00\" \/>\n<meta property=\"og:image\" content=\"http:\/\/www.elodie-et-antoine.fr\/ra\/wp-content\/uploads\/2023\/03\/Doc-80-J-1542-1024x543.jpg\" \/>\n<meta name=\"author\" content=\"Elodie\" \/>\n<meta name=\"twitter:card\" content=\"summary_large_image\" \/>\n<meta name=\"twitter:creator\" content=\"@lodeetwit\" \/>\n<meta name=\"twitter:site\" content=\"@lodeetwit\" \/>\n<meta name=\"twitter:label1\" content=\"\u00c9crit par\" \/>\n\t<meta name=\"twitter:data1\" content=\"Elodie\" \/>\n\t<meta name=\"twitter:label2\" content=\"Dur\u00e9e de lecture estim\u00e9e\" \/>\n\t<meta name=\"twitter:data2\" content=\"6 minutes\" \/>\n<script type=\"application\/ld+json\" class=\"yoast-schema-graph\">{\"@context\":\"https:\/\/schema.org\",\"@graph\":[{\"@type\":\"Article\",\"@id\":\"https:\/\/www.elodie-et-antoine.fr\/ra\/?p=3531#article\",\"isPartOf\":{\"@id\":\"https:\/\/www.elodie-et-antoine.fr\/ra\/?p=3531\"},\"author\":{\"name\":\"Elodie\",\"@id\":\"https:\/\/www.elodie-et-antoine.fr\/ra\/#\/schema\/person\/50e9be10104b0e8a3c0f55df181b9b56\"},\"headline\":\"Les archives de l&rsquo;asile de Bourges\",\"datePublished\":\"2023-03-11T08:10:14+00:00\",\"mainEntityOfPage\":{\"@id\":\"https:\/\/www.elodie-et-antoine.fr\/ra\/?p=3531\"},\"wordCount\":1234,\"commentCount\":6,\"publisher\":{\"@id\":\"https:\/\/www.elodie-et-antoine.fr\/ra\/#organization\"},\"image\":{\"@id\":\"https:\/\/www.elodie-et-antoine.fr\/ra\/?p=3531#primaryimage\"},\"thumbnailUrl\":\"http:\/\/www.elodie-et-antoine.fr\/ra\/wp-content\/uploads\/2023\/03\/Doc-80-J-1542-1024x543.jpg\",\"keywords\":[\"Asile\",\"Beaunez\",\"Bourges\",\"Nan\u00e7ay\",\"Toulleron\"],\"articleSection\":[\"Mes recherches\"],\"inLanguage\":\"fr-FR\",\"potentialAction\":[{\"@type\":\"CommentAction\",\"name\":\"Comment\",\"target\":[\"https:\/\/www.elodie-et-antoine.fr\/ra\/?p=3531#respond\"]}]},{\"@type\":\"WebPage\",\"@id\":\"https:\/\/www.elodie-et-antoine.fr\/ra\/?p=3531\",\"url\":\"https:\/\/www.elodie-et-antoine.fr\/ra\/?p=3531\",\"name\":\"Les archives de l'asile de Bourges - Rencontre avec mes anc\u00eatres\",\"isPartOf\":{\"@id\":\"https:\/\/www.elodie-et-antoine.fr\/ra\/#website\"},\"primaryImageOfPage\":{\"@id\":\"https:\/\/www.elodie-et-antoine.fr\/ra\/?p=3531#primaryimage\"},\"image\":{\"@id\":\"https:\/\/www.elodie-et-antoine.fr\/ra\/?p=3531#primaryimage\"},\"thumbnailUrl\":\"http:\/\/www.elodie-et-antoine.fr\/ra\/wp-content\/uploads\/2023\/03\/Doc-80-J-1542-1024x543.jpg\",\"datePublished\":\"2023-03-11T08:10:14+00:00\",\"breadcrumb\":{\"@id\":\"https:\/\/www.elodie-et-antoine.fr\/ra\/?p=3531#breadcrumb\"},\"inLanguage\":\"fr-FR\",\"potentialAction\":[{\"@type\":\"ReadAction\",\"target\":[\"https:\/\/www.elodie-et-antoine.fr\/ra\/?p=3531\"]}]},{\"@type\":\"ImageObject\",\"inLanguage\":\"fr-FR\",\"@id\":\"https:\/\/www.elodie-et-antoine.fr\/ra\/?p=3531#primaryimage\",\"url\":\"http:\/\/www.elodie-et-antoine.fr\/ra\/wp-content\/uploads\/2023\/03\/Doc-80-J-1542-1024x543.jpg\",\"contentUrl\":\"http:\/\/www.elodie-et-antoine.fr\/ra\/wp-content\/uploads\/2023\/03\/Doc-80-J-1542-1024x543.jpg\"},{\"@type\":\"BreadcrumbList\",\"@id\":\"https:\/\/www.elodie-et-antoine.fr\/ra\/?p=3531#breadcrumb\",\"itemListElement\":[{\"@type\":\"ListItem\",\"position\":1,\"name\":\"Accueil\",\"item\":\"https:\/\/www.elodie-et-antoine.fr\/ra\"},{\"@type\":\"ListItem\",\"position\":2,\"name\":\"Les archives de l&rsquo;asile de Bourges\"}]},{\"@type\":\"WebSite\",\"@id\":\"https:\/\/www.elodie-et-antoine.fr\/ra\/#website\",\"url\":\"https:\/\/www.elodie-et-antoine.fr\/ra\/\",\"name\":\"Rencontre avec mes anc\u00eatres\",\"description\":\"Rencontre avec mes anc\u00eatres\",\"publisher\":{\"@id\":\"https:\/\/www.elodie-et-antoine.fr\/ra\/#organization\"},\"potentialAction\":[{\"@type\":\"SearchAction\",\"target\":{\"@type\":\"EntryPoint\",\"urlTemplate\":\"https:\/\/www.elodie-et-antoine.fr\/ra\/?s={search_term_string}\"},\"query-input\":{\"@type\":\"PropertyValueSpecification\",\"valueRequired\":true,\"valueName\":\"search_term_string\"}}],\"inLanguage\":\"fr-FR\"},{\"@type\":\"Organization\",\"@id\":\"https:\/\/www.elodie-et-antoine.fr\/ra\/#organization\",\"name\":\"Rencontre avec mes anc\u00eatres\",\"url\":\"https:\/\/www.elodie-et-antoine.fr\/ra\/\",\"logo\":{\"@type\":\"ImageObject\",\"inLanguage\":\"fr-FR\",\"@id\":\"https:\/\/www.elodie-et-antoine.fr\/ra\/#\/schema\/logo\/image\/\",\"url\":\"https:\/\/www.elodie-et-antoine.fr\/ra\/wp-content\/uploads\/2024\/02\/Logo-detoure.png\",\"contentUrl\":\"https:\/\/www.elodie-et-antoine.fr\/ra\/wp-content\/uploads\/2024\/02\/Logo-detoure.png\",\"width\":500,\"height\":500,\"caption\":\"Rencontre avec mes anc\u00eatres\"},\"image\":{\"@id\":\"https:\/\/www.elodie-et-antoine.fr\/ra\/#\/schema\/logo\/image\/\"},\"sameAs\":[\"https:\/\/www.facebook.com\/rencontreancetres\",\"https:\/\/x.com\/lodeetwit\"]},{\"@type\":\"Person\",\"@id\":\"https:\/\/www.elodie-et-antoine.fr\/ra\/#\/schema\/person\/50e9be10104b0e8a3c0f55df181b9b56\",\"name\":\"Elodie\",\"image\":{\"@type\":\"ImageObject\",\"inLanguage\":\"fr-FR\",\"@id\":\"https:\/\/www.elodie-et-antoine.fr\/ra\/#\/schema\/person\/image\/\",\"url\":\"https:\/\/secure.gravatar.com\/avatar\/1ee5777faed60801dee6c0665d8f4bb2cfd6d4bf6ab052dbbc40be268a652c31?s=96&d=mm&r=g\",\"contentUrl\":\"https:\/\/secure.gravatar.com\/avatar\/1ee5777faed60801dee6c0665d8f4bb2cfd6d4bf6ab052dbbc40be268a652c31?s=96&d=mm&r=g\",\"caption\":\"Elodie\"},\"url\":\"https:\/\/www.elodie-et-antoine.fr\/ra\/?author=1\"}]}<\/script>\n<!-- \/ Yoast SEO plugin. -->","yoast_head_json":{"title":"Les archives de l'asile de Bourges - Rencontre avec mes anc\u00eatres","robots":{"index":"index","follow":"follow","max-snippet":"max-snippet:-1","max-image-preview":"max-image-preview:large","max-video-preview":"max-video-preview:-1"},"canonical":"https:\/\/www.elodie-et-antoine.fr\/ra\/?p=3531","og_locale":"fr_FR","og_type":"article","og_title":"Les archives de l'asile de Bourges - Rencontre avec mes anc\u00eatres","og_description":"Lors de ma visite aux archives d\u00e9partementales du Cher en octobre 2022, j&rsquo;ai pour la premi\u00e8re fois effectu\u00e9 des recherches dans les archives hospitali\u00e8res, qui comprennent les archives des asiles. A Bourges, les \u00ab\u00a0ali\u00e9n\u00e9s\u00a0\u00bb furent tout d&rsquo;abord plac\u00e9s \u00e0 l&rsquo;hospice de St Fulgent, dans un b\u00e2timent aujourd&rsquo;hui r\u00e9affect\u00e9. En 1865 il fut d\u00e9cid\u00e9 de construire un nouvel asile, car comme le pr\u00e9cise un docteur, \u00ab\u00a0les ali\u00e9n\u00e9s ont besoin de d&rsquo;air et de pouvoir travailler\u00a0\u00bb. Le site de Beauregard est choisi ; la construction d\u00e9bute en 1874 et les derniers pavillons sont \u00e9difi\u00e9s en 1895. Mais revenons \u00e0 l&rsquo;asile de St Fulgent pour mes recherches. Les listes nominatives semestrielles &#8211; l&rsquo;exemple de Jacques BEAUNEZ Ces recherches dans les fonds de l&rsquo;asile de Bourges, avaient avant tout pour but de chercher le dossier de Jacques BEAUNEZ, le fr\u00e8re de mon a\u00efeule Rosalie BEAUNEZ, dont je savais qu&rsquo;il avait \u00e9t\u00e9 intern\u00e9 \u00e0 l&rsquo;asile St Fulgent (mention d&rsquo;une facture dans un inventaire apr\u00e8s d\u00e9c\u00e8s) et qu&rsquo;il y \u00e9tait d\u00e9c\u00e9d\u00e9. Malheureusement les dossiers individuels concernant la p\u00e9riode o\u00f9 il s&rsquo;y trouvait n&rsquo;ont pas \u00e9t\u00e9 conserv\u00e9s. J&rsquo;ai par contre pu consulter les listes semestrielles, envoy\u00e9es deux fois par an au pr\u00e9fet et qui donnaient quelques informations concernant les ali\u00e9n\u00e9s : Le nom et le pr\u00e9nom de l&rsquo;ali\u00e9n\u00e9 Son num\u00e9ro de matricule Son \u00e2ge Son domicile Son placement : qui a donn\u00e9 l&rsquo;ordre, \u00e0 quelle date et quelle est la date d&rsquo;entr\u00e9e Des observations : ici des informations sur la dangerosit\u00e9 par exemple L&rsquo;\u00e9tat mental : sorte de diagnostic tr\u00e8s succinct J&rsquo;ai ainsi appris que Jacques BEAUNEZ a \u00e9t\u00e9 intern\u00e9 \u00e0 la demande du pr\u00e9fet en mars 1872 (malheureusement selon les listes les dates peuvent diff\u00e9rer de quelques jours). Il souffrait de manie chronique, et selon le semestres \u00e9tait ou non dangereux. Ces informations sont moins fournies que celles des dossiers, mais elles m&rsquo;ont permis d&rsquo;en savoir plus sur ce dont il devait souffrir. Les dossiers individuels &#8211; l&rsquo;exemple de Jacques TOULLERON Bien que n&rsquo;ayant pas trouv\u00e9 de dossier de Jacques BEAUNEZ, j&rsquo;ai feuillet\u00e9 quelques dossiers pour voir ce qu&rsquo;ils pouvaient contenir, et j&rsquo;en ai choisi un au hasard pour vous le pr\u00e9senter. Le premier \u00e9l\u00e9ment du dossier est le proc\u00e8s verbal d&rsquo;arrestation dress\u00e9 par la gendarmerie. \u00ab\u00a0Arrestation de Mr TOULLERON Jacques, journalier atteint d&rsquo;ali\u00e9nation mentale en vertu d&rsquo;un r\u00e9quisitoire de Mr le maire de la commune de Nan\u00e7ay, pour le conduire au d\u00e9p\u00f4t \u00e0 Bourges.\u00a0\u00bb Y sont d\u00e9taill\u00e9es les raisons de l&rsquo;arrestation : une intrusion lors du Conseil Municipal et pr\u00e9c\u00e9demment une altercation chez le cur\u00e9 du village, alors qu&rsquo;il \u00e9tait arm\u00e9 d&rsquo;une faux. Vient ensuite un bulletin de renseignements fourni par le maire de Nan\u00e7ay. Quelques \u00e9l\u00e9ments int\u00e9ressants pour un g\u00e9n\u00e9alogiste, notamment sur son \u00e9pouse et ses trois enfants \u00e2g\u00e9s de 3 \u00e0 16 ans. On y apprend \u00e9galement que ses parents sont d\u00e9c\u00e9d\u00e9s, et que lui-m\u00eame il est indigent. Quelle triste vie a d\u00fb vivre cette famille&#8230; Vient ensuite le placement, d\u00e9cid\u00e9 dans un arr\u00eat\u00e9 du 27 mai, le lendemain de l&rsquo;arrestation. On y apprend notamment que Jacques TOULLERON y sera plac\u00e9 aux frais de la commune. Le 28 mai, le m\u00e9decin de l&rsquo;hospice l&rsquo;examine ; il diagnostique une manie chronique motivant un s\u00e9jour \u00e0 l&rsquo;asile. Deux courriers du maire de la commune de Nan\u00e7ay (l&rsquo;un avant, et l&rsquo;autre apr\u00e8s son placement) justifient la demande qu&rsquo;il a faite. Plusieurs villageois auraient \u00e9t\u00e9 menac\u00e9s de \u00ab\u00a0p\u00e9rir par ses mains\u00a0\u00bb. M\u00eame si jusqu&rsquo;\u00e0 ce jour il n&rsquo;a fait de mal \u00e0 personne, il vagabonde dans la commune avec un \u00ab\u00a0instrument\u00a0\u00bb en main. Voici la transcription du second et dernier courrier envoy\u00e9 par le maire : Par une note que vous avez \u00e9crite sur une lettre que j&rsquo;ai eu l&rsquo;honneur de vous adresser en date du 9 mars dernier, vous m&rsquo;avez autoris\u00e9 \u00e0 prendre les mesures n\u00e9cessaires pour pr\u00e9venir tout accident dans le cas o\u00f9 la folie de Toulleron Jacques habitant de ma commune prendrait un caract\u00e8re dangereux. J&rsquo;ai cru ce moment arriv\u00e9, et j&rsquo;ai requis M le Brigadier de Gendarmerie de Neuvy de l&rsquo;arr\u00eater et de le faire transporter au d\u00e9p\u00f4t de Bourges ; voici ce qui m&rsquo;a d\u00e9cid\u00e9 \u00e0 prendre ce parti : Toulleron est dot\u00e9 d&rsquo;une force remarquable et se refuse \u00e0 toute esp\u00e8ce de travail, il parcourt les campagnes et se fait nourrir par les habitants du voisinage. Je suis port\u00e9 \u00e0 croire qu&rsquo;il exploite un peu l&rsquo;int\u00e9r\u00eat qu&rsquo;il peut attacher \u00e0 sa position, il n&rsquo;est pas av\u00e9r\u00e9 pour moi qu&rsquo;il soit tout \u00e0 fait aussi insens\u00e9 qu&rsquo;il le para\u00eet. Hier pendant la s\u00e9ance du Conseil de l&rsquo;Hospice, qui a eu lieu \u00e0 la suite de la s\u00e9ance du Conseil Municipal Toulleron s&rsquo;est introduit dans la salle des d\u00e9lib\u00e9rations et pour me d\u00e9barrasser de ses importunit\u00e9s, j&rsquo;ai \u00e9t\u00e9 oblig\u00e9 de lire une lettre qu&rsquo;il m&rsquo;avait d\u00e9j\u00e0 souvent pr\u00e9sent\u00e9e. Je la lui ai rendue en lui disant que cette lettre de disait rien de nouveau sur l&rsquo;affaire [&#8230;]. Il est rest\u00e9 un instant derri\u00e8re ma chaise puis allongeant le bras il s&rsquo;est empar\u00e9 des comptes de l&rsquo;Hospice que le conseil \u00e9tait \u00e0 m\u00eame d&rsquo;examiner, en disant que ces papiers lui appartenaient et que c&rsquo;\u00e9tait son contrat de mariage. J&rsquo;ai eu beaucoup de peine \u00e0 lui reprendre ces papiers, et ce n&rsquo;est que difficilement que nous l&rsquo;avons expuls\u00e9 de la salle des d\u00e9lib\u00e9rations, malgr\u00e9 sa r\u00e9sistance. J&rsquo;ai pense que, \u00e0 quelque point de vue que l&rsquo;on se place, il \u00e9tait n\u00e9cessaire de le faire arr\u00eater et conduire \u00e0 Bourges : s&rsquo;il est r\u00e9ellement ali\u00e9n\u00e9 pour lui faire subir un traitement, et s&rsquo;il ne l&rsquo;est pas pour lui faire subir au moins quelques jours de pr\u00e9sence. De ce que j&rsquo;ai pu voir, les dossiers individuels se terminent toujours de deux mani\u00e8res : soit un certificat de d\u00e9c\u00e8s lorsque l&rsquo;ali\u00e9n\u00e9 est d\u00e9c\u00e9d\u00e9 \u00e0 l&rsquo;asile, soit un certificat m\u00e9dical lorsque le m\u00e9decin estimait qu&rsquo;il pouvait rentrer chez lui. Assez myst\u00e9rieusement le dossier de Jacques TOULLERON contient les deux&#8230; Le 8 juin 1857, soit 10 jours seulement apr\u00e8s son placement, le m\u00e9decin r\u00e9dige un certificat m\u00e9dical dans lequel il estime que Jacques est plus calme et est \u00e0 pr\u00e9sent en \u00e9tat de sortir de l&rsquo;asile. Mais le m\u00eame jour est dress\u00e9 un bulletin de d\u00e9c\u00e8s qui pr\u00e9cise que Jacques TOULLERON s&rsquo;est suicid\u00e9 par strangulation&#8230; \u00c9trange alors qu&rsquo;il allait rentrer chez lui ? Pour le d\u00e9partement du Cher, les archives des asiles sont conserv\u00e9es en S\u00e9rie X : Assitance et pr\u00e9voyance sociale \/ 1X &#8211; Administration hospitali\u00e8re. J&rsquo;ai \u00e9galement d\u00e9couvert en r\u00e9digeant cet article qu&rsquo;un b\u00e9n\u00e9vole a pris en photo des dossiers individuels qui ont \u00e9t\u00e9 mis en ligne sur Geneanet ! Le dossier de Jacques TOULLERON y est accessible et a \u00e9t\u00e9 index\u00e9. Dossiers de placement de l'hospice de St Fulgent - 1853-1858 - 1X\/384 - Archives du Cher. Listes semestrielles de l'hospice de St Fulgent - 1866-1875 - 1X\/368 et 1876-1881 - 1X\/369 - Archives du Cher. D\u00e9partement du Cher","og_url":"https:\/\/www.elodie-et-antoine.fr\/ra\/?p=3531","og_site_name":"Rencontre avec mes anc\u00eatres","article_publisher":"https:\/\/www.facebook.com\/rencontreancetres","article_published_time":"2023-03-11T08:10:14+00:00","og_image":[{"url":"http:\/\/www.elodie-et-antoine.fr\/ra\/wp-content\/uploads\/2023\/03\/Doc-80-J-1542-1024x543.jpg","type":"","width":"","height":""}],"author":"Elodie","twitter_card":"summary_large_image","twitter_creator":"@lodeetwit","twitter_site":"@lodeetwit","twitter_misc":{"\u00c9crit par":"Elodie","Dur\u00e9e de lecture estim\u00e9e":"6 minutes"},"schema":{"@context":"https:\/\/schema.org","@graph":[{"@type":"Article","@id":"https:\/\/www.elodie-et-antoine.fr\/ra\/?p=3531#article","isPartOf":{"@id":"https:\/\/www.elodie-et-antoine.fr\/ra\/?p=3531"},"author":{"name":"Elodie","@id":"https:\/\/www.elodie-et-antoine.fr\/ra\/#\/schema\/person\/50e9be10104b0e8a3c0f55df181b9b56"},"headline":"Les archives de l&rsquo;asile de Bourges","datePublished":"2023-03-11T08:10:14+00:00","mainEntityOfPage":{"@id":"https:\/\/www.elodie-et-antoine.fr\/ra\/?p=3531"},"wordCount":1234,"commentCount":6,"publisher":{"@id":"https:\/\/www.elodie-et-antoine.fr\/ra\/#organization"},"image":{"@id":"https:\/\/www.elodie-et-antoine.fr\/ra\/?p=3531#primaryimage"},"thumbnailUrl":"http:\/\/www.elodie-et-antoine.fr\/ra\/wp-content\/uploads\/2023\/03\/Doc-80-J-1542-1024x543.jpg","keywords":["Asile","Beaunez","Bourges","Nan\u00e7ay","Toulleron"],"articleSection":["Mes recherches"],"inLanguage":"fr-FR","potentialAction":[{"@type":"CommentAction","name":"Comment","target":["https:\/\/www.elodie-et-antoine.fr\/ra\/?p=3531#respond"]}]},{"@type":"WebPage","@id":"https:\/\/www.elodie-et-antoine.fr\/ra\/?p=3531","url":"https:\/\/www.elodie-et-antoine.fr\/ra\/?p=3531","name":"Les archives de l'asile de Bourges - Rencontre avec mes anc\u00eatres","isPartOf":{"@id":"https:\/\/www.elodie-et-antoine.fr\/ra\/#website"},"primaryImageOfPage":{"@id":"https:\/\/www.elodie-et-antoine.fr\/ra\/?p=3531#primaryimage"},"image":{"@id":"https:\/\/www.elodie-et-antoine.fr\/ra\/?p=3531#primaryimage"},"thumbnailUrl":"http:\/\/www.elodie-et-antoine.fr\/ra\/wp-content\/uploads\/2023\/03\/Doc-80-J-1542-1024x543.jpg","datePublished":"2023-03-11T08:10:14+00:00","breadcrumb":{"@id":"https:\/\/www.elodie-et-antoine.fr\/ra\/?p=3531#breadcrumb"},"inLanguage":"fr-FR","potentialAction":[{"@type":"ReadAction","target":["https:\/\/www.elodie-et-antoine.fr\/ra\/?p=3531"]}]},{"@type":"ImageObject","inLanguage":"fr-FR","@id":"https:\/\/www.elodie-et-antoine.fr\/ra\/?p=3531#primaryimage","url":"http:\/\/www.elodie-et-antoine.fr\/ra\/wp-content\/uploads\/2023\/03\/Doc-80-J-1542-1024x543.jpg","contentUrl":"http:\/\/www.elodie-et-antoine.fr\/ra\/wp-content\/uploads\/2023\/03\/Doc-80-J-1542-1024x543.jpg"},{"@type":"BreadcrumbList","@id":"https:\/\/www.elodie-et-antoine.fr\/ra\/?p=3531#breadcrumb","itemListElement":[{"@type":"ListItem","position":1,"name":"Accueil","item":"https:\/\/www.elodie-et-antoine.fr\/ra"},{"@type":"ListItem","position":2,"name":"Les archives de l&rsquo;asile de Bourges"}]},{"@type":"WebSite","@id":"https:\/\/www.elodie-et-antoine.fr\/ra\/#website","url":"https:\/\/www.elodie-et-antoine.fr\/ra\/","name":"Rencontre avec mes anc\u00eatres","description":"Rencontre avec mes anc\u00eatres","publisher":{"@id":"https:\/\/www.elodie-et-antoine.fr\/ra\/#organization"},"potentialAction":[{"@type":"SearchAction","target":{"@type":"EntryPoint","urlTemplate":"https:\/\/www.elodie-et-antoine.fr\/ra\/?s={search_term_string}"},"query-input":{"@type":"PropertyValueSpecification","valueRequired":true,"valueName":"search_term_string"}}],"inLanguage":"fr-FR"},{"@type":"Organization","@id":"https:\/\/www.elodie-et-antoine.fr\/ra\/#organization","name":"Rencontre avec mes anc\u00eatres","url":"https:\/\/www.elodie-et-antoine.fr\/ra\/","logo":{"@type":"ImageObject","inLanguage":"fr-FR","@id":"https:\/\/www.elodie-et-antoine.fr\/ra\/#\/schema\/logo\/image\/","url":"https:\/\/www.elodie-et-antoine.fr\/ra\/wp-content\/uploads\/2024\/02\/Logo-detoure.png","contentUrl":"https:\/\/www.elodie-et-antoine.fr\/ra\/wp-content\/uploads\/2024\/02\/Logo-detoure.png","width":500,"height":500,"caption":"Rencontre avec mes anc\u00eatres"},"image":{"@id":"https:\/\/www.elodie-et-antoine.fr\/ra\/#\/schema\/logo\/image\/"},"sameAs":["https:\/\/www.facebook.com\/rencontreancetres","https:\/\/x.com\/lodeetwit"]},{"@type":"Person","@id":"https:\/\/www.elodie-et-antoine.fr\/ra\/#\/schema\/person\/50e9be10104b0e8a3c0f55df181b9b56","name":"Elodie","image":{"@type":"ImageObject","inLanguage":"fr-FR","@id":"https:\/\/www.elodie-et-antoine.fr\/ra\/#\/schema\/person\/image\/","url":"https:\/\/secure.gravatar.com\/avatar\/1ee5777faed60801dee6c0665d8f4bb2cfd6d4bf6ab052dbbc40be268a652c31?s=96&d=mm&r=g","contentUrl":"https:\/\/secure.gravatar.com\/avatar\/1ee5777faed60801dee6c0665d8f4bb2cfd6d4bf6ab052dbbc40be268a652c31?s=96&d=mm&r=g","caption":"Elodie"},"url":"https:\/\/www.elodie-et-antoine.fr\/ra\/?author=1"}]}},"jetpack_featured_media_url":"","jetpack_sharing_enabled":true,"_links":{"self":[{"href":"https:\/\/www.elodie-et-antoine.fr\/ra\/index.php?rest_route=\/wp\/v2\/posts\/3531","targetHints":{"allow":["GET"]}}],"collection":[{"href":"https:\/\/www.elodie-et-antoine.fr\/ra\/index.php?rest_route=\/wp\/v2\/posts"}],"about":[{"href":"https:\/\/www.elodie-et-antoine.fr\/ra\/index.php?rest_route=\/wp\/v2\/types\/post"}],"author":[{"embeddable":true,"href":"https:\/\/www.elodie-et-antoine.fr\/ra\/index.php?rest_route=\/wp\/v2\/users\/1"}],"replies":[{"embeddable":true,"href":"https:\/\/www.elodie-et-antoine.fr\/ra\/index.php?rest_route=%2Fwp%2Fv2%2Fcomments&post=3531"}],"version-history":[{"count":12,"href":"https:\/\/www.elodie-et-antoine.fr\/ra\/index.php?rest_route=\/wp\/v2\/posts\/3531\/revisions"}],"predecessor-version":[{"id":3565,"href":"https:\/\/www.elodie-et-antoine.fr\/ra\/index.php?rest_route=\/wp\/v2\/posts\/3531\/revisions\/3565"}],"wp:attachment":[{"href":"https:\/\/www.elodie-et-antoine.fr\/ra\/index.php?rest_route=%2Fwp%2Fv2%2Fmedia&parent=3531"}],"wp:term":[{"taxonomy":"category","embeddable":true,"href":"https:\/\/www.elodie-et-antoine.fr\/ra\/index.php?rest_route=%2Fwp%2Fv2%2Fcategories&post=3531"},{"taxonomy":"post_tag","embeddable":true,"href":"https:\/\/www.elodie-et-antoine.fr\/ra\/index.php?rest_route=%2Fwp%2Fv2%2Ftags&post=3531"}],"curies":[{"name":"wp","href":"https:\/\/api.w.org\/{rel}","templated":true}]}}