{"id":3375,"date":"2022-07-06T06:30:00","date_gmt":"2022-07-06T05:30:00","guid":{"rendered":"http:\/\/www.elodie-et-antoine.fr\/ra\/?p=3375"},"modified":"2022-07-06T13:54:09","modified_gmt":"2022-07-06T12:54:09","slug":"etienne-alphonse-lebeau-soldat-decede-a-valenciennes","status":"publish","type":"post","link":"https:\/\/www.elodie-et-antoine.fr\/ra\/?p=3375","title":{"rendered":"\u00c9tienne Alphonse LEBEAU, soldat d\u00e9c\u00e9d\u00e9 \u00e0 Valenciennes"},"content":{"rendered":"\n<p>\u00c9tienne Alphonse LEBEAU est le neveu de mon a\u00efeule <a href=\"https:\/\/www.elodie-et-antoine.fr\/ra\/?p=1928\" data-type=\"post\" data-id=\"1928\">Agathe Marie GODON<\/a>. Cette derni\u00e8re a v\u00e9cu avec sa fille, n\u00e9e de p\u00e8re inconnu, chez sa s\u0153ur et son beau-fr\u00e8re aubergistes \u00e0 Subligny.  \u00c9tienne Alphonse a ainsi v\u00e9cu avec sa cousine Val\u00e9rie, \u00e2g\u00e9e de 10 ans de plus que lui.<\/p>\n\n\n\n<p>Dr\u00f4le de hasard : lors de sa naissance le 17 f\u00e9vrier 1855 l&rsquo;un des t\u00e9moins est \u00c9tienne PORCHER, mon sosa 74 (issu d&rsquo;une autre branche donc), tisserand \u00e0 Subligny. \u00c9tienne Alphonse v\u00e9cut au bourg de Subligny, dans l&rsquo;auberge de ses parents.<\/p>\n\n\n\n<figure class=\"wp-block-image size-large\"><a href=\"https:\/\/www.elodie-et-antoine.fr\/ra\/wp-content\/uploads\/2022\/06\/Etienne-Alphonse-1.jpg\"><img loading=\"lazy\" decoding=\"async\" width=\"1024\" height=\"665\" src=\"https:\/\/www.elodie-et-antoine.fr\/ra\/wp-content\/uploads\/2022\/06\/Etienne-Alphonse-1.jpg\" alt=\"\" class=\"wp-image-3381\" srcset=\"https:\/\/www.elodie-et-antoine.fr\/ra\/wp-content\/uploads\/2022\/06\/Etienne-Alphonse-1.jpg 1024w, https:\/\/www.elodie-et-antoine.fr\/ra\/wp-content\/uploads\/2022\/06\/Etienne-Alphonse-1-300x195.jpg 300w, https:\/\/www.elodie-et-antoine.fr\/ra\/wp-content\/uploads\/2022\/06\/Etienne-Alphonse-1-768x499.jpg 768w, https:\/\/www.elodie-et-antoine.fr\/ra\/wp-content\/uploads\/2022\/06\/Etienne-Alphonse-1-416x270.jpg 416w\" sizes=\"auto, (max-width: 1024px) 100vw, 1024px\" \/><\/a><figcaption>Recensement de Subligny &#8211; 1872 &#8211; AD18 &#8211; 6M 0082<\/figcaption><\/figure>\n\n\n\n<p>En 1875, \u00c9tienne Alphonse n&rsquo;a pas suivi la tradition familiale et est menuisier. Vingt ans, c&rsquo;est l&rsquo;\u00e2ge des obligations militaires et du tirage au sort de la classe 75. L&rsquo;occasion d&rsquo;en savoir plus sur \u00c9tienne Alphonse : il est bon pour le service et ch\u00e2tain et yeux bleus.<\/p>\n\n\n\n<p>Il rejoint le 14\u00e8me r\u00e9giment de dragons, 4\u00e8me escadron. Il d\u00e9c\u00e8de malheureusement deux ans plus tard \u00e0 l&rsquo;h\u00f4pital militaire de Valenciennes, le 23 ao\u00fbt \u00e0 une heure du matin. Deux infirmiers d\u00e9clareront le d\u00e9c\u00e8s en d\u00e9but d&rsquo;apr\u00e8s-midi mails il ne sera transcrit que le 6 novembre \u00e0 Subligny.<\/p>\n\n\n\n<p>J&rsquo;ai cherch\u00e9 \u00e0 localiser l&rsquo;h\u00f4pital militaire. A priori \u00e0 cette \u00e9poque il s&rsquo;agissait de l&rsquo;ancien <a href=\"https:\/\/www.pop.culture.gouv.fr\/notice\/merimee\/IA59000362\">h\u00f4pital g\u00e9n\u00e9ral<\/a>, ensuite h\u00f4tel du Hainaut.<\/p>\n\n\n\n<figure class=\"wp-block-image size-large\"><a href=\"https:\/\/www.elodie-et-antoine.fr\/ra\/wp-content\/uploads\/2022\/06\/Hopital-Valenciennes.jpg\"><img loading=\"lazy\" decoding=\"async\" width=\"1024\" height=\"638\" src=\"https:\/\/www.elodie-et-antoine.fr\/ra\/wp-content\/uploads\/2022\/06\/Hopital-Valenciennes-1024x638.jpg\" alt=\"\" class=\"wp-image-3377\" srcset=\"https:\/\/www.elodie-et-antoine.fr\/ra\/wp-content\/uploads\/2022\/06\/Hopital-Valenciennes-1024x638.jpg 1024w, https:\/\/www.elodie-et-antoine.fr\/ra\/wp-content\/uploads\/2022\/06\/Hopital-Valenciennes-300x187.jpg 300w, https:\/\/www.elodie-et-antoine.fr\/ra\/wp-content\/uploads\/2022\/06\/Hopital-Valenciennes-768x479.jpg 768w, https:\/\/www.elodie-et-antoine.fr\/ra\/wp-content\/uploads\/2022\/06\/Hopital-Valenciennes-1536x958.jpg 1536w, https:\/\/www.elodie-et-antoine.fr\/ra\/wp-content\/uploads\/2022\/06\/Hopital-Valenciennes-433x270.jpg 433w, https:\/\/www.elodie-et-antoine.fr\/ra\/wp-content\/uploads\/2022\/06\/Hopital-Valenciennes.jpg 1625w\" sizes=\"auto, (max-width: 1024px) 100vw, 1024px\" \/><\/a><\/figure>\n\n\n\n<p>Comment est mort \u00c9tienne Alphonse. De maladie ? De blessures ? Je n&rsquo;ai pas pu pousser plus loin mes recherches pour le moment, si tant est que je puisse trouver la r\u00e9ponse&#8230;<\/p>\n","protected":false},"excerpt":{"rendered":"<p>\u00c9tienne Alphonse LEBEAU est le neveu de mon a\u00efeule Agathe Marie GODON. Cette derni\u00e8re a v\u00e9cu avec sa fille, n\u00e9e de p\u00e8re inconnu, chez sa s\u0153ur et son beau-fr\u00e8re aubergistes \u00e0 Subligny. \u00c9tienne Alphonse a ainsi v\u00e9cu avec sa cousine Val\u00e9rie, \u00e2g\u00e9e de 10 ans de plus que lui. Dr\u00f4le de hasard : lors de sa naissance le 17 f\u00e9vrier 1855 l&rsquo;un des t\u00e9moins est \u00c9tienne PORCHER, mon sosa 74 (issu d&rsquo;une autre branche donc), tisserand \u00e0 Subligny. \u00c9tienne Alphonse v\u00e9cut au bourg de Subligny, dans l&rsquo;auberge de ses parents. En 1875, \u00c9tienne Alphonse n&rsquo;a pas suivi la tradition familiale et est menuisier. Vingt ans, c&rsquo;est l&rsquo;\u00e2ge des obligations militaires et du tirage au sort de la classe 75. L&rsquo;occasion d&rsquo;en savoir plus sur \u00c9tienne Alphonse : il est bon pour le service et ch\u00e2tain et yeux bleus. Il rejoint le 14\u00e8me r\u00e9giment de dragons, 4\u00e8me escadron. Il d\u00e9c\u00e8de malheureusement deux ans plus tard \u00e0 l&rsquo;h\u00f4pital militaire de Valenciennes, le 23 ao\u00fbt \u00e0 une heure du matin. Deux infirmiers d\u00e9clareront le d\u00e9c\u00e8s en d\u00e9but d&rsquo;apr\u00e8s-midi mails il ne sera transcrit que le 6 novembre \u00e0 Subligny. J&rsquo;ai cherch\u00e9 \u00e0 localiser l&rsquo;h\u00f4pital militaire. A priori \u00e0 cette \u00e9poque il s&rsquo;agissait de l&rsquo;ancien h\u00f4pital g\u00e9n\u00e9ral, ensuite h\u00f4tel du Hainaut. Comment est mort \u00c9tienne Alphonse. De maladie ? De blessures ? Je n&rsquo;ai pas pu pousser plus loin mes recherches pour le moment, si tant est que je puisse trouver la r\u00e9ponse&#8230;<\/p>\n","protected":false},"author":1,"featured_media":0,"comment_status":"open","ping_status":"open","sticky":false,"template":"","format":"standard","meta":{"_exactmetrics_skip_tracking":false,"_exactmetrics_sitenote_active":false,"_exactmetrics_sitenote_note":"","_exactmetrics_sitenote_category":0,"jetpack_post_was_ever_published":false,"_jetpack_newsletter_access":"","_jetpack_dont_email_post_to_subs":false,"_jetpack_newsletter_tier_id":0,"_jetpack_memberships_contains_paywalled_content":false,"_jetpack_memberships_contains_paid_content":false,"footnotes":""},"categories":[7],"tags":[89,292],"class_list":["post-3375","post","type-post","status-publish","format-standard","hentry","category-mes-recherches","tag-lebeau","tag-soldat"],"yoast_head":"<!-- This site is optimized with the Yoast SEO plugin v27.0 - https:\/\/yoast.com\/product\/yoast-seo-wordpress\/ -->\n<title>\u00c9tienne Alphonse LEBEAU, soldat d\u00e9c\u00e9d\u00e9 \u00e0 Valenciennes - Rencontre avec mes anc\u00eatres<\/title>\n<meta name=\"robots\" content=\"index, follow, max-snippet:-1, max-image-preview:large, max-video-preview:-1\" \/>\n<link rel=\"canonical\" href=\"https:\/\/www.elodie-et-antoine.fr\/ra\/?p=3375\" \/>\n<meta property=\"og:locale\" content=\"fr_FR\" \/>\n<meta property=\"og:type\" content=\"article\" \/>\n<meta property=\"og:title\" content=\"\u00c9tienne Alphonse LEBEAU, soldat d\u00e9c\u00e9d\u00e9 \u00e0 Valenciennes - Rencontre avec mes anc\u00eatres\" \/>\n<meta property=\"og:description\" content=\"\u00c9tienne Alphonse LEBEAU est le neveu de mon a\u00efeule Agathe Marie GODON. Cette derni\u00e8re a v\u00e9cu avec sa fille, n\u00e9e de p\u00e8re inconnu, chez sa s\u0153ur et son beau-fr\u00e8re aubergistes \u00e0 Subligny. \u00c9tienne Alphonse a ainsi v\u00e9cu avec sa cousine Val\u00e9rie, \u00e2g\u00e9e de 10 ans de plus que lui. Dr\u00f4le de hasard : lors de sa naissance le 17 f\u00e9vrier 1855 l&rsquo;un des t\u00e9moins est \u00c9tienne PORCHER, mon sosa 74 (issu d&rsquo;une autre branche donc), tisserand \u00e0 Subligny. \u00c9tienne Alphonse v\u00e9cut au bourg de Subligny, dans l&rsquo;auberge de ses parents. En 1875, \u00c9tienne Alphonse n&rsquo;a pas suivi la tradition familiale et est menuisier. Vingt ans, c&rsquo;est l&rsquo;\u00e2ge des obligations militaires et du tirage au sort de la classe 75. L&rsquo;occasion d&rsquo;en savoir plus sur \u00c9tienne Alphonse : il est bon pour le service et ch\u00e2tain et yeux bleus. Il rejoint le 14\u00e8me r\u00e9giment de dragons, 4\u00e8me escadron. Il d\u00e9c\u00e8de malheureusement deux ans plus tard \u00e0 l&rsquo;h\u00f4pital militaire de Valenciennes, le 23 ao\u00fbt \u00e0 une heure du matin. Deux infirmiers d\u00e9clareront le d\u00e9c\u00e8s en d\u00e9but d&rsquo;apr\u00e8s-midi mails il ne sera transcrit que le 6 novembre \u00e0 Subligny. J&rsquo;ai cherch\u00e9 \u00e0 localiser l&rsquo;h\u00f4pital militaire. A priori \u00e0 cette \u00e9poque il s&rsquo;agissait de l&rsquo;ancien h\u00f4pital g\u00e9n\u00e9ral, ensuite h\u00f4tel du Hainaut. Comment est mort \u00c9tienne Alphonse. De maladie ? De blessures ? Je n&rsquo;ai pas pu pousser plus loin mes recherches pour le moment, si tant est que je puisse trouver la r\u00e9ponse&#8230;\" \/>\n<meta property=\"og:url\" content=\"https:\/\/www.elodie-et-antoine.fr\/ra\/?p=3375\" \/>\n<meta property=\"og:site_name\" content=\"Rencontre avec mes anc\u00eatres\" \/>\n<meta property=\"article:publisher\" content=\"https:\/\/www.facebook.com\/rencontreancetres\" \/>\n<meta property=\"article:published_time\" content=\"2022-07-06T05:30:00+00:00\" \/>\n<meta property=\"article:modified_time\" content=\"2022-07-06T12:54:09+00:00\" \/>\n<meta property=\"og:image\" content=\"http:\/\/www.elodie-et-antoine.fr\/ra\/wp-content\/uploads\/2022\/06\/Etienne-Alphonse-1.jpg\" \/>\n<meta name=\"author\" content=\"Elodie\" \/>\n<meta name=\"twitter:card\" content=\"summary_large_image\" \/>\n<meta name=\"twitter:creator\" content=\"@lodeetwit\" \/>\n<meta name=\"twitter:site\" content=\"@lodeetwit\" \/>\n<meta name=\"twitter:label1\" content=\"\u00c9crit par\" \/>\n\t<meta name=\"twitter:data1\" content=\"Elodie\" \/>\n\t<meta name=\"twitter:label2\" content=\"Dur\u00e9e de lecture estim\u00e9e\" \/>\n\t<meta name=\"twitter:data2\" content=\"1 minute\" \/>\n<script type=\"application\/ld+json\" class=\"yoast-schema-graph\">{\"@context\":\"https:\/\/schema.org\",\"@graph\":[{\"@type\":\"Article\",\"@id\":\"https:\/\/www.elodie-et-antoine.fr\/ra\/?p=3375#article\",\"isPartOf\":{\"@id\":\"https:\/\/www.elodie-et-antoine.fr\/ra\/?p=3375\"},\"author\":{\"name\":\"Elodie\",\"@id\":\"https:\/\/www.elodie-et-antoine.fr\/ra\/#\/schema\/person\/50e9be10104b0e8a3c0f55df181b9b56\"},\"headline\":\"\u00c9tienne Alphonse LEBEAU, soldat d\u00e9c\u00e9d\u00e9 \u00e0 Valenciennes\",\"datePublished\":\"2022-07-06T05:30:00+00:00\",\"dateModified\":\"2022-07-06T12:54:09+00:00\",\"mainEntityOfPage\":{\"@id\":\"https:\/\/www.elodie-et-antoine.fr\/ra\/?p=3375\"},\"wordCount\":268,\"commentCount\":2,\"publisher\":{\"@id\":\"https:\/\/www.elodie-et-antoine.fr\/ra\/#organization\"},\"image\":{\"@id\":\"https:\/\/www.elodie-et-antoine.fr\/ra\/?p=3375#primaryimage\"},\"thumbnailUrl\":\"http:\/\/www.elodie-et-antoine.fr\/ra\/wp-content\/uploads\/2022\/06\/Etienne-Alphonse-1.jpg\",\"keywords\":[\"Lebeau\",\"soldat\"],\"articleSection\":[\"Mes recherches\"],\"inLanguage\":\"fr-FR\",\"potentialAction\":[{\"@type\":\"CommentAction\",\"name\":\"Comment\",\"target\":[\"https:\/\/www.elodie-et-antoine.fr\/ra\/?p=3375#respond\"]}]},{\"@type\":\"WebPage\",\"@id\":\"https:\/\/www.elodie-et-antoine.fr\/ra\/?p=3375\",\"url\":\"https:\/\/www.elodie-et-antoine.fr\/ra\/?p=3375\",\"name\":\"\u00c9tienne Alphonse LEBEAU, soldat d\u00e9c\u00e9d\u00e9 \u00e0 Valenciennes - Rencontre avec mes anc\u00eatres\",\"isPartOf\":{\"@id\":\"https:\/\/www.elodie-et-antoine.fr\/ra\/#website\"},\"primaryImageOfPage\":{\"@id\":\"https:\/\/www.elodie-et-antoine.fr\/ra\/?p=3375#primaryimage\"},\"image\":{\"@id\":\"https:\/\/www.elodie-et-antoine.fr\/ra\/?p=3375#primaryimage\"},\"thumbnailUrl\":\"http:\/\/www.elodie-et-antoine.fr\/ra\/wp-content\/uploads\/2022\/06\/Etienne-Alphonse-1.jpg\",\"datePublished\":\"2022-07-06T05:30:00+00:00\",\"dateModified\":\"2022-07-06T12:54:09+00:00\",\"breadcrumb\":{\"@id\":\"https:\/\/www.elodie-et-antoine.fr\/ra\/?p=3375#breadcrumb\"},\"inLanguage\":\"fr-FR\",\"potentialAction\":[{\"@type\":\"ReadAction\",\"target\":[\"https:\/\/www.elodie-et-antoine.fr\/ra\/?p=3375\"]}]},{\"@type\":\"ImageObject\",\"inLanguage\":\"fr-FR\",\"@id\":\"https:\/\/www.elodie-et-antoine.fr\/ra\/?p=3375#primaryimage\",\"url\":\"http:\/\/www.elodie-et-antoine.fr\/ra\/wp-content\/uploads\/2022\/06\/Etienne-Alphonse-1.jpg\",\"contentUrl\":\"http:\/\/www.elodie-et-antoine.fr\/ra\/wp-content\/uploads\/2022\/06\/Etienne-Alphonse-1.jpg\"},{\"@type\":\"BreadcrumbList\",\"@id\":\"https:\/\/www.elodie-et-antoine.fr\/ra\/?p=3375#breadcrumb\",\"itemListElement\":[{\"@type\":\"ListItem\",\"position\":1,\"name\":\"Accueil\",\"item\":\"https:\/\/www.elodie-et-antoine.fr\/ra\"},{\"@type\":\"ListItem\",\"position\":2,\"name\":\"\u00c9tienne Alphonse LEBEAU, soldat d\u00e9c\u00e9d\u00e9 \u00e0 Valenciennes\"}]},{\"@type\":\"WebSite\",\"@id\":\"https:\/\/www.elodie-et-antoine.fr\/ra\/#website\",\"url\":\"https:\/\/www.elodie-et-antoine.fr\/ra\/\",\"name\":\"Rencontre avec mes anc\u00eatres\",\"description\":\"Rencontre avec mes anc\u00eatres\",\"publisher\":{\"@id\":\"https:\/\/www.elodie-et-antoine.fr\/ra\/#organization\"},\"potentialAction\":[{\"@type\":\"SearchAction\",\"target\":{\"@type\":\"EntryPoint\",\"urlTemplate\":\"https:\/\/www.elodie-et-antoine.fr\/ra\/?s={search_term_string}\"},\"query-input\":{\"@type\":\"PropertyValueSpecification\",\"valueRequired\":true,\"valueName\":\"search_term_string\"}}],\"inLanguage\":\"fr-FR\"},{\"@type\":\"Organization\",\"@id\":\"https:\/\/www.elodie-et-antoine.fr\/ra\/#organization\",\"name\":\"Rencontre avec mes anc\u00eatres\",\"url\":\"https:\/\/www.elodie-et-antoine.fr\/ra\/\",\"logo\":{\"@type\":\"ImageObject\",\"inLanguage\":\"fr-FR\",\"@id\":\"https:\/\/www.elodie-et-antoine.fr\/ra\/#\/schema\/logo\/image\/\",\"url\":\"https:\/\/www.elodie-et-antoine.fr\/ra\/wp-content\/uploads\/2024\/02\/Logo-detoure.png\",\"contentUrl\":\"https:\/\/www.elodie-et-antoine.fr\/ra\/wp-content\/uploads\/2024\/02\/Logo-detoure.png\",\"width\":500,\"height\":500,\"caption\":\"Rencontre avec mes anc\u00eatres\"},\"image\":{\"@id\":\"https:\/\/www.elodie-et-antoine.fr\/ra\/#\/schema\/logo\/image\/\"},\"sameAs\":[\"https:\/\/www.facebook.com\/rencontreancetres\",\"https:\/\/x.com\/lodeetwit\"]},{\"@type\":\"Person\",\"@id\":\"https:\/\/www.elodie-et-antoine.fr\/ra\/#\/schema\/person\/50e9be10104b0e8a3c0f55df181b9b56\",\"name\":\"Elodie\",\"image\":{\"@type\":\"ImageObject\",\"inLanguage\":\"fr-FR\",\"@id\":\"https:\/\/www.elodie-et-antoine.fr\/ra\/#\/schema\/person\/image\/\",\"url\":\"https:\/\/secure.gravatar.com\/avatar\/1ee5777faed60801dee6c0665d8f4bb2cfd6d4bf6ab052dbbc40be268a652c31?s=96&d=mm&r=g\",\"contentUrl\":\"https:\/\/secure.gravatar.com\/avatar\/1ee5777faed60801dee6c0665d8f4bb2cfd6d4bf6ab052dbbc40be268a652c31?s=96&d=mm&r=g\",\"caption\":\"Elodie\"},\"url\":\"https:\/\/www.elodie-et-antoine.fr\/ra\/?author=1\"}]}<\/script>\n<!-- \/ Yoast SEO plugin. -->","yoast_head_json":{"title":"\u00c9tienne Alphonse LEBEAU, soldat d\u00e9c\u00e9d\u00e9 \u00e0 Valenciennes - Rencontre avec mes anc\u00eatres","robots":{"index":"index","follow":"follow","max-snippet":"max-snippet:-1","max-image-preview":"max-image-preview:large","max-video-preview":"max-video-preview:-1"},"canonical":"https:\/\/www.elodie-et-antoine.fr\/ra\/?p=3375","og_locale":"fr_FR","og_type":"article","og_title":"\u00c9tienne Alphonse LEBEAU, soldat d\u00e9c\u00e9d\u00e9 \u00e0 Valenciennes - Rencontre avec mes anc\u00eatres","og_description":"\u00c9tienne Alphonse LEBEAU est le neveu de mon a\u00efeule Agathe Marie GODON. Cette derni\u00e8re a v\u00e9cu avec sa fille, n\u00e9e de p\u00e8re inconnu, chez sa s\u0153ur et son beau-fr\u00e8re aubergistes \u00e0 Subligny. \u00c9tienne Alphonse a ainsi v\u00e9cu avec sa cousine Val\u00e9rie, \u00e2g\u00e9e de 10 ans de plus que lui. Dr\u00f4le de hasard : lors de sa naissance le 17 f\u00e9vrier 1855 l&rsquo;un des t\u00e9moins est \u00c9tienne PORCHER, mon sosa 74 (issu d&rsquo;une autre branche donc), tisserand \u00e0 Subligny. \u00c9tienne Alphonse v\u00e9cut au bourg de Subligny, dans l&rsquo;auberge de ses parents. En 1875, \u00c9tienne Alphonse n&rsquo;a pas suivi la tradition familiale et est menuisier. Vingt ans, c&rsquo;est l&rsquo;\u00e2ge des obligations militaires et du tirage au sort de la classe 75. L&rsquo;occasion d&rsquo;en savoir plus sur \u00c9tienne Alphonse : il est bon pour le service et ch\u00e2tain et yeux bleus. Il rejoint le 14\u00e8me r\u00e9giment de dragons, 4\u00e8me escadron. Il d\u00e9c\u00e8de malheureusement deux ans plus tard \u00e0 l&rsquo;h\u00f4pital militaire de Valenciennes, le 23 ao\u00fbt \u00e0 une heure du matin. Deux infirmiers d\u00e9clareront le d\u00e9c\u00e8s en d\u00e9but d&rsquo;apr\u00e8s-midi mails il ne sera transcrit que le 6 novembre \u00e0 Subligny. J&rsquo;ai cherch\u00e9 \u00e0 localiser l&rsquo;h\u00f4pital militaire. A priori \u00e0 cette \u00e9poque il s&rsquo;agissait de l&rsquo;ancien h\u00f4pital g\u00e9n\u00e9ral, ensuite h\u00f4tel du Hainaut. Comment est mort \u00c9tienne Alphonse. De maladie ? De blessures ? Je n&rsquo;ai pas pu pousser plus loin mes recherches pour le moment, si tant est que je puisse trouver la r\u00e9ponse&#8230;","og_url":"https:\/\/www.elodie-et-antoine.fr\/ra\/?p=3375","og_site_name":"Rencontre avec mes anc\u00eatres","article_publisher":"https:\/\/www.facebook.com\/rencontreancetres","article_published_time":"2022-07-06T05:30:00+00:00","article_modified_time":"2022-07-06T12:54:09+00:00","og_image":[{"url":"http:\/\/www.elodie-et-antoine.fr\/ra\/wp-content\/uploads\/2022\/06\/Etienne-Alphonse-1.jpg","type":"","width":"","height":""}],"author":"Elodie","twitter_card":"summary_large_image","twitter_creator":"@lodeetwit","twitter_site":"@lodeetwit","twitter_misc":{"\u00c9crit par":"Elodie","Dur\u00e9e de lecture estim\u00e9e":"1 minute"},"schema":{"@context":"https:\/\/schema.org","@graph":[{"@type":"Article","@id":"https:\/\/www.elodie-et-antoine.fr\/ra\/?p=3375#article","isPartOf":{"@id":"https:\/\/www.elodie-et-antoine.fr\/ra\/?p=3375"},"author":{"name":"Elodie","@id":"https:\/\/www.elodie-et-antoine.fr\/ra\/#\/schema\/person\/50e9be10104b0e8a3c0f55df181b9b56"},"headline":"\u00c9tienne Alphonse LEBEAU, soldat d\u00e9c\u00e9d\u00e9 \u00e0 Valenciennes","datePublished":"2022-07-06T05:30:00+00:00","dateModified":"2022-07-06T12:54:09+00:00","mainEntityOfPage":{"@id":"https:\/\/www.elodie-et-antoine.fr\/ra\/?p=3375"},"wordCount":268,"commentCount":2,"publisher":{"@id":"https:\/\/www.elodie-et-antoine.fr\/ra\/#organization"},"image":{"@id":"https:\/\/www.elodie-et-antoine.fr\/ra\/?p=3375#primaryimage"},"thumbnailUrl":"http:\/\/www.elodie-et-antoine.fr\/ra\/wp-content\/uploads\/2022\/06\/Etienne-Alphonse-1.jpg","keywords":["Lebeau","soldat"],"articleSection":["Mes recherches"],"inLanguage":"fr-FR","potentialAction":[{"@type":"CommentAction","name":"Comment","target":["https:\/\/www.elodie-et-antoine.fr\/ra\/?p=3375#respond"]}]},{"@type":"WebPage","@id":"https:\/\/www.elodie-et-antoine.fr\/ra\/?p=3375","url":"https:\/\/www.elodie-et-antoine.fr\/ra\/?p=3375","name":"\u00c9tienne Alphonse LEBEAU, soldat d\u00e9c\u00e9d\u00e9 \u00e0 Valenciennes - Rencontre avec mes anc\u00eatres","isPartOf":{"@id":"https:\/\/www.elodie-et-antoine.fr\/ra\/#website"},"primaryImageOfPage":{"@id":"https:\/\/www.elodie-et-antoine.fr\/ra\/?p=3375#primaryimage"},"image":{"@id":"https:\/\/www.elodie-et-antoine.fr\/ra\/?p=3375#primaryimage"},"thumbnailUrl":"http:\/\/www.elodie-et-antoine.fr\/ra\/wp-content\/uploads\/2022\/06\/Etienne-Alphonse-1.jpg","datePublished":"2022-07-06T05:30:00+00:00","dateModified":"2022-07-06T12:54:09+00:00","breadcrumb":{"@id":"https:\/\/www.elodie-et-antoine.fr\/ra\/?p=3375#breadcrumb"},"inLanguage":"fr-FR","potentialAction":[{"@type":"ReadAction","target":["https:\/\/www.elodie-et-antoine.fr\/ra\/?p=3375"]}]},{"@type":"ImageObject","inLanguage":"fr-FR","@id":"https:\/\/www.elodie-et-antoine.fr\/ra\/?p=3375#primaryimage","url":"http:\/\/www.elodie-et-antoine.fr\/ra\/wp-content\/uploads\/2022\/06\/Etienne-Alphonse-1.jpg","contentUrl":"http:\/\/www.elodie-et-antoine.fr\/ra\/wp-content\/uploads\/2022\/06\/Etienne-Alphonse-1.jpg"},{"@type":"BreadcrumbList","@id":"https:\/\/www.elodie-et-antoine.fr\/ra\/?p=3375#breadcrumb","itemListElement":[{"@type":"ListItem","position":1,"name":"Accueil","item":"https:\/\/www.elodie-et-antoine.fr\/ra"},{"@type":"ListItem","position":2,"name":"\u00c9tienne Alphonse LEBEAU, soldat d\u00e9c\u00e9d\u00e9 \u00e0 Valenciennes"}]},{"@type":"WebSite","@id":"https:\/\/www.elodie-et-antoine.fr\/ra\/#website","url":"https:\/\/www.elodie-et-antoine.fr\/ra\/","name":"Rencontre avec mes anc\u00eatres","description":"Rencontre avec mes anc\u00eatres","publisher":{"@id":"https:\/\/www.elodie-et-antoine.fr\/ra\/#organization"},"potentialAction":[{"@type":"SearchAction","target":{"@type":"EntryPoint","urlTemplate":"https:\/\/www.elodie-et-antoine.fr\/ra\/?s={search_term_string}"},"query-input":{"@type":"PropertyValueSpecification","valueRequired":true,"valueName":"search_term_string"}}],"inLanguage":"fr-FR"},{"@type":"Organization","@id":"https:\/\/www.elodie-et-antoine.fr\/ra\/#organization","name":"Rencontre avec mes anc\u00eatres","url":"https:\/\/www.elodie-et-antoine.fr\/ra\/","logo":{"@type":"ImageObject","inLanguage":"fr-FR","@id":"https:\/\/www.elodie-et-antoine.fr\/ra\/#\/schema\/logo\/image\/","url":"https:\/\/www.elodie-et-antoine.fr\/ra\/wp-content\/uploads\/2024\/02\/Logo-detoure.png","contentUrl":"https:\/\/www.elodie-et-antoine.fr\/ra\/wp-content\/uploads\/2024\/02\/Logo-detoure.png","width":500,"height":500,"caption":"Rencontre avec mes anc\u00eatres"},"image":{"@id":"https:\/\/www.elodie-et-antoine.fr\/ra\/#\/schema\/logo\/image\/"},"sameAs":["https:\/\/www.facebook.com\/rencontreancetres","https:\/\/x.com\/lodeetwit"]},{"@type":"Person","@id":"https:\/\/www.elodie-et-antoine.fr\/ra\/#\/schema\/person\/50e9be10104b0e8a3c0f55df181b9b56","name":"Elodie","image":{"@type":"ImageObject","inLanguage":"fr-FR","@id":"https:\/\/www.elodie-et-antoine.fr\/ra\/#\/schema\/person\/image\/","url":"https:\/\/secure.gravatar.com\/avatar\/1ee5777faed60801dee6c0665d8f4bb2cfd6d4bf6ab052dbbc40be268a652c31?s=96&d=mm&r=g","contentUrl":"https:\/\/secure.gravatar.com\/avatar\/1ee5777faed60801dee6c0665d8f4bb2cfd6d4bf6ab052dbbc40be268a652c31?s=96&d=mm&r=g","caption":"Elodie"},"url":"https:\/\/www.elodie-et-antoine.fr\/ra\/?author=1"}]}},"jetpack_featured_media_url":"","jetpack_sharing_enabled":true,"_links":{"self":[{"href":"https:\/\/www.elodie-et-antoine.fr\/ra\/index.php?rest_route=\/wp\/v2\/posts\/3375","targetHints":{"allow":["GET"]}}],"collection":[{"href":"https:\/\/www.elodie-et-antoine.fr\/ra\/index.php?rest_route=\/wp\/v2\/posts"}],"about":[{"href":"https:\/\/www.elodie-et-antoine.fr\/ra\/index.php?rest_route=\/wp\/v2\/types\/post"}],"author":[{"embeddable":true,"href":"https:\/\/www.elodie-et-antoine.fr\/ra\/index.php?rest_route=\/wp\/v2\/users\/1"}],"replies":[{"embeddable":true,"href":"https:\/\/www.elodie-et-antoine.fr\/ra\/index.php?rest_route=%2Fwp%2Fv2%2Fcomments&post=3375"}],"version-history":[{"count":8,"href":"https:\/\/www.elodie-et-antoine.fr\/ra\/index.php?rest_route=\/wp\/v2\/posts\/3375\/revisions"}],"predecessor-version":[{"id":3396,"href":"https:\/\/www.elodie-et-antoine.fr\/ra\/index.php?rest_route=\/wp\/v2\/posts\/3375\/revisions\/3396"}],"wp:attachment":[{"href":"https:\/\/www.elodie-et-antoine.fr\/ra\/index.php?rest_route=%2Fwp%2Fv2%2Fmedia&parent=3375"}],"wp:term":[{"taxonomy":"category","embeddable":true,"href":"https:\/\/www.elodie-et-antoine.fr\/ra\/index.php?rest_route=%2Fwp%2Fv2%2Fcategories&post=3375"},{"taxonomy":"post_tag","embeddable":true,"href":"https:\/\/www.elodie-et-antoine.fr\/ra\/index.php?rest_route=%2Fwp%2Fv2%2Ftags&post=3375"}],"curies":[{"name":"wp","href":"https:\/\/api.w.org\/{rel}","templated":true}]}}