{"id":3249,"date":"2021-11-14T08:00:00","date_gmt":"2021-11-14T07:00:00","guid":{"rendered":"http:\/\/www.elodie-et-antoine.fr\/ra\/?p=3249"},"modified":"2021-11-14T20:30:24","modified_gmt":"2021-11-14T19:30:24","slug":"il-y-a-200-ans-le-deces-de-francois-bontemps","status":"publish","type":"post","link":"https:\/\/www.elodie-et-antoine.fr\/ra\/?p=3249","title":{"rendered":"Il y a 200 ans, le d\u00e9c\u00e8s de Fran\u00e7ois BONTEMPS"},"content":{"rendered":"\n<p>Le 14 novembre 1821 \u00e0 17 heures, Fran\u00e7ois BONTEMPS d\u00e9c\u00e8de au hameau des Guenoux, \u00e0 Subligny ; il est \u00e2g\u00e9 de 61 ans. Son fils a\u00een\u00e9 Louis (30 ans), et un homonyme qui est sans doute son fr\u00e8re d\u00e9clareront le d\u00e9c\u00e8s le lendemain \u00e0 9h du matin.<\/p>\n\n\n\n<p>S&rsquo;il est d\u00e9c\u00e9d\u00e9 \u00e0 Subligny, Fran\u00e7ois est originaire du village voisin de Sury-en-Vaux o\u00f9 il est n\u00e9 en juillet 1760.<\/p>\n\n\n\n<p>Nous le retrouvons \u00e0 Subligny pour son mariage avec Genevi\u00e8ve LEGER, qui est veuve. Il leur faudra une dispense de consanguinit\u00e9 au troisi\u00e8me degr\u00e9 pour recevoir le sacrement du mariage.<\/p>\n\n\n\n<p>La dispense sera accord\u00e9e le 29 janvier 1773, et les fian\u00e7ailles auront lieu quatre jours plus tard (l&rsquo;avant veille du mariage).<\/p>\n\n\n\n<p>De cette union j&rsquo;ai recens\u00e9 10 enfants, dont Denis BONTEMPS le sosa 112 de mon mari. Au moment de son d\u00e9c\u00e8s seuls cinq enfants sont encore en vie.<\/p>\n\n\n\n<figure class=\"wp-block-image size-large\"><a href=\"https:\/\/www.elodie-et-antoine.fr\/ra\/wp-content\/uploads\/2021\/11\/Ligne-Francois-Bontemps.jpg\"><img loading=\"lazy\" decoding=\"async\" width=\"1024\" height=\"726\" src=\"https:\/\/www.elodie-et-antoine.fr\/ra\/wp-content\/uploads\/2021\/11\/Ligne-Francois-Bontemps-1024x726.jpg\" alt=\"\" class=\"wp-image-3250\" srcset=\"https:\/\/www.elodie-et-antoine.fr\/ra\/wp-content\/uploads\/2021\/11\/Ligne-Francois-Bontemps-1024x726.jpg 1024w, https:\/\/www.elodie-et-antoine.fr\/ra\/wp-content\/uploads\/2021\/11\/Ligne-Francois-Bontemps-300x213.jpg 300w, https:\/\/www.elodie-et-antoine.fr\/ra\/wp-content\/uploads\/2021\/11\/Ligne-Francois-Bontemps-768x544.jpg 768w, https:\/\/www.elodie-et-antoine.fr\/ra\/wp-content\/uploads\/2021\/11\/Ligne-Francois-Bontemps-381x270.jpg 381w, https:\/\/www.elodie-et-antoine.fr\/ra\/wp-content\/uploads\/2021\/11\/Ligne-Francois-Bontemps.jpg 1115w\" sizes=\"auto, (max-width: 1024px) 100vw, 1024px\" \/><\/a><figcaption>Ligne de vie de Fran\u00e7ois Bontemps &#8211; En orange, celle de Denis.<\/figcaption><\/figure>\n","protected":false},"excerpt":{"rendered":"<p>Le 14 novembre 1821 \u00e0 17 heures, Fran\u00e7ois BONTEMPS d\u00e9c\u00e8de au hameau des Guenoux, \u00e0 Subligny ; il est \u00e2g\u00e9 de 61 ans. Son fils a\u00een\u00e9 Louis (30 ans), et un homonyme qui est sans doute son fr\u00e8re d\u00e9clareront le d\u00e9c\u00e8s le lendemain \u00e0 9h du matin. S&rsquo;il est d\u00e9c\u00e9d\u00e9 \u00e0 Subligny, Fran\u00e7ois est originaire du village voisin de Sury-en-Vaux o\u00f9 il est n\u00e9 en juillet 1760. Nous le retrouvons \u00e0 Subligny pour son mariage avec Genevi\u00e8ve LEGER, qui est veuve. Il leur faudra une dispense de consanguinit\u00e9 au troisi\u00e8me degr\u00e9 pour recevoir le sacrement du mariage. La dispense sera accord\u00e9e le 29 janvier 1773, et les fian\u00e7ailles auront lieu quatre jours plus tard (l&rsquo;avant veille du mariage). De cette union j&rsquo;ai recens\u00e9 10 enfants, dont Denis BONTEMPS le sosa 112 de mon mari. Au moment de son d\u00e9c\u00e8s seuls cinq enfants sont encore en vie.<\/p>\n","protected":false},"author":1,"featured_media":0,"comment_status":"open","ping_status":"open","sticky":false,"template":"","format":"standard","meta":{"_exactmetrics_skip_tracking":false,"_exactmetrics_sitenote_active":false,"_exactmetrics_sitenote_note":"","_exactmetrics_sitenote_category":0,"jetpack_post_was_ever_published":false,"_jetpack_newsletter_access":"","_jetpack_dont_email_post_to_subs":false,"_jetpack_newsletter_tier_id":0,"_jetpack_memberships_contains_paywalled_content":false,"_jetpack_memberships_contains_paid_content":false,"footnotes":""},"categories":[26],"tags":[183,92],"class_list":["post-3249","post","type-post","status-publish","format-standard","hentry","category-mes-ancetres","tag-bontemps","tag-subligny"],"yoast_head":"<!-- This site is optimized with the Yoast SEO plugin v27.0 - https:\/\/yoast.com\/product\/yoast-seo-wordpress\/ -->\n<title>Il y a 200 ans, le d\u00e9c\u00e8s de Fran\u00e7ois BONTEMPS - Rencontre avec mes anc\u00eatres<\/title>\n<meta name=\"robots\" content=\"index, follow, max-snippet:-1, max-image-preview:large, max-video-preview:-1\" \/>\n<link rel=\"canonical\" href=\"https:\/\/www.elodie-et-antoine.fr\/ra\/?p=3249\" \/>\n<meta property=\"og:locale\" content=\"fr_FR\" \/>\n<meta property=\"og:type\" content=\"article\" \/>\n<meta property=\"og:title\" content=\"Il y a 200 ans, le d\u00e9c\u00e8s de Fran\u00e7ois BONTEMPS - Rencontre avec mes anc\u00eatres\" \/>\n<meta property=\"og:description\" content=\"Le 14 novembre 1821 \u00e0 17 heures, Fran\u00e7ois BONTEMPS d\u00e9c\u00e8de au hameau des Guenoux, \u00e0 Subligny ; il est \u00e2g\u00e9 de 61 ans. Son fils a\u00een\u00e9 Louis (30 ans), et un homonyme qui est sans doute son fr\u00e8re d\u00e9clareront le d\u00e9c\u00e8s le lendemain \u00e0 9h du matin. S&rsquo;il est d\u00e9c\u00e9d\u00e9 \u00e0 Subligny, Fran\u00e7ois est originaire du village voisin de Sury-en-Vaux o\u00f9 il est n\u00e9 en juillet 1760. Nous le retrouvons \u00e0 Subligny pour son mariage avec Genevi\u00e8ve LEGER, qui est veuve. Il leur faudra une dispense de consanguinit\u00e9 au troisi\u00e8me degr\u00e9 pour recevoir le sacrement du mariage. La dispense sera accord\u00e9e le 29 janvier 1773, et les fian\u00e7ailles auront lieu quatre jours plus tard (l&rsquo;avant veille du mariage). De cette union j&rsquo;ai recens\u00e9 10 enfants, dont Denis BONTEMPS le sosa 112 de mon mari. Au moment de son d\u00e9c\u00e8s seuls cinq enfants sont encore en vie.\" \/>\n<meta property=\"og:url\" content=\"https:\/\/www.elodie-et-antoine.fr\/ra\/?p=3249\" \/>\n<meta property=\"og:site_name\" content=\"Rencontre avec mes anc\u00eatres\" \/>\n<meta property=\"article:publisher\" content=\"https:\/\/www.facebook.com\/rencontreancetres\" \/>\n<meta property=\"article:published_time\" content=\"2021-11-14T07:00:00+00:00\" \/>\n<meta property=\"article:modified_time\" content=\"2021-11-14T19:30:24+00:00\" \/>\n<meta property=\"og:image\" content=\"http:\/\/www.elodie-et-antoine.fr\/ra\/wp-content\/uploads\/2021\/11\/Ligne-Francois-Bontemps-1024x726.jpg\" \/>\n<meta name=\"author\" content=\"Elodie\" \/>\n<meta name=\"twitter:card\" content=\"summary_large_image\" \/>\n<meta name=\"twitter:creator\" content=\"@lodeetwit\" \/>\n<meta name=\"twitter:site\" content=\"@lodeetwit\" \/>\n<meta name=\"twitter:label1\" content=\"\u00c9crit par\" \/>\n\t<meta name=\"twitter:data1\" content=\"Elodie\" \/>\n\t<meta name=\"twitter:label2\" content=\"Dur\u00e9e de lecture estim\u00e9e\" \/>\n\t<meta name=\"twitter:data2\" content=\"1 minute\" \/>\n<script type=\"application\/ld+json\" class=\"yoast-schema-graph\">{\"@context\":\"https:\/\/schema.org\",\"@graph\":[{\"@type\":\"Article\",\"@id\":\"https:\/\/www.elodie-et-antoine.fr\/ra\/?p=3249#article\",\"isPartOf\":{\"@id\":\"https:\/\/www.elodie-et-antoine.fr\/ra\/?p=3249\"},\"author\":{\"name\":\"Elodie\",\"@id\":\"https:\/\/www.elodie-et-antoine.fr\/ra\/#\/schema\/person\/50e9be10104b0e8a3c0f55df181b9b56\"},\"headline\":\"Il y a 200 ans, le d\u00e9c\u00e8s de Fran\u00e7ois BONTEMPS\",\"datePublished\":\"2021-11-14T07:00:00+00:00\",\"dateModified\":\"2021-11-14T19:30:24+00:00\",\"mainEntityOfPage\":{\"@id\":\"https:\/\/www.elodie-et-antoine.fr\/ra\/?p=3249\"},\"wordCount\":172,\"commentCount\":0,\"publisher\":{\"@id\":\"https:\/\/www.elodie-et-antoine.fr\/ra\/#organization\"},\"image\":{\"@id\":\"https:\/\/www.elodie-et-antoine.fr\/ra\/?p=3249#primaryimage\"},\"thumbnailUrl\":\"http:\/\/www.elodie-et-antoine.fr\/ra\/wp-content\/uploads\/2021\/11\/Ligne-Francois-Bontemps-1024x726.jpg\",\"keywords\":[\"Bontemps\",\"Subligny\"],\"articleSection\":[\"Mes anc\u00eatres\"],\"inLanguage\":\"fr-FR\",\"potentialAction\":[{\"@type\":\"CommentAction\",\"name\":\"Comment\",\"target\":[\"https:\/\/www.elodie-et-antoine.fr\/ra\/?p=3249#respond\"]}]},{\"@type\":\"WebPage\",\"@id\":\"https:\/\/www.elodie-et-antoine.fr\/ra\/?p=3249\",\"url\":\"https:\/\/www.elodie-et-antoine.fr\/ra\/?p=3249\",\"name\":\"Il y a 200 ans, le d\u00e9c\u00e8s de Fran\u00e7ois BONTEMPS - Rencontre avec mes anc\u00eatres\",\"isPartOf\":{\"@id\":\"https:\/\/www.elodie-et-antoine.fr\/ra\/#website\"},\"primaryImageOfPage\":{\"@id\":\"https:\/\/www.elodie-et-antoine.fr\/ra\/?p=3249#primaryimage\"},\"image\":{\"@id\":\"https:\/\/www.elodie-et-antoine.fr\/ra\/?p=3249#primaryimage\"},\"thumbnailUrl\":\"http:\/\/www.elodie-et-antoine.fr\/ra\/wp-content\/uploads\/2021\/11\/Ligne-Francois-Bontemps-1024x726.jpg\",\"datePublished\":\"2021-11-14T07:00:00+00:00\",\"dateModified\":\"2021-11-14T19:30:24+00:00\",\"breadcrumb\":{\"@id\":\"https:\/\/www.elodie-et-antoine.fr\/ra\/?p=3249#breadcrumb\"},\"inLanguage\":\"fr-FR\",\"potentialAction\":[{\"@type\":\"ReadAction\",\"target\":[\"https:\/\/www.elodie-et-antoine.fr\/ra\/?p=3249\"]}]},{\"@type\":\"ImageObject\",\"inLanguage\":\"fr-FR\",\"@id\":\"https:\/\/www.elodie-et-antoine.fr\/ra\/?p=3249#primaryimage\",\"url\":\"http:\/\/www.elodie-et-antoine.fr\/ra\/wp-content\/uploads\/2021\/11\/Ligne-Francois-Bontemps-1024x726.jpg\",\"contentUrl\":\"http:\/\/www.elodie-et-antoine.fr\/ra\/wp-content\/uploads\/2021\/11\/Ligne-Francois-Bontemps-1024x726.jpg\"},{\"@type\":\"BreadcrumbList\",\"@id\":\"https:\/\/www.elodie-et-antoine.fr\/ra\/?p=3249#breadcrumb\",\"itemListElement\":[{\"@type\":\"ListItem\",\"position\":1,\"name\":\"Accueil\",\"item\":\"https:\/\/www.elodie-et-antoine.fr\/ra\"},{\"@type\":\"ListItem\",\"position\":2,\"name\":\"Il y a 200 ans, le d\u00e9c\u00e8s de Fran\u00e7ois BONTEMPS\"}]},{\"@type\":\"WebSite\",\"@id\":\"https:\/\/www.elodie-et-antoine.fr\/ra\/#website\",\"url\":\"https:\/\/www.elodie-et-antoine.fr\/ra\/\",\"name\":\"Rencontre avec mes anc\u00eatres\",\"description\":\"Rencontre avec mes anc\u00eatres\",\"publisher\":{\"@id\":\"https:\/\/www.elodie-et-antoine.fr\/ra\/#organization\"},\"potentialAction\":[{\"@type\":\"SearchAction\",\"target\":{\"@type\":\"EntryPoint\",\"urlTemplate\":\"https:\/\/www.elodie-et-antoine.fr\/ra\/?s={search_term_string}\"},\"query-input\":{\"@type\":\"PropertyValueSpecification\",\"valueRequired\":true,\"valueName\":\"search_term_string\"}}],\"inLanguage\":\"fr-FR\"},{\"@type\":\"Organization\",\"@id\":\"https:\/\/www.elodie-et-antoine.fr\/ra\/#organization\",\"name\":\"Rencontre avec mes anc\u00eatres\",\"url\":\"https:\/\/www.elodie-et-antoine.fr\/ra\/\",\"logo\":{\"@type\":\"ImageObject\",\"inLanguage\":\"fr-FR\",\"@id\":\"https:\/\/www.elodie-et-antoine.fr\/ra\/#\/schema\/logo\/image\/\",\"url\":\"https:\/\/www.elodie-et-antoine.fr\/ra\/wp-content\/uploads\/2024\/02\/Logo-detoure.png\",\"contentUrl\":\"https:\/\/www.elodie-et-antoine.fr\/ra\/wp-content\/uploads\/2024\/02\/Logo-detoure.png\",\"width\":500,\"height\":500,\"caption\":\"Rencontre avec mes anc\u00eatres\"},\"image\":{\"@id\":\"https:\/\/www.elodie-et-antoine.fr\/ra\/#\/schema\/logo\/image\/\"},\"sameAs\":[\"https:\/\/www.facebook.com\/rencontreancetres\",\"https:\/\/x.com\/lodeetwit\"]},{\"@type\":\"Person\",\"@id\":\"https:\/\/www.elodie-et-antoine.fr\/ra\/#\/schema\/person\/50e9be10104b0e8a3c0f55df181b9b56\",\"name\":\"Elodie\",\"image\":{\"@type\":\"ImageObject\",\"inLanguage\":\"fr-FR\",\"@id\":\"https:\/\/www.elodie-et-antoine.fr\/ra\/#\/schema\/person\/image\/\",\"url\":\"https:\/\/secure.gravatar.com\/avatar\/1ee5777faed60801dee6c0665d8f4bb2cfd6d4bf6ab052dbbc40be268a652c31?s=96&d=mm&r=g\",\"contentUrl\":\"https:\/\/secure.gravatar.com\/avatar\/1ee5777faed60801dee6c0665d8f4bb2cfd6d4bf6ab052dbbc40be268a652c31?s=96&d=mm&r=g\",\"caption\":\"Elodie\"},\"url\":\"https:\/\/www.elodie-et-antoine.fr\/ra\/?author=1\"}]}<\/script>\n<!-- \/ Yoast SEO plugin. -->","yoast_head_json":{"title":"Il y a 200 ans, le d\u00e9c\u00e8s de Fran\u00e7ois BONTEMPS - Rencontre avec mes anc\u00eatres","robots":{"index":"index","follow":"follow","max-snippet":"max-snippet:-1","max-image-preview":"max-image-preview:large","max-video-preview":"max-video-preview:-1"},"canonical":"https:\/\/www.elodie-et-antoine.fr\/ra\/?p=3249","og_locale":"fr_FR","og_type":"article","og_title":"Il y a 200 ans, le d\u00e9c\u00e8s de Fran\u00e7ois BONTEMPS - Rencontre avec mes anc\u00eatres","og_description":"Le 14 novembre 1821 \u00e0 17 heures, Fran\u00e7ois BONTEMPS d\u00e9c\u00e8de au hameau des Guenoux, \u00e0 Subligny ; il est \u00e2g\u00e9 de 61 ans. Son fils a\u00een\u00e9 Louis (30 ans), et un homonyme qui est sans doute son fr\u00e8re d\u00e9clareront le d\u00e9c\u00e8s le lendemain \u00e0 9h du matin. S&rsquo;il est d\u00e9c\u00e9d\u00e9 \u00e0 Subligny, Fran\u00e7ois est originaire du village voisin de Sury-en-Vaux o\u00f9 il est n\u00e9 en juillet 1760. Nous le retrouvons \u00e0 Subligny pour son mariage avec Genevi\u00e8ve LEGER, qui est veuve. Il leur faudra une dispense de consanguinit\u00e9 au troisi\u00e8me degr\u00e9 pour recevoir le sacrement du mariage. La dispense sera accord\u00e9e le 29 janvier 1773, et les fian\u00e7ailles auront lieu quatre jours plus tard (l&rsquo;avant veille du mariage). De cette union j&rsquo;ai recens\u00e9 10 enfants, dont Denis BONTEMPS le sosa 112 de mon mari. Au moment de son d\u00e9c\u00e8s seuls cinq enfants sont encore en vie.","og_url":"https:\/\/www.elodie-et-antoine.fr\/ra\/?p=3249","og_site_name":"Rencontre avec mes anc\u00eatres","article_publisher":"https:\/\/www.facebook.com\/rencontreancetres","article_published_time":"2021-11-14T07:00:00+00:00","article_modified_time":"2021-11-14T19:30:24+00:00","og_image":[{"url":"http:\/\/www.elodie-et-antoine.fr\/ra\/wp-content\/uploads\/2021\/11\/Ligne-Francois-Bontemps-1024x726.jpg","type":"","width":"","height":""}],"author":"Elodie","twitter_card":"summary_large_image","twitter_creator":"@lodeetwit","twitter_site":"@lodeetwit","twitter_misc":{"\u00c9crit par":"Elodie","Dur\u00e9e de lecture estim\u00e9e":"1 minute"},"schema":{"@context":"https:\/\/schema.org","@graph":[{"@type":"Article","@id":"https:\/\/www.elodie-et-antoine.fr\/ra\/?p=3249#article","isPartOf":{"@id":"https:\/\/www.elodie-et-antoine.fr\/ra\/?p=3249"},"author":{"name":"Elodie","@id":"https:\/\/www.elodie-et-antoine.fr\/ra\/#\/schema\/person\/50e9be10104b0e8a3c0f55df181b9b56"},"headline":"Il y a 200 ans, le d\u00e9c\u00e8s de Fran\u00e7ois BONTEMPS","datePublished":"2021-11-14T07:00:00+00:00","dateModified":"2021-11-14T19:30:24+00:00","mainEntityOfPage":{"@id":"https:\/\/www.elodie-et-antoine.fr\/ra\/?p=3249"},"wordCount":172,"commentCount":0,"publisher":{"@id":"https:\/\/www.elodie-et-antoine.fr\/ra\/#organization"},"image":{"@id":"https:\/\/www.elodie-et-antoine.fr\/ra\/?p=3249#primaryimage"},"thumbnailUrl":"http:\/\/www.elodie-et-antoine.fr\/ra\/wp-content\/uploads\/2021\/11\/Ligne-Francois-Bontemps-1024x726.jpg","keywords":["Bontemps","Subligny"],"articleSection":["Mes anc\u00eatres"],"inLanguage":"fr-FR","potentialAction":[{"@type":"CommentAction","name":"Comment","target":["https:\/\/www.elodie-et-antoine.fr\/ra\/?p=3249#respond"]}]},{"@type":"WebPage","@id":"https:\/\/www.elodie-et-antoine.fr\/ra\/?p=3249","url":"https:\/\/www.elodie-et-antoine.fr\/ra\/?p=3249","name":"Il y a 200 ans, le d\u00e9c\u00e8s de Fran\u00e7ois BONTEMPS - Rencontre avec mes anc\u00eatres","isPartOf":{"@id":"https:\/\/www.elodie-et-antoine.fr\/ra\/#website"},"primaryImageOfPage":{"@id":"https:\/\/www.elodie-et-antoine.fr\/ra\/?p=3249#primaryimage"},"image":{"@id":"https:\/\/www.elodie-et-antoine.fr\/ra\/?p=3249#primaryimage"},"thumbnailUrl":"http:\/\/www.elodie-et-antoine.fr\/ra\/wp-content\/uploads\/2021\/11\/Ligne-Francois-Bontemps-1024x726.jpg","datePublished":"2021-11-14T07:00:00+00:00","dateModified":"2021-11-14T19:30:24+00:00","breadcrumb":{"@id":"https:\/\/www.elodie-et-antoine.fr\/ra\/?p=3249#breadcrumb"},"inLanguage":"fr-FR","potentialAction":[{"@type":"ReadAction","target":["https:\/\/www.elodie-et-antoine.fr\/ra\/?p=3249"]}]},{"@type":"ImageObject","inLanguage":"fr-FR","@id":"https:\/\/www.elodie-et-antoine.fr\/ra\/?p=3249#primaryimage","url":"http:\/\/www.elodie-et-antoine.fr\/ra\/wp-content\/uploads\/2021\/11\/Ligne-Francois-Bontemps-1024x726.jpg","contentUrl":"http:\/\/www.elodie-et-antoine.fr\/ra\/wp-content\/uploads\/2021\/11\/Ligne-Francois-Bontemps-1024x726.jpg"},{"@type":"BreadcrumbList","@id":"https:\/\/www.elodie-et-antoine.fr\/ra\/?p=3249#breadcrumb","itemListElement":[{"@type":"ListItem","position":1,"name":"Accueil","item":"https:\/\/www.elodie-et-antoine.fr\/ra"},{"@type":"ListItem","position":2,"name":"Il y a 200 ans, le d\u00e9c\u00e8s de Fran\u00e7ois BONTEMPS"}]},{"@type":"WebSite","@id":"https:\/\/www.elodie-et-antoine.fr\/ra\/#website","url":"https:\/\/www.elodie-et-antoine.fr\/ra\/","name":"Rencontre avec mes anc\u00eatres","description":"Rencontre avec mes anc\u00eatres","publisher":{"@id":"https:\/\/www.elodie-et-antoine.fr\/ra\/#organization"},"potentialAction":[{"@type":"SearchAction","target":{"@type":"EntryPoint","urlTemplate":"https:\/\/www.elodie-et-antoine.fr\/ra\/?s={search_term_string}"},"query-input":{"@type":"PropertyValueSpecification","valueRequired":true,"valueName":"search_term_string"}}],"inLanguage":"fr-FR"},{"@type":"Organization","@id":"https:\/\/www.elodie-et-antoine.fr\/ra\/#organization","name":"Rencontre avec mes anc\u00eatres","url":"https:\/\/www.elodie-et-antoine.fr\/ra\/","logo":{"@type":"ImageObject","inLanguage":"fr-FR","@id":"https:\/\/www.elodie-et-antoine.fr\/ra\/#\/schema\/logo\/image\/","url":"https:\/\/www.elodie-et-antoine.fr\/ra\/wp-content\/uploads\/2024\/02\/Logo-detoure.png","contentUrl":"https:\/\/www.elodie-et-antoine.fr\/ra\/wp-content\/uploads\/2024\/02\/Logo-detoure.png","width":500,"height":500,"caption":"Rencontre avec mes anc\u00eatres"},"image":{"@id":"https:\/\/www.elodie-et-antoine.fr\/ra\/#\/schema\/logo\/image\/"},"sameAs":["https:\/\/www.facebook.com\/rencontreancetres","https:\/\/x.com\/lodeetwit"]},{"@type":"Person","@id":"https:\/\/www.elodie-et-antoine.fr\/ra\/#\/schema\/person\/50e9be10104b0e8a3c0f55df181b9b56","name":"Elodie","image":{"@type":"ImageObject","inLanguage":"fr-FR","@id":"https:\/\/www.elodie-et-antoine.fr\/ra\/#\/schema\/person\/image\/","url":"https:\/\/secure.gravatar.com\/avatar\/1ee5777faed60801dee6c0665d8f4bb2cfd6d4bf6ab052dbbc40be268a652c31?s=96&d=mm&r=g","contentUrl":"https:\/\/secure.gravatar.com\/avatar\/1ee5777faed60801dee6c0665d8f4bb2cfd6d4bf6ab052dbbc40be268a652c31?s=96&d=mm&r=g","caption":"Elodie"},"url":"https:\/\/www.elodie-et-antoine.fr\/ra\/?author=1"}]}},"jetpack_featured_media_url":"","jetpack_sharing_enabled":true,"_links":{"self":[{"href":"https:\/\/www.elodie-et-antoine.fr\/ra\/index.php?rest_route=\/wp\/v2\/posts\/3249","targetHints":{"allow":["GET"]}}],"collection":[{"href":"https:\/\/www.elodie-et-antoine.fr\/ra\/index.php?rest_route=\/wp\/v2\/posts"}],"about":[{"href":"https:\/\/www.elodie-et-antoine.fr\/ra\/index.php?rest_route=\/wp\/v2\/types\/post"}],"author":[{"embeddable":true,"href":"https:\/\/www.elodie-et-antoine.fr\/ra\/index.php?rest_route=\/wp\/v2\/users\/1"}],"replies":[{"embeddable":true,"href":"https:\/\/www.elodie-et-antoine.fr\/ra\/index.php?rest_route=%2Fwp%2Fv2%2Fcomments&post=3249"}],"version-history":[{"count":4,"href":"https:\/\/www.elodie-et-antoine.fr\/ra\/index.php?rest_route=\/wp\/v2\/posts\/3249\/revisions"}],"predecessor-version":[{"id":3278,"href":"https:\/\/www.elodie-et-antoine.fr\/ra\/index.php?rest_route=\/wp\/v2\/posts\/3249\/revisions\/3278"}],"wp:attachment":[{"href":"https:\/\/www.elodie-et-antoine.fr\/ra\/index.php?rest_route=%2Fwp%2Fv2%2Fmedia&parent=3249"}],"wp:term":[{"taxonomy":"category","embeddable":true,"href":"https:\/\/www.elodie-et-antoine.fr\/ra\/index.php?rest_route=%2Fwp%2Fv2%2Fcategories&post=3249"},{"taxonomy":"post_tag","embeddable":true,"href":"https:\/\/www.elodie-et-antoine.fr\/ra\/index.php?rest_route=%2Fwp%2Fv2%2Ftags&post=3249"}],"curies":[{"name":"wp","href":"https:\/\/api.w.org\/{rel}","templated":true}]}}