{"id":3207,"date":"2021-07-01T05:42:52","date_gmt":"2021-07-01T04:42:52","guid":{"rendered":"http:\/\/www.elodie-et-antoine.fr\/ra\/?p=3207"},"modified":"2021-07-01T05:42:52","modified_gmt":"2021-07-01T04:42:52","slug":"les-archives-departementales-du-loir-et-cher","status":"publish","type":"post","link":"https:\/\/www.elodie-et-antoine.fr\/ra\/?p=3207","title":{"rendered":"Les archives d\u00e9partementales du Loir-et-Cher"},"content":{"rendered":"\n<p>Apr\u00e8s l&rsquo;Inde-et-Loire, le tour de France des archives fait \u00e9tape dans le Loir-et-Cher.<\/p>\n\n\n\n<p class=\"has-text-align-center\"><a href=\"http:\/\/www.culture41.fr\/Archives-departementales\">http:\/\/www.culture41.fr\/Archives-departementales<\/a><\/p>\n\n\n\n<div class=\"wp-block-image\"><figure class=\"aligncenter size-large\"><a href=\"https:\/\/www.elodie-et-antoine.fr\/ra\/wp-content\/uploads\/2021\/06\/AD411.jpg\"><img loading=\"lazy\" decoding=\"async\" width=\"1024\" height=\"399\" src=\"https:\/\/www.elodie-et-antoine.fr\/ra\/wp-content\/uploads\/2021\/06\/AD411-1024x399.jpg\" alt=\"\" class=\"wp-image-3213\" srcset=\"https:\/\/www.elodie-et-antoine.fr\/ra\/wp-content\/uploads\/2021\/06\/AD411-1024x399.jpg 1024w, https:\/\/www.elodie-et-antoine.fr\/ra\/wp-content\/uploads\/2021\/06\/AD411-300x117.jpg 300w, https:\/\/www.elodie-et-antoine.fr\/ra\/wp-content\/uploads\/2021\/06\/AD411-768x300.jpg 768w, https:\/\/www.elodie-et-antoine.fr\/ra\/wp-content\/uploads\/2021\/06\/AD411-604x236.jpg 604w, https:\/\/www.elodie-et-antoine.fr\/ra\/wp-content\/uploads\/2021\/06\/AD411.jpg 1210w\" sizes=\"auto, (max-width: 1024px) 100vw, 1024px\" \/><\/a><\/figure><\/div>\n\n\n\n<h2 class=\"wp-block-heading\">Informations pratiques<\/h2>\n\n\n\n<p>L&rsquo;onglet \u00ab\u00a0informations pratiques\u00a0\u00bb porte bien son nom, puisqu&rsquo;on y trouve tous les \u00e9l\u00e9ments pour pr\u00e9parer sa visite aux archives ainsi que les conditions de r\u00e9utilisation et de reproduction.<\/p>\n\n\n\n<p>Il faut dire que si vous pr\u00e9voyez une visite, il faudra faire bien attention car les archives sont r\u00e9parties sur deux sites : Blois et Vineuil. La page \u00ab\u00a0<a href=\"http:\/\/www.culture41.fr\/Archives-departementales\/Informations-pratiques\/Nous-contacter-ou-venir-en-salle-de-lecture\">Nous contacter ou venir en salle de lecture<\/a>\u00a0\u00bb pr\u00e9cise quelles archives sont disponibles sur chacun des sites, avec \u00e9galement les jours et horaires d&rsquo;ouverture.<\/p>\n\n\n\n<h2 class=\"wp-block-heading\">Archives en ligne<\/h2>\n\n\n\n<p>Les <a href=\"http:\/\/www.culture41.fr\/Archives-departementales\/Rechercher-et-contribuer\/Archives-en-ligne\">documents num\u00e9ris\u00e9s<\/a> et disponibles en ligne sont nombreux sur le signe des archives d\u00e9partementales du 41.<\/p>\n\n\n\n<ul class=\"wp-block-list\"><li>Registres paroissiaux et d&rsquo;\u00e9tat civil. <em>Registres paroissiaux (1501-1791) et registres paroissiaux des temples protestants (1585-1792)<\/em>.<\/li><li>Recensements de population.<\/li><li>Archives militaires. <em>Registres matricules et fichier alphab\u00e9tique des anciens combattants des guerres 1914-1918 et 1870-1871.<\/em><\/li><li>Cadastre et remembrement. <em>Cadastre parcellaire et plans de remembrements.<\/em><\/li><li>Iconographie. <em>Estampes, cartes postales du XIX et XX\u00e8me si\u00e8cle.<\/em><\/li><li>Cartes et plans. <em>Cartes et plans du XVIIe au XXe si\u00e8cle (sous-s\u00e9rie 1 Fi) et plans du domaine et du ch\u00e2teau de Menars (XVIIIe si\u00e8cle).<\/em><\/li><li>Cahiers de dol\u00e9ances (recherche par paroisse ou nom de commune actuelle).<\/li><li>Archives de poilus. <em>Documents personnels et familiaux, entr\u00e9s aux archives notamment dans le cadre de l&rsquo;op\u00e9ration nationale \u00ab\u00a0La Grande Collecte\u00a0\u00bb.<\/em><\/li><li>Annuaire du d\u00e9partement. <em>Collection d\u2019annuaires du d\u00e9partement (1806-1961).<\/em><\/li><\/ul>\n\n\n\n<div class=\"wp-block-image\"><figure class=\"aligncenter size-large\"><a href=\"https:\/\/www.elodie-et-antoine.fr\/ra\/wp-content\/uploads\/2021\/06\/AD412.jpg\"><img loading=\"lazy\" decoding=\"async\" width=\"458\" height=\"626\" src=\"https:\/\/www.elodie-et-antoine.fr\/ra\/wp-content\/uploads\/2021\/06\/AD412.jpg\" alt=\"\" class=\"wp-image-3214\" srcset=\"https:\/\/www.elodie-et-antoine.fr\/ra\/wp-content\/uploads\/2021\/06\/AD412.jpg 458w, https:\/\/www.elodie-et-antoine.fr\/ra\/wp-content\/uploads\/2021\/06\/AD412-219x300.jpg 219w, https:\/\/www.elodie-et-antoine.fr\/ra\/wp-content\/uploads\/2021\/06\/AD412-198x270.jpg 198w\" sizes=\"auto, (max-width: 458px) 100vw, 458px\" \/><\/a><figcaption>Un acc\u00e8s cartographique est \u00e9galement possible<\/figcaption><\/figure><\/div>\n\n\n\n<p>Il est possible de se cr\u00e9er un compte sur le site et de sauvegarder des r\u00e9f\u00e9rences dans son \u00ab\u00a0classeur\u00a0\u00bb. Je ne l&rsquo;ai pas vu de suite sur le site mais le site l&rsquo;a propos\u00e9 la premi\u00e8re fois que j&rsquo;ai tent\u00e9 d\u2019ajouter une source ; on put \u00e9galement se connecter depuis la visionneuse.<\/p>\n\n\n\n<h2 class=\"wp-block-heading\">La visionneuse<\/h2>\n\n\n\n<div class=\"wp-block-image\"><figure class=\"aligncenter size-large\"><a href=\"https:\/\/www.elodie-et-antoine.fr\/ra\/wp-content\/uploads\/2021\/06\/AD413.jpg\"><img loading=\"lazy\" decoding=\"async\" width=\"1024\" height=\"489\" src=\"https:\/\/www.elodie-et-antoine.fr\/ra\/wp-content\/uploads\/2021\/06\/AD413-1024x489.jpg\" alt=\"\" class=\"wp-image-3215\" srcset=\"https:\/\/www.elodie-et-antoine.fr\/ra\/wp-content\/uploads\/2021\/06\/AD413-1024x489.jpg 1024w, https:\/\/www.elodie-et-antoine.fr\/ra\/wp-content\/uploads\/2021\/06\/AD413-300x143.jpg 300w, https:\/\/www.elodie-et-antoine.fr\/ra\/wp-content\/uploads\/2021\/06\/AD413-768x367.jpg 768w, https:\/\/www.elodie-et-antoine.fr\/ra\/wp-content\/uploads\/2021\/06\/AD413-566x270.jpg 566w, https:\/\/www.elodie-et-antoine.fr\/ra\/wp-content\/uploads\/2021\/06\/AD413.jpg 1345w\" sizes=\"auto, (max-width: 1024px) 100vw, 1024px\" \/><\/a><\/figure><\/div>\n\n\n\n<p>On retrouve \u00e0 gauche de la fen\u00eatre le zoom et la rotation des pages, et en bas un menu d\u00e9roulant avec les diff\u00e9rentes vues. En bas \u00e0 droite, diff\u00e9rentes ic\u00f4nes avec la possibilit\u00e9 d&rsquo;imprimer la vue. Je n&rsquo;ai pas trouv\u00e9 de t\u00e9l\u00e9chargement direct, ni la palette pour modifier l&rsquo;image (contrastes, luminosit\u00e9&#8230;). Il est possible de masquer cette zone de droite.<\/p>\n\n\n\n<p><em>Vous pouvez retrouver l&rsquo;ensemble des contributions du tour de France des archives et ressource en ligne en cliquant sur <a href=\"https:\/\/view.genial.ly\/60d4a3c583b8480ded4df942\/interactive-image-tour-de-france-geneatech\">ce lien<\/a>.<\/em><\/p>\n","protected":false},"excerpt":{"rendered":"<p>Apr\u00e8s l&rsquo;Inde-et-Loire, le tour de France des archives fait \u00e9tape dans le Loir-et-Cher. http:\/\/www.culture41.fr\/Archives-departementales Informations pratiques L&rsquo;onglet \u00ab\u00a0informations pratiques\u00a0\u00bb porte bien son nom, puisqu&rsquo;on y trouve tous les \u00e9l\u00e9ments pour pr\u00e9parer sa visite aux archives ainsi que les conditions de r\u00e9utilisation et de reproduction. Il faut dire que si vous pr\u00e9voyez une visite, il faudra faire bien attention car les archives sont r\u00e9parties sur deux sites : Blois et Vineuil. La page \u00ab\u00a0Nous contacter ou venir en salle de lecture\u00a0\u00bb pr\u00e9cise quelles archives sont disponibles sur chacun des sites, avec \u00e9galement les jours et horaires d&rsquo;ouverture. Archives en ligne Les documents num\u00e9ris\u00e9s et disponibles en ligne sont nombreux sur le signe des archives d\u00e9partementales du 41. Registres paroissiaux et d&rsquo;\u00e9tat civil. Registres paroissiaux (1501-1791) et registres paroissiaux des temples protestants (1585-1792). Recensements de population. Archives militaires. Registres matricules et fichier alphab\u00e9tique des anciens combattants des guerres 1914-1918 et 1870-1871. Cadastre et remembrement. Cadastre parcellaire et plans de remembrements. Iconographie. Estampes, cartes postales du XIX et XX\u00e8me si\u00e8cle. Cartes et plans. Cartes et plans du XVIIe au XXe si\u00e8cle (sous-s\u00e9rie 1 Fi) et plans du domaine et du ch\u00e2teau de Menars (XVIIIe si\u00e8cle). Cahiers de dol\u00e9ances (recherche par paroisse ou nom de commune actuelle). Archives de poilus. Documents personnels et familiaux, entr\u00e9s aux archives notamment dans le cadre de l&rsquo;op\u00e9ration nationale \u00ab\u00a0La Grande Collecte\u00a0\u00bb. Annuaire du d\u00e9partement. Collection d\u2019annuaires du d\u00e9partement (1806-1961). Il est possible de se cr\u00e9er un compte sur le site et de sauvegarder des r\u00e9f\u00e9rences dans son \u00ab\u00a0classeur\u00a0\u00bb. Je ne l&rsquo;ai pas vu de suite sur le site mais le site l&rsquo;a propos\u00e9 la premi\u00e8re fois que j&rsquo;ai tent\u00e9 d\u2019ajouter une source ; on put \u00e9galement se connecter depuis la visionneuse. La visionneuse On retrouve \u00e0 gauche de la fen\u00eatre le zoom et la rotation des pages, et en bas un menu d\u00e9roulant avec les diff\u00e9rentes vues. En bas \u00e0 droite, diff\u00e9rentes ic\u00f4nes avec la possibilit\u00e9 d&rsquo;imprimer la vue. Je n&rsquo;ai pas trouv\u00e9 de t\u00e9l\u00e9chargement direct, ni la palette pour modifier l&rsquo;image (contrastes, luminosit\u00e9&#8230;). Il est possible de masquer cette zone de droite. Vous pouvez retrouver l&rsquo;ensemble des contributions du tour de France des archives et ressource en ligne en cliquant sur ce lien.<\/p>\n","protected":false},"author":1,"featured_media":0,"comment_status":"open","ping_status":"open","sticky":false,"template":"","format":"standard","meta":{"_exactmetrics_skip_tracking":false,"_exactmetrics_sitenote_active":false,"_exactmetrics_sitenote_note":"","_exactmetrics_sitenote_category":0,"jetpack_post_was_ever_published":false,"_jetpack_newsletter_access":"","_jetpack_dont_email_post_to_subs":false,"_jetpack_newsletter_tier_id":0,"_jetpack_memberships_contains_paywalled_content":false,"_jetpack_memberships_contains_paid_content":false,"footnotes":""},"categories":[28],"tags":[106,283],"class_list":["post-3207","post","type-post","status-publish","format-standard","hentry","category-considerations-genealogiques","tag-archives","tag-tour-de-france"],"yoast_head":"<!-- This site is optimized with the Yoast SEO plugin v27.0 - https:\/\/yoast.com\/product\/yoast-seo-wordpress\/ -->\n<title>Les archives d\u00e9partementales du Loir-et-Cher - Rencontre avec mes anc\u00eatres<\/title>\n<meta name=\"robots\" content=\"index, follow, max-snippet:-1, max-image-preview:large, max-video-preview:-1\" \/>\n<link rel=\"canonical\" href=\"https:\/\/www.elodie-et-antoine.fr\/ra\/?p=3207\" \/>\n<meta property=\"og:locale\" content=\"fr_FR\" \/>\n<meta property=\"og:type\" content=\"article\" \/>\n<meta property=\"og:title\" content=\"Les archives d\u00e9partementales du Loir-et-Cher - Rencontre avec mes anc\u00eatres\" \/>\n<meta property=\"og:description\" content=\"Apr\u00e8s l&rsquo;Inde-et-Loire, le tour de France des archives fait \u00e9tape dans le Loir-et-Cher. http:\/\/www.culture41.fr\/Archives-departementales Informations pratiques L&rsquo;onglet \u00ab\u00a0informations pratiques\u00a0\u00bb porte bien son nom, puisqu&rsquo;on y trouve tous les \u00e9l\u00e9ments pour pr\u00e9parer sa visite aux archives ainsi que les conditions de r\u00e9utilisation et de reproduction. Il faut dire que si vous pr\u00e9voyez une visite, il faudra faire bien attention car les archives sont r\u00e9parties sur deux sites : Blois et Vineuil. La page \u00ab\u00a0Nous contacter ou venir en salle de lecture\u00a0\u00bb pr\u00e9cise quelles archives sont disponibles sur chacun des sites, avec \u00e9galement les jours et horaires d&rsquo;ouverture. Archives en ligne Les documents num\u00e9ris\u00e9s et disponibles en ligne sont nombreux sur le signe des archives d\u00e9partementales du 41. Registres paroissiaux et d&rsquo;\u00e9tat civil. Registres paroissiaux (1501-1791) et registres paroissiaux des temples protestants (1585-1792). Recensements de population. Archives militaires. Registres matricules et fichier alphab\u00e9tique des anciens combattants des guerres 1914-1918 et 1870-1871. Cadastre et remembrement. Cadastre parcellaire et plans de remembrements. Iconographie. Estampes, cartes postales du XIX et XX\u00e8me si\u00e8cle. Cartes et plans. Cartes et plans du XVIIe au XXe si\u00e8cle (sous-s\u00e9rie 1 Fi) et plans du domaine et du ch\u00e2teau de Menars (XVIIIe si\u00e8cle). Cahiers de dol\u00e9ances (recherche par paroisse ou nom de commune actuelle). Archives de poilus. Documents personnels et familiaux, entr\u00e9s aux archives notamment dans le cadre de l&rsquo;op\u00e9ration nationale \u00ab\u00a0La Grande Collecte\u00a0\u00bb. Annuaire du d\u00e9partement. Collection d\u2019annuaires du d\u00e9partement (1806-1961). Il est possible de se cr\u00e9er un compte sur le site et de sauvegarder des r\u00e9f\u00e9rences dans son \u00ab\u00a0classeur\u00a0\u00bb. Je ne l&rsquo;ai pas vu de suite sur le site mais le site l&rsquo;a propos\u00e9 la premi\u00e8re fois que j&rsquo;ai tent\u00e9 d\u2019ajouter une source ; on put \u00e9galement se connecter depuis la visionneuse. La visionneuse On retrouve \u00e0 gauche de la fen\u00eatre le zoom et la rotation des pages, et en bas un menu d\u00e9roulant avec les diff\u00e9rentes vues. En bas \u00e0 droite, diff\u00e9rentes ic\u00f4nes avec la possibilit\u00e9 d&rsquo;imprimer la vue. Je n&rsquo;ai pas trouv\u00e9 de t\u00e9l\u00e9chargement direct, ni la palette pour modifier l&rsquo;image (contrastes, luminosit\u00e9&#8230;). Il est possible de masquer cette zone de droite. Vous pouvez retrouver l&rsquo;ensemble des contributions du tour de France des archives et ressource en ligne en cliquant sur ce lien.\" \/>\n<meta property=\"og:url\" content=\"https:\/\/www.elodie-et-antoine.fr\/ra\/?p=3207\" \/>\n<meta property=\"og:site_name\" content=\"Rencontre avec mes anc\u00eatres\" \/>\n<meta property=\"article:publisher\" content=\"https:\/\/www.facebook.com\/rencontreancetres\" \/>\n<meta property=\"article:published_time\" content=\"2021-07-01T04:42:52+00:00\" \/>\n<meta property=\"og:image\" content=\"http:\/\/www.elodie-et-antoine.fr\/ra\/wp-content\/uploads\/2021\/06\/AD411-1024x399.jpg\" \/>\n<meta name=\"author\" content=\"Elodie\" \/>\n<meta name=\"twitter:card\" content=\"summary_large_image\" \/>\n<meta name=\"twitter:creator\" content=\"@lodeetwit\" \/>\n<meta name=\"twitter:site\" content=\"@lodeetwit\" \/>\n<meta name=\"twitter:label1\" content=\"\u00c9crit par\" \/>\n\t<meta name=\"twitter:data1\" content=\"Elodie\" \/>\n\t<meta name=\"twitter:label2\" content=\"Dur\u00e9e de lecture estim\u00e9e\" \/>\n\t<meta name=\"twitter:data2\" content=\"2 minutes\" \/>\n<script type=\"application\/ld+json\" class=\"yoast-schema-graph\">{\"@context\":\"https:\/\/schema.org\",\"@graph\":[{\"@type\":\"Article\",\"@id\":\"https:\/\/www.elodie-et-antoine.fr\/ra\/?p=3207#article\",\"isPartOf\":{\"@id\":\"https:\/\/www.elodie-et-antoine.fr\/ra\/?p=3207\"},\"author\":{\"name\":\"Elodie\",\"@id\":\"https:\/\/www.elodie-et-antoine.fr\/ra\/#\/schema\/person\/50e9be10104b0e8a3c0f55df181b9b56\"},\"headline\":\"Les archives d\u00e9partementales du Loir-et-Cher\",\"datePublished\":\"2021-07-01T04:42:52+00:00\",\"mainEntityOfPage\":{\"@id\":\"https:\/\/www.elodie-et-antoine.fr\/ra\/?p=3207\"},\"wordCount\":413,\"commentCount\":2,\"publisher\":{\"@id\":\"https:\/\/www.elodie-et-antoine.fr\/ra\/#organization\"},\"image\":{\"@id\":\"https:\/\/www.elodie-et-antoine.fr\/ra\/?p=3207#primaryimage\"},\"thumbnailUrl\":\"http:\/\/www.elodie-et-antoine.fr\/ra\/wp-content\/uploads\/2021\/06\/AD411-1024x399.jpg\",\"keywords\":[\"archives\",\"Tour de France\"],\"articleSection\":[\"Consid\u00e9rations g\u00e9n\u00e9alogiques\"],\"inLanguage\":\"fr-FR\",\"potentialAction\":[{\"@type\":\"CommentAction\",\"name\":\"Comment\",\"target\":[\"https:\/\/www.elodie-et-antoine.fr\/ra\/?p=3207#respond\"]}]},{\"@type\":\"WebPage\",\"@id\":\"https:\/\/www.elodie-et-antoine.fr\/ra\/?p=3207\",\"url\":\"https:\/\/www.elodie-et-antoine.fr\/ra\/?p=3207\",\"name\":\"Les archives d\u00e9partementales du Loir-et-Cher - Rencontre avec mes anc\u00eatres\",\"isPartOf\":{\"@id\":\"https:\/\/www.elodie-et-antoine.fr\/ra\/#website\"},\"primaryImageOfPage\":{\"@id\":\"https:\/\/www.elodie-et-antoine.fr\/ra\/?p=3207#primaryimage\"},\"image\":{\"@id\":\"https:\/\/www.elodie-et-antoine.fr\/ra\/?p=3207#primaryimage\"},\"thumbnailUrl\":\"http:\/\/www.elodie-et-antoine.fr\/ra\/wp-content\/uploads\/2021\/06\/AD411-1024x399.jpg\",\"datePublished\":\"2021-07-01T04:42:52+00:00\",\"breadcrumb\":{\"@id\":\"https:\/\/www.elodie-et-antoine.fr\/ra\/?p=3207#breadcrumb\"},\"inLanguage\":\"fr-FR\",\"potentialAction\":[{\"@type\":\"ReadAction\",\"target\":[\"https:\/\/www.elodie-et-antoine.fr\/ra\/?p=3207\"]}]},{\"@type\":\"ImageObject\",\"inLanguage\":\"fr-FR\",\"@id\":\"https:\/\/www.elodie-et-antoine.fr\/ra\/?p=3207#primaryimage\",\"url\":\"http:\/\/www.elodie-et-antoine.fr\/ra\/wp-content\/uploads\/2021\/06\/AD411-1024x399.jpg\",\"contentUrl\":\"http:\/\/www.elodie-et-antoine.fr\/ra\/wp-content\/uploads\/2021\/06\/AD411-1024x399.jpg\"},{\"@type\":\"BreadcrumbList\",\"@id\":\"https:\/\/www.elodie-et-antoine.fr\/ra\/?p=3207#breadcrumb\",\"itemListElement\":[{\"@type\":\"ListItem\",\"position\":1,\"name\":\"Accueil\",\"item\":\"https:\/\/www.elodie-et-antoine.fr\/ra\"},{\"@type\":\"ListItem\",\"position\":2,\"name\":\"Les archives d\u00e9partementales du Loir-et-Cher\"}]},{\"@type\":\"WebSite\",\"@id\":\"https:\/\/www.elodie-et-antoine.fr\/ra\/#website\",\"url\":\"https:\/\/www.elodie-et-antoine.fr\/ra\/\",\"name\":\"Rencontre avec mes anc\u00eatres\",\"description\":\"Rencontre avec mes anc\u00eatres\",\"publisher\":{\"@id\":\"https:\/\/www.elodie-et-antoine.fr\/ra\/#organization\"},\"potentialAction\":[{\"@type\":\"SearchAction\",\"target\":{\"@type\":\"EntryPoint\",\"urlTemplate\":\"https:\/\/www.elodie-et-antoine.fr\/ra\/?s={search_term_string}\"},\"query-input\":{\"@type\":\"PropertyValueSpecification\",\"valueRequired\":true,\"valueName\":\"search_term_string\"}}],\"inLanguage\":\"fr-FR\"},{\"@type\":\"Organization\",\"@id\":\"https:\/\/www.elodie-et-antoine.fr\/ra\/#organization\",\"name\":\"Rencontre avec mes anc\u00eatres\",\"url\":\"https:\/\/www.elodie-et-antoine.fr\/ra\/\",\"logo\":{\"@type\":\"ImageObject\",\"inLanguage\":\"fr-FR\",\"@id\":\"https:\/\/www.elodie-et-antoine.fr\/ra\/#\/schema\/logo\/image\/\",\"url\":\"https:\/\/www.elodie-et-antoine.fr\/ra\/wp-content\/uploads\/2024\/02\/Logo-detoure.png\",\"contentUrl\":\"https:\/\/www.elodie-et-antoine.fr\/ra\/wp-content\/uploads\/2024\/02\/Logo-detoure.png\",\"width\":500,\"height\":500,\"caption\":\"Rencontre avec mes anc\u00eatres\"},\"image\":{\"@id\":\"https:\/\/www.elodie-et-antoine.fr\/ra\/#\/schema\/logo\/image\/\"},\"sameAs\":[\"https:\/\/www.facebook.com\/rencontreancetres\",\"https:\/\/x.com\/lodeetwit\"]},{\"@type\":\"Person\",\"@id\":\"https:\/\/www.elodie-et-antoine.fr\/ra\/#\/schema\/person\/50e9be10104b0e8a3c0f55df181b9b56\",\"name\":\"Elodie\",\"image\":{\"@type\":\"ImageObject\",\"inLanguage\":\"fr-FR\",\"@id\":\"https:\/\/www.elodie-et-antoine.fr\/ra\/#\/schema\/person\/image\/\",\"url\":\"https:\/\/secure.gravatar.com\/avatar\/1ee5777faed60801dee6c0665d8f4bb2cfd6d4bf6ab052dbbc40be268a652c31?s=96&d=mm&r=g\",\"contentUrl\":\"https:\/\/secure.gravatar.com\/avatar\/1ee5777faed60801dee6c0665d8f4bb2cfd6d4bf6ab052dbbc40be268a652c31?s=96&d=mm&r=g\",\"caption\":\"Elodie\"},\"url\":\"https:\/\/www.elodie-et-antoine.fr\/ra\/?author=1\"}]}<\/script>\n<!-- \/ Yoast SEO plugin. -->","yoast_head_json":{"title":"Les archives d\u00e9partementales du Loir-et-Cher - Rencontre avec mes anc\u00eatres","robots":{"index":"index","follow":"follow","max-snippet":"max-snippet:-1","max-image-preview":"max-image-preview:large","max-video-preview":"max-video-preview:-1"},"canonical":"https:\/\/www.elodie-et-antoine.fr\/ra\/?p=3207","og_locale":"fr_FR","og_type":"article","og_title":"Les archives d\u00e9partementales du Loir-et-Cher - Rencontre avec mes anc\u00eatres","og_description":"Apr\u00e8s l&rsquo;Inde-et-Loire, le tour de France des archives fait \u00e9tape dans le Loir-et-Cher. http:\/\/www.culture41.fr\/Archives-departementales Informations pratiques L&rsquo;onglet \u00ab\u00a0informations pratiques\u00a0\u00bb porte bien son nom, puisqu&rsquo;on y trouve tous les \u00e9l\u00e9ments pour pr\u00e9parer sa visite aux archives ainsi que les conditions de r\u00e9utilisation et de reproduction. Il faut dire que si vous pr\u00e9voyez une visite, il faudra faire bien attention car les archives sont r\u00e9parties sur deux sites : Blois et Vineuil. La page \u00ab\u00a0Nous contacter ou venir en salle de lecture\u00a0\u00bb pr\u00e9cise quelles archives sont disponibles sur chacun des sites, avec \u00e9galement les jours et horaires d&rsquo;ouverture. Archives en ligne Les documents num\u00e9ris\u00e9s et disponibles en ligne sont nombreux sur le signe des archives d\u00e9partementales du 41. Registres paroissiaux et d&rsquo;\u00e9tat civil. Registres paroissiaux (1501-1791) et registres paroissiaux des temples protestants (1585-1792). Recensements de population. Archives militaires. Registres matricules et fichier alphab\u00e9tique des anciens combattants des guerres 1914-1918 et 1870-1871. Cadastre et remembrement. Cadastre parcellaire et plans de remembrements. Iconographie. Estampes, cartes postales du XIX et XX\u00e8me si\u00e8cle. Cartes et plans. Cartes et plans du XVIIe au XXe si\u00e8cle (sous-s\u00e9rie 1 Fi) et plans du domaine et du ch\u00e2teau de Menars (XVIIIe si\u00e8cle). Cahiers de dol\u00e9ances (recherche par paroisse ou nom de commune actuelle). Archives de poilus. Documents personnels et familiaux, entr\u00e9s aux archives notamment dans le cadre de l&rsquo;op\u00e9ration nationale \u00ab\u00a0La Grande Collecte\u00a0\u00bb. Annuaire du d\u00e9partement. Collection d\u2019annuaires du d\u00e9partement (1806-1961). Il est possible de se cr\u00e9er un compte sur le site et de sauvegarder des r\u00e9f\u00e9rences dans son \u00ab\u00a0classeur\u00a0\u00bb. Je ne l&rsquo;ai pas vu de suite sur le site mais le site l&rsquo;a propos\u00e9 la premi\u00e8re fois que j&rsquo;ai tent\u00e9 d\u2019ajouter une source ; on put \u00e9galement se connecter depuis la visionneuse. La visionneuse On retrouve \u00e0 gauche de la fen\u00eatre le zoom et la rotation des pages, et en bas un menu d\u00e9roulant avec les diff\u00e9rentes vues. En bas \u00e0 droite, diff\u00e9rentes ic\u00f4nes avec la possibilit\u00e9 d&rsquo;imprimer la vue. Je n&rsquo;ai pas trouv\u00e9 de t\u00e9l\u00e9chargement direct, ni la palette pour modifier l&rsquo;image (contrastes, luminosit\u00e9&#8230;). Il est possible de masquer cette zone de droite. Vous pouvez retrouver l&rsquo;ensemble des contributions du tour de France des archives et ressource en ligne en cliquant sur ce lien.","og_url":"https:\/\/www.elodie-et-antoine.fr\/ra\/?p=3207","og_site_name":"Rencontre avec mes anc\u00eatres","article_publisher":"https:\/\/www.facebook.com\/rencontreancetres","article_published_time":"2021-07-01T04:42:52+00:00","og_image":[{"url":"http:\/\/www.elodie-et-antoine.fr\/ra\/wp-content\/uploads\/2021\/06\/AD411-1024x399.jpg","type":"","width":"","height":""}],"author":"Elodie","twitter_card":"summary_large_image","twitter_creator":"@lodeetwit","twitter_site":"@lodeetwit","twitter_misc":{"\u00c9crit par":"Elodie","Dur\u00e9e de lecture estim\u00e9e":"2 minutes"},"schema":{"@context":"https:\/\/schema.org","@graph":[{"@type":"Article","@id":"https:\/\/www.elodie-et-antoine.fr\/ra\/?p=3207#article","isPartOf":{"@id":"https:\/\/www.elodie-et-antoine.fr\/ra\/?p=3207"},"author":{"name":"Elodie","@id":"https:\/\/www.elodie-et-antoine.fr\/ra\/#\/schema\/person\/50e9be10104b0e8a3c0f55df181b9b56"},"headline":"Les archives d\u00e9partementales du Loir-et-Cher","datePublished":"2021-07-01T04:42:52+00:00","mainEntityOfPage":{"@id":"https:\/\/www.elodie-et-antoine.fr\/ra\/?p=3207"},"wordCount":413,"commentCount":2,"publisher":{"@id":"https:\/\/www.elodie-et-antoine.fr\/ra\/#organization"},"image":{"@id":"https:\/\/www.elodie-et-antoine.fr\/ra\/?p=3207#primaryimage"},"thumbnailUrl":"http:\/\/www.elodie-et-antoine.fr\/ra\/wp-content\/uploads\/2021\/06\/AD411-1024x399.jpg","keywords":["archives","Tour de France"],"articleSection":["Consid\u00e9rations g\u00e9n\u00e9alogiques"],"inLanguage":"fr-FR","potentialAction":[{"@type":"CommentAction","name":"Comment","target":["https:\/\/www.elodie-et-antoine.fr\/ra\/?p=3207#respond"]}]},{"@type":"WebPage","@id":"https:\/\/www.elodie-et-antoine.fr\/ra\/?p=3207","url":"https:\/\/www.elodie-et-antoine.fr\/ra\/?p=3207","name":"Les archives d\u00e9partementales du Loir-et-Cher - Rencontre avec mes anc\u00eatres","isPartOf":{"@id":"https:\/\/www.elodie-et-antoine.fr\/ra\/#website"},"primaryImageOfPage":{"@id":"https:\/\/www.elodie-et-antoine.fr\/ra\/?p=3207#primaryimage"},"image":{"@id":"https:\/\/www.elodie-et-antoine.fr\/ra\/?p=3207#primaryimage"},"thumbnailUrl":"http:\/\/www.elodie-et-antoine.fr\/ra\/wp-content\/uploads\/2021\/06\/AD411-1024x399.jpg","datePublished":"2021-07-01T04:42:52+00:00","breadcrumb":{"@id":"https:\/\/www.elodie-et-antoine.fr\/ra\/?p=3207#breadcrumb"},"inLanguage":"fr-FR","potentialAction":[{"@type":"ReadAction","target":["https:\/\/www.elodie-et-antoine.fr\/ra\/?p=3207"]}]},{"@type":"ImageObject","inLanguage":"fr-FR","@id":"https:\/\/www.elodie-et-antoine.fr\/ra\/?p=3207#primaryimage","url":"http:\/\/www.elodie-et-antoine.fr\/ra\/wp-content\/uploads\/2021\/06\/AD411-1024x399.jpg","contentUrl":"http:\/\/www.elodie-et-antoine.fr\/ra\/wp-content\/uploads\/2021\/06\/AD411-1024x399.jpg"},{"@type":"BreadcrumbList","@id":"https:\/\/www.elodie-et-antoine.fr\/ra\/?p=3207#breadcrumb","itemListElement":[{"@type":"ListItem","position":1,"name":"Accueil","item":"https:\/\/www.elodie-et-antoine.fr\/ra"},{"@type":"ListItem","position":2,"name":"Les archives d\u00e9partementales du Loir-et-Cher"}]},{"@type":"WebSite","@id":"https:\/\/www.elodie-et-antoine.fr\/ra\/#website","url":"https:\/\/www.elodie-et-antoine.fr\/ra\/","name":"Rencontre avec mes anc\u00eatres","description":"Rencontre avec mes anc\u00eatres","publisher":{"@id":"https:\/\/www.elodie-et-antoine.fr\/ra\/#organization"},"potentialAction":[{"@type":"SearchAction","target":{"@type":"EntryPoint","urlTemplate":"https:\/\/www.elodie-et-antoine.fr\/ra\/?s={search_term_string}"},"query-input":{"@type":"PropertyValueSpecification","valueRequired":true,"valueName":"search_term_string"}}],"inLanguage":"fr-FR"},{"@type":"Organization","@id":"https:\/\/www.elodie-et-antoine.fr\/ra\/#organization","name":"Rencontre avec mes anc\u00eatres","url":"https:\/\/www.elodie-et-antoine.fr\/ra\/","logo":{"@type":"ImageObject","inLanguage":"fr-FR","@id":"https:\/\/www.elodie-et-antoine.fr\/ra\/#\/schema\/logo\/image\/","url":"https:\/\/www.elodie-et-antoine.fr\/ra\/wp-content\/uploads\/2024\/02\/Logo-detoure.png","contentUrl":"https:\/\/www.elodie-et-antoine.fr\/ra\/wp-content\/uploads\/2024\/02\/Logo-detoure.png","width":500,"height":500,"caption":"Rencontre avec mes anc\u00eatres"},"image":{"@id":"https:\/\/www.elodie-et-antoine.fr\/ra\/#\/schema\/logo\/image\/"},"sameAs":["https:\/\/www.facebook.com\/rencontreancetres","https:\/\/x.com\/lodeetwit"]},{"@type":"Person","@id":"https:\/\/www.elodie-et-antoine.fr\/ra\/#\/schema\/person\/50e9be10104b0e8a3c0f55df181b9b56","name":"Elodie","image":{"@type":"ImageObject","inLanguage":"fr-FR","@id":"https:\/\/www.elodie-et-antoine.fr\/ra\/#\/schema\/person\/image\/","url":"https:\/\/secure.gravatar.com\/avatar\/1ee5777faed60801dee6c0665d8f4bb2cfd6d4bf6ab052dbbc40be268a652c31?s=96&d=mm&r=g","contentUrl":"https:\/\/secure.gravatar.com\/avatar\/1ee5777faed60801dee6c0665d8f4bb2cfd6d4bf6ab052dbbc40be268a652c31?s=96&d=mm&r=g","caption":"Elodie"},"url":"https:\/\/www.elodie-et-antoine.fr\/ra\/?author=1"}]}},"jetpack_featured_media_url":"","jetpack_sharing_enabled":true,"_links":{"self":[{"href":"https:\/\/www.elodie-et-antoine.fr\/ra\/index.php?rest_route=\/wp\/v2\/posts\/3207","targetHints":{"allow":["GET"]}}],"collection":[{"href":"https:\/\/www.elodie-et-antoine.fr\/ra\/index.php?rest_route=\/wp\/v2\/posts"}],"about":[{"href":"https:\/\/www.elodie-et-antoine.fr\/ra\/index.php?rest_route=\/wp\/v2\/types\/post"}],"author":[{"embeddable":true,"href":"https:\/\/www.elodie-et-antoine.fr\/ra\/index.php?rest_route=\/wp\/v2\/users\/1"}],"replies":[{"embeddable":true,"href":"https:\/\/www.elodie-et-antoine.fr\/ra\/index.php?rest_route=%2Fwp%2Fv2%2Fcomments&post=3207"}],"version-history":[{"count":4,"href":"https:\/\/www.elodie-et-antoine.fr\/ra\/index.php?rest_route=\/wp\/v2\/posts\/3207\/revisions"}],"predecessor-version":[{"id":3220,"href":"https:\/\/www.elodie-et-antoine.fr\/ra\/index.php?rest_route=\/wp\/v2\/posts\/3207\/revisions\/3220"}],"wp:attachment":[{"href":"https:\/\/www.elodie-et-antoine.fr\/ra\/index.php?rest_route=%2Fwp%2Fv2%2Fmedia&parent=3207"}],"wp:term":[{"taxonomy":"category","embeddable":true,"href":"https:\/\/www.elodie-et-antoine.fr\/ra\/index.php?rest_route=%2Fwp%2Fv2%2Fcategories&post=3207"},{"taxonomy":"post_tag","embeddable":true,"href":"https:\/\/www.elodie-et-antoine.fr\/ra\/index.php?rest_route=%2Fwp%2Fv2%2Ftags&post=3207"}],"curies":[{"name":"wp","href":"https:\/\/api.w.org\/{rel}","templated":true}]}}