{"id":3148,"date":"2021-02-15T07:15:56","date_gmt":"2021-02-15T06:15:56","guid":{"rendered":"http:\/\/www.elodie-et-antoine.fr\/ra\/?p=3148"},"modified":"2024-02-28T15:01:33","modified_gmt":"2024-02-28T14:01:33","slug":"letrange-affaire-dhenri-gillet-marechal-ferrant","status":"publish","type":"post","link":"https:\/\/www.elodie-et-antoine.fr\/ra\/?p=3148","title":{"rendered":"L&rsquo;\u00e9trange affaire d&rsquo;Henri GILLET, mar\u00e9chal-ferrant"},"content":{"rendered":"\n<p>J&rsquo;ai en ma possession un acte qui correspond parfaitement au th\u00e8me de la 3\u00e8me semaine du mois Geneatech : <a href=\"https:\/\/geneatech.fr\/blog\/le-mois-geneatech-3eme-semaine-de-fevrier\/\" data-type=\"URL\" data-id=\"https:\/\/geneatech.fr\/blog\/le-mois-geneatech-3eme-semaine-de-fevrier\/\">une d\u00e9couverte que vous n&rsquo;auriez pas pu faire sans vous rendre aux archives<\/a>.<\/p>\n\n\n\n<p>C&rsquo;est une nouvelle fois une trouvaille faite lors d&rsquo;un d\u00e9pouillement d&rsquo;une liasse de notaire. Je cherchais alors un contrat de mariage du c\u00f4t\u00e9 de mon mari, mais comme \u00e0 chaque fois je prends le soin de lire chaque minute \u00e0 la recherche d&rsquo;un \u00e9ventuel anc\u00eatre. Cette fois-ci je tombe sur une mainlev\u00e9e, je v\u00e9rifie le patronyme et le pr\u00e9nom et confirme qu&rsquo;il s&rsquo;agit d&rsquo;un a\u00efeul de mon mari. Une mainlev\u00e9e &#8230;  j&rsquo;avoue ne pas m&rsquo;\u00eatre pr\u00e9cipit\u00e9e pour la transcrire.  Alors qu&rsquo;elle renfermait quelques surprises&#8230;<\/p>\n\n\n\n<p>L&rsquo;acte en question est dress\u00e9 le 10 octobre 1894 devant Ma\u00eetre Cyprien Th\u00e9odore AUBRY, notaire \u00e0 Henrichemont. Ce jour comparaissent :<\/p>\n\n\n\n<ul class=\"wp-block-list\">\n<li>Henri GILLET (sosa 38 de mon mari), mar\u00e9chal ferrant, demeurant aux Poteries commune de Neuvy deux Clochers ;<\/li>\n\n\n\n<li>Eug\u00e8ne BERNON, cultivateur, et C\u00e9lestine SALMON sa femme, demeurants au hameau voisin des Alliers \u00e0 Neuvy.<\/li>\n<\/ul>\n\n\n\n<p>Ce jour donc, les \u00e9poux BERNON \/ SALMON remettent deux cent quatre vingt sept francs, en esp\u00e8ce, \u00e0 Henri GILLET, \u00ab\u00a0\u00e0 la vue du notaire\u00a0\u00bb. Il n&rsquo;y a pas de d\u00e9tail sur l&rsquo;origine de cette dette, qui me semble assez importante pour l&rsquo;\u00e9poque. Les hameaux o\u00f9 vivent les protagonistes sont en tout cas assez proches.<\/p>\n\n\n\n<figure class=\"wp-block-image size-large\"><a href=\"https:\/\/www.elodie-et-antoine.fr\/ra\/wp-content\/uploads\/2021\/02\/Mainlevee-GILLET-1.jpg\"><img loading=\"lazy\" decoding=\"async\" width=\"998\" height=\"590\" src=\"https:\/\/www.elodie-et-antoine.fr\/ra\/wp-content\/uploads\/2021\/02\/Mainlevee-GILLET-1.jpg\" alt=\"\" class=\"wp-image-3150\" srcset=\"https:\/\/www.elodie-et-antoine.fr\/ra\/wp-content\/uploads\/2021\/02\/Mainlevee-GILLET-1.jpg 998w, https:\/\/www.elodie-et-antoine.fr\/ra\/wp-content\/uploads\/2021\/02\/Mainlevee-GILLET-1-300x177.jpg 300w, https:\/\/www.elodie-et-antoine.fr\/ra\/wp-content\/uploads\/2021\/02\/Mainlevee-GILLET-1-768x454.jpg 768w, https:\/\/www.elodie-et-antoine.fr\/ra\/wp-content\/uploads\/2021\/02\/Mainlevee-GILLET-1-457x270.jpg 457w\" sizes=\"auto, (max-width: 998px) 100vw, 998px\" \/><\/a><figcaption class=\"wp-element-caption\">Les familles GILLET et BERNON lors du recensement de 1891<\/figcaption><\/figure>\n\n\n\n<p>Le montant de cette somme est issu d&rsquo;une condamnation prononc\u00e9e contre les \u00e9poux aux termes d&rsquo;un jugement contradictoire rendu par le juge de paix du canton d&rsquo;Henrichemont le 22 ao\u00fbt 1894.  Il est pr\u00e9cis\u00e9 ensuite que :<\/p>\n\n\n\n<p>\u00ab\u00a0le comparant fait main lev\u00e9e enti\u00e8re et consent la radiation sans r\u00e9serve d&rsquo;une inscription prise \u00e0 son profit contre les \u00e9poux Bernon au bureau des hypoth\u00e8ques de Sancerre le vingt neuf ao\u00fbt mil huit cent quatre vingt quatorze vol 367, n\u00b0162\u00a0\u00bb.<\/p>\n\n\n\n<p>Jusque l\u00e0, rien de tr\u00e8s exceptionnel&#8230; Si ce n&rsquo;est qu&rsquo;un nouveau protagoniste appara\u00eet en la personne de Pierre LHERBE, agent de l&rsquo;arrondissement de sancerre pour la soci\u00e9t\u00e9 d&rsquo;assurance contre l&rsquo;incendie \u00ab\u00a0l&rsquo;Abeille\u00a0\u00bb.<\/p>\n\n\n\n<p>\u00ab\u00a0M Lherbe pris comme agent principal de l&rsquo;arrondissement de Sancerre pour la soci\u00e9t\u00e9 d&rsquo;assurance contre l&rsquo;incendie dite l&rsquo;Abeille dont le si\u00e8ge est \u00e0 Paris, rue &lt;Tailbout ?&gt; n\u00b057. Le comparant entend que cette saisie-arr\u00eat soit consid\u00e9r\u00e9e comme non avenue et ne produise aucun effet ; en cons\u00e9quence il consent que MM les directeurs, administrateurs, caissiers et comptables comme tous repr\u00e9sentants de la soci\u00e9t\u00e9 l&rsquo;Abeille soient valablement d\u00e9charg\u00e9s, en op\u00e9rant entre les mains de Bernon sus nomm\u00e9 le paiement de toute indemnit\u00e9 ou somme pouvant lui \u00eatre due en raison d&rsquo;un sinistre incendie arriv\u00e9 le vingt sept ao\u00fbt dernier ; il autorise en outre mention partout o\u00f9 besoin sera.\u00a0\u00bb<\/p>\n\n\n\n<p>Quel est le lien entre la cr\u00e9ance et cet incendie qui eu lieu tr\u00e8s peu de temps apr\u00e8s le jugement ? L&rsquo;argent de l&rsquo;assurance aurait-il servi \u00e0 payer la somme due \u00e0 Henri GILLET ? Pour le savoir la seule solution sera de me rendre de nouveau aux archives.<\/p>\n\n\n\n<figure class=\"wp-block-image size-large\"><a href=\"https:\/\/www.elodie-et-antoine.fr\/ra\/wp-content\/uploads\/2021\/02\/GILLET-Mainlevee-2.jpg\"><img loading=\"lazy\" decoding=\"async\" width=\"812\" height=\"251\" src=\"https:\/\/www.elodie-et-antoine.fr\/ra\/wp-content\/uploads\/2021\/02\/GILLET-Mainlevee-2.jpg\" alt=\"\" class=\"wp-image-3151\" srcset=\"https:\/\/www.elodie-et-antoine.fr\/ra\/wp-content\/uploads\/2021\/02\/GILLET-Mainlevee-2.jpg 812w, https:\/\/www.elodie-et-antoine.fr\/ra\/wp-content\/uploads\/2021\/02\/GILLET-Mainlevee-2-300x93.jpg 300w, https:\/\/www.elodie-et-antoine.fr\/ra\/wp-content\/uploads\/2021\/02\/GILLET-Mainlevee-2-768x237.jpg 768w, https:\/\/www.elodie-et-antoine.fr\/ra\/wp-content\/uploads\/2021\/02\/GILLET-Mainlevee-2-604x187.jpg 604w\" sizes=\"auto, (max-width: 812px) 100vw, 812px\" \/><\/a><\/figure>\n\n\n\n<pre class=\"wp-block-preformatted\">Sources :\nRecensement de Neuvy-Deux-Clochers - 1891 - Archives du Cher - 6M 0114\nMainlev\u00e9e - Minutes de Ma\u00eetre Cyprien-Th\u00e9odore AUBRY, notaire \u00e0 Henrichemont - octobre-d\u00e9cembre 1894 - Archives du Cher - E\/25332<\/pre>\n","protected":false},"excerpt":{"rendered":"<p>J&rsquo;ai en ma possession un acte qui correspond parfaitement au th\u00e8me de la 3\u00e8me semaine du mois Geneatech : une d\u00e9couverte que vous n&rsquo;auriez pas pu faire sans vous rendre aux archives. C&rsquo;est une nouvelle fois une trouvaille faite lors d&rsquo;un d\u00e9pouillement d&rsquo;une liasse de notaire. Je cherchais alors un contrat de mariage du c\u00f4t\u00e9 de mon mari, mais comme \u00e0 chaque fois je prends le soin de lire chaque minute \u00e0 la recherche d&rsquo;un \u00e9ventuel anc\u00eatre. Cette fois-ci je tombe sur une mainlev\u00e9e, je v\u00e9rifie le patronyme et le pr\u00e9nom et confirme qu&rsquo;il s&rsquo;agit d&rsquo;un a\u00efeul de mon mari. Une mainlev\u00e9e &#8230; j&rsquo;avoue ne pas m&rsquo;\u00eatre pr\u00e9cipit\u00e9e pour la transcrire. Alors qu&rsquo;elle renfermait quelques surprises&#8230; L&rsquo;acte en question est dress\u00e9 le 10 octobre 1894 devant Ma\u00eetre Cyprien Th\u00e9odore AUBRY, notaire \u00e0 Henrichemont. Ce jour comparaissent : Ce jour donc, les \u00e9poux BERNON \/ SALMON remettent deux cent quatre vingt sept francs, en esp\u00e8ce, \u00e0 Henri GILLET, \u00ab\u00a0\u00e0 la vue du notaire\u00a0\u00bb. Il n&rsquo;y a pas de d\u00e9tail sur l&rsquo;origine de cette dette, qui me semble assez importante pour l&rsquo;\u00e9poque. Les hameaux o\u00f9 vivent les protagonistes sont en tout cas assez proches. Le montant de cette somme est issu d&rsquo;une condamnation prononc\u00e9e contre les \u00e9poux aux termes d&rsquo;un jugement contradictoire rendu par le juge de paix du canton d&rsquo;Henrichemont le 22 ao\u00fbt 1894. Il est pr\u00e9cis\u00e9 ensuite que : \u00ab\u00a0le comparant fait main lev\u00e9e enti\u00e8re et consent la radiation sans r\u00e9serve d&rsquo;une inscription prise \u00e0 son profit contre les \u00e9poux Bernon au bureau des hypoth\u00e8ques de Sancerre le vingt neuf ao\u00fbt mil huit cent quatre vingt quatorze vol 367, n\u00b0162\u00a0\u00bb. Jusque l\u00e0, rien de tr\u00e8s exceptionnel&#8230; Si ce n&rsquo;est qu&rsquo;un nouveau protagoniste appara\u00eet en la personne de Pierre LHERBE, agent de l&rsquo;arrondissement de sancerre pour la soci\u00e9t\u00e9 d&rsquo;assurance contre l&rsquo;incendie \u00ab\u00a0l&rsquo;Abeille\u00a0\u00bb. \u00ab\u00a0M Lherbe pris comme agent principal de l&rsquo;arrondissement de Sancerre pour la soci\u00e9t\u00e9 d&rsquo;assurance contre l&rsquo;incendie dite l&rsquo;Abeille dont le si\u00e8ge est \u00e0 Paris, rue &lt;Tailbout ?&gt; n\u00b057. Le comparant entend que cette saisie-arr\u00eat soit consid\u00e9r\u00e9e comme non avenue et ne produise aucun effet ; en cons\u00e9quence il consent que MM les directeurs, administrateurs, caissiers et comptables comme tous repr\u00e9sentants de la soci\u00e9t\u00e9 l&rsquo;Abeille soient valablement d\u00e9charg\u00e9s, en op\u00e9rant entre les mains de Bernon sus nomm\u00e9 le paiement de toute indemnit\u00e9 ou somme pouvant lui \u00eatre due en raison d&rsquo;un sinistre incendie arriv\u00e9 le vingt sept ao\u00fbt dernier ; il autorise en outre mention partout o\u00f9 besoin sera.\u00a0\u00bb Quel est le lien entre la cr\u00e9ance et cet incendie qui eu lieu tr\u00e8s peu de temps apr\u00e8s le jugement ? L&rsquo;argent de l&rsquo;assurance aurait-il servi \u00e0 payer la somme due \u00e0 Henri GILLET ? Pour le savoir la seule solution sera de me rendre de nouveau aux archives. Sources : Recensement de Neuvy-Deux-Clochers &#8211; 1891 &#8211; Archives du Cher &#8211; 6M 0114 Mainlev\u00e9e &#8211; Minutes de Ma\u00eetre Cyprien-Th\u00e9odore AUBRY, notaire \u00e0 Henrichemont &#8211; octobre-d\u00e9cembre 1894 &#8211; Archives du Cher &#8211; E\/25332<\/p>\n","protected":false},"author":1,"featured_media":0,"comment_status":"open","ping_status":"open","sticky":false,"template":"","format":"standard","meta":{"_exactmetrics_skip_tracking":false,"_exactmetrics_sitenote_active":false,"_exactmetrics_sitenote_note":"","_exactmetrics_sitenote_category":0,"jetpack_post_was_ever_published":false,"_jetpack_newsletter_access":"","_jetpack_dont_email_post_to_subs":false,"_jetpack_newsletter_tier_id":0,"_jetpack_memberships_contains_paywalled_content":false,"_jetpack_memberships_contains_paid_content":false,"footnotes":""},"categories":[12,8,26],"tags":[278,257],"class_list":["post-3148","post","type-post","status-publish","format-standard","hentry","category-challenge","category-geneatheme","category-mes-ancetres","tag-gillet","tag-marechal-ferrant"],"yoast_head":"<!-- This site is optimized with the Yoast SEO plugin v27.0 - https:\/\/yoast.com\/product\/yoast-seo-wordpress\/ -->\n<title>L&#039;\u00e9trange affaire d&#039;Henri GILLET, mar\u00e9chal-ferrant - Rencontre avec mes anc\u00eatres<\/title>\n<meta name=\"robots\" content=\"index, follow, max-snippet:-1, max-image-preview:large, max-video-preview:-1\" \/>\n<link rel=\"canonical\" href=\"https:\/\/www.elodie-et-antoine.fr\/ra\/?p=3148\" \/>\n<meta property=\"og:locale\" content=\"fr_FR\" \/>\n<meta property=\"og:type\" content=\"article\" \/>\n<meta property=\"og:title\" content=\"L&#039;\u00e9trange affaire d&#039;Henri GILLET, mar\u00e9chal-ferrant - Rencontre avec mes anc\u00eatres\" \/>\n<meta property=\"og:description\" content=\"J&rsquo;ai en ma possession un acte qui correspond parfaitement au th\u00e8me de la 3\u00e8me semaine du mois Geneatech : une d\u00e9couverte que vous n&rsquo;auriez pas pu faire sans vous rendre aux archives. C&rsquo;est une nouvelle fois une trouvaille faite lors d&rsquo;un d\u00e9pouillement d&rsquo;une liasse de notaire. Je cherchais alors un contrat de mariage du c\u00f4t\u00e9 de mon mari, mais comme \u00e0 chaque fois je prends le soin de lire chaque minute \u00e0 la recherche d&rsquo;un \u00e9ventuel anc\u00eatre. Cette fois-ci je tombe sur une mainlev\u00e9e, je v\u00e9rifie le patronyme et le pr\u00e9nom et confirme qu&rsquo;il s&rsquo;agit d&rsquo;un a\u00efeul de mon mari. Une mainlev\u00e9e &#8230; j&rsquo;avoue ne pas m&rsquo;\u00eatre pr\u00e9cipit\u00e9e pour la transcrire. Alors qu&rsquo;elle renfermait quelques surprises&#8230; L&rsquo;acte en question est dress\u00e9 le 10 octobre 1894 devant Ma\u00eetre Cyprien Th\u00e9odore AUBRY, notaire \u00e0 Henrichemont. Ce jour comparaissent : Ce jour donc, les \u00e9poux BERNON \/ SALMON remettent deux cent quatre vingt sept francs, en esp\u00e8ce, \u00e0 Henri GILLET, \u00ab\u00a0\u00e0 la vue du notaire\u00a0\u00bb. Il n&rsquo;y a pas de d\u00e9tail sur l&rsquo;origine de cette dette, qui me semble assez importante pour l&rsquo;\u00e9poque. Les hameaux o\u00f9 vivent les protagonistes sont en tout cas assez proches. Le montant de cette somme est issu d&rsquo;une condamnation prononc\u00e9e contre les \u00e9poux aux termes d&rsquo;un jugement contradictoire rendu par le juge de paix du canton d&rsquo;Henrichemont le 22 ao\u00fbt 1894. Il est pr\u00e9cis\u00e9 ensuite que : \u00ab\u00a0le comparant fait main lev\u00e9e enti\u00e8re et consent la radiation sans r\u00e9serve d&rsquo;une inscription prise \u00e0 son profit contre les \u00e9poux Bernon au bureau des hypoth\u00e8ques de Sancerre le vingt neuf ao\u00fbt mil huit cent quatre vingt quatorze vol 367, n\u00b0162\u00a0\u00bb. Jusque l\u00e0, rien de tr\u00e8s exceptionnel&#8230; Si ce n&rsquo;est qu&rsquo;un nouveau protagoniste appara\u00eet en la personne de Pierre LHERBE, agent de l&rsquo;arrondissement de sancerre pour la soci\u00e9t\u00e9 d&rsquo;assurance contre l&rsquo;incendie \u00ab\u00a0l&rsquo;Abeille\u00a0\u00bb. \u00ab\u00a0M Lherbe pris comme agent principal de l&rsquo;arrondissement de Sancerre pour la soci\u00e9t\u00e9 d&rsquo;assurance contre l&rsquo;incendie dite l&rsquo;Abeille dont le si\u00e8ge est \u00e0 Paris, rue &lt;Tailbout ?&gt; n\u00b057. Le comparant entend que cette saisie-arr\u00eat soit consid\u00e9r\u00e9e comme non avenue et ne produise aucun effet ; en cons\u00e9quence il consent que MM les directeurs, administrateurs, caissiers et comptables comme tous repr\u00e9sentants de la soci\u00e9t\u00e9 l&rsquo;Abeille soient valablement d\u00e9charg\u00e9s, en op\u00e9rant entre les mains de Bernon sus nomm\u00e9 le paiement de toute indemnit\u00e9 ou somme pouvant lui \u00eatre due en raison d&rsquo;un sinistre incendie arriv\u00e9 le vingt sept ao\u00fbt dernier ; il autorise en outre mention partout o\u00f9 besoin sera.\u00a0\u00bb Quel est le lien entre la cr\u00e9ance et cet incendie qui eu lieu tr\u00e8s peu de temps apr\u00e8s le jugement ? L&rsquo;argent de l&rsquo;assurance aurait-il servi \u00e0 payer la somme due \u00e0 Henri GILLET ? Pour le savoir la seule solution sera de me rendre de nouveau aux archives. Sources : Recensement de Neuvy-Deux-Clochers - 1891 - Archives du Cher - 6M 0114 Mainlev\u00e9e - Minutes de Ma\u00eetre Cyprien-Th\u00e9odore AUBRY, notaire \u00e0 Henrichemont - octobre-d\u00e9cembre 1894 - Archives du Cher - E\/25332\" \/>\n<meta property=\"og:url\" content=\"https:\/\/www.elodie-et-antoine.fr\/ra\/?p=3148\" \/>\n<meta property=\"og:site_name\" content=\"Rencontre avec mes anc\u00eatres\" \/>\n<meta property=\"article:publisher\" content=\"https:\/\/www.facebook.com\/rencontreancetres\" \/>\n<meta property=\"article:published_time\" content=\"2021-02-15T06:15:56+00:00\" \/>\n<meta property=\"article:modified_time\" content=\"2024-02-28T14:01:33+00:00\" \/>\n<meta property=\"og:image\" content=\"http:\/\/www.elodie-et-antoine.fr\/ra\/wp-content\/uploads\/2021\/02\/Mainlevee-GILLET-1.jpg\" \/>\n<meta name=\"author\" content=\"Elodie\" \/>\n<meta name=\"twitter:card\" content=\"summary_large_image\" \/>\n<meta name=\"twitter:creator\" content=\"@lodeetwit\" \/>\n<meta name=\"twitter:site\" content=\"@lodeetwit\" \/>\n<meta name=\"twitter:label1\" content=\"\u00c9crit par\" \/>\n\t<meta name=\"twitter:data1\" content=\"Elodie\" \/>\n\t<meta name=\"twitter:label2\" content=\"Dur\u00e9e de lecture estim\u00e9e\" \/>\n\t<meta name=\"twitter:data2\" content=\"3 minutes\" \/>\n<script type=\"application\/ld+json\" class=\"yoast-schema-graph\">{\"@context\":\"https:\/\/schema.org\",\"@graph\":[{\"@type\":\"Article\",\"@id\":\"https:\/\/www.elodie-et-antoine.fr\/ra\/?p=3148#article\",\"isPartOf\":{\"@id\":\"https:\/\/www.elodie-et-antoine.fr\/ra\/?p=3148\"},\"author\":{\"name\":\"Elodie\",\"@id\":\"https:\/\/www.elodie-et-antoine.fr\/ra\/#\/schema\/person\/50e9be10104b0e8a3c0f55df181b9b56\"},\"headline\":\"L&rsquo;\u00e9trange affaire d&rsquo;Henri GILLET, mar\u00e9chal-ferrant\",\"datePublished\":\"2021-02-15T06:15:56+00:00\",\"dateModified\":\"2024-02-28T14:01:33+00:00\",\"mainEntityOfPage\":{\"@id\":\"https:\/\/www.elodie-et-antoine.fr\/ra\/?p=3148\"},\"wordCount\":530,\"commentCount\":3,\"publisher\":{\"@id\":\"https:\/\/www.elodie-et-antoine.fr\/ra\/#organization\"},\"image\":{\"@id\":\"https:\/\/www.elodie-et-antoine.fr\/ra\/?p=3148#primaryimage\"},\"thumbnailUrl\":\"http:\/\/www.elodie-et-antoine.fr\/ra\/wp-content\/uploads\/2021\/02\/Mainlevee-GILLET-1.jpg\",\"keywords\":[\"Gillet\",\"Mar\u00e9chal-Ferrant\"],\"articleSection\":[\"Challenge\",\"G\u00e9n\u00e9ath\u00e8me\",\"Mes anc\u00eatres\"],\"inLanguage\":\"fr-FR\",\"potentialAction\":[{\"@type\":\"CommentAction\",\"name\":\"Comment\",\"target\":[\"https:\/\/www.elodie-et-antoine.fr\/ra\/?p=3148#respond\"]}]},{\"@type\":\"WebPage\",\"@id\":\"https:\/\/www.elodie-et-antoine.fr\/ra\/?p=3148\",\"url\":\"https:\/\/www.elodie-et-antoine.fr\/ra\/?p=3148\",\"name\":\"L'\u00e9trange affaire d'Henri GILLET, mar\u00e9chal-ferrant - Rencontre avec mes anc\u00eatres\",\"isPartOf\":{\"@id\":\"https:\/\/www.elodie-et-antoine.fr\/ra\/#website\"},\"primaryImageOfPage\":{\"@id\":\"https:\/\/www.elodie-et-antoine.fr\/ra\/?p=3148#primaryimage\"},\"image\":{\"@id\":\"https:\/\/www.elodie-et-antoine.fr\/ra\/?p=3148#primaryimage\"},\"thumbnailUrl\":\"http:\/\/www.elodie-et-antoine.fr\/ra\/wp-content\/uploads\/2021\/02\/Mainlevee-GILLET-1.jpg\",\"datePublished\":\"2021-02-15T06:15:56+00:00\",\"dateModified\":\"2024-02-28T14:01:33+00:00\",\"breadcrumb\":{\"@id\":\"https:\/\/www.elodie-et-antoine.fr\/ra\/?p=3148#breadcrumb\"},\"inLanguage\":\"fr-FR\",\"potentialAction\":[{\"@type\":\"ReadAction\",\"target\":[\"https:\/\/www.elodie-et-antoine.fr\/ra\/?p=3148\"]}]},{\"@type\":\"ImageObject\",\"inLanguage\":\"fr-FR\",\"@id\":\"https:\/\/www.elodie-et-antoine.fr\/ra\/?p=3148#primaryimage\",\"url\":\"http:\/\/www.elodie-et-antoine.fr\/ra\/wp-content\/uploads\/2021\/02\/Mainlevee-GILLET-1.jpg\",\"contentUrl\":\"http:\/\/www.elodie-et-antoine.fr\/ra\/wp-content\/uploads\/2021\/02\/Mainlevee-GILLET-1.jpg\"},{\"@type\":\"BreadcrumbList\",\"@id\":\"https:\/\/www.elodie-et-antoine.fr\/ra\/?p=3148#breadcrumb\",\"itemListElement\":[{\"@type\":\"ListItem\",\"position\":1,\"name\":\"Accueil\",\"item\":\"https:\/\/www.elodie-et-antoine.fr\/ra\"},{\"@type\":\"ListItem\",\"position\":2,\"name\":\"L&rsquo;\u00e9trange affaire d&rsquo;Henri GILLET, mar\u00e9chal-ferrant\"}]},{\"@type\":\"WebSite\",\"@id\":\"https:\/\/www.elodie-et-antoine.fr\/ra\/#website\",\"url\":\"https:\/\/www.elodie-et-antoine.fr\/ra\/\",\"name\":\"Rencontre avec mes anc\u00eatres\",\"description\":\"Rencontre avec mes anc\u00eatres\",\"publisher\":{\"@id\":\"https:\/\/www.elodie-et-antoine.fr\/ra\/#organization\"},\"potentialAction\":[{\"@type\":\"SearchAction\",\"target\":{\"@type\":\"EntryPoint\",\"urlTemplate\":\"https:\/\/www.elodie-et-antoine.fr\/ra\/?s={search_term_string}\"},\"query-input\":{\"@type\":\"PropertyValueSpecification\",\"valueRequired\":true,\"valueName\":\"search_term_string\"}}],\"inLanguage\":\"fr-FR\"},{\"@type\":\"Organization\",\"@id\":\"https:\/\/www.elodie-et-antoine.fr\/ra\/#organization\",\"name\":\"Rencontre avec mes anc\u00eatres\",\"url\":\"https:\/\/www.elodie-et-antoine.fr\/ra\/\",\"logo\":{\"@type\":\"ImageObject\",\"inLanguage\":\"fr-FR\",\"@id\":\"https:\/\/www.elodie-et-antoine.fr\/ra\/#\/schema\/logo\/image\/\",\"url\":\"https:\/\/www.elodie-et-antoine.fr\/ra\/wp-content\/uploads\/2024\/02\/Logo-detoure.png\",\"contentUrl\":\"https:\/\/www.elodie-et-antoine.fr\/ra\/wp-content\/uploads\/2024\/02\/Logo-detoure.png\",\"width\":500,\"height\":500,\"caption\":\"Rencontre avec mes anc\u00eatres\"},\"image\":{\"@id\":\"https:\/\/www.elodie-et-antoine.fr\/ra\/#\/schema\/logo\/image\/\"},\"sameAs\":[\"https:\/\/www.facebook.com\/rencontreancetres\",\"https:\/\/x.com\/lodeetwit\"]},{\"@type\":\"Person\",\"@id\":\"https:\/\/www.elodie-et-antoine.fr\/ra\/#\/schema\/person\/50e9be10104b0e8a3c0f55df181b9b56\",\"name\":\"Elodie\",\"image\":{\"@type\":\"ImageObject\",\"inLanguage\":\"fr-FR\",\"@id\":\"https:\/\/www.elodie-et-antoine.fr\/ra\/#\/schema\/person\/image\/\",\"url\":\"https:\/\/secure.gravatar.com\/avatar\/1ee5777faed60801dee6c0665d8f4bb2cfd6d4bf6ab052dbbc40be268a652c31?s=96&d=mm&r=g\",\"contentUrl\":\"https:\/\/secure.gravatar.com\/avatar\/1ee5777faed60801dee6c0665d8f4bb2cfd6d4bf6ab052dbbc40be268a652c31?s=96&d=mm&r=g\",\"caption\":\"Elodie\"},\"url\":\"https:\/\/www.elodie-et-antoine.fr\/ra\/?author=1\"}]}<\/script>\n<!-- \/ Yoast SEO plugin. -->","yoast_head_json":{"title":"L'\u00e9trange affaire d'Henri GILLET, mar\u00e9chal-ferrant - Rencontre avec mes anc\u00eatres","robots":{"index":"index","follow":"follow","max-snippet":"max-snippet:-1","max-image-preview":"max-image-preview:large","max-video-preview":"max-video-preview:-1"},"canonical":"https:\/\/www.elodie-et-antoine.fr\/ra\/?p=3148","og_locale":"fr_FR","og_type":"article","og_title":"L'\u00e9trange affaire d'Henri GILLET, mar\u00e9chal-ferrant - Rencontre avec mes anc\u00eatres","og_description":"J&rsquo;ai en ma possession un acte qui correspond parfaitement au th\u00e8me de la 3\u00e8me semaine du mois Geneatech : une d\u00e9couverte que vous n&rsquo;auriez pas pu faire sans vous rendre aux archives. C&rsquo;est une nouvelle fois une trouvaille faite lors d&rsquo;un d\u00e9pouillement d&rsquo;une liasse de notaire. Je cherchais alors un contrat de mariage du c\u00f4t\u00e9 de mon mari, mais comme \u00e0 chaque fois je prends le soin de lire chaque minute \u00e0 la recherche d&rsquo;un \u00e9ventuel anc\u00eatre. Cette fois-ci je tombe sur une mainlev\u00e9e, je v\u00e9rifie le patronyme et le pr\u00e9nom et confirme qu&rsquo;il s&rsquo;agit d&rsquo;un a\u00efeul de mon mari. Une mainlev\u00e9e &#8230; j&rsquo;avoue ne pas m&rsquo;\u00eatre pr\u00e9cipit\u00e9e pour la transcrire. Alors qu&rsquo;elle renfermait quelques surprises&#8230; L&rsquo;acte en question est dress\u00e9 le 10 octobre 1894 devant Ma\u00eetre Cyprien Th\u00e9odore AUBRY, notaire \u00e0 Henrichemont. Ce jour comparaissent : Ce jour donc, les \u00e9poux BERNON \/ SALMON remettent deux cent quatre vingt sept francs, en esp\u00e8ce, \u00e0 Henri GILLET, \u00ab\u00a0\u00e0 la vue du notaire\u00a0\u00bb. Il n&rsquo;y a pas de d\u00e9tail sur l&rsquo;origine de cette dette, qui me semble assez importante pour l&rsquo;\u00e9poque. Les hameaux o\u00f9 vivent les protagonistes sont en tout cas assez proches. Le montant de cette somme est issu d&rsquo;une condamnation prononc\u00e9e contre les \u00e9poux aux termes d&rsquo;un jugement contradictoire rendu par le juge de paix du canton d&rsquo;Henrichemont le 22 ao\u00fbt 1894. Il est pr\u00e9cis\u00e9 ensuite que : \u00ab\u00a0le comparant fait main lev\u00e9e enti\u00e8re et consent la radiation sans r\u00e9serve d&rsquo;une inscription prise \u00e0 son profit contre les \u00e9poux Bernon au bureau des hypoth\u00e8ques de Sancerre le vingt neuf ao\u00fbt mil huit cent quatre vingt quatorze vol 367, n\u00b0162\u00a0\u00bb. Jusque l\u00e0, rien de tr\u00e8s exceptionnel&#8230; Si ce n&rsquo;est qu&rsquo;un nouveau protagoniste appara\u00eet en la personne de Pierre LHERBE, agent de l&rsquo;arrondissement de sancerre pour la soci\u00e9t\u00e9 d&rsquo;assurance contre l&rsquo;incendie \u00ab\u00a0l&rsquo;Abeille\u00a0\u00bb. \u00ab\u00a0M Lherbe pris comme agent principal de l&rsquo;arrondissement de Sancerre pour la soci\u00e9t\u00e9 d&rsquo;assurance contre l&rsquo;incendie dite l&rsquo;Abeille dont le si\u00e8ge est \u00e0 Paris, rue &lt;Tailbout ?&gt; n\u00b057. Le comparant entend que cette saisie-arr\u00eat soit consid\u00e9r\u00e9e comme non avenue et ne produise aucun effet ; en cons\u00e9quence il consent que MM les directeurs, administrateurs, caissiers et comptables comme tous repr\u00e9sentants de la soci\u00e9t\u00e9 l&rsquo;Abeille soient valablement d\u00e9charg\u00e9s, en op\u00e9rant entre les mains de Bernon sus nomm\u00e9 le paiement de toute indemnit\u00e9 ou somme pouvant lui \u00eatre due en raison d&rsquo;un sinistre incendie arriv\u00e9 le vingt sept ao\u00fbt dernier ; il autorise en outre mention partout o\u00f9 besoin sera.\u00a0\u00bb Quel est le lien entre la cr\u00e9ance et cet incendie qui eu lieu tr\u00e8s peu de temps apr\u00e8s le jugement ? L&rsquo;argent de l&rsquo;assurance aurait-il servi \u00e0 payer la somme due \u00e0 Henri GILLET ? Pour le savoir la seule solution sera de me rendre de nouveau aux archives. Sources : Recensement de Neuvy-Deux-Clochers - 1891 - Archives du Cher - 6M 0114 Mainlev\u00e9e - Minutes de Ma\u00eetre Cyprien-Th\u00e9odore AUBRY, notaire \u00e0 Henrichemont - octobre-d\u00e9cembre 1894 - Archives du Cher - E\/25332","og_url":"https:\/\/www.elodie-et-antoine.fr\/ra\/?p=3148","og_site_name":"Rencontre avec mes anc\u00eatres","article_publisher":"https:\/\/www.facebook.com\/rencontreancetres","article_published_time":"2021-02-15T06:15:56+00:00","article_modified_time":"2024-02-28T14:01:33+00:00","og_image":[{"url":"http:\/\/www.elodie-et-antoine.fr\/ra\/wp-content\/uploads\/2021\/02\/Mainlevee-GILLET-1.jpg","type":"","width":"","height":""}],"author":"Elodie","twitter_card":"summary_large_image","twitter_creator":"@lodeetwit","twitter_site":"@lodeetwit","twitter_misc":{"\u00c9crit par":"Elodie","Dur\u00e9e de lecture estim\u00e9e":"3 minutes"},"schema":{"@context":"https:\/\/schema.org","@graph":[{"@type":"Article","@id":"https:\/\/www.elodie-et-antoine.fr\/ra\/?p=3148#article","isPartOf":{"@id":"https:\/\/www.elodie-et-antoine.fr\/ra\/?p=3148"},"author":{"name":"Elodie","@id":"https:\/\/www.elodie-et-antoine.fr\/ra\/#\/schema\/person\/50e9be10104b0e8a3c0f55df181b9b56"},"headline":"L&rsquo;\u00e9trange affaire d&rsquo;Henri GILLET, mar\u00e9chal-ferrant","datePublished":"2021-02-15T06:15:56+00:00","dateModified":"2024-02-28T14:01:33+00:00","mainEntityOfPage":{"@id":"https:\/\/www.elodie-et-antoine.fr\/ra\/?p=3148"},"wordCount":530,"commentCount":3,"publisher":{"@id":"https:\/\/www.elodie-et-antoine.fr\/ra\/#organization"},"image":{"@id":"https:\/\/www.elodie-et-antoine.fr\/ra\/?p=3148#primaryimage"},"thumbnailUrl":"http:\/\/www.elodie-et-antoine.fr\/ra\/wp-content\/uploads\/2021\/02\/Mainlevee-GILLET-1.jpg","keywords":["Gillet","Mar\u00e9chal-Ferrant"],"articleSection":["Challenge","G\u00e9n\u00e9ath\u00e8me","Mes anc\u00eatres"],"inLanguage":"fr-FR","potentialAction":[{"@type":"CommentAction","name":"Comment","target":["https:\/\/www.elodie-et-antoine.fr\/ra\/?p=3148#respond"]}]},{"@type":"WebPage","@id":"https:\/\/www.elodie-et-antoine.fr\/ra\/?p=3148","url":"https:\/\/www.elodie-et-antoine.fr\/ra\/?p=3148","name":"L'\u00e9trange affaire d'Henri GILLET, mar\u00e9chal-ferrant - Rencontre avec mes anc\u00eatres","isPartOf":{"@id":"https:\/\/www.elodie-et-antoine.fr\/ra\/#website"},"primaryImageOfPage":{"@id":"https:\/\/www.elodie-et-antoine.fr\/ra\/?p=3148#primaryimage"},"image":{"@id":"https:\/\/www.elodie-et-antoine.fr\/ra\/?p=3148#primaryimage"},"thumbnailUrl":"http:\/\/www.elodie-et-antoine.fr\/ra\/wp-content\/uploads\/2021\/02\/Mainlevee-GILLET-1.jpg","datePublished":"2021-02-15T06:15:56+00:00","dateModified":"2024-02-28T14:01:33+00:00","breadcrumb":{"@id":"https:\/\/www.elodie-et-antoine.fr\/ra\/?p=3148#breadcrumb"},"inLanguage":"fr-FR","potentialAction":[{"@type":"ReadAction","target":["https:\/\/www.elodie-et-antoine.fr\/ra\/?p=3148"]}]},{"@type":"ImageObject","inLanguage":"fr-FR","@id":"https:\/\/www.elodie-et-antoine.fr\/ra\/?p=3148#primaryimage","url":"http:\/\/www.elodie-et-antoine.fr\/ra\/wp-content\/uploads\/2021\/02\/Mainlevee-GILLET-1.jpg","contentUrl":"http:\/\/www.elodie-et-antoine.fr\/ra\/wp-content\/uploads\/2021\/02\/Mainlevee-GILLET-1.jpg"},{"@type":"BreadcrumbList","@id":"https:\/\/www.elodie-et-antoine.fr\/ra\/?p=3148#breadcrumb","itemListElement":[{"@type":"ListItem","position":1,"name":"Accueil","item":"https:\/\/www.elodie-et-antoine.fr\/ra"},{"@type":"ListItem","position":2,"name":"L&rsquo;\u00e9trange affaire d&rsquo;Henri GILLET, mar\u00e9chal-ferrant"}]},{"@type":"WebSite","@id":"https:\/\/www.elodie-et-antoine.fr\/ra\/#website","url":"https:\/\/www.elodie-et-antoine.fr\/ra\/","name":"Rencontre avec mes anc\u00eatres","description":"Rencontre avec mes anc\u00eatres","publisher":{"@id":"https:\/\/www.elodie-et-antoine.fr\/ra\/#organization"},"potentialAction":[{"@type":"SearchAction","target":{"@type":"EntryPoint","urlTemplate":"https:\/\/www.elodie-et-antoine.fr\/ra\/?s={search_term_string}"},"query-input":{"@type":"PropertyValueSpecification","valueRequired":true,"valueName":"search_term_string"}}],"inLanguage":"fr-FR"},{"@type":"Organization","@id":"https:\/\/www.elodie-et-antoine.fr\/ra\/#organization","name":"Rencontre avec mes anc\u00eatres","url":"https:\/\/www.elodie-et-antoine.fr\/ra\/","logo":{"@type":"ImageObject","inLanguage":"fr-FR","@id":"https:\/\/www.elodie-et-antoine.fr\/ra\/#\/schema\/logo\/image\/","url":"https:\/\/www.elodie-et-antoine.fr\/ra\/wp-content\/uploads\/2024\/02\/Logo-detoure.png","contentUrl":"https:\/\/www.elodie-et-antoine.fr\/ra\/wp-content\/uploads\/2024\/02\/Logo-detoure.png","width":500,"height":500,"caption":"Rencontre avec mes anc\u00eatres"},"image":{"@id":"https:\/\/www.elodie-et-antoine.fr\/ra\/#\/schema\/logo\/image\/"},"sameAs":["https:\/\/www.facebook.com\/rencontreancetres","https:\/\/x.com\/lodeetwit"]},{"@type":"Person","@id":"https:\/\/www.elodie-et-antoine.fr\/ra\/#\/schema\/person\/50e9be10104b0e8a3c0f55df181b9b56","name":"Elodie","image":{"@type":"ImageObject","inLanguage":"fr-FR","@id":"https:\/\/www.elodie-et-antoine.fr\/ra\/#\/schema\/person\/image\/","url":"https:\/\/secure.gravatar.com\/avatar\/1ee5777faed60801dee6c0665d8f4bb2cfd6d4bf6ab052dbbc40be268a652c31?s=96&d=mm&r=g","contentUrl":"https:\/\/secure.gravatar.com\/avatar\/1ee5777faed60801dee6c0665d8f4bb2cfd6d4bf6ab052dbbc40be268a652c31?s=96&d=mm&r=g","caption":"Elodie"},"url":"https:\/\/www.elodie-et-antoine.fr\/ra\/?author=1"}]}},"jetpack_featured_media_url":"","jetpack_sharing_enabled":true,"_links":{"self":[{"href":"https:\/\/www.elodie-et-antoine.fr\/ra\/index.php?rest_route=\/wp\/v2\/posts\/3148","targetHints":{"allow":["GET"]}}],"collection":[{"href":"https:\/\/www.elodie-et-antoine.fr\/ra\/index.php?rest_route=\/wp\/v2\/posts"}],"about":[{"href":"https:\/\/www.elodie-et-antoine.fr\/ra\/index.php?rest_route=\/wp\/v2\/types\/post"}],"author":[{"embeddable":true,"href":"https:\/\/www.elodie-et-antoine.fr\/ra\/index.php?rest_route=\/wp\/v2\/users\/1"}],"replies":[{"embeddable":true,"href":"https:\/\/www.elodie-et-antoine.fr\/ra\/index.php?rest_route=%2Fwp%2Fv2%2Fcomments&post=3148"}],"version-history":[{"count":5,"href":"https:\/\/www.elodie-et-antoine.fr\/ra\/index.php?rest_route=\/wp\/v2\/posts\/3148\/revisions"}],"predecessor-version":[{"id":3811,"href":"https:\/\/www.elodie-et-antoine.fr\/ra\/index.php?rest_route=\/wp\/v2\/posts\/3148\/revisions\/3811"}],"wp:attachment":[{"href":"https:\/\/www.elodie-et-antoine.fr\/ra\/index.php?rest_route=%2Fwp%2Fv2%2Fmedia&parent=3148"}],"wp:term":[{"taxonomy":"category","embeddable":true,"href":"https:\/\/www.elodie-et-antoine.fr\/ra\/index.php?rest_route=%2Fwp%2Fv2%2Fcategories&post=3148"},{"taxonomy":"post_tag","embeddable":true,"href":"https:\/\/www.elodie-et-antoine.fr\/ra\/index.php?rest_route=%2Fwp%2Fv2%2Ftags&post=3148"}],"curies":[{"name":"wp","href":"https:\/\/api.w.org\/{rel}","templated":true}]}}