{"id":3114,"date":"2020-12-12T18:00:38","date_gmt":"2020-12-12T17:00:38","guid":{"rendered":"http:\/\/www.elodie-et-antoine.fr\/ra\/?p=3114"},"modified":"2020-12-12T18:00:38","modified_gmt":"2020-12-12T17:00:38","slug":"il-y-a-200-ans-le-deces-de-jeanne-rose","status":"publish","type":"post","link":"https:\/\/www.elodie-et-antoine.fr\/ra\/?p=3114","title":{"rendered":"Il y a 200 ans, le d\u00e9c\u00e8s de Jeanne ROS\u00c9"},"content":{"rendered":"\n<p>Voici mon dernier \u00ab\u00a0G\u00e9n\u00e9anniversaire\u00a0\u00bb de l&rsquo;ann\u00e9e 2020 !<\/p>\n\n\n\n<p>Le 12 d\u00e9cembre 1820 \u00e0 14h, Jacques et \u00c9tienne MILLET viennent d\u00e9clarer le d\u00e9c\u00e8s de Jeanne ROS\u00c9. Je suis certaine que Jacques est son fils, j&rsquo;ai un doute pour \u00c9tienne. <\/p>\n\n\n\n<p>Elle est d\u00e9c\u00e9d\u00e9e le matin m\u00eame \u00e0 7 heures, au hameau des Mauvrins, commune de Cr\u00e9zancy, \u00e0 l&rsquo;\u00e2ge de 60 ans.<\/p>\n\n\n\n<figure class=\"wp-block-image size-large\"><img loading=\"lazy\" decoding=\"async\" width=\"1009\" height=\"387\" src=\"https:\/\/www.elodie-et-antoine.fr\/ra\/wp-content\/uploads\/2020\/12\/mauvrins.jpg\" alt=\"\" class=\"wp-image-3115\" srcset=\"https:\/\/www.elodie-et-antoine.fr\/ra\/wp-content\/uploads\/2020\/12\/mauvrins.jpg 1009w, https:\/\/www.elodie-et-antoine.fr\/ra\/wp-content\/uploads\/2020\/12\/mauvrins-300x115.jpg 300w, https:\/\/www.elodie-et-antoine.fr\/ra\/wp-content\/uploads\/2020\/12\/mauvrins-768x295.jpg 768w, https:\/\/www.elodie-et-antoine.fr\/ra\/wp-content\/uploads\/2020\/12\/mauvrins-604x232.jpg 604w\" sizes=\"auto, (max-width: 1009px) 100vw, 1009px\" \/><figcaption>La vue des Mauvrins aujourd&rsquo;hui &#8211; Google Street View<\/figcaption><\/figure>\n\n\n\n<p>Son \u00e9poux Louis MILLET est d\u00e9c\u00e9d\u00e9 22 ans auparavant, \u00e0 l&rsquo;\u00e2ge de 43 ans. Ils auront \u00e9t\u00e9 mari\u00e9 16 ans. Je n&rsquo;ai pas encore fait de recherches tr\u00e8s d\u00e9taill\u00e9es, mais pour le moment j&rsquo;ai trouv\u00e9 cinq enfants de ce couple, dont Reine MILLET qui \u00e9pousera  par la suite Fran\u00e7ois MALLET (ce sont les a\u00efeux \u00e0 la septi\u00e8me g\u00e9n\u00e9ration de mon mari).<\/p>\n\n\n\n<p>Si nous remontons encore un peu dans le temps, Jeanne ROS\u00c9 est n\u00e9e le 1er mars 1760 \u00e0 Neuvy-Deux-Clochers, village proche de Cr\u00e9zancy, de Philippe ROS\u00c9 et Catherine VILLAIN. D&rsquo;apr\u00e8s son acte de d\u00e9c\u00e8s, elle serait plus pr\u00e9cis\u00e9ment originaire du hameau de Villedon\u00e9. Elle sera baptis\u00e9e le lendemain, 2 mars 1760, et elle aura pour parrain Etienne ROS\u00c9, son oncle, et pour marraine Jeanne TIROT, dont elle aura h\u00e9rit\u00e9 de son pr\u00e9nom.<\/p>\n","protected":false},"excerpt":{"rendered":"<p>Voici mon dernier \u00ab\u00a0G\u00e9n\u00e9anniversaire\u00a0\u00bb de l&rsquo;ann\u00e9e 2020 ! Le 12 d\u00e9cembre 1820 \u00e0 14h, Jacques et \u00c9tienne MILLET viennent d\u00e9clarer le d\u00e9c\u00e8s de Jeanne ROS\u00c9. Je suis certaine que Jacques est son fils, j&rsquo;ai un doute pour \u00c9tienne. Elle est d\u00e9c\u00e9d\u00e9e le matin m\u00eame \u00e0 7 heures, au hameau des Mauvrins, commune de Cr\u00e9zancy, \u00e0 l&rsquo;\u00e2ge de 60 ans. Son \u00e9poux Louis MILLET est d\u00e9c\u00e9d\u00e9 22 ans auparavant, \u00e0 l&rsquo;\u00e2ge de 43 ans. Ils auront \u00e9t\u00e9 mari\u00e9 16 ans. Je n&rsquo;ai pas encore fait de recherches tr\u00e8s d\u00e9taill\u00e9es, mais pour le moment j&rsquo;ai trouv\u00e9 cinq enfants de ce couple, dont Reine MILLET qui \u00e9pousera par la suite Fran\u00e7ois MALLET (ce sont les a\u00efeux \u00e0 la septi\u00e8me g\u00e9n\u00e9ration de mon mari). Si nous remontons encore un peu dans le temps, Jeanne ROS\u00c9 est n\u00e9e le 1er mars 1760 \u00e0 Neuvy-Deux-Clochers, village proche de Cr\u00e9zancy, de Philippe ROS\u00c9 et Catherine VILLAIN. D&rsquo;apr\u00e8s son acte de d\u00e9c\u00e8s, elle serait plus pr\u00e9cis\u00e9ment originaire du hameau de Villedon\u00e9. Elle sera baptis\u00e9e le lendemain, 2 mars 1760, et elle aura pour parrain Etienne ROS\u00c9, son oncle, et pour marraine Jeanne TIROT, dont elle aura h\u00e9rit\u00e9 de son pr\u00e9nom.<\/p>\n","protected":false},"author":1,"featured_media":0,"comment_status":"open","ping_status":"open","sticky":false,"template":"","format":"standard","meta":{"_exactmetrics_skip_tracking":false,"_exactmetrics_sitenote_active":false,"_exactmetrics_sitenote_note":"","_exactmetrics_sitenote_category":0,"jetpack_post_was_ever_published":false,"_jetpack_newsletter_access":"","_jetpack_dont_email_post_to_subs":false,"_jetpack_newsletter_tier_id":0,"_jetpack_memberships_contains_paywalled_content":false,"_jetpack_memberships_contains_paid_content":false,"footnotes":""},"categories":[26],"tags":[],"class_list":["post-3114","post","type-post","status-publish","format-standard","hentry","category-mes-ancetres"],"yoast_head":"<!-- This site is optimized with the Yoast SEO plugin v27.0 - https:\/\/yoast.com\/product\/yoast-seo-wordpress\/ -->\n<title>Il y a 200 ans, le d\u00e9c\u00e8s de Jeanne ROS\u00c9 - Rencontre avec mes anc\u00eatres<\/title>\n<meta name=\"robots\" content=\"index, follow, max-snippet:-1, max-image-preview:large, max-video-preview:-1\" \/>\n<link rel=\"canonical\" href=\"https:\/\/www.elodie-et-antoine.fr\/ra\/?p=3114\" \/>\n<meta property=\"og:locale\" content=\"fr_FR\" \/>\n<meta property=\"og:type\" content=\"article\" \/>\n<meta property=\"og:title\" content=\"Il y a 200 ans, le d\u00e9c\u00e8s de Jeanne ROS\u00c9 - Rencontre avec mes anc\u00eatres\" \/>\n<meta property=\"og:description\" content=\"Voici mon dernier \u00ab\u00a0G\u00e9n\u00e9anniversaire\u00a0\u00bb de l&rsquo;ann\u00e9e 2020 ! Le 12 d\u00e9cembre 1820 \u00e0 14h, Jacques et \u00c9tienne MILLET viennent d\u00e9clarer le d\u00e9c\u00e8s de Jeanne ROS\u00c9. Je suis certaine que Jacques est son fils, j&rsquo;ai un doute pour \u00c9tienne. Elle est d\u00e9c\u00e9d\u00e9e le matin m\u00eame \u00e0 7 heures, au hameau des Mauvrins, commune de Cr\u00e9zancy, \u00e0 l&rsquo;\u00e2ge de 60 ans. Son \u00e9poux Louis MILLET est d\u00e9c\u00e9d\u00e9 22 ans auparavant, \u00e0 l&rsquo;\u00e2ge de 43 ans. Ils auront \u00e9t\u00e9 mari\u00e9 16 ans. Je n&rsquo;ai pas encore fait de recherches tr\u00e8s d\u00e9taill\u00e9es, mais pour le moment j&rsquo;ai trouv\u00e9 cinq enfants de ce couple, dont Reine MILLET qui \u00e9pousera par la suite Fran\u00e7ois MALLET (ce sont les a\u00efeux \u00e0 la septi\u00e8me g\u00e9n\u00e9ration de mon mari). Si nous remontons encore un peu dans le temps, Jeanne ROS\u00c9 est n\u00e9e le 1er mars 1760 \u00e0 Neuvy-Deux-Clochers, village proche de Cr\u00e9zancy, de Philippe ROS\u00c9 et Catherine VILLAIN. D&rsquo;apr\u00e8s son acte de d\u00e9c\u00e8s, elle serait plus pr\u00e9cis\u00e9ment originaire du hameau de Villedon\u00e9. Elle sera baptis\u00e9e le lendemain, 2 mars 1760, et elle aura pour parrain Etienne ROS\u00c9, son oncle, et pour marraine Jeanne TIROT, dont elle aura h\u00e9rit\u00e9 de son pr\u00e9nom.\" \/>\n<meta property=\"og:url\" content=\"https:\/\/www.elodie-et-antoine.fr\/ra\/?p=3114\" \/>\n<meta property=\"og:site_name\" content=\"Rencontre avec mes anc\u00eatres\" \/>\n<meta property=\"article:publisher\" content=\"https:\/\/www.facebook.com\/rencontreancetres\" \/>\n<meta property=\"article:published_time\" content=\"2020-12-12T17:00:38+00:00\" \/>\n<meta property=\"og:image\" content=\"http:\/\/www.elodie-et-antoine.fr\/ra\/wp-content\/uploads\/2020\/12\/mauvrins.jpg\" \/>\n<meta name=\"author\" content=\"Elodie\" \/>\n<meta name=\"twitter:card\" content=\"summary_large_image\" \/>\n<meta name=\"twitter:creator\" content=\"@lodeetwit\" \/>\n<meta name=\"twitter:site\" content=\"@lodeetwit\" \/>\n<meta name=\"twitter:label1\" content=\"\u00c9crit par\" \/>\n\t<meta name=\"twitter:data1\" content=\"Elodie\" \/>\n\t<meta name=\"twitter:label2\" content=\"Dur\u00e9e de lecture estim\u00e9e\" \/>\n\t<meta name=\"twitter:data2\" content=\"1 minute\" \/>\n<script type=\"application\/ld+json\" class=\"yoast-schema-graph\">{\"@context\":\"https:\/\/schema.org\",\"@graph\":[{\"@type\":\"Article\",\"@id\":\"https:\/\/www.elodie-et-antoine.fr\/ra\/?p=3114#article\",\"isPartOf\":{\"@id\":\"https:\/\/www.elodie-et-antoine.fr\/ra\/?p=3114\"},\"author\":{\"name\":\"Elodie\",\"@id\":\"https:\/\/www.elodie-et-antoine.fr\/ra\/#\/schema\/person\/50e9be10104b0e8a3c0f55df181b9b56\"},\"headline\":\"Il y a 200 ans, le d\u00e9c\u00e8s de Jeanne ROS\u00c9\",\"datePublished\":\"2020-12-12T17:00:38+00:00\",\"mainEntityOfPage\":{\"@id\":\"https:\/\/www.elodie-et-antoine.fr\/ra\/?p=3114\"},\"wordCount\":228,\"commentCount\":0,\"publisher\":{\"@id\":\"https:\/\/www.elodie-et-antoine.fr\/ra\/#organization\"},\"image\":{\"@id\":\"https:\/\/www.elodie-et-antoine.fr\/ra\/?p=3114#primaryimage\"},\"thumbnailUrl\":\"http:\/\/www.elodie-et-antoine.fr\/ra\/wp-content\/uploads\/2020\/12\/mauvrins.jpg\",\"articleSection\":[\"Mes anc\u00eatres\"],\"inLanguage\":\"fr-FR\",\"potentialAction\":[{\"@type\":\"CommentAction\",\"name\":\"Comment\",\"target\":[\"https:\/\/www.elodie-et-antoine.fr\/ra\/?p=3114#respond\"]}]},{\"@type\":\"WebPage\",\"@id\":\"https:\/\/www.elodie-et-antoine.fr\/ra\/?p=3114\",\"url\":\"https:\/\/www.elodie-et-antoine.fr\/ra\/?p=3114\",\"name\":\"Il y a 200 ans, le d\u00e9c\u00e8s de Jeanne ROS\u00c9 - Rencontre avec mes anc\u00eatres\",\"isPartOf\":{\"@id\":\"https:\/\/www.elodie-et-antoine.fr\/ra\/#website\"},\"primaryImageOfPage\":{\"@id\":\"https:\/\/www.elodie-et-antoine.fr\/ra\/?p=3114#primaryimage\"},\"image\":{\"@id\":\"https:\/\/www.elodie-et-antoine.fr\/ra\/?p=3114#primaryimage\"},\"thumbnailUrl\":\"http:\/\/www.elodie-et-antoine.fr\/ra\/wp-content\/uploads\/2020\/12\/mauvrins.jpg\",\"datePublished\":\"2020-12-12T17:00:38+00:00\",\"breadcrumb\":{\"@id\":\"https:\/\/www.elodie-et-antoine.fr\/ra\/?p=3114#breadcrumb\"},\"inLanguage\":\"fr-FR\",\"potentialAction\":[{\"@type\":\"ReadAction\",\"target\":[\"https:\/\/www.elodie-et-antoine.fr\/ra\/?p=3114\"]}]},{\"@type\":\"ImageObject\",\"inLanguage\":\"fr-FR\",\"@id\":\"https:\/\/www.elodie-et-antoine.fr\/ra\/?p=3114#primaryimage\",\"url\":\"http:\/\/www.elodie-et-antoine.fr\/ra\/wp-content\/uploads\/2020\/12\/mauvrins.jpg\",\"contentUrl\":\"http:\/\/www.elodie-et-antoine.fr\/ra\/wp-content\/uploads\/2020\/12\/mauvrins.jpg\"},{\"@type\":\"BreadcrumbList\",\"@id\":\"https:\/\/www.elodie-et-antoine.fr\/ra\/?p=3114#breadcrumb\",\"itemListElement\":[{\"@type\":\"ListItem\",\"position\":1,\"name\":\"Accueil\",\"item\":\"https:\/\/www.elodie-et-antoine.fr\/ra\"},{\"@type\":\"ListItem\",\"position\":2,\"name\":\"Il y a 200 ans, le d\u00e9c\u00e8s de Jeanne ROS\u00c9\"}]},{\"@type\":\"WebSite\",\"@id\":\"https:\/\/www.elodie-et-antoine.fr\/ra\/#website\",\"url\":\"https:\/\/www.elodie-et-antoine.fr\/ra\/\",\"name\":\"Rencontre avec mes anc\u00eatres\",\"description\":\"Rencontre avec mes anc\u00eatres\",\"publisher\":{\"@id\":\"https:\/\/www.elodie-et-antoine.fr\/ra\/#organization\"},\"potentialAction\":[{\"@type\":\"SearchAction\",\"target\":{\"@type\":\"EntryPoint\",\"urlTemplate\":\"https:\/\/www.elodie-et-antoine.fr\/ra\/?s={search_term_string}\"},\"query-input\":{\"@type\":\"PropertyValueSpecification\",\"valueRequired\":true,\"valueName\":\"search_term_string\"}}],\"inLanguage\":\"fr-FR\"},{\"@type\":\"Organization\",\"@id\":\"https:\/\/www.elodie-et-antoine.fr\/ra\/#organization\",\"name\":\"Rencontre avec mes anc\u00eatres\",\"url\":\"https:\/\/www.elodie-et-antoine.fr\/ra\/\",\"logo\":{\"@type\":\"ImageObject\",\"inLanguage\":\"fr-FR\",\"@id\":\"https:\/\/www.elodie-et-antoine.fr\/ra\/#\/schema\/logo\/image\/\",\"url\":\"https:\/\/www.elodie-et-antoine.fr\/ra\/wp-content\/uploads\/2024\/02\/Logo-detoure.png\",\"contentUrl\":\"https:\/\/www.elodie-et-antoine.fr\/ra\/wp-content\/uploads\/2024\/02\/Logo-detoure.png\",\"width\":500,\"height\":500,\"caption\":\"Rencontre avec mes anc\u00eatres\"},\"image\":{\"@id\":\"https:\/\/www.elodie-et-antoine.fr\/ra\/#\/schema\/logo\/image\/\"},\"sameAs\":[\"https:\/\/www.facebook.com\/rencontreancetres\",\"https:\/\/x.com\/lodeetwit\"]},{\"@type\":\"Person\",\"@id\":\"https:\/\/www.elodie-et-antoine.fr\/ra\/#\/schema\/person\/50e9be10104b0e8a3c0f55df181b9b56\",\"name\":\"Elodie\",\"image\":{\"@type\":\"ImageObject\",\"inLanguage\":\"fr-FR\",\"@id\":\"https:\/\/www.elodie-et-antoine.fr\/ra\/#\/schema\/person\/image\/\",\"url\":\"https:\/\/secure.gravatar.com\/avatar\/1ee5777faed60801dee6c0665d8f4bb2cfd6d4bf6ab052dbbc40be268a652c31?s=96&d=mm&r=g\",\"contentUrl\":\"https:\/\/secure.gravatar.com\/avatar\/1ee5777faed60801dee6c0665d8f4bb2cfd6d4bf6ab052dbbc40be268a652c31?s=96&d=mm&r=g\",\"caption\":\"Elodie\"},\"url\":\"https:\/\/www.elodie-et-antoine.fr\/ra\/?author=1\"}]}<\/script>\n<!-- \/ Yoast SEO plugin. -->","yoast_head_json":{"title":"Il y a 200 ans, le d\u00e9c\u00e8s de Jeanne ROS\u00c9 - Rencontre avec mes anc\u00eatres","robots":{"index":"index","follow":"follow","max-snippet":"max-snippet:-1","max-image-preview":"max-image-preview:large","max-video-preview":"max-video-preview:-1"},"canonical":"https:\/\/www.elodie-et-antoine.fr\/ra\/?p=3114","og_locale":"fr_FR","og_type":"article","og_title":"Il y a 200 ans, le d\u00e9c\u00e8s de Jeanne ROS\u00c9 - Rencontre avec mes anc\u00eatres","og_description":"Voici mon dernier \u00ab\u00a0G\u00e9n\u00e9anniversaire\u00a0\u00bb de l&rsquo;ann\u00e9e 2020 ! Le 12 d\u00e9cembre 1820 \u00e0 14h, Jacques et \u00c9tienne MILLET viennent d\u00e9clarer le d\u00e9c\u00e8s de Jeanne ROS\u00c9. Je suis certaine que Jacques est son fils, j&rsquo;ai un doute pour \u00c9tienne. Elle est d\u00e9c\u00e9d\u00e9e le matin m\u00eame \u00e0 7 heures, au hameau des Mauvrins, commune de Cr\u00e9zancy, \u00e0 l&rsquo;\u00e2ge de 60 ans. Son \u00e9poux Louis MILLET est d\u00e9c\u00e9d\u00e9 22 ans auparavant, \u00e0 l&rsquo;\u00e2ge de 43 ans. Ils auront \u00e9t\u00e9 mari\u00e9 16 ans. Je n&rsquo;ai pas encore fait de recherches tr\u00e8s d\u00e9taill\u00e9es, mais pour le moment j&rsquo;ai trouv\u00e9 cinq enfants de ce couple, dont Reine MILLET qui \u00e9pousera par la suite Fran\u00e7ois MALLET (ce sont les a\u00efeux \u00e0 la septi\u00e8me g\u00e9n\u00e9ration de mon mari). Si nous remontons encore un peu dans le temps, Jeanne ROS\u00c9 est n\u00e9e le 1er mars 1760 \u00e0 Neuvy-Deux-Clochers, village proche de Cr\u00e9zancy, de Philippe ROS\u00c9 et Catherine VILLAIN. D&rsquo;apr\u00e8s son acte de d\u00e9c\u00e8s, elle serait plus pr\u00e9cis\u00e9ment originaire du hameau de Villedon\u00e9. Elle sera baptis\u00e9e le lendemain, 2 mars 1760, et elle aura pour parrain Etienne ROS\u00c9, son oncle, et pour marraine Jeanne TIROT, dont elle aura h\u00e9rit\u00e9 de son pr\u00e9nom.","og_url":"https:\/\/www.elodie-et-antoine.fr\/ra\/?p=3114","og_site_name":"Rencontre avec mes anc\u00eatres","article_publisher":"https:\/\/www.facebook.com\/rencontreancetres","article_published_time":"2020-12-12T17:00:38+00:00","og_image":[{"url":"http:\/\/www.elodie-et-antoine.fr\/ra\/wp-content\/uploads\/2020\/12\/mauvrins.jpg","type":"","width":"","height":""}],"author":"Elodie","twitter_card":"summary_large_image","twitter_creator":"@lodeetwit","twitter_site":"@lodeetwit","twitter_misc":{"\u00c9crit par":"Elodie","Dur\u00e9e de lecture estim\u00e9e":"1 minute"},"schema":{"@context":"https:\/\/schema.org","@graph":[{"@type":"Article","@id":"https:\/\/www.elodie-et-antoine.fr\/ra\/?p=3114#article","isPartOf":{"@id":"https:\/\/www.elodie-et-antoine.fr\/ra\/?p=3114"},"author":{"name":"Elodie","@id":"https:\/\/www.elodie-et-antoine.fr\/ra\/#\/schema\/person\/50e9be10104b0e8a3c0f55df181b9b56"},"headline":"Il y a 200 ans, le d\u00e9c\u00e8s de Jeanne ROS\u00c9","datePublished":"2020-12-12T17:00:38+00:00","mainEntityOfPage":{"@id":"https:\/\/www.elodie-et-antoine.fr\/ra\/?p=3114"},"wordCount":228,"commentCount":0,"publisher":{"@id":"https:\/\/www.elodie-et-antoine.fr\/ra\/#organization"},"image":{"@id":"https:\/\/www.elodie-et-antoine.fr\/ra\/?p=3114#primaryimage"},"thumbnailUrl":"http:\/\/www.elodie-et-antoine.fr\/ra\/wp-content\/uploads\/2020\/12\/mauvrins.jpg","articleSection":["Mes anc\u00eatres"],"inLanguage":"fr-FR","potentialAction":[{"@type":"CommentAction","name":"Comment","target":["https:\/\/www.elodie-et-antoine.fr\/ra\/?p=3114#respond"]}]},{"@type":"WebPage","@id":"https:\/\/www.elodie-et-antoine.fr\/ra\/?p=3114","url":"https:\/\/www.elodie-et-antoine.fr\/ra\/?p=3114","name":"Il y a 200 ans, le d\u00e9c\u00e8s de Jeanne ROS\u00c9 - Rencontre avec mes anc\u00eatres","isPartOf":{"@id":"https:\/\/www.elodie-et-antoine.fr\/ra\/#website"},"primaryImageOfPage":{"@id":"https:\/\/www.elodie-et-antoine.fr\/ra\/?p=3114#primaryimage"},"image":{"@id":"https:\/\/www.elodie-et-antoine.fr\/ra\/?p=3114#primaryimage"},"thumbnailUrl":"http:\/\/www.elodie-et-antoine.fr\/ra\/wp-content\/uploads\/2020\/12\/mauvrins.jpg","datePublished":"2020-12-12T17:00:38+00:00","breadcrumb":{"@id":"https:\/\/www.elodie-et-antoine.fr\/ra\/?p=3114#breadcrumb"},"inLanguage":"fr-FR","potentialAction":[{"@type":"ReadAction","target":["https:\/\/www.elodie-et-antoine.fr\/ra\/?p=3114"]}]},{"@type":"ImageObject","inLanguage":"fr-FR","@id":"https:\/\/www.elodie-et-antoine.fr\/ra\/?p=3114#primaryimage","url":"http:\/\/www.elodie-et-antoine.fr\/ra\/wp-content\/uploads\/2020\/12\/mauvrins.jpg","contentUrl":"http:\/\/www.elodie-et-antoine.fr\/ra\/wp-content\/uploads\/2020\/12\/mauvrins.jpg"},{"@type":"BreadcrumbList","@id":"https:\/\/www.elodie-et-antoine.fr\/ra\/?p=3114#breadcrumb","itemListElement":[{"@type":"ListItem","position":1,"name":"Accueil","item":"https:\/\/www.elodie-et-antoine.fr\/ra"},{"@type":"ListItem","position":2,"name":"Il y a 200 ans, le d\u00e9c\u00e8s de Jeanne ROS\u00c9"}]},{"@type":"WebSite","@id":"https:\/\/www.elodie-et-antoine.fr\/ra\/#website","url":"https:\/\/www.elodie-et-antoine.fr\/ra\/","name":"Rencontre avec mes anc\u00eatres","description":"Rencontre avec mes anc\u00eatres","publisher":{"@id":"https:\/\/www.elodie-et-antoine.fr\/ra\/#organization"},"potentialAction":[{"@type":"SearchAction","target":{"@type":"EntryPoint","urlTemplate":"https:\/\/www.elodie-et-antoine.fr\/ra\/?s={search_term_string}"},"query-input":{"@type":"PropertyValueSpecification","valueRequired":true,"valueName":"search_term_string"}}],"inLanguage":"fr-FR"},{"@type":"Organization","@id":"https:\/\/www.elodie-et-antoine.fr\/ra\/#organization","name":"Rencontre avec mes anc\u00eatres","url":"https:\/\/www.elodie-et-antoine.fr\/ra\/","logo":{"@type":"ImageObject","inLanguage":"fr-FR","@id":"https:\/\/www.elodie-et-antoine.fr\/ra\/#\/schema\/logo\/image\/","url":"https:\/\/www.elodie-et-antoine.fr\/ra\/wp-content\/uploads\/2024\/02\/Logo-detoure.png","contentUrl":"https:\/\/www.elodie-et-antoine.fr\/ra\/wp-content\/uploads\/2024\/02\/Logo-detoure.png","width":500,"height":500,"caption":"Rencontre avec mes anc\u00eatres"},"image":{"@id":"https:\/\/www.elodie-et-antoine.fr\/ra\/#\/schema\/logo\/image\/"},"sameAs":["https:\/\/www.facebook.com\/rencontreancetres","https:\/\/x.com\/lodeetwit"]},{"@type":"Person","@id":"https:\/\/www.elodie-et-antoine.fr\/ra\/#\/schema\/person\/50e9be10104b0e8a3c0f55df181b9b56","name":"Elodie","image":{"@type":"ImageObject","inLanguage":"fr-FR","@id":"https:\/\/www.elodie-et-antoine.fr\/ra\/#\/schema\/person\/image\/","url":"https:\/\/secure.gravatar.com\/avatar\/1ee5777faed60801dee6c0665d8f4bb2cfd6d4bf6ab052dbbc40be268a652c31?s=96&d=mm&r=g","contentUrl":"https:\/\/secure.gravatar.com\/avatar\/1ee5777faed60801dee6c0665d8f4bb2cfd6d4bf6ab052dbbc40be268a652c31?s=96&d=mm&r=g","caption":"Elodie"},"url":"https:\/\/www.elodie-et-antoine.fr\/ra\/?author=1"}]}},"jetpack_featured_media_url":"","jetpack_sharing_enabled":true,"_links":{"self":[{"href":"https:\/\/www.elodie-et-antoine.fr\/ra\/index.php?rest_route=\/wp\/v2\/posts\/3114","targetHints":{"allow":["GET"]}}],"collection":[{"href":"https:\/\/www.elodie-et-antoine.fr\/ra\/index.php?rest_route=\/wp\/v2\/posts"}],"about":[{"href":"https:\/\/www.elodie-et-antoine.fr\/ra\/index.php?rest_route=\/wp\/v2\/types\/post"}],"author":[{"embeddable":true,"href":"https:\/\/www.elodie-et-antoine.fr\/ra\/index.php?rest_route=\/wp\/v2\/users\/1"}],"replies":[{"embeddable":true,"href":"https:\/\/www.elodie-et-antoine.fr\/ra\/index.php?rest_route=%2Fwp%2Fv2%2Fcomments&post=3114"}],"version-history":[{"count":2,"href":"https:\/\/www.elodie-et-antoine.fr\/ra\/index.php?rest_route=\/wp\/v2\/posts\/3114\/revisions"}],"predecessor-version":[{"id":3117,"href":"https:\/\/www.elodie-et-antoine.fr\/ra\/index.php?rest_route=\/wp\/v2\/posts\/3114\/revisions\/3117"}],"wp:attachment":[{"href":"https:\/\/www.elodie-et-antoine.fr\/ra\/index.php?rest_route=%2Fwp%2Fv2%2Fmedia&parent=3114"}],"wp:term":[{"taxonomy":"category","embeddable":true,"href":"https:\/\/www.elodie-et-antoine.fr\/ra\/index.php?rest_route=%2Fwp%2Fv2%2Fcategories&post=3114"},{"taxonomy":"post_tag","embeddable":true,"href":"https:\/\/www.elodie-et-antoine.fr\/ra\/index.php?rest_route=%2Fwp%2Fv2%2Ftags&post=3114"}],"curies":[{"name":"wp","href":"https:\/\/api.w.org\/{rel}","templated":true}]}}