{"id":3108,"date":"2020-12-09T07:00:00","date_gmt":"2020-12-09T06:00:00","guid":{"rendered":"http:\/\/www.elodie-et-antoine.fr\/ra\/?p=3108"},"modified":"2020-12-08T07:13:29","modified_gmt":"2020-12-08T06:13:29","slug":"il-y-a-200-ans-la-naissance-de-marie-josephine-granger","status":"publish","type":"post","link":"https:\/\/www.elodie-et-antoine.fr\/ra\/?p=3108","title":{"rendered":"Il y a 200 ans, la naissance de Marie Jos\u00e9phine GRANGER"},"content":{"rendered":"\n<p>Le 9 d\u00e9cembre 1820 \u00e0 9 heures du matin, nait Marie Jos\u00e9phine GRANGER, a\u00efeule de mon mari \u00e0 la 6\u00e8me g\u00e9n\u00e9ration.  Son p\u00e8re Pierre, alors journalier, d\u00e9clare la naissance \u00e0 la mairie d&rsquo;Henrichemont le jour m\u00eame.<\/p>\n\n\n\n<p>Les parents de Marie, Pierre GRANGER et Fran\u00e7oise BRY, s&rsquo;\u00e9taient mari\u00e9s l&rsquo;ann\u00e9e pr\u00e9c\u00e9dente le 22 juin 1819.<\/p>\n\n\n\n<p>Je n&rsquo;ai pas trouv\u00e9 d&rsquo;autres enfants de ce couple, ce qui semble confirm\u00e9 par les recensements de 1836 et 1841 o\u00f9 ils vivent seuls avec Marie (son pr\u00e9nom usuel), qui deviendra couturi\u00e8re.<\/p>\n\n\n\n<p>Si Pierre est journalier en 1820&#8230; il change ensuite de profession. D\u00e9j\u00e0 lors de la naissance se Marie Jos\u00e9phine, les t\u00e9moins sur l&rsquo;acte \u00e9taient deux tanneurs. En 1836 Pierre est indiqu\u00e9 ouvrier tanneur, puis tanneur en 1841. La famille habitait alors aux G\u00e2t\u00e9s, juste \u00e0 c\u00f4t\u00e9 de Boisbelle o\u00f9 se trouvaient des tanneries.<\/p>\n\n\n\n<figure class=\"wp-block-image size-large\"><img loading=\"lazy\" decoding=\"async\" width=\"1024\" height=\"768\" src=\"https:\/\/www.elodie-et-antoine.fr\/ra\/wp-content\/uploads\/2020\/12\/Granger-marie-josephine.jpg\" alt=\"\" class=\"wp-image-3110\" srcset=\"https:\/\/www.elodie-et-antoine.fr\/ra\/wp-content\/uploads\/2020\/12\/Granger-marie-josephine.jpg 1024w, https:\/\/www.elodie-et-antoine.fr\/ra\/wp-content\/uploads\/2020\/12\/Granger-marie-josephine-300x225.jpg 300w, https:\/\/www.elodie-et-antoine.fr\/ra\/wp-content\/uploads\/2020\/12\/Granger-marie-josephine-768x576.jpg 768w, https:\/\/www.elodie-et-antoine.fr\/ra\/wp-content\/uploads\/2020\/12\/Granger-marie-josephine-360x270.jpg 360w\" sizes=\"auto, (max-width: 1024px) 100vw, 1024px\" \/><\/figure>\n\n\n\n<p>Marie GRANGER \u00e9pousera <a href=\"https:\/\/www.elodie-et-antoine.fr\/ra\/?p=688\" data-type=\"post\" data-id=\"688\">Jean Thomas LAUGERAT<\/a>, n\u00e9 de p\u00e8re inconnu dont j&rsquo;ai d\u00e9j\u00e0 parl\u00e9 plusieurs fois.<\/p>\n","protected":false},"excerpt":{"rendered":"<p>Le 9 d\u00e9cembre 1820 \u00e0 9 heures du matin, nait Marie Jos\u00e9phine GRANGER, a\u00efeule de mon mari \u00e0 la 6\u00e8me g\u00e9n\u00e9ration. Son p\u00e8re Pierre, alors journalier, d\u00e9clare la naissance \u00e0 la mairie d&rsquo;Henrichemont le jour m\u00eame. Les parents de Marie, Pierre GRANGER et Fran\u00e7oise BRY, s&rsquo;\u00e9taient mari\u00e9s l&rsquo;ann\u00e9e pr\u00e9c\u00e9dente le 22 juin 1819. Je n&rsquo;ai pas trouv\u00e9 d&rsquo;autres enfants de ce couple, ce qui semble confirm\u00e9 par les recensements de 1836 et 1841 o\u00f9 ils vivent seuls avec Marie (son pr\u00e9nom usuel), qui deviendra couturi\u00e8re. Si Pierre est journalier en 1820&#8230; il change ensuite de profession. D\u00e9j\u00e0 lors de la naissance se Marie Jos\u00e9phine, les t\u00e9moins sur l&rsquo;acte \u00e9taient deux tanneurs. En 1836 Pierre est indiqu\u00e9 ouvrier tanneur, puis tanneur en 1841. La famille habitait alors aux G\u00e2t\u00e9s, juste \u00e0 c\u00f4t\u00e9 de Boisbelle o\u00f9 se trouvaient des tanneries. Marie GRANGER \u00e9pousera Jean Thomas LAUGERAT, n\u00e9 de p\u00e8re inconnu dont j&rsquo;ai d\u00e9j\u00e0 parl\u00e9 plusieurs fois.<\/p>\n","protected":false},"author":1,"featured_media":0,"comment_status":"open","ping_status":"open","sticky":false,"template":"","format":"standard","meta":{"_exactmetrics_skip_tracking":false,"_exactmetrics_sitenote_active":false,"_exactmetrics_sitenote_note":"","_exactmetrics_sitenote_category":0,"jetpack_post_was_ever_published":false,"_jetpack_newsletter_access":"","_jetpack_dont_email_post_to_subs":false,"_jetpack_newsletter_tier_id":0,"_jetpack_memberships_contains_paywalled_content":false,"_jetpack_memberships_contains_paid_content":false,"footnotes":""},"categories":[26],"tags":[],"class_list":["post-3108","post","type-post","status-publish","format-standard","hentry","category-mes-ancetres"],"yoast_head":"<!-- This site is optimized with the Yoast SEO plugin v27.0 - https:\/\/yoast.com\/product\/yoast-seo-wordpress\/ -->\n<title>Il y a 200 ans, la naissance de Marie Jos\u00e9phine GRANGER - Rencontre avec mes anc\u00eatres<\/title>\n<meta name=\"robots\" content=\"index, follow, max-snippet:-1, max-image-preview:large, max-video-preview:-1\" \/>\n<link rel=\"canonical\" href=\"https:\/\/www.elodie-et-antoine.fr\/ra\/?p=3108\" \/>\n<meta property=\"og:locale\" content=\"fr_FR\" \/>\n<meta property=\"og:type\" content=\"article\" \/>\n<meta property=\"og:title\" content=\"Il y a 200 ans, la naissance de Marie Jos\u00e9phine GRANGER - Rencontre avec mes anc\u00eatres\" \/>\n<meta property=\"og:description\" content=\"Le 9 d\u00e9cembre 1820 \u00e0 9 heures du matin, nait Marie Jos\u00e9phine GRANGER, a\u00efeule de mon mari \u00e0 la 6\u00e8me g\u00e9n\u00e9ration. Son p\u00e8re Pierre, alors journalier, d\u00e9clare la naissance \u00e0 la mairie d&rsquo;Henrichemont le jour m\u00eame. Les parents de Marie, Pierre GRANGER et Fran\u00e7oise BRY, s&rsquo;\u00e9taient mari\u00e9s l&rsquo;ann\u00e9e pr\u00e9c\u00e9dente le 22 juin 1819. Je n&rsquo;ai pas trouv\u00e9 d&rsquo;autres enfants de ce couple, ce qui semble confirm\u00e9 par les recensements de 1836 et 1841 o\u00f9 ils vivent seuls avec Marie (son pr\u00e9nom usuel), qui deviendra couturi\u00e8re. Si Pierre est journalier en 1820&#8230; il change ensuite de profession. D\u00e9j\u00e0 lors de la naissance se Marie Jos\u00e9phine, les t\u00e9moins sur l&rsquo;acte \u00e9taient deux tanneurs. En 1836 Pierre est indiqu\u00e9 ouvrier tanneur, puis tanneur en 1841. La famille habitait alors aux G\u00e2t\u00e9s, juste \u00e0 c\u00f4t\u00e9 de Boisbelle o\u00f9 se trouvaient des tanneries. Marie GRANGER \u00e9pousera Jean Thomas LAUGERAT, n\u00e9 de p\u00e8re inconnu dont j&rsquo;ai d\u00e9j\u00e0 parl\u00e9 plusieurs fois.\" \/>\n<meta property=\"og:url\" content=\"https:\/\/www.elodie-et-antoine.fr\/ra\/?p=3108\" \/>\n<meta property=\"og:site_name\" content=\"Rencontre avec mes anc\u00eatres\" \/>\n<meta property=\"article:publisher\" content=\"https:\/\/www.facebook.com\/rencontreancetres\" \/>\n<meta property=\"article:published_time\" content=\"2020-12-09T06:00:00+00:00\" \/>\n<meta property=\"og:image\" content=\"http:\/\/www.elodie-et-antoine.fr\/ra\/wp-content\/uploads\/2020\/12\/Granger-marie-josephine.jpg\" \/>\n<meta name=\"author\" content=\"Elodie\" \/>\n<meta name=\"twitter:card\" content=\"summary_large_image\" \/>\n<meta name=\"twitter:creator\" content=\"@lodeetwit\" \/>\n<meta name=\"twitter:site\" content=\"@lodeetwit\" \/>\n<meta name=\"twitter:label1\" content=\"\u00c9crit par\" \/>\n\t<meta name=\"twitter:data1\" content=\"Elodie\" \/>\n\t<meta name=\"twitter:label2\" content=\"Dur\u00e9e de lecture estim\u00e9e\" \/>\n\t<meta name=\"twitter:data2\" content=\"1 minute\" \/>\n<script type=\"application\/ld+json\" class=\"yoast-schema-graph\">{\"@context\":\"https:\/\/schema.org\",\"@graph\":[{\"@type\":\"Article\",\"@id\":\"https:\/\/www.elodie-et-antoine.fr\/ra\/?p=3108#article\",\"isPartOf\":{\"@id\":\"https:\/\/www.elodie-et-antoine.fr\/ra\/?p=3108\"},\"author\":{\"name\":\"Elodie\",\"@id\":\"https:\/\/www.elodie-et-antoine.fr\/ra\/#\/schema\/person\/50e9be10104b0e8a3c0f55df181b9b56\"},\"headline\":\"Il y a 200 ans, la naissance de Marie Jos\u00e9phine GRANGER\",\"datePublished\":\"2020-12-09T06:00:00+00:00\",\"mainEntityOfPage\":{\"@id\":\"https:\/\/www.elodie-et-antoine.fr\/ra\/?p=3108\"},\"wordCount\":175,\"commentCount\":1,\"publisher\":{\"@id\":\"https:\/\/www.elodie-et-antoine.fr\/ra\/#organization\"},\"image\":{\"@id\":\"https:\/\/www.elodie-et-antoine.fr\/ra\/?p=3108#primaryimage\"},\"thumbnailUrl\":\"http:\/\/www.elodie-et-antoine.fr\/ra\/wp-content\/uploads\/2020\/12\/Granger-marie-josephine.jpg\",\"articleSection\":[\"Mes anc\u00eatres\"],\"inLanguage\":\"fr-FR\",\"potentialAction\":[{\"@type\":\"CommentAction\",\"name\":\"Comment\",\"target\":[\"https:\/\/www.elodie-et-antoine.fr\/ra\/?p=3108#respond\"]}]},{\"@type\":\"WebPage\",\"@id\":\"https:\/\/www.elodie-et-antoine.fr\/ra\/?p=3108\",\"url\":\"https:\/\/www.elodie-et-antoine.fr\/ra\/?p=3108\",\"name\":\"Il y a 200 ans, la naissance de Marie Jos\u00e9phine GRANGER - Rencontre avec mes anc\u00eatres\",\"isPartOf\":{\"@id\":\"https:\/\/www.elodie-et-antoine.fr\/ra\/#website\"},\"primaryImageOfPage\":{\"@id\":\"https:\/\/www.elodie-et-antoine.fr\/ra\/?p=3108#primaryimage\"},\"image\":{\"@id\":\"https:\/\/www.elodie-et-antoine.fr\/ra\/?p=3108#primaryimage\"},\"thumbnailUrl\":\"http:\/\/www.elodie-et-antoine.fr\/ra\/wp-content\/uploads\/2020\/12\/Granger-marie-josephine.jpg\",\"datePublished\":\"2020-12-09T06:00:00+00:00\",\"breadcrumb\":{\"@id\":\"https:\/\/www.elodie-et-antoine.fr\/ra\/?p=3108#breadcrumb\"},\"inLanguage\":\"fr-FR\",\"potentialAction\":[{\"@type\":\"ReadAction\",\"target\":[\"https:\/\/www.elodie-et-antoine.fr\/ra\/?p=3108\"]}]},{\"@type\":\"ImageObject\",\"inLanguage\":\"fr-FR\",\"@id\":\"https:\/\/www.elodie-et-antoine.fr\/ra\/?p=3108#primaryimage\",\"url\":\"http:\/\/www.elodie-et-antoine.fr\/ra\/wp-content\/uploads\/2020\/12\/Granger-marie-josephine.jpg\",\"contentUrl\":\"http:\/\/www.elodie-et-antoine.fr\/ra\/wp-content\/uploads\/2020\/12\/Granger-marie-josephine.jpg\"},{\"@type\":\"BreadcrumbList\",\"@id\":\"https:\/\/www.elodie-et-antoine.fr\/ra\/?p=3108#breadcrumb\",\"itemListElement\":[{\"@type\":\"ListItem\",\"position\":1,\"name\":\"Accueil\",\"item\":\"https:\/\/www.elodie-et-antoine.fr\/ra\"},{\"@type\":\"ListItem\",\"position\":2,\"name\":\"Il y a 200 ans, la naissance de Marie Jos\u00e9phine GRANGER\"}]},{\"@type\":\"WebSite\",\"@id\":\"https:\/\/www.elodie-et-antoine.fr\/ra\/#website\",\"url\":\"https:\/\/www.elodie-et-antoine.fr\/ra\/\",\"name\":\"Rencontre avec mes anc\u00eatres\",\"description\":\"Rencontre avec mes anc\u00eatres\",\"publisher\":{\"@id\":\"https:\/\/www.elodie-et-antoine.fr\/ra\/#organization\"},\"potentialAction\":[{\"@type\":\"SearchAction\",\"target\":{\"@type\":\"EntryPoint\",\"urlTemplate\":\"https:\/\/www.elodie-et-antoine.fr\/ra\/?s={search_term_string}\"},\"query-input\":{\"@type\":\"PropertyValueSpecification\",\"valueRequired\":true,\"valueName\":\"search_term_string\"}}],\"inLanguage\":\"fr-FR\"},{\"@type\":\"Organization\",\"@id\":\"https:\/\/www.elodie-et-antoine.fr\/ra\/#organization\",\"name\":\"Rencontre avec mes anc\u00eatres\",\"url\":\"https:\/\/www.elodie-et-antoine.fr\/ra\/\",\"logo\":{\"@type\":\"ImageObject\",\"inLanguage\":\"fr-FR\",\"@id\":\"https:\/\/www.elodie-et-antoine.fr\/ra\/#\/schema\/logo\/image\/\",\"url\":\"https:\/\/www.elodie-et-antoine.fr\/ra\/wp-content\/uploads\/2024\/02\/Logo-detoure.png\",\"contentUrl\":\"https:\/\/www.elodie-et-antoine.fr\/ra\/wp-content\/uploads\/2024\/02\/Logo-detoure.png\",\"width\":500,\"height\":500,\"caption\":\"Rencontre avec mes anc\u00eatres\"},\"image\":{\"@id\":\"https:\/\/www.elodie-et-antoine.fr\/ra\/#\/schema\/logo\/image\/\"},\"sameAs\":[\"https:\/\/www.facebook.com\/rencontreancetres\",\"https:\/\/x.com\/lodeetwit\"]},{\"@type\":\"Person\",\"@id\":\"https:\/\/www.elodie-et-antoine.fr\/ra\/#\/schema\/person\/50e9be10104b0e8a3c0f55df181b9b56\",\"name\":\"Elodie\",\"image\":{\"@type\":\"ImageObject\",\"inLanguage\":\"fr-FR\",\"@id\":\"https:\/\/www.elodie-et-antoine.fr\/ra\/#\/schema\/person\/image\/\",\"url\":\"https:\/\/secure.gravatar.com\/avatar\/1ee5777faed60801dee6c0665d8f4bb2cfd6d4bf6ab052dbbc40be268a652c31?s=96&d=mm&r=g\",\"contentUrl\":\"https:\/\/secure.gravatar.com\/avatar\/1ee5777faed60801dee6c0665d8f4bb2cfd6d4bf6ab052dbbc40be268a652c31?s=96&d=mm&r=g\",\"caption\":\"Elodie\"},\"url\":\"https:\/\/www.elodie-et-antoine.fr\/ra\/?author=1\"}]}<\/script>\n<!-- \/ Yoast SEO plugin. -->","yoast_head_json":{"title":"Il y a 200 ans, la naissance de Marie Jos\u00e9phine GRANGER - Rencontre avec mes anc\u00eatres","robots":{"index":"index","follow":"follow","max-snippet":"max-snippet:-1","max-image-preview":"max-image-preview:large","max-video-preview":"max-video-preview:-1"},"canonical":"https:\/\/www.elodie-et-antoine.fr\/ra\/?p=3108","og_locale":"fr_FR","og_type":"article","og_title":"Il y a 200 ans, la naissance de Marie Jos\u00e9phine GRANGER - Rencontre avec mes anc\u00eatres","og_description":"Le 9 d\u00e9cembre 1820 \u00e0 9 heures du matin, nait Marie Jos\u00e9phine GRANGER, a\u00efeule de mon mari \u00e0 la 6\u00e8me g\u00e9n\u00e9ration. Son p\u00e8re Pierre, alors journalier, d\u00e9clare la naissance \u00e0 la mairie d&rsquo;Henrichemont le jour m\u00eame. Les parents de Marie, Pierre GRANGER et Fran\u00e7oise BRY, s&rsquo;\u00e9taient mari\u00e9s l&rsquo;ann\u00e9e pr\u00e9c\u00e9dente le 22 juin 1819. Je n&rsquo;ai pas trouv\u00e9 d&rsquo;autres enfants de ce couple, ce qui semble confirm\u00e9 par les recensements de 1836 et 1841 o\u00f9 ils vivent seuls avec Marie (son pr\u00e9nom usuel), qui deviendra couturi\u00e8re. Si Pierre est journalier en 1820&#8230; il change ensuite de profession. D\u00e9j\u00e0 lors de la naissance se Marie Jos\u00e9phine, les t\u00e9moins sur l&rsquo;acte \u00e9taient deux tanneurs. En 1836 Pierre est indiqu\u00e9 ouvrier tanneur, puis tanneur en 1841. La famille habitait alors aux G\u00e2t\u00e9s, juste \u00e0 c\u00f4t\u00e9 de Boisbelle o\u00f9 se trouvaient des tanneries. Marie GRANGER \u00e9pousera Jean Thomas LAUGERAT, n\u00e9 de p\u00e8re inconnu dont j&rsquo;ai d\u00e9j\u00e0 parl\u00e9 plusieurs fois.","og_url":"https:\/\/www.elodie-et-antoine.fr\/ra\/?p=3108","og_site_name":"Rencontre avec mes anc\u00eatres","article_publisher":"https:\/\/www.facebook.com\/rencontreancetres","article_published_time":"2020-12-09T06:00:00+00:00","og_image":[{"url":"http:\/\/www.elodie-et-antoine.fr\/ra\/wp-content\/uploads\/2020\/12\/Granger-marie-josephine.jpg","type":"","width":"","height":""}],"author":"Elodie","twitter_card":"summary_large_image","twitter_creator":"@lodeetwit","twitter_site":"@lodeetwit","twitter_misc":{"\u00c9crit par":"Elodie","Dur\u00e9e de lecture estim\u00e9e":"1 minute"},"schema":{"@context":"https:\/\/schema.org","@graph":[{"@type":"Article","@id":"https:\/\/www.elodie-et-antoine.fr\/ra\/?p=3108#article","isPartOf":{"@id":"https:\/\/www.elodie-et-antoine.fr\/ra\/?p=3108"},"author":{"name":"Elodie","@id":"https:\/\/www.elodie-et-antoine.fr\/ra\/#\/schema\/person\/50e9be10104b0e8a3c0f55df181b9b56"},"headline":"Il y a 200 ans, la naissance de Marie Jos\u00e9phine GRANGER","datePublished":"2020-12-09T06:00:00+00:00","mainEntityOfPage":{"@id":"https:\/\/www.elodie-et-antoine.fr\/ra\/?p=3108"},"wordCount":175,"commentCount":1,"publisher":{"@id":"https:\/\/www.elodie-et-antoine.fr\/ra\/#organization"},"image":{"@id":"https:\/\/www.elodie-et-antoine.fr\/ra\/?p=3108#primaryimage"},"thumbnailUrl":"http:\/\/www.elodie-et-antoine.fr\/ra\/wp-content\/uploads\/2020\/12\/Granger-marie-josephine.jpg","articleSection":["Mes anc\u00eatres"],"inLanguage":"fr-FR","potentialAction":[{"@type":"CommentAction","name":"Comment","target":["https:\/\/www.elodie-et-antoine.fr\/ra\/?p=3108#respond"]}]},{"@type":"WebPage","@id":"https:\/\/www.elodie-et-antoine.fr\/ra\/?p=3108","url":"https:\/\/www.elodie-et-antoine.fr\/ra\/?p=3108","name":"Il y a 200 ans, la naissance de Marie Jos\u00e9phine GRANGER - Rencontre avec mes anc\u00eatres","isPartOf":{"@id":"https:\/\/www.elodie-et-antoine.fr\/ra\/#website"},"primaryImageOfPage":{"@id":"https:\/\/www.elodie-et-antoine.fr\/ra\/?p=3108#primaryimage"},"image":{"@id":"https:\/\/www.elodie-et-antoine.fr\/ra\/?p=3108#primaryimage"},"thumbnailUrl":"http:\/\/www.elodie-et-antoine.fr\/ra\/wp-content\/uploads\/2020\/12\/Granger-marie-josephine.jpg","datePublished":"2020-12-09T06:00:00+00:00","breadcrumb":{"@id":"https:\/\/www.elodie-et-antoine.fr\/ra\/?p=3108#breadcrumb"},"inLanguage":"fr-FR","potentialAction":[{"@type":"ReadAction","target":["https:\/\/www.elodie-et-antoine.fr\/ra\/?p=3108"]}]},{"@type":"ImageObject","inLanguage":"fr-FR","@id":"https:\/\/www.elodie-et-antoine.fr\/ra\/?p=3108#primaryimage","url":"http:\/\/www.elodie-et-antoine.fr\/ra\/wp-content\/uploads\/2020\/12\/Granger-marie-josephine.jpg","contentUrl":"http:\/\/www.elodie-et-antoine.fr\/ra\/wp-content\/uploads\/2020\/12\/Granger-marie-josephine.jpg"},{"@type":"BreadcrumbList","@id":"https:\/\/www.elodie-et-antoine.fr\/ra\/?p=3108#breadcrumb","itemListElement":[{"@type":"ListItem","position":1,"name":"Accueil","item":"https:\/\/www.elodie-et-antoine.fr\/ra"},{"@type":"ListItem","position":2,"name":"Il y a 200 ans, la naissance de Marie Jos\u00e9phine GRANGER"}]},{"@type":"WebSite","@id":"https:\/\/www.elodie-et-antoine.fr\/ra\/#website","url":"https:\/\/www.elodie-et-antoine.fr\/ra\/","name":"Rencontre avec mes anc\u00eatres","description":"Rencontre avec mes anc\u00eatres","publisher":{"@id":"https:\/\/www.elodie-et-antoine.fr\/ra\/#organization"},"potentialAction":[{"@type":"SearchAction","target":{"@type":"EntryPoint","urlTemplate":"https:\/\/www.elodie-et-antoine.fr\/ra\/?s={search_term_string}"},"query-input":{"@type":"PropertyValueSpecification","valueRequired":true,"valueName":"search_term_string"}}],"inLanguage":"fr-FR"},{"@type":"Organization","@id":"https:\/\/www.elodie-et-antoine.fr\/ra\/#organization","name":"Rencontre avec mes anc\u00eatres","url":"https:\/\/www.elodie-et-antoine.fr\/ra\/","logo":{"@type":"ImageObject","inLanguage":"fr-FR","@id":"https:\/\/www.elodie-et-antoine.fr\/ra\/#\/schema\/logo\/image\/","url":"https:\/\/www.elodie-et-antoine.fr\/ra\/wp-content\/uploads\/2024\/02\/Logo-detoure.png","contentUrl":"https:\/\/www.elodie-et-antoine.fr\/ra\/wp-content\/uploads\/2024\/02\/Logo-detoure.png","width":500,"height":500,"caption":"Rencontre avec mes anc\u00eatres"},"image":{"@id":"https:\/\/www.elodie-et-antoine.fr\/ra\/#\/schema\/logo\/image\/"},"sameAs":["https:\/\/www.facebook.com\/rencontreancetres","https:\/\/x.com\/lodeetwit"]},{"@type":"Person","@id":"https:\/\/www.elodie-et-antoine.fr\/ra\/#\/schema\/person\/50e9be10104b0e8a3c0f55df181b9b56","name":"Elodie","image":{"@type":"ImageObject","inLanguage":"fr-FR","@id":"https:\/\/www.elodie-et-antoine.fr\/ra\/#\/schema\/person\/image\/","url":"https:\/\/secure.gravatar.com\/avatar\/1ee5777faed60801dee6c0665d8f4bb2cfd6d4bf6ab052dbbc40be268a652c31?s=96&d=mm&r=g","contentUrl":"https:\/\/secure.gravatar.com\/avatar\/1ee5777faed60801dee6c0665d8f4bb2cfd6d4bf6ab052dbbc40be268a652c31?s=96&d=mm&r=g","caption":"Elodie"},"url":"https:\/\/www.elodie-et-antoine.fr\/ra\/?author=1"}]}},"jetpack_featured_media_url":"","jetpack_sharing_enabled":true,"_links":{"self":[{"href":"https:\/\/www.elodie-et-antoine.fr\/ra\/index.php?rest_route=\/wp\/v2\/posts\/3108","targetHints":{"allow":["GET"]}}],"collection":[{"href":"https:\/\/www.elodie-et-antoine.fr\/ra\/index.php?rest_route=\/wp\/v2\/posts"}],"about":[{"href":"https:\/\/www.elodie-et-antoine.fr\/ra\/index.php?rest_route=\/wp\/v2\/types\/post"}],"author":[{"embeddable":true,"href":"https:\/\/www.elodie-et-antoine.fr\/ra\/index.php?rest_route=\/wp\/v2\/users\/1"}],"replies":[{"embeddable":true,"href":"https:\/\/www.elodie-et-antoine.fr\/ra\/index.php?rest_route=%2Fwp%2Fv2%2Fcomments&post=3108"}],"version-history":[{"count":4,"href":"https:\/\/www.elodie-et-antoine.fr\/ra\/index.php?rest_route=\/wp\/v2\/posts\/3108\/revisions"}],"predecessor-version":[{"id":3113,"href":"https:\/\/www.elodie-et-antoine.fr\/ra\/index.php?rest_route=\/wp\/v2\/posts\/3108\/revisions\/3113"}],"wp:attachment":[{"href":"https:\/\/www.elodie-et-antoine.fr\/ra\/index.php?rest_route=%2Fwp%2Fv2%2Fmedia&parent=3108"}],"wp:term":[{"taxonomy":"category","embeddable":true,"href":"https:\/\/www.elodie-et-antoine.fr\/ra\/index.php?rest_route=%2Fwp%2Fv2%2Fcategories&post=3108"},{"taxonomy":"post_tag","embeddable":true,"href":"https:\/\/www.elodie-et-antoine.fr\/ra\/index.php?rest_route=%2Fwp%2Fv2%2Ftags&post=3108"}],"curies":[{"name":"wp","href":"https:\/\/api.w.org\/{rel}","templated":true}]}}