{"id":2820,"date":"2020-07-04T16:03:44","date_gmt":"2020-07-04T15:03:44","guid":{"rendered":"http:\/\/www.elodie-et-antoine.fr\/ra\/?p=2820"},"modified":"2020-07-04T16:04:11","modified_gmt":"2020-07-04T15:04:11","slug":"il-y-a-200-ans-le-mariage-de-therese-fournette-et-jean-baptiste-villequenaux","status":"publish","type":"post","link":"https:\/\/www.elodie-et-antoine.fr\/ra\/?p=2820","title":{"rendered":"Il y a 200 ans&#8230; le mariage de Th\u00e9r\u00e8se FOURNETTE et Jean Baptiste VILLEQUENAUX"},"content":{"rendered":"<p style=\"text-align: justify;\"><em>Nous f\u00eatons aujourd&rsquo;hui l&rsquo;anniversaire du mariage de Th\u00e9r\u00e8se FOURNETTE et Jean Baptiste VIlLEQUENAUX, anc\u00eatres de mon mari. Ces deux patronymes ont <\/em><em>d&rsquo;ailleurs une orthographe assez variable : VILLEQUENAUX\/D\/LT et FORNET \/ FOURNETTE.<\/em><\/p>\n<p style=\"text-align: justify;\">Les deux familles se retrouvent en l&rsquo;\u00e9glise d&rsquo;Ennordres le mardi 4 juillet 1820 \u00e0 9 heures du matin. Les deux \u00e9poux sont \u00e2g\u00e9s d&rsquo;environ 22 ans.<\/p>\n<p style=\"text-align: justify;\">Th\u00e9r\u00e8se est originaire de cette commune, elle est n\u00e9e au hameau des Bonnins, fille de Pierre FORNET et Solange RUELLE, laboureurs. Elle n&rsquo;est accompagn\u00e9e que de sa m\u00e8re, son p\u00e8re est d\u00e9c\u00e9d\u00e9 depuis 16 ans d\u00e9j\u00e0 ; il faut dire qu&rsquo;il s&rsquo;est mari\u00e9 \u00e0 l&rsquo;\u00e2ge de 43 ans, et qu&rsquo;elle est n\u00e9e 18 ans apr\u00e8s le mariage de ses parents ! Les t\u00e9moins de son c\u00f4t\u00e9 sont Pierre FORNET, son fr\u00e8re laboureur de 34 ans, et Louis RIDET, son beau-fr\u00e8re \u00e2g\u00e9 de 42 ans et mari\u00e9 \u00e0 sa s\u0153ur Solange.<\/p>\n<p style=\"text-align: justify;\">Jean Baptiste est \u00e9galement accompagn\u00e9 de sa m\u00e8re, Marie PREVOST. Son p\u00e8re Jean Louis est d\u00e9c\u00e9d\u00e9 17 ans auparavant, alors que Jean Baptiste n&rsquo;\u00e9tait \u00e2g\u00e9 que de 6 ans. Ses parents furent \u00e9galement laboureurs, mais originaires de la commune de la Chapelotte. Jean Baptiste est accompagn\u00e9 de son fr\u00e8re Louis, laboureur de 34 ans, et Fran\u00e7ois DUC, son beau-fr\u00e8re \u00e2g\u00e9 de 31 ans mari\u00e9 \u00e0 Catherine.<\/p>\n<p><a href=\"https:\/\/www.elodie-et-antoine.fr\/ra\/wp-content\/uploads\/2020\/07\/Ennordres-eglise.jpg\"><img loading=\"lazy\" decoding=\"async\" class=\"alignnone size-large wp-image-2822\" src=\"https:\/\/www.elodie-et-antoine.fr\/ra\/wp-content\/uploads\/2020\/07\/Ennordres-eglise-1024x640.jpg\" alt=\"\" width=\"640\" height=\"400\" srcset=\"https:\/\/www.elodie-et-antoine.fr\/ra\/wp-content\/uploads\/2020\/07\/Ennordres-eglise-1024x640.jpg 1024w, https:\/\/www.elodie-et-antoine.fr\/ra\/wp-content\/uploads\/2020\/07\/Ennordres-eglise-300x187.jpg 300w, https:\/\/www.elodie-et-antoine.fr\/ra\/wp-content\/uploads\/2020\/07\/Ennordres-eglise-768x480.jpg 768w, https:\/\/www.elodie-et-antoine.fr\/ra\/wp-content\/uploads\/2020\/07\/Ennordres-eglise-432x270.jpg 432w, https:\/\/www.elodie-et-antoine.fr\/ra\/wp-content\/uploads\/2020\/07\/Ennordres-eglise.jpg 1458w\" sizes=\"auto, (max-width: 640px) 100vw, 640px\" \/><\/a><\/p>\n","protected":false},"excerpt":{"rendered":"<p>Nous f\u00eatons aujourd&rsquo;hui l&rsquo;anniversaire du mariage de Th\u00e9r\u00e8se FOURNETTE et Jean Baptiste VIlLEQUENAUX, anc\u00eatres de mon mari. Ces deux patronymes ont d&rsquo;ailleurs une orthographe assez variable : VILLEQUENAUX\/D\/LT et FORNET \/ FOURNETTE. Les deux familles se retrouvent en l&rsquo;\u00e9glise d&rsquo;Ennordres le mardi 4 juillet 1820 \u00e0 9 heures du matin. Les deux \u00e9poux sont \u00e2g\u00e9s d&rsquo;environ 22 ans. Th\u00e9r\u00e8se est originaire de cette commune, elle est n\u00e9e au hameau des Bonnins, fille de Pierre FORNET et Solange RUELLE, laboureurs. Elle n&rsquo;est accompagn\u00e9e que de sa m\u00e8re, son p\u00e8re est d\u00e9c\u00e9d\u00e9 depuis 16 ans d\u00e9j\u00e0 ; il faut dire qu&rsquo;il s&rsquo;est mari\u00e9 \u00e0 l&rsquo;\u00e2ge de 43 ans, et qu&rsquo;elle est n\u00e9e 18 ans apr\u00e8s le mariage de ses parents ! Les t\u00e9moins de son c\u00f4t\u00e9 sont Pierre FORNET, son fr\u00e8re laboureur de 34 ans, et Louis RIDET, son beau-fr\u00e8re \u00e2g\u00e9 de 42 ans et mari\u00e9 \u00e0 sa s\u0153ur Solange. Jean Baptiste est \u00e9galement accompagn\u00e9 de sa m\u00e8re, Marie PREVOST. Son p\u00e8re Jean Louis est d\u00e9c\u00e9d\u00e9 17 ans auparavant, alors que Jean Baptiste n&rsquo;\u00e9tait \u00e2g\u00e9 que de 6 ans. Ses parents furent \u00e9galement laboureurs, mais originaires de la commune de la Chapelotte. Jean Baptiste est accompagn\u00e9 de son fr\u00e8re Louis, laboureur de 34 ans, et Fran\u00e7ois DUC, son beau-fr\u00e8re \u00e2g\u00e9 de 31 ans mari\u00e9 \u00e0 Catherine.<\/p>\n","protected":false},"author":1,"featured_media":0,"comment_status":"open","ping_status":"open","sticky":false,"template":"","format":"standard","meta":{"_exactmetrics_skip_tracking":false,"_exactmetrics_sitenote_active":false,"_exactmetrics_sitenote_note":"","_exactmetrics_sitenote_category":0,"jetpack_post_was_ever_published":false,"_jetpack_newsletter_access":"","_jetpack_dont_email_post_to_subs":false,"_jetpack_newsletter_tier_id":0,"_jetpack_memberships_contains_paywalled_content":false,"_jetpack_memberships_contains_paid_content":false,"footnotes":""},"categories":[26],"tags":[276,259,260],"class_list":["post-2820","post","type-post","status-publish","format-standard","hentry","category-mes-ancetres","tag-ennordres","tag-fournette","tag-villequenault"],"yoast_head":"<!-- This site is optimized with the Yoast SEO plugin v27.0 - https:\/\/yoast.com\/product\/yoast-seo-wordpress\/ -->\n<title>Il y a 200 ans... le mariage de Th\u00e9r\u00e8se FOURNETTE et Jean Baptiste VILLEQUENAUX - Rencontre avec mes anc\u00eatres<\/title>\n<meta name=\"robots\" content=\"index, follow, max-snippet:-1, max-image-preview:large, max-video-preview:-1\" \/>\n<link rel=\"canonical\" href=\"https:\/\/www.elodie-et-antoine.fr\/ra\/?p=2820\" \/>\n<meta property=\"og:locale\" content=\"fr_FR\" \/>\n<meta property=\"og:type\" content=\"article\" \/>\n<meta property=\"og:title\" content=\"Il y a 200 ans... le mariage de Th\u00e9r\u00e8se FOURNETTE et Jean Baptiste VILLEQUENAUX - Rencontre avec mes anc\u00eatres\" \/>\n<meta property=\"og:description\" content=\"Nous f\u00eatons aujourd&rsquo;hui l&rsquo;anniversaire du mariage de Th\u00e9r\u00e8se FOURNETTE et Jean Baptiste VIlLEQUENAUX, anc\u00eatres de mon mari. Ces deux patronymes ont d&rsquo;ailleurs une orthographe assez variable : VILLEQUENAUX\/D\/LT et FORNET \/ FOURNETTE. Les deux familles se retrouvent en l&rsquo;\u00e9glise d&rsquo;Ennordres le mardi 4 juillet 1820 \u00e0 9 heures du matin. Les deux \u00e9poux sont \u00e2g\u00e9s d&rsquo;environ 22 ans. Th\u00e9r\u00e8se est originaire de cette commune, elle est n\u00e9e au hameau des Bonnins, fille de Pierre FORNET et Solange RUELLE, laboureurs. Elle n&rsquo;est accompagn\u00e9e que de sa m\u00e8re, son p\u00e8re est d\u00e9c\u00e9d\u00e9 depuis 16 ans d\u00e9j\u00e0 ; il faut dire qu&rsquo;il s&rsquo;est mari\u00e9 \u00e0 l&rsquo;\u00e2ge de 43 ans, et qu&rsquo;elle est n\u00e9e 18 ans apr\u00e8s le mariage de ses parents ! Les t\u00e9moins de son c\u00f4t\u00e9 sont Pierre FORNET, son fr\u00e8re laboureur de 34 ans, et Louis RIDET, son beau-fr\u00e8re \u00e2g\u00e9 de 42 ans et mari\u00e9 \u00e0 sa s\u0153ur Solange. Jean Baptiste est \u00e9galement accompagn\u00e9 de sa m\u00e8re, Marie PREVOST. Son p\u00e8re Jean Louis est d\u00e9c\u00e9d\u00e9 17 ans auparavant, alors que Jean Baptiste n&rsquo;\u00e9tait \u00e2g\u00e9 que de 6 ans. Ses parents furent \u00e9galement laboureurs, mais originaires de la commune de la Chapelotte. Jean Baptiste est accompagn\u00e9 de son fr\u00e8re Louis, laboureur de 34 ans, et Fran\u00e7ois DUC, son beau-fr\u00e8re \u00e2g\u00e9 de 31 ans mari\u00e9 \u00e0 Catherine.\" \/>\n<meta property=\"og:url\" content=\"https:\/\/www.elodie-et-antoine.fr\/ra\/?p=2820\" \/>\n<meta property=\"og:site_name\" content=\"Rencontre avec mes anc\u00eatres\" \/>\n<meta property=\"article:publisher\" content=\"https:\/\/www.facebook.com\/rencontreancetres\" \/>\n<meta property=\"article:published_time\" content=\"2020-07-04T15:03:44+00:00\" \/>\n<meta property=\"article:modified_time\" content=\"2020-07-04T15:04:11+00:00\" \/>\n<meta property=\"og:image\" content=\"http:\/\/www.elodie-et-antoine.fr\/ra\/wp-content\/uploads\/2020\/07\/Ennordres-eglise-1024x640.jpg\" \/>\n<meta name=\"author\" content=\"Elodie\" \/>\n<meta name=\"twitter:card\" content=\"summary_large_image\" \/>\n<meta name=\"twitter:creator\" content=\"@lodeetwit\" \/>\n<meta name=\"twitter:site\" content=\"@lodeetwit\" \/>\n<meta name=\"twitter:label1\" content=\"\u00c9crit par\" \/>\n\t<meta name=\"twitter:data1\" content=\"Elodie\" \/>\n\t<meta name=\"twitter:label2\" content=\"Dur\u00e9e de lecture estim\u00e9e\" \/>\n\t<meta name=\"twitter:data2\" content=\"1 minute\" \/>\n<script type=\"application\/ld+json\" class=\"yoast-schema-graph\">{\"@context\":\"https:\/\/schema.org\",\"@graph\":[{\"@type\":\"Article\",\"@id\":\"https:\/\/www.elodie-et-antoine.fr\/ra\/?p=2820#article\",\"isPartOf\":{\"@id\":\"https:\/\/www.elodie-et-antoine.fr\/ra\/?p=2820\"},\"author\":{\"name\":\"Elodie\",\"@id\":\"https:\/\/www.elodie-et-antoine.fr\/ra\/#\/schema\/person\/50e9be10104b0e8a3c0f55df181b9b56\"},\"headline\":\"Il y a 200 ans&#8230; le mariage de Th\u00e9r\u00e8se FOURNETTE et Jean Baptiste VILLEQUENAUX\",\"datePublished\":\"2020-07-04T15:03:44+00:00\",\"dateModified\":\"2020-07-04T15:04:11+00:00\",\"mainEntityOfPage\":{\"@id\":\"https:\/\/www.elodie-et-antoine.fr\/ra\/?p=2820\"},\"wordCount\":241,\"commentCount\":0,\"publisher\":{\"@id\":\"https:\/\/www.elodie-et-antoine.fr\/ra\/#organization\"},\"image\":{\"@id\":\"https:\/\/www.elodie-et-antoine.fr\/ra\/?p=2820#primaryimage\"},\"thumbnailUrl\":\"http:\/\/www.elodie-et-antoine.fr\/ra\/wp-content\/uploads\/2020\/07\/Ennordres-eglise-1024x640.jpg\",\"keywords\":[\"Ennordres\",\"FOURNETTE\",\"VILLEQUENAULT\"],\"articleSection\":[\"Mes anc\u00eatres\"],\"inLanguage\":\"fr-FR\",\"potentialAction\":[{\"@type\":\"CommentAction\",\"name\":\"Comment\",\"target\":[\"https:\/\/www.elodie-et-antoine.fr\/ra\/?p=2820#respond\"]}]},{\"@type\":\"WebPage\",\"@id\":\"https:\/\/www.elodie-et-antoine.fr\/ra\/?p=2820\",\"url\":\"https:\/\/www.elodie-et-antoine.fr\/ra\/?p=2820\",\"name\":\"Il y a 200 ans... le mariage de Th\u00e9r\u00e8se FOURNETTE et Jean Baptiste VILLEQUENAUX - Rencontre avec mes anc\u00eatres\",\"isPartOf\":{\"@id\":\"https:\/\/www.elodie-et-antoine.fr\/ra\/#website\"},\"primaryImageOfPage\":{\"@id\":\"https:\/\/www.elodie-et-antoine.fr\/ra\/?p=2820#primaryimage\"},\"image\":{\"@id\":\"https:\/\/www.elodie-et-antoine.fr\/ra\/?p=2820#primaryimage\"},\"thumbnailUrl\":\"http:\/\/www.elodie-et-antoine.fr\/ra\/wp-content\/uploads\/2020\/07\/Ennordres-eglise-1024x640.jpg\",\"datePublished\":\"2020-07-04T15:03:44+00:00\",\"dateModified\":\"2020-07-04T15:04:11+00:00\",\"breadcrumb\":{\"@id\":\"https:\/\/www.elodie-et-antoine.fr\/ra\/?p=2820#breadcrumb\"},\"inLanguage\":\"fr-FR\",\"potentialAction\":[{\"@type\":\"ReadAction\",\"target\":[\"https:\/\/www.elodie-et-antoine.fr\/ra\/?p=2820\"]}]},{\"@type\":\"ImageObject\",\"inLanguage\":\"fr-FR\",\"@id\":\"https:\/\/www.elodie-et-antoine.fr\/ra\/?p=2820#primaryimage\",\"url\":\"http:\/\/www.elodie-et-antoine.fr\/ra\/wp-content\/uploads\/2020\/07\/Ennordres-eglise-1024x640.jpg\",\"contentUrl\":\"http:\/\/www.elodie-et-antoine.fr\/ra\/wp-content\/uploads\/2020\/07\/Ennordres-eglise-1024x640.jpg\"},{\"@type\":\"BreadcrumbList\",\"@id\":\"https:\/\/www.elodie-et-antoine.fr\/ra\/?p=2820#breadcrumb\",\"itemListElement\":[{\"@type\":\"ListItem\",\"position\":1,\"name\":\"Accueil\",\"item\":\"https:\/\/www.elodie-et-antoine.fr\/ra\"},{\"@type\":\"ListItem\",\"position\":2,\"name\":\"Il y a 200 ans&#8230; le mariage de Th\u00e9r\u00e8se FOURNETTE et Jean Baptiste VILLEQUENAUX\"}]},{\"@type\":\"WebSite\",\"@id\":\"https:\/\/www.elodie-et-antoine.fr\/ra\/#website\",\"url\":\"https:\/\/www.elodie-et-antoine.fr\/ra\/\",\"name\":\"Rencontre avec mes anc\u00eatres\",\"description\":\"Rencontre avec mes anc\u00eatres\",\"publisher\":{\"@id\":\"https:\/\/www.elodie-et-antoine.fr\/ra\/#organization\"},\"potentialAction\":[{\"@type\":\"SearchAction\",\"target\":{\"@type\":\"EntryPoint\",\"urlTemplate\":\"https:\/\/www.elodie-et-antoine.fr\/ra\/?s={search_term_string}\"},\"query-input\":{\"@type\":\"PropertyValueSpecification\",\"valueRequired\":true,\"valueName\":\"search_term_string\"}}],\"inLanguage\":\"fr-FR\"},{\"@type\":\"Organization\",\"@id\":\"https:\/\/www.elodie-et-antoine.fr\/ra\/#organization\",\"name\":\"Rencontre avec mes anc\u00eatres\",\"url\":\"https:\/\/www.elodie-et-antoine.fr\/ra\/\",\"logo\":{\"@type\":\"ImageObject\",\"inLanguage\":\"fr-FR\",\"@id\":\"https:\/\/www.elodie-et-antoine.fr\/ra\/#\/schema\/logo\/image\/\",\"url\":\"https:\/\/www.elodie-et-antoine.fr\/ra\/wp-content\/uploads\/2024\/02\/Logo-detoure.png\",\"contentUrl\":\"https:\/\/www.elodie-et-antoine.fr\/ra\/wp-content\/uploads\/2024\/02\/Logo-detoure.png\",\"width\":500,\"height\":500,\"caption\":\"Rencontre avec mes anc\u00eatres\"},\"image\":{\"@id\":\"https:\/\/www.elodie-et-antoine.fr\/ra\/#\/schema\/logo\/image\/\"},\"sameAs\":[\"https:\/\/www.facebook.com\/rencontreancetres\",\"https:\/\/x.com\/lodeetwit\"]},{\"@type\":\"Person\",\"@id\":\"https:\/\/www.elodie-et-antoine.fr\/ra\/#\/schema\/person\/50e9be10104b0e8a3c0f55df181b9b56\",\"name\":\"Elodie\",\"image\":{\"@type\":\"ImageObject\",\"inLanguage\":\"fr-FR\",\"@id\":\"https:\/\/www.elodie-et-antoine.fr\/ra\/#\/schema\/person\/image\/\",\"url\":\"https:\/\/secure.gravatar.com\/avatar\/1ee5777faed60801dee6c0665d8f4bb2cfd6d4bf6ab052dbbc40be268a652c31?s=96&d=mm&r=g\",\"contentUrl\":\"https:\/\/secure.gravatar.com\/avatar\/1ee5777faed60801dee6c0665d8f4bb2cfd6d4bf6ab052dbbc40be268a652c31?s=96&d=mm&r=g\",\"caption\":\"Elodie\"},\"url\":\"https:\/\/www.elodie-et-antoine.fr\/ra\/?author=1\"}]}<\/script>\n<!-- \/ Yoast SEO plugin. -->","yoast_head_json":{"title":"Il y a 200 ans... le mariage de Th\u00e9r\u00e8se FOURNETTE et Jean Baptiste VILLEQUENAUX - Rencontre avec mes anc\u00eatres","robots":{"index":"index","follow":"follow","max-snippet":"max-snippet:-1","max-image-preview":"max-image-preview:large","max-video-preview":"max-video-preview:-1"},"canonical":"https:\/\/www.elodie-et-antoine.fr\/ra\/?p=2820","og_locale":"fr_FR","og_type":"article","og_title":"Il y a 200 ans... le mariage de Th\u00e9r\u00e8se FOURNETTE et Jean Baptiste VILLEQUENAUX - Rencontre avec mes anc\u00eatres","og_description":"Nous f\u00eatons aujourd&rsquo;hui l&rsquo;anniversaire du mariage de Th\u00e9r\u00e8se FOURNETTE et Jean Baptiste VIlLEQUENAUX, anc\u00eatres de mon mari. Ces deux patronymes ont d&rsquo;ailleurs une orthographe assez variable : VILLEQUENAUX\/D\/LT et FORNET \/ FOURNETTE. Les deux familles se retrouvent en l&rsquo;\u00e9glise d&rsquo;Ennordres le mardi 4 juillet 1820 \u00e0 9 heures du matin. Les deux \u00e9poux sont \u00e2g\u00e9s d&rsquo;environ 22 ans. Th\u00e9r\u00e8se est originaire de cette commune, elle est n\u00e9e au hameau des Bonnins, fille de Pierre FORNET et Solange RUELLE, laboureurs. Elle n&rsquo;est accompagn\u00e9e que de sa m\u00e8re, son p\u00e8re est d\u00e9c\u00e9d\u00e9 depuis 16 ans d\u00e9j\u00e0 ; il faut dire qu&rsquo;il s&rsquo;est mari\u00e9 \u00e0 l&rsquo;\u00e2ge de 43 ans, et qu&rsquo;elle est n\u00e9e 18 ans apr\u00e8s le mariage de ses parents ! Les t\u00e9moins de son c\u00f4t\u00e9 sont Pierre FORNET, son fr\u00e8re laboureur de 34 ans, et Louis RIDET, son beau-fr\u00e8re \u00e2g\u00e9 de 42 ans et mari\u00e9 \u00e0 sa s\u0153ur Solange. Jean Baptiste est \u00e9galement accompagn\u00e9 de sa m\u00e8re, Marie PREVOST. Son p\u00e8re Jean Louis est d\u00e9c\u00e9d\u00e9 17 ans auparavant, alors que Jean Baptiste n&rsquo;\u00e9tait \u00e2g\u00e9 que de 6 ans. Ses parents furent \u00e9galement laboureurs, mais originaires de la commune de la Chapelotte. Jean Baptiste est accompagn\u00e9 de son fr\u00e8re Louis, laboureur de 34 ans, et Fran\u00e7ois DUC, son beau-fr\u00e8re \u00e2g\u00e9 de 31 ans mari\u00e9 \u00e0 Catherine.","og_url":"https:\/\/www.elodie-et-antoine.fr\/ra\/?p=2820","og_site_name":"Rencontre avec mes anc\u00eatres","article_publisher":"https:\/\/www.facebook.com\/rencontreancetres","article_published_time":"2020-07-04T15:03:44+00:00","article_modified_time":"2020-07-04T15:04:11+00:00","og_image":[{"url":"http:\/\/www.elodie-et-antoine.fr\/ra\/wp-content\/uploads\/2020\/07\/Ennordres-eglise-1024x640.jpg","type":"","width":"","height":""}],"author":"Elodie","twitter_card":"summary_large_image","twitter_creator":"@lodeetwit","twitter_site":"@lodeetwit","twitter_misc":{"\u00c9crit par":"Elodie","Dur\u00e9e de lecture estim\u00e9e":"1 minute"},"schema":{"@context":"https:\/\/schema.org","@graph":[{"@type":"Article","@id":"https:\/\/www.elodie-et-antoine.fr\/ra\/?p=2820#article","isPartOf":{"@id":"https:\/\/www.elodie-et-antoine.fr\/ra\/?p=2820"},"author":{"name":"Elodie","@id":"https:\/\/www.elodie-et-antoine.fr\/ra\/#\/schema\/person\/50e9be10104b0e8a3c0f55df181b9b56"},"headline":"Il y a 200 ans&#8230; le mariage de Th\u00e9r\u00e8se FOURNETTE et Jean Baptiste VILLEQUENAUX","datePublished":"2020-07-04T15:03:44+00:00","dateModified":"2020-07-04T15:04:11+00:00","mainEntityOfPage":{"@id":"https:\/\/www.elodie-et-antoine.fr\/ra\/?p=2820"},"wordCount":241,"commentCount":0,"publisher":{"@id":"https:\/\/www.elodie-et-antoine.fr\/ra\/#organization"},"image":{"@id":"https:\/\/www.elodie-et-antoine.fr\/ra\/?p=2820#primaryimage"},"thumbnailUrl":"http:\/\/www.elodie-et-antoine.fr\/ra\/wp-content\/uploads\/2020\/07\/Ennordres-eglise-1024x640.jpg","keywords":["Ennordres","FOURNETTE","VILLEQUENAULT"],"articleSection":["Mes anc\u00eatres"],"inLanguage":"fr-FR","potentialAction":[{"@type":"CommentAction","name":"Comment","target":["https:\/\/www.elodie-et-antoine.fr\/ra\/?p=2820#respond"]}]},{"@type":"WebPage","@id":"https:\/\/www.elodie-et-antoine.fr\/ra\/?p=2820","url":"https:\/\/www.elodie-et-antoine.fr\/ra\/?p=2820","name":"Il y a 200 ans... le mariage de Th\u00e9r\u00e8se FOURNETTE et Jean Baptiste VILLEQUENAUX - Rencontre avec mes anc\u00eatres","isPartOf":{"@id":"https:\/\/www.elodie-et-antoine.fr\/ra\/#website"},"primaryImageOfPage":{"@id":"https:\/\/www.elodie-et-antoine.fr\/ra\/?p=2820#primaryimage"},"image":{"@id":"https:\/\/www.elodie-et-antoine.fr\/ra\/?p=2820#primaryimage"},"thumbnailUrl":"http:\/\/www.elodie-et-antoine.fr\/ra\/wp-content\/uploads\/2020\/07\/Ennordres-eglise-1024x640.jpg","datePublished":"2020-07-04T15:03:44+00:00","dateModified":"2020-07-04T15:04:11+00:00","breadcrumb":{"@id":"https:\/\/www.elodie-et-antoine.fr\/ra\/?p=2820#breadcrumb"},"inLanguage":"fr-FR","potentialAction":[{"@type":"ReadAction","target":["https:\/\/www.elodie-et-antoine.fr\/ra\/?p=2820"]}]},{"@type":"ImageObject","inLanguage":"fr-FR","@id":"https:\/\/www.elodie-et-antoine.fr\/ra\/?p=2820#primaryimage","url":"http:\/\/www.elodie-et-antoine.fr\/ra\/wp-content\/uploads\/2020\/07\/Ennordres-eglise-1024x640.jpg","contentUrl":"http:\/\/www.elodie-et-antoine.fr\/ra\/wp-content\/uploads\/2020\/07\/Ennordres-eglise-1024x640.jpg"},{"@type":"BreadcrumbList","@id":"https:\/\/www.elodie-et-antoine.fr\/ra\/?p=2820#breadcrumb","itemListElement":[{"@type":"ListItem","position":1,"name":"Accueil","item":"https:\/\/www.elodie-et-antoine.fr\/ra"},{"@type":"ListItem","position":2,"name":"Il y a 200 ans&#8230; le mariage de Th\u00e9r\u00e8se FOURNETTE et Jean Baptiste VILLEQUENAUX"}]},{"@type":"WebSite","@id":"https:\/\/www.elodie-et-antoine.fr\/ra\/#website","url":"https:\/\/www.elodie-et-antoine.fr\/ra\/","name":"Rencontre avec mes anc\u00eatres","description":"Rencontre avec mes anc\u00eatres","publisher":{"@id":"https:\/\/www.elodie-et-antoine.fr\/ra\/#organization"},"potentialAction":[{"@type":"SearchAction","target":{"@type":"EntryPoint","urlTemplate":"https:\/\/www.elodie-et-antoine.fr\/ra\/?s={search_term_string}"},"query-input":{"@type":"PropertyValueSpecification","valueRequired":true,"valueName":"search_term_string"}}],"inLanguage":"fr-FR"},{"@type":"Organization","@id":"https:\/\/www.elodie-et-antoine.fr\/ra\/#organization","name":"Rencontre avec mes anc\u00eatres","url":"https:\/\/www.elodie-et-antoine.fr\/ra\/","logo":{"@type":"ImageObject","inLanguage":"fr-FR","@id":"https:\/\/www.elodie-et-antoine.fr\/ra\/#\/schema\/logo\/image\/","url":"https:\/\/www.elodie-et-antoine.fr\/ra\/wp-content\/uploads\/2024\/02\/Logo-detoure.png","contentUrl":"https:\/\/www.elodie-et-antoine.fr\/ra\/wp-content\/uploads\/2024\/02\/Logo-detoure.png","width":500,"height":500,"caption":"Rencontre avec mes anc\u00eatres"},"image":{"@id":"https:\/\/www.elodie-et-antoine.fr\/ra\/#\/schema\/logo\/image\/"},"sameAs":["https:\/\/www.facebook.com\/rencontreancetres","https:\/\/x.com\/lodeetwit"]},{"@type":"Person","@id":"https:\/\/www.elodie-et-antoine.fr\/ra\/#\/schema\/person\/50e9be10104b0e8a3c0f55df181b9b56","name":"Elodie","image":{"@type":"ImageObject","inLanguage":"fr-FR","@id":"https:\/\/www.elodie-et-antoine.fr\/ra\/#\/schema\/person\/image\/","url":"https:\/\/secure.gravatar.com\/avatar\/1ee5777faed60801dee6c0665d8f4bb2cfd6d4bf6ab052dbbc40be268a652c31?s=96&d=mm&r=g","contentUrl":"https:\/\/secure.gravatar.com\/avatar\/1ee5777faed60801dee6c0665d8f4bb2cfd6d4bf6ab052dbbc40be268a652c31?s=96&d=mm&r=g","caption":"Elodie"},"url":"https:\/\/www.elodie-et-antoine.fr\/ra\/?author=1"}]}},"jetpack_featured_media_url":"","jetpack_sharing_enabled":true,"_links":{"self":[{"href":"https:\/\/www.elodie-et-antoine.fr\/ra\/index.php?rest_route=\/wp\/v2\/posts\/2820","targetHints":{"allow":["GET"]}}],"collection":[{"href":"https:\/\/www.elodie-et-antoine.fr\/ra\/index.php?rest_route=\/wp\/v2\/posts"}],"about":[{"href":"https:\/\/www.elodie-et-antoine.fr\/ra\/index.php?rest_route=\/wp\/v2\/types\/post"}],"author":[{"embeddable":true,"href":"https:\/\/www.elodie-et-antoine.fr\/ra\/index.php?rest_route=\/wp\/v2\/users\/1"}],"replies":[{"embeddable":true,"href":"https:\/\/www.elodie-et-antoine.fr\/ra\/index.php?rest_route=%2Fwp%2Fv2%2Fcomments&post=2820"}],"version-history":[{"count":3,"href":"https:\/\/www.elodie-et-antoine.fr\/ra\/index.php?rest_route=\/wp\/v2\/posts\/2820\/revisions"}],"predecessor-version":[{"id":2825,"href":"https:\/\/www.elodie-et-antoine.fr\/ra\/index.php?rest_route=\/wp\/v2\/posts\/2820\/revisions\/2825"}],"wp:attachment":[{"href":"https:\/\/www.elodie-et-antoine.fr\/ra\/index.php?rest_route=%2Fwp%2Fv2%2Fmedia&parent=2820"}],"wp:term":[{"taxonomy":"category","embeddable":true,"href":"https:\/\/www.elodie-et-antoine.fr\/ra\/index.php?rest_route=%2Fwp%2Fv2%2Fcategories&post=2820"},{"taxonomy":"post_tag","embeddable":true,"href":"https:\/\/www.elodie-et-antoine.fr\/ra\/index.php?rest_route=%2Fwp%2Fv2%2Ftags&post=2820"}],"curies":[{"name":"wp","href":"https:\/\/api.w.org\/{rel}","templated":true}]}}