{"id":26,"date":"2013-05-12T12:32:00","date_gmt":"2013-05-12T11:32:00","guid":{"rendered":"http:\/\/www.elodie-et-antoine.fr\/ra\/?p=26"},"modified":"2013-10-31T14:06:10","modified_gmt":"2013-10-31T13:06:10","slug":"encadrer-eduquer-proteger-lenfance-a-travers-les-archives-xixe-xxe-siecle","status":"publish","type":"post","link":"https:\/\/www.elodie-et-antoine.fr\/ra\/?p=26","title":{"rendered":"Encadrer, \u00e9duquer, prot\u00e9ger &#8211; l&rsquo;enfance \u00e0 travers les archives XIXe &#8211; XXe si\u00e8cle"},"content":{"rendered":"<div style=\"text-align: justify;\">Je relaie ici une exposition pr\u00e9sent\u00e9e aux archives d\u00e9partementales du Cher, du 26 mars au 16 juin 2013. <b>\u00catre enfant entre le XIXe et le XXe si\u00e8cle : \u00e7a ressemblait \u00e0 quoi ?<\/b><\/div>\n<p><\/p>\n<div><\/div>\n<div><a href=\"http:\/\/4.bp.blogspot.com\/-zoUV2CKlY0w\/UYz5JuaRb0I\/AAAAAAAAC-0\/sF7f_4H3y9U\/s1600\/jeune-femme-et-enfant-fin-xixe-siecle-dadp-cg18-4-fi_img.jpg\"><img loading=\"lazy\" decoding=\"async\" alt=\"\" src=\"http:\/\/4.bp.blogspot.com\/-zoUV2CKlY0w\/UYz5JuaRb0I\/AAAAAAAAC-0\/sF7f_4H3y9U\/s400\/jeune-femme-et-enfant-fin-xixe-siecle-dadp-cg18-4-fi_img.jpg\" width=\"290\" height=\"400\" border=\"0\" \/><\/a><\/div>\n<div><span><i>Source : archives18.fr<\/i><\/span><\/div>\n<div><\/div>\n<p><\/p>\n<div style=\"text-align: justify;\">Honn\u00eatement, vu ce que j&rsquo;ai d\u00e9couvert dans ma g\u00e9n\u00e9alogie, peu de risque que la vie de mes jeunes anc\u00eatres ait ressembl\u00e9 \u00e0 la photo ci-dessus. Ils devaient plut\u00f4t aller travailler jeunes dans la champs, lorsqu&rsquo;ils avaient la chance d&rsquo;avoir surv\u00e9cu aux premi\u00e8res ann\u00e9es tr\u00e8s dures dans les campagnes.<\/div>\n<div style=\"text-align: justify;\"><\/div>\n<div style=\"text-align: justify;\"><\/div>\n<p><\/p>\n<div style=\"text-align: justify;\">Voici ce qui est inscrit sur le site des <a href=\"http:\/\/www.archives18.fr\/article.php?laref=598&amp;titre=encadrer-eduquer-proteger\">archives <\/a>pour pr\u00e9senter l&rsquo;exposition :<\/div>\n<div style=\"text-align: justify;\"><\/div>\n<p><\/p>\n<div style=\"text-align: justify;\"><i>Dans la conscience collective l\u2019enfance est souvent associ\u00e9e \u00e0 l\u2019insouciance, aux jeux et aux jours heureux. Ces images id\u00e9alis\u00e9es produites par un monde d\u2019adultes peuvent recouvrir des r\u00e9alit\u00e9s contrast\u00e9es selon les pays, les \u00e9poques, le milieu social ou familial dans lequel les enfants ont vu le jour. Elles sont issues de la lente prise de conscience d\u2019une condition sp\u00e9cifique de l\u2019enfant dans les soci\u00e9t\u00e9s contemporaines. Le sort des enfants d\u00e9soeuvr\u00e9s au milieu du XIXe si\u00e8cle, d\u00e9crit par Dickens ou Hugo, trouve un \u00e9cho frappant dans les archives de cette \u00e9poque. Conditions de travail des apprentis dans les usines, vie des jeunes ouvriers dans les campagnes et lents progr\u00e8s de la scolarisation sont connus mais \u00e0 la lumi\u00e8re des documents d\u2019archives revivent intens\u00e9ment. D\u2019autres th\u00e8mes tels que les exp\u00e9riences nouvelles tent\u00e9es pour la d\u00e9tention des mineurs d\u00e9linquants, le d\u00e9veloppement de l\u2019assistance publique ou le destin des enfants dans les guerres mondiales n\u2019avaient jamais fait l\u2019objet d\u2019une exposition dans le d\u00e9partement.<\/i><\/div>\n<div style=\"text-align: justify;\"><\/div>\n<p><\/p>\n<div style=\"text-align: justify;\">Pour tous ceux qui ne pourront pas s&rsquo;y rendre, il est possible de t\u00e9l\u00e9charger le catalogue de l&rsquo;exposition <a href=\"http:\/\/fr.scribd.com\/doc\/132456636\/Exposition-encadrer-eduquer-proteger-CG18-DADP-mars-2013-pdf\">ici <\/a>(il faut s&rsquo;inscrire sur le site scribd pour t\u00e9l\u00e9charger).<\/div>\n","protected":false},"excerpt":{"rendered":"<p>Je relaie ici une exposition pr\u00e9sent\u00e9e aux archives d\u00e9partementales du Cher, du 26 mars au 16 juin 2013. \u00catre enfant entre le XIXe et le XXe si\u00e8cle : \u00e7a ressemblait \u00e0 quoi ? Source : archives18.fr Honn\u00eatement, vu ce que j&rsquo;ai d\u00e9couvert dans ma g\u00e9n\u00e9alogie, peu de risque que la vie de mes jeunes anc\u00eatres ait ressembl\u00e9 \u00e0 la photo ci-dessus. Ils devaient plut\u00f4t aller travailler jeunes dans la champs, lorsqu&rsquo;ils avaient la chance d&rsquo;avoir surv\u00e9cu aux premi\u00e8res ann\u00e9es tr\u00e8s dures dans les campagnes. Voici ce qui est inscrit sur le site des archives pour pr\u00e9senter l&rsquo;exposition : Dans la conscience collective l\u2019enfance est souvent associ\u00e9e \u00e0 l\u2019insouciance, aux jeux et aux jours heureux. Ces images id\u00e9alis\u00e9es produites par un monde d\u2019adultes peuvent recouvrir des r\u00e9alit\u00e9s contrast\u00e9es selon les pays, les \u00e9poques, le milieu social ou familial dans lequel les enfants ont vu le jour. Elles sont issues de la lente prise de conscience d\u2019une condition sp\u00e9cifique de l\u2019enfant dans les soci\u00e9t\u00e9s contemporaines. Le sort des enfants d\u00e9soeuvr\u00e9s au milieu du XIXe si\u00e8cle, d\u00e9crit par Dickens ou Hugo, trouve un \u00e9cho frappant dans les archives de cette \u00e9poque. Conditions de travail des apprentis dans les usines, vie des jeunes ouvriers dans les campagnes et lents progr\u00e8s de la scolarisation sont connus mais \u00e0 la lumi\u00e8re des documents d\u2019archives revivent intens\u00e9ment. D\u2019autres th\u00e8mes tels que les exp\u00e9riences nouvelles tent\u00e9es pour la d\u00e9tention des mineurs d\u00e9linquants, le d\u00e9veloppement de l\u2019assistance publique ou le destin des enfants dans les guerres mondiales n\u2019avaient jamais fait l\u2019objet d\u2019une exposition dans le d\u00e9partement. Pour tous ceux qui ne pourront pas s&rsquo;y rendre, il est possible de t\u00e9l\u00e9charger le catalogue de l&rsquo;exposition ici (il faut s&rsquo;inscrire sur le site scribd pour t\u00e9l\u00e9charger).<\/p>\n","protected":false},"author":1,"featured_media":0,"comment_status":"open","ping_status":"open","sticky":false,"template":"","format":"standard","meta":{"_exactmetrics_skip_tracking":false,"_exactmetrics_sitenote_active":false,"_exactmetrics_sitenote_note":"","_exactmetrics_sitenote_category":0,"jetpack_post_was_ever_published":false,"_jetpack_newsletter_access":"","_jetpack_dont_email_post_to_subs":false,"_jetpack_newsletter_tier_id":0,"_jetpack_memberships_contains_paywalled_content":false,"_jetpack_memberships_contains_paid_content":false,"footnotes":""},"categories":[3],"tags":[50,49],"class_list":["post-26","post","type-post","status-publish","format-standard","hentry","category-berry","tag-archives-du-cher","tag-education"],"yoast_head":"<!-- This site is optimized with the Yoast SEO plugin v27.0 - https:\/\/yoast.com\/product\/yoast-seo-wordpress\/ -->\n<title>Encadrer, \u00e9duquer, prot\u00e9ger - l&#039;enfance \u00e0 travers les archives XIXe - XXe si\u00e8cle - Rencontre avec mes anc\u00eatres<\/title>\n<meta name=\"robots\" content=\"index, follow, max-snippet:-1, max-image-preview:large, max-video-preview:-1\" \/>\n<link rel=\"canonical\" href=\"https:\/\/www.elodie-et-antoine.fr\/ra\/?p=26\" \/>\n<meta property=\"og:locale\" content=\"fr_FR\" \/>\n<meta property=\"og:type\" content=\"article\" \/>\n<meta property=\"og:title\" content=\"Encadrer, \u00e9duquer, prot\u00e9ger - l&#039;enfance \u00e0 travers les archives XIXe - XXe si\u00e8cle - Rencontre avec mes anc\u00eatres\" \/>\n<meta property=\"og:description\" content=\"Je relaie ici une exposition pr\u00e9sent\u00e9e aux archives d\u00e9partementales du Cher, du 26 mars au 16 juin 2013. \u00catre enfant entre le XIXe et le XXe si\u00e8cle : \u00e7a ressemblait \u00e0 quoi ? Source : archives18.fr Honn\u00eatement, vu ce que j&rsquo;ai d\u00e9couvert dans ma g\u00e9n\u00e9alogie, peu de risque que la vie de mes jeunes anc\u00eatres ait ressembl\u00e9 \u00e0 la photo ci-dessus. Ils devaient plut\u00f4t aller travailler jeunes dans la champs, lorsqu&rsquo;ils avaient la chance d&rsquo;avoir surv\u00e9cu aux premi\u00e8res ann\u00e9es tr\u00e8s dures dans les campagnes. Voici ce qui est inscrit sur le site des archives pour pr\u00e9senter l&rsquo;exposition : Dans la conscience collective l\u2019enfance est souvent associ\u00e9e \u00e0 l\u2019insouciance, aux jeux et aux jours heureux. Ces images id\u00e9alis\u00e9es produites par un monde d\u2019adultes peuvent recouvrir des r\u00e9alit\u00e9s contrast\u00e9es selon les pays, les \u00e9poques, le milieu social ou familial dans lequel les enfants ont vu le jour. Elles sont issues de la lente prise de conscience d\u2019une condition sp\u00e9cifique de l\u2019enfant dans les soci\u00e9t\u00e9s contemporaines. Le sort des enfants d\u00e9soeuvr\u00e9s au milieu du XIXe si\u00e8cle, d\u00e9crit par Dickens ou Hugo, trouve un \u00e9cho frappant dans les archives de cette \u00e9poque. Conditions de travail des apprentis dans les usines, vie des jeunes ouvriers dans les campagnes et lents progr\u00e8s de la scolarisation sont connus mais \u00e0 la lumi\u00e8re des documents d\u2019archives revivent intens\u00e9ment. D\u2019autres th\u00e8mes tels que les exp\u00e9riences nouvelles tent\u00e9es pour la d\u00e9tention des mineurs d\u00e9linquants, le d\u00e9veloppement de l\u2019assistance publique ou le destin des enfants dans les guerres mondiales n\u2019avaient jamais fait l\u2019objet d\u2019une exposition dans le d\u00e9partement. Pour tous ceux qui ne pourront pas s&rsquo;y rendre, il est possible de t\u00e9l\u00e9charger le catalogue de l&rsquo;exposition ici (il faut s&rsquo;inscrire sur le site scribd pour t\u00e9l\u00e9charger).\" \/>\n<meta property=\"og:url\" content=\"https:\/\/www.elodie-et-antoine.fr\/ra\/?p=26\" \/>\n<meta property=\"og:site_name\" content=\"Rencontre avec mes anc\u00eatres\" \/>\n<meta property=\"article:publisher\" content=\"https:\/\/www.facebook.com\/rencontreancetres\" \/>\n<meta property=\"article:published_time\" content=\"2013-05-12T11:32:00+00:00\" \/>\n<meta property=\"article:modified_time\" content=\"2013-10-31T13:06:10+00:00\" \/>\n<meta property=\"og:image\" content=\"http:\/\/4.bp.blogspot.com\/-zoUV2CKlY0w\/UYz5JuaRb0I\/AAAAAAAAC-0\/sF7f_4H3y9U\/s400\/jeune-femme-et-enfant-fin-xixe-siecle-dadp-cg18-4-fi_img.jpg\" \/>\n<meta name=\"author\" content=\"Elodie\" \/>\n<meta name=\"twitter:card\" content=\"summary_large_image\" \/>\n<meta name=\"twitter:creator\" content=\"@lodeetwit\" \/>\n<meta name=\"twitter:site\" content=\"@lodeetwit\" \/>\n<meta name=\"twitter:label1\" content=\"\u00c9crit par\" \/>\n\t<meta name=\"twitter:data1\" content=\"Elodie\" \/>\n\t<meta name=\"twitter:label2\" content=\"Dur\u00e9e de lecture estim\u00e9e\" \/>\n\t<meta name=\"twitter:data2\" content=\"2 minutes\" \/>\n<script type=\"application\/ld+json\" class=\"yoast-schema-graph\">{\"@context\":\"https:\/\/schema.org\",\"@graph\":[{\"@type\":\"Article\",\"@id\":\"https:\/\/www.elodie-et-antoine.fr\/ra\/?p=26#article\",\"isPartOf\":{\"@id\":\"https:\/\/www.elodie-et-antoine.fr\/ra\/?p=26\"},\"author\":{\"name\":\"Elodie\",\"@id\":\"https:\/\/www.elodie-et-antoine.fr\/ra\/#\/schema\/person\/50e9be10104b0e8a3c0f55df181b9b56\"},\"headline\":\"Encadrer, \u00e9duquer, prot\u00e9ger &#8211; l&rsquo;enfance \u00e0 travers les archives XIXe &#8211; XXe si\u00e8cle\",\"datePublished\":\"2013-05-12T11:32:00+00:00\",\"dateModified\":\"2013-10-31T13:06:10+00:00\",\"mainEntityOfPage\":{\"@id\":\"https:\/\/www.elodie-et-antoine.fr\/ra\/?p=26\"},\"wordCount\":342,\"commentCount\":0,\"publisher\":{\"@id\":\"https:\/\/www.elodie-et-antoine.fr\/ra\/#organization\"},\"image\":{\"@id\":\"https:\/\/www.elodie-et-antoine.fr\/ra\/?p=26#primaryimage\"},\"thumbnailUrl\":\"http:\/\/4.bp.blogspot.com\/-zoUV2CKlY0w\/UYz5JuaRb0I\/AAAAAAAAC-0\/sF7f_4H3y9U\/s400\/jeune-femme-et-enfant-fin-xixe-siecle-dadp-cg18-4-fi_img.jpg\",\"keywords\":[\"archives du Cher\",\"\u00e9ducation\"],\"articleSection\":[\"Berry\"],\"inLanguage\":\"fr-FR\",\"potentialAction\":[{\"@type\":\"CommentAction\",\"name\":\"Comment\",\"target\":[\"https:\/\/www.elodie-et-antoine.fr\/ra\/?p=26#respond\"]}]},{\"@type\":\"WebPage\",\"@id\":\"https:\/\/www.elodie-et-antoine.fr\/ra\/?p=26\",\"url\":\"https:\/\/www.elodie-et-antoine.fr\/ra\/?p=26\",\"name\":\"Encadrer, \u00e9duquer, prot\u00e9ger - l'enfance \u00e0 travers les archives XIXe - XXe si\u00e8cle - Rencontre avec mes anc\u00eatres\",\"isPartOf\":{\"@id\":\"https:\/\/www.elodie-et-antoine.fr\/ra\/#website\"},\"primaryImageOfPage\":{\"@id\":\"https:\/\/www.elodie-et-antoine.fr\/ra\/?p=26#primaryimage\"},\"image\":{\"@id\":\"https:\/\/www.elodie-et-antoine.fr\/ra\/?p=26#primaryimage\"},\"thumbnailUrl\":\"http:\/\/4.bp.blogspot.com\/-zoUV2CKlY0w\/UYz5JuaRb0I\/AAAAAAAAC-0\/sF7f_4H3y9U\/s400\/jeune-femme-et-enfant-fin-xixe-siecle-dadp-cg18-4-fi_img.jpg\",\"datePublished\":\"2013-05-12T11:32:00+00:00\",\"dateModified\":\"2013-10-31T13:06:10+00:00\",\"breadcrumb\":{\"@id\":\"https:\/\/www.elodie-et-antoine.fr\/ra\/?p=26#breadcrumb\"},\"inLanguage\":\"fr-FR\",\"potentialAction\":[{\"@type\":\"ReadAction\",\"target\":[\"https:\/\/www.elodie-et-antoine.fr\/ra\/?p=26\"]}]},{\"@type\":\"ImageObject\",\"inLanguage\":\"fr-FR\",\"@id\":\"https:\/\/www.elodie-et-antoine.fr\/ra\/?p=26#primaryimage\",\"url\":\"http:\/\/4.bp.blogspot.com\/-zoUV2CKlY0w\/UYz5JuaRb0I\/AAAAAAAAC-0\/sF7f_4H3y9U\/s400\/jeune-femme-et-enfant-fin-xixe-siecle-dadp-cg18-4-fi_img.jpg\",\"contentUrl\":\"http:\/\/4.bp.blogspot.com\/-zoUV2CKlY0w\/UYz5JuaRb0I\/AAAAAAAAC-0\/sF7f_4H3y9U\/s400\/jeune-femme-et-enfant-fin-xixe-siecle-dadp-cg18-4-fi_img.jpg\"},{\"@type\":\"BreadcrumbList\",\"@id\":\"https:\/\/www.elodie-et-antoine.fr\/ra\/?p=26#breadcrumb\",\"itemListElement\":[{\"@type\":\"ListItem\",\"position\":1,\"name\":\"Accueil\",\"item\":\"https:\/\/www.elodie-et-antoine.fr\/ra\"},{\"@type\":\"ListItem\",\"position\":2,\"name\":\"Encadrer, \u00e9duquer, prot\u00e9ger &#8211; l&rsquo;enfance \u00e0 travers les archives XIXe &#8211; XXe si\u00e8cle\"}]},{\"@type\":\"WebSite\",\"@id\":\"https:\/\/www.elodie-et-antoine.fr\/ra\/#website\",\"url\":\"https:\/\/www.elodie-et-antoine.fr\/ra\/\",\"name\":\"Rencontre avec mes anc\u00eatres\",\"description\":\"Rencontre avec mes anc\u00eatres\",\"publisher\":{\"@id\":\"https:\/\/www.elodie-et-antoine.fr\/ra\/#organization\"},\"potentialAction\":[{\"@type\":\"SearchAction\",\"target\":{\"@type\":\"EntryPoint\",\"urlTemplate\":\"https:\/\/www.elodie-et-antoine.fr\/ra\/?s={search_term_string}\"},\"query-input\":{\"@type\":\"PropertyValueSpecification\",\"valueRequired\":true,\"valueName\":\"search_term_string\"}}],\"inLanguage\":\"fr-FR\"},{\"@type\":\"Organization\",\"@id\":\"https:\/\/www.elodie-et-antoine.fr\/ra\/#organization\",\"name\":\"Rencontre avec mes anc\u00eatres\",\"url\":\"https:\/\/www.elodie-et-antoine.fr\/ra\/\",\"logo\":{\"@type\":\"ImageObject\",\"inLanguage\":\"fr-FR\",\"@id\":\"https:\/\/www.elodie-et-antoine.fr\/ra\/#\/schema\/logo\/image\/\",\"url\":\"https:\/\/www.elodie-et-antoine.fr\/ra\/wp-content\/uploads\/2024\/02\/Logo-detoure.png\",\"contentUrl\":\"https:\/\/www.elodie-et-antoine.fr\/ra\/wp-content\/uploads\/2024\/02\/Logo-detoure.png\",\"width\":500,\"height\":500,\"caption\":\"Rencontre avec mes anc\u00eatres\"},\"image\":{\"@id\":\"https:\/\/www.elodie-et-antoine.fr\/ra\/#\/schema\/logo\/image\/\"},\"sameAs\":[\"https:\/\/www.facebook.com\/rencontreancetres\",\"https:\/\/x.com\/lodeetwit\"]},{\"@type\":\"Person\",\"@id\":\"https:\/\/www.elodie-et-antoine.fr\/ra\/#\/schema\/person\/50e9be10104b0e8a3c0f55df181b9b56\",\"name\":\"Elodie\",\"image\":{\"@type\":\"ImageObject\",\"inLanguage\":\"fr-FR\",\"@id\":\"https:\/\/www.elodie-et-antoine.fr\/ra\/#\/schema\/person\/image\/\",\"url\":\"https:\/\/secure.gravatar.com\/avatar\/1ee5777faed60801dee6c0665d8f4bb2cfd6d4bf6ab052dbbc40be268a652c31?s=96&d=mm&r=g\",\"contentUrl\":\"https:\/\/secure.gravatar.com\/avatar\/1ee5777faed60801dee6c0665d8f4bb2cfd6d4bf6ab052dbbc40be268a652c31?s=96&d=mm&r=g\",\"caption\":\"Elodie\"},\"url\":\"https:\/\/www.elodie-et-antoine.fr\/ra\/?author=1\"}]}<\/script>\n<!-- \/ Yoast SEO plugin. -->","yoast_head_json":{"title":"Encadrer, \u00e9duquer, prot\u00e9ger - l'enfance \u00e0 travers les archives XIXe - XXe si\u00e8cle - Rencontre avec mes anc\u00eatres","robots":{"index":"index","follow":"follow","max-snippet":"max-snippet:-1","max-image-preview":"max-image-preview:large","max-video-preview":"max-video-preview:-1"},"canonical":"https:\/\/www.elodie-et-antoine.fr\/ra\/?p=26","og_locale":"fr_FR","og_type":"article","og_title":"Encadrer, \u00e9duquer, prot\u00e9ger - l'enfance \u00e0 travers les archives XIXe - XXe si\u00e8cle - Rencontre avec mes anc\u00eatres","og_description":"Je relaie ici une exposition pr\u00e9sent\u00e9e aux archives d\u00e9partementales du Cher, du 26 mars au 16 juin 2013. \u00catre enfant entre le XIXe et le XXe si\u00e8cle : \u00e7a ressemblait \u00e0 quoi ? Source : archives18.fr Honn\u00eatement, vu ce que j&rsquo;ai d\u00e9couvert dans ma g\u00e9n\u00e9alogie, peu de risque que la vie de mes jeunes anc\u00eatres ait ressembl\u00e9 \u00e0 la photo ci-dessus. Ils devaient plut\u00f4t aller travailler jeunes dans la champs, lorsqu&rsquo;ils avaient la chance d&rsquo;avoir surv\u00e9cu aux premi\u00e8res ann\u00e9es tr\u00e8s dures dans les campagnes. Voici ce qui est inscrit sur le site des archives pour pr\u00e9senter l&rsquo;exposition : Dans la conscience collective l\u2019enfance est souvent associ\u00e9e \u00e0 l\u2019insouciance, aux jeux et aux jours heureux. Ces images id\u00e9alis\u00e9es produites par un monde d\u2019adultes peuvent recouvrir des r\u00e9alit\u00e9s contrast\u00e9es selon les pays, les \u00e9poques, le milieu social ou familial dans lequel les enfants ont vu le jour. Elles sont issues de la lente prise de conscience d\u2019une condition sp\u00e9cifique de l\u2019enfant dans les soci\u00e9t\u00e9s contemporaines. Le sort des enfants d\u00e9soeuvr\u00e9s au milieu du XIXe si\u00e8cle, d\u00e9crit par Dickens ou Hugo, trouve un \u00e9cho frappant dans les archives de cette \u00e9poque. Conditions de travail des apprentis dans les usines, vie des jeunes ouvriers dans les campagnes et lents progr\u00e8s de la scolarisation sont connus mais \u00e0 la lumi\u00e8re des documents d\u2019archives revivent intens\u00e9ment. D\u2019autres th\u00e8mes tels que les exp\u00e9riences nouvelles tent\u00e9es pour la d\u00e9tention des mineurs d\u00e9linquants, le d\u00e9veloppement de l\u2019assistance publique ou le destin des enfants dans les guerres mondiales n\u2019avaient jamais fait l\u2019objet d\u2019une exposition dans le d\u00e9partement. Pour tous ceux qui ne pourront pas s&rsquo;y rendre, il est possible de t\u00e9l\u00e9charger le catalogue de l&rsquo;exposition ici (il faut s&rsquo;inscrire sur le site scribd pour t\u00e9l\u00e9charger).","og_url":"https:\/\/www.elodie-et-antoine.fr\/ra\/?p=26","og_site_name":"Rencontre avec mes anc\u00eatres","article_publisher":"https:\/\/www.facebook.com\/rencontreancetres","article_published_time":"2013-05-12T11:32:00+00:00","article_modified_time":"2013-10-31T13:06:10+00:00","og_image":[{"url":"http:\/\/4.bp.blogspot.com\/-zoUV2CKlY0w\/UYz5JuaRb0I\/AAAAAAAAC-0\/sF7f_4H3y9U\/s400\/jeune-femme-et-enfant-fin-xixe-siecle-dadp-cg18-4-fi_img.jpg","type":"","width":"","height":""}],"author":"Elodie","twitter_card":"summary_large_image","twitter_creator":"@lodeetwit","twitter_site":"@lodeetwit","twitter_misc":{"\u00c9crit par":"Elodie","Dur\u00e9e de lecture estim\u00e9e":"2 minutes"},"schema":{"@context":"https:\/\/schema.org","@graph":[{"@type":"Article","@id":"https:\/\/www.elodie-et-antoine.fr\/ra\/?p=26#article","isPartOf":{"@id":"https:\/\/www.elodie-et-antoine.fr\/ra\/?p=26"},"author":{"name":"Elodie","@id":"https:\/\/www.elodie-et-antoine.fr\/ra\/#\/schema\/person\/50e9be10104b0e8a3c0f55df181b9b56"},"headline":"Encadrer, \u00e9duquer, prot\u00e9ger &#8211; l&rsquo;enfance \u00e0 travers les archives XIXe &#8211; XXe si\u00e8cle","datePublished":"2013-05-12T11:32:00+00:00","dateModified":"2013-10-31T13:06:10+00:00","mainEntityOfPage":{"@id":"https:\/\/www.elodie-et-antoine.fr\/ra\/?p=26"},"wordCount":342,"commentCount":0,"publisher":{"@id":"https:\/\/www.elodie-et-antoine.fr\/ra\/#organization"},"image":{"@id":"https:\/\/www.elodie-et-antoine.fr\/ra\/?p=26#primaryimage"},"thumbnailUrl":"http:\/\/4.bp.blogspot.com\/-zoUV2CKlY0w\/UYz5JuaRb0I\/AAAAAAAAC-0\/sF7f_4H3y9U\/s400\/jeune-femme-et-enfant-fin-xixe-siecle-dadp-cg18-4-fi_img.jpg","keywords":["archives du Cher","\u00e9ducation"],"articleSection":["Berry"],"inLanguage":"fr-FR","potentialAction":[{"@type":"CommentAction","name":"Comment","target":["https:\/\/www.elodie-et-antoine.fr\/ra\/?p=26#respond"]}]},{"@type":"WebPage","@id":"https:\/\/www.elodie-et-antoine.fr\/ra\/?p=26","url":"https:\/\/www.elodie-et-antoine.fr\/ra\/?p=26","name":"Encadrer, \u00e9duquer, prot\u00e9ger - l'enfance \u00e0 travers les archives XIXe - XXe si\u00e8cle - Rencontre avec mes anc\u00eatres","isPartOf":{"@id":"https:\/\/www.elodie-et-antoine.fr\/ra\/#website"},"primaryImageOfPage":{"@id":"https:\/\/www.elodie-et-antoine.fr\/ra\/?p=26#primaryimage"},"image":{"@id":"https:\/\/www.elodie-et-antoine.fr\/ra\/?p=26#primaryimage"},"thumbnailUrl":"http:\/\/4.bp.blogspot.com\/-zoUV2CKlY0w\/UYz5JuaRb0I\/AAAAAAAAC-0\/sF7f_4H3y9U\/s400\/jeune-femme-et-enfant-fin-xixe-siecle-dadp-cg18-4-fi_img.jpg","datePublished":"2013-05-12T11:32:00+00:00","dateModified":"2013-10-31T13:06:10+00:00","breadcrumb":{"@id":"https:\/\/www.elodie-et-antoine.fr\/ra\/?p=26#breadcrumb"},"inLanguage":"fr-FR","potentialAction":[{"@type":"ReadAction","target":["https:\/\/www.elodie-et-antoine.fr\/ra\/?p=26"]}]},{"@type":"ImageObject","inLanguage":"fr-FR","@id":"https:\/\/www.elodie-et-antoine.fr\/ra\/?p=26#primaryimage","url":"http:\/\/4.bp.blogspot.com\/-zoUV2CKlY0w\/UYz5JuaRb0I\/AAAAAAAAC-0\/sF7f_4H3y9U\/s400\/jeune-femme-et-enfant-fin-xixe-siecle-dadp-cg18-4-fi_img.jpg","contentUrl":"http:\/\/4.bp.blogspot.com\/-zoUV2CKlY0w\/UYz5JuaRb0I\/AAAAAAAAC-0\/sF7f_4H3y9U\/s400\/jeune-femme-et-enfant-fin-xixe-siecle-dadp-cg18-4-fi_img.jpg"},{"@type":"BreadcrumbList","@id":"https:\/\/www.elodie-et-antoine.fr\/ra\/?p=26#breadcrumb","itemListElement":[{"@type":"ListItem","position":1,"name":"Accueil","item":"https:\/\/www.elodie-et-antoine.fr\/ra"},{"@type":"ListItem","position":2,"name":"Encadrer, \u00e9duquer, prot\u00e9ger &#8211; l&rsquo;enfance \u00e0 travers les archives XIXe &#8211; XXe si\u00e8cle"}]},{"@type":"WebSite","@id":"https:\/\/www.elodie-et-antoine.fr\/ra\/#website","url":"https:\/\/www.elodie-et-antoine.fr\/ra\/","name":"Rencontre avec mes anc\u00eatres","description":"Rencontre avec mes anc\u00eatres","publisher":{"@id":"https:\/\/www.elodie-et-antoine.fr\/ra\/#organization"},"potentialAction":[{"@type":"SearchAction","target":{"@type":"EntryPoint","urlTemplate":"https:\/\/www.elodie-et-antoine.fr\/ra\/?s={search_term_string}"},"query-input":{"@type":"PropertyValueSpecification","valueRequired":true,"valueName":"search_term_string"}}],"inLanguage":"fr-FR"},{"@type":"Organization","@id":"https:\/\/www.elodie-et-antoine.fr\/ra\/#organization","name":"Rencontre avec mes anc\u00eatres","url":"https:\/\/www.elodie-et-antoine.fr\/ra\/","logo":{"@type":"ImageObject","inLanguage":"fr-FR","@id":"https:\/\/www.elodie-et-antoine.fr\/ra\/#\/schema\/logo\/image\/","url":"https:\/\/www.elodie-et-antoine.fr\/ra\/wp-content\/uploads\/2024\/02\/Logo-detoure.png","contentUrl":"https:\/\/www.elodie-et-antoine.fr\/ra\/wp-content\/uploads\/2024\/02\/Logo-detoure.png","width":500,"height":500,"caption":"Rencontre avec mes anc\u00eatres"},"image":{"@id":"https:\/\/www.elodie-et-antoine.fr\/ra\/#\/schema\/logo\/image\/"},"sameAs":["https:\/\/www.facebook.com\/rencontreancetres","https:\/\/x.com\/lodeetwit"]},{"@type":"Person","@id":"https:\/\/www.elodie-et-antoine.fr\/ra\/#\/schema\/person\/50e9be10104b0e8a3c0f55df181b9b56","name":"Elodie","image":{"@type":"ImageObject","inLanguage":"fr-FR","@id":"https:\/\/www.elodie-et-antoine.fr\/ra\/#\/schema\/person\/image\/","url":"https:\/\/secure.gravatar.com\/avatar\/1ee5777faed60801dee6c0665d8f4bb2cfd6d4bf6ab052dbbc40be268a652c31?s=96&d=mm&r=g","contentUrl":"https:\/\/secure.gravatar.com\/avatar\/1ee5777faed60801dee6c0665d8f4bb2cfd6d4bf6ab052dbbc40be268a652c31?s=96&d=mm&r=g","caption":"Elodie"},"url":"https:\/\/www.elodie-et-antoine.fr\/ra\/?author=1"}]}},"jetpack_featured_media_url":"","jetpack_sharing_enabled":true,"_links":{"self":[{"href":"https:\/\/www.elodie-et-antoine.fr\/ra\/index.php?rest_route=\/wp\/v2\/posts\/26","targetHints":{"allow":["GET"]}}],"collection":[{"href":"https:\/\/www.elodie-et-antoine.fr\/ra\/index.php?rest_route=\/wp\/v2\/posts"}],"about":[{"href":"https:\/\/www.elodie-et-antoine.fr\/ra\/index.php?rest_route=\/wp\/v2\/types\/post"}],"author":[{"embeddable":true,"href":"https:\/\/www.elodie-et-antoine.fr\/ra\/index.php?rest_route=\/wp\/v2\/users\/1"}],"replies":[{"embeddable":true,"href":"https:\/\/www.elodie-et-antoine.fr\/ra\/index.php?rest_route=%2Fwp%2Fv2%2Fcomments&post=26"}],"version-history":[{"count":2,"href":"https:\/\/www.elodie-et-antoine.fr\/ra\/index.php?rest_route=\/wp\/v2\/posts\/26\/revisions"}],"predecessor-version":[{"id":186,"href":"https:\/\/www.elodie-et-antoine.fr\/ra\/index.php?rest_route=\/wp\/v2\/posts\/26\/revisions\/186"}],"wp:attachment":[{"href":"https:\/\/www.elodie-et-antoine.fr\/ra\/index.php?rest_route=%2Fwp%2Fv2%2Fmedia&parent=26"}],"wp:term":[{"taxonomy":"category","embeddable":true,"href":"https:\/\/www.elodie-et-antoine.fr\/ra\/index.php?rest_route=%2Fwp%2Fv2%2Fcategories&post=26"},{"taxonomy":"post_tag","embeddable":true,"href":"https:\/\/www.elodie-et-antoine.fr\/ra\/index.php?rest_route=%2Fwp%2Fv2%2Ftags&post=26"}],"curies":[{"name":"wp","href":"https:\/\/api.w.org\/{rel}","templated":true}]}}