{"id":2227,"date":"2019-07-11T17:25:23","date_gmt":"2019-07-11T16:25:23","guid":{"rendered":"http:\/\/www.elodie-et-antoine.fr\/ra\/?p=2227"},"modified":"2019-07-13T14:32:44","modified_gmt":"2019-07-13T13:32:44","slug":"la-vie-de-simon-groslier-marinier-defi-3-mois","status":"publish","type":"post","link":"https:\/\/www.elodie-et-antoine.fr\/ra\/?p=2227","title":{"rendered":"La vie de Simon GROSLIER, marinier [D\u00e9fi 3 mois]"},"content":{"rendered":"<p><em>Voil\u00e0 un d\u00e9fi 3 mois qui durera plus de 3 mois&#8230; mais l&rsquo;important est d&rsquo;arriver au bout ! Pour vous rappeler le contexte, je vous conseille de lire le premier billet <a href=\"https:\/\/www.elodie-et-antoine.fr\/ra\/?p=2142\">ici<\/a>. Apr\u00e8s la vie des <a href=\"https:\/\/www.elodie-et-antoine.fr\/ra\/?p=2155\">soeurs FOREST<\/a> et celle de <a href=\"https:\/\/www.elodie-et-antoine.fr\/ra\/?p=2208\">Louis LEDUC<\/a>, voici celle de Simon GROSLIER, \u00e9poux de Th\u00e9r\u00e8se.<\/em><\/p>\n<p>Nous restons dans la commune de Saint-Satur, o\u00f9 <a href=\"https:\/\/gw.geneanet.org\/edezat_w?lang=fr&amp;pz=elodie+nadine&amp;nz=dezat&amp;p=simon&amp;n=groslier\">Simon GROSLIE<\/a>R na\u00eet le 4 f\u00e9vrier 1781\u00a0 d&rsquo;un p\u00e8re batelier ; de nombreux anc\u00eatres ont exerc\u00e9 cette profession qui sera bient\u00f4t la sienne.<\/p>\n<p>Il \u00e9pouse le 24 janvier 1807 Suzanne Fran\u00e7oise PIESANT de 8 ans son a\u00een\u00e9e. Il est alors \u00e2g\u00e9 de 25 ans. Sept mois plus tard na\u00eet Claude, leur premier fils (cela ne fait donc pas neuf mois !). Son oncle Claude GROSLIER, voiturier par eau, est l&rsquo;un des t\u00e9moins de la naissance.<\/p>\n<p>En 1810 na\u00eet leur deuxi\u00e8me fils \u00c9tienne Genefort, puis en 1812 Euphrasie dont je perd la trace dans les archives. Une seconde fille, Eug\u00e9nie, na\u00eet en 1815 ; elle vivra 6 mois. Le dernier enfant que j&rsquo;ai trouv\u00e9 est Simon, n\u00e9 en 1818 qui d\u00e9c\u00e8de \u00e0 l&rsquo;\u00e2ge de 21 mois.<\/p>\n<p>Je retrouve heureusement des \u00e9v\u00e8nements plus joyeux : en 1833 Etienne Genefort, qui est devenu marinier, \u00e9pouse une ling\u00e8re &#8230; qui porte le m\u00eame patronyme que lui. Claude \u00e9pouse deux ans plus tard une couturi\u00e8re.<\/p>\n<p>Sa femme meurt le 11 mai 1839 \u00e0 l&rsquo;\u00e2ge de 65 ans. Seulement quatre mois plus tard, il \u00e9pouse <a href=\"https:\/\/gw.geneanet.org\/edezat_w?lang=fr&amp;pz=elodie+nadine&amp;nz=dezat&amp;p=therese&amp;n=forest\">Th\u00e9r\u00e8se FOREST<\/a>, \u00e2g\u00e9e de 41 ans ; il en a 58.<\/p>\n<p>Ils n&rsquo;auront aucun enfant ensemble, peut-\u00eatre est-ce d\u00fb \u00e0 l&rsquo;\u00e2ge de la mari\u00e9e ?<\/p>\n<p>Simon GROSLIER d\u00e9c\u00e8de le 30 mars 1853 ; Th\u00e9r\u00e8se restera veuve durant 7 ans avant de d\u00e9c\u00e9der \u00e0 son tour en 1860.<\/p>\n<p><a href=\"https:\/\/www.elodie-et-antoine.fr\/ra\/wp-content\/uploads\/2019\/07\/Ligne-de-vie-GROSLIER.jpg\"><img loading=\"lazy\" decoding=\"async\" class=\"size-full wp-image-2280 aligncenter\" src=\"https:\/\/www.elodie-et-antoine.fr\/ra\/wp-content\/uploads\/2019\/07\/Ligne-de-vie-GROSLIER.jpg\" alt=\"\" width=\"472\" height=\"830\" srcset=\"https:\/\/www.elodie-et-antoine.fr\/ra\/wp-content\/uploads\/2019\/07\/Ligne-de-vie-GROSLIER.jpg 472w, https:\/\/www.elodie-et-antoine.fr\/ra\/wp-content\/uploads\/2019\/07\/Ligne-de-vie-GROSLIER-171x300.jpg 171w, https:\/\/www.elodie-et-antoine.fr\/ra\/wp-content\/uploads\/2019\/07\/Ligne-de-vie-GROSLIER-154x270.jpg 154w\" sizes=\"auto, (max-width: 472px) 100vw, 472px\" \/><\/a><\/p>\n<h2>Et ses ascendants ?<\/h2>\n<p>Les deux arri\u00e8re-grand-p\u00e8res paternels de Simon, son p\u00e8re et son grand-p\u00e8re, furent mariniers. Du c\u00f4t\u00e9 de sa m\u00e8re, nous retrouvons un grand-p\u00e8re mar\u00e9chal, une grand-m\u00e8re aubergiste et un anc\u00eatre qui fut mar\u00e9chal et cabaretier.<\/p>\n<p><a href=\"https:\/\/www.elodie-et-antoine.fr\/ra\/wp-content\/uploads\/2019\/07\/Defi-3m-n\u00b03.jpg\"><img loading=\"lazy\" decoding=\"async\" class=\"alignnone size-full wp-image-2279\" src=\"https:\/\/www.elodie-et-antoine.fr\/ra\/wp-content\/uploads\/2019\/07\/Defi-3m-n\u00b03.jpg\" alt=\"\" width=\"794\" height=\"586\" srcset=\"https:\/\/www.elodie-et-antoine.fr\/ra\/wp-content\/uploads\/2019\/07\/Defi-3m-n\u00b03.jpg 794w, https:\/\/www.elodie-et-antoine.fr\/ra\/wp-content\/uploads\/2019\/07\/Defi-3m-n\u00b03-300x221.jpg 300w, https:\/\/www.elodie-et-antoine.fr\/ra\/wp-content\/uploads\/2019\/07\/Defi-3m-n\u00b03-768x567.jpg 768w, https:\/\/www.elodie-et-antoine.fr\/ra\/wp-content\/uploads\/2019\/07\/Defi-3m-n\u00b03-366x270.jpg 366w\" sizes=\"auto, (max-width: 794px) 100vw, 794px\" \/><\/a><\/p>\n<p>Moi qui imaginait des cousins \u00e9loign\u00e9s mariniers, les s\u0153urs FOREST n&rsquo;ont finalement eu aucun enfant avec leurs \u00e9poux travaillant sur la Loire. Il faut dire qu&rsquo;elles se sont toutes les deux mari\u00e9es tardivement pour une premi\u00e8re union.<\/p>\n<p>Le d\u00e9fi n&rsquo;est pas encore termin\u00e9, car il me reste \u00e0 \u00e9crire un article (ou plusieurs) portant sur ce qu&rsquo;\u00e9tait la vie des mariniers de Loire. A bient\u00f4t pour un prochain article.<\/p>\n","protected":false},"excerpt":{"rendered":"<p>Voil\u00e0 un d\u00e9fi 3 mois qui durera plus de 3 mois&#8230; mais l&rsquo;important est d&rsquo;arriver au bout ! Pour vous rappeler le contexte, je vous conseille de lire le premier billet ici. Apr\u00e8s la vie des soeurs FOREST et celle de Louis LEDUC, voici celle de Simon GROSLIER, \u00e9poux de Th\u00e9r\u00e8se. Nous restons dans la commune de Saint-Satur, o\u00f9 Simon GROSLIER na\u00eet le 4 f\u00e9vrier 1781\u00a0 d&rsquo;un p\u00e8re batelier ; de nombreux anc\u00eatres ont exerc\u00e9 cette profession qui sera bient\u00f4t la sienne. Il \u00e9pouse le 24 janvier 1807 Suzanne Fran\u00e7oise PIESANT de 8 ans son a\u00een\u00e9e. Il est alors \u00e2g\u00e9 de 25 ans. Sept mois plus tard na\u00eet Claude, leur premier fils (cela ne fait donc pas neuf mois !). Son oncle Claude GROSLIER, voiturier par eau, est l&rsquo;un des t\u00e9moins de la naissance. En 1810 na\u00eet leur deuxi\u00e8me fils \u00c9tienne Genefort, puis en 1812 Euphrasie dont je perd la trace dans les archives. Une seconde fille, Eug\u00e9nie, na\u00eet en 1815 ; elle vivra 6 mois. Le dernier enfant que j&rsquo;ai trouv\u00e9 est Simon, n\u00e9 en 1818 qui d\u00e9c\u00e8de \u00e0 l&rsquo;\u00e2ge de 21 mois. Je retrouve heureusement des \u00e9v\u00e8nements plus joyeux : en 1833 Etienne Genefort, qui est devenu marinier, \u00e9pouse une ling\u00e8re &#8230; qui porte le m\u00eame patronyme que lui. Claude \u00e9pouse deux ans plus tard une couturi\u00e8re. Sa femme meurt le 11 mai 1839 \u00e0 l&rsquo;\u00e2ge de 65 ans. Seulement quatre mois plus tard, il \u00e9pouse Th\u00e9r\u00e8se FOREST, \u00e2g\u00e9e de 41 ans ; il en a 58. Ils n&rsquo;auront aucun enfant ensemble, peut-\u00eatre est-ce d\u00fb \u00e0 l&rsquo;\u00e2ge de la mari\u00e9e ? Simon GROSLIER d\u00e9c\u00e8de le 30 mars 1853 ; Th\u00e9r\u00e8se restera veuve durant 7 ans avant de d\u00e9c\u00e9der \u00e0 son tour en 1860. Et ses ascendants ? Les deux arri\u00e8re-grand-p\u00e8res paternels de Simon, son p\u00e8re et son grand-p\u00e8re, furent mariniers. Du c\u00f4t\u00e9 de sa m\u00e8re, nous retrouvons un grand-p\u00e8re mar\u00e9chal, une grand-m\u00e8re aubergiste et un anc\u00eatre qui fut mar\u00e9chal et cabaretier. Moi qui imaginait des cousins \u00e9loign\u00e9s mariniers, les s\u0153urs FOREST n&rsquo;ont finalement eu aucun enfant avec leurs \u00e9poux travaillant sur la Loire. Il faut dire qu&rsquo;elles se sont toutes les deux mari\u00e9es tardivement pour une premi\u00e8re union. Le d\u00e9fi n&rsquo;est pas encore termin\u00e9, car il me reste \u00e0 \u00e9crire un article (ou plusieurs) portant sur ce qu&rsquo;\u00e9tait la vie des mariniers de Loire. A bient\u00f4t pour un prochain article.<\/p>\n","protected":false},"author":1,"featured_media":0,"comment_status":"open","ping_status":"open","sticky":false,"template":"","format":"standard","meta":{"_exactmetrics_skip_tracking":false,"_exactmetrics_sitenote_active":false,"_exactmetrics_sitenote_note":"","_exactmetrics_sitenote_category":0,"jetpack_post_was_ever_published":false,"_jetpack_newsletter_access":"","_jetpack_dont_email_post_to_subs":false,"_jetpack_newsletter_tier_id":0,"_jetpack_memberships_contains_paywalled_content":false,"_jetpack_memberships_contains_paid_content":false,"footnotes":""},"categories":[7],"tags":[220,226,223,221],"class_list":["post-2227","post","type-post","status-publish","format-standard","hentry","category-mes-recherches","tag-forest","tag-groslier","tag-marinier","tag-saint-satur"],"yoast_head":"<!-- This site is optimized with the Yoast SEO plugin v27.0 - https:\/\/yoast.com\/product\/yoast-seo-wordpress\/ -->\n<title>La vie de Simon GROSLIER, marinier [D\u00e9fi 3 mois] - Rencontre avec mes anc\u00eatres<\/title>\n<meta name=\"robots\" content=\"index, follow, max-snippet:-1, max-image-preview:large, max-video-preview:-1\" \/>\n<link rel=\"canonical\" href=\"https:\/\/www.elodie-et-antoine.fr\/ra\/?p=2227\" \/>\n<meta property=\"og:locale\" content=\"fr_FR\" \/>\n<meta property=\"og:type\" content=\"article\" \/>\n<meta property=\"og:title\" content=\"La vie de Simon GROSLIER, marinier [D\u00e9fi 3 mois] - Rencontre avec mes anc\u00eatres\" \/>\n<meta property=\"og:description\" content=\"Voil\u00e0 un d\u00e9fi 3 mois qui durera plus de 3 mois&#8230; mais l&rsquo;important est d&rsquo;arriver au bout ! Pour vous rappeler le contexte, je vous conseille de lire le premier billet ici. Apr\u00e8s la vie des soeurs FOREST et celle de Louis LEDUC, voici celle de Simon GROSLIER, \u00e9poux de Th\u00e9r\u00e8se. Nous restons dans la commune de Saint-Satur, o\u00f9 Simon GROSLIER na\u00eet le 4 f\u00e9vrier 1781\u00a0 d&rsquo;un p\u00e8re batelier ; de nombreux anc\u00eatres ont exerc\u00e9 cette profession qui sera bient\u00f4t la sienne. Il \u00e9pouse le 24 janvier 1807 Suzanne Fran\u00e7oise PIESANT de 8 ans son a\u00een\u00e9e. Il est alors \u00e2g\u00e9 de 25 ans. Sept mois plus tard na\u00eet Claude, leur premier fils (cela ne fait donc pas neuf mois !). Son oncle Claude GROSLIER, voiturier par eau, est l&rsquo;un des t\u00e9moins de la naissance. En 1810 na\u00eet leur deuxi\u00e8me fils \u00c9tienne Genefort, puis en 1812 Euphrasie dont je perd la trace dans les archives. Une seconde fille, Eug\u00e9nie, na\u00eet en 1815 ; elle vivra 6 mois. Le dernier enfant que j&rsquo;ai trouv\u00e9 est Simon, n\u00e9 en 1818 qui d\u00e9c\u00e8de \u00e0 l&rsquo;\u00e2ge de 21 mois. Je retrouve heureusement des \u00e9v\u00e8nements plus joyeux : en 1833 Etienne Genefort, qui est devenu marinier, \u00e9pouse une ling\u00e8re &#8230; qui porte le m\u00eame patronyme que lui. Claude \u00e9pouse deux ans plus tard une couturi\u00e8re. Sa femme meurt le 11 mai 1839 \u00e0 l&rsquo;\u00e2ge de 65 ans. Seulement quatre mois plus tard, il \u00e9pouse Th\u00e9r\u00e8se FOREST, \u00e2g\u00e9e de 41 ans ; il en a 58. Ils n&rsquo;auront aucun enfant ensemble, peut-\u00eatre est-ce d\u00fb \u00e0 l&rsquo;\u00e2ge de la mari\u00e9e ? Simon GROSLIER d\u00e9c\u00e8de le 30 mars 1853 ; Th\u00e9r\u00e8se restera veuve durant 7 ans avant de d\u00e9c\u00e9der \u00e0 son tour en 1860. Et ses ascendants ? Les deux arri\u00e8re-grand-p\u00e8res paternels de Simon, son p\u00e8re et son grand-p\u00e8re, furent mariniers. Du c\u00f4t\u00e9 de sa m\u00e8re, nous retrouvons un grand-p\u00e8re mar\u00e9chal, une grand-m\u00e8re aubergiste et un anc\u00eatre qui fut mar\u00e9chal et cabaretier. Moi qui imaginait des cousins \u00e9loign\u00e9s mariniers, les s\u0153urs FOREST n&rsquo;ont finalement eu aucun enfant avec leurs \u00e9poux travaillant sur la Loire. Il faut dire qu&rsquo;elles se sont toutes les deux mari\u00e9es tardivement pour une premi\u00e8re union. Le d\u00e9fi n&rsquo;est pas encore termin\u00e9, car il me reste \u00e0 \u00e9crire un article (ou plusieurs) portant sur ce qu&rsquo;\u00e9tait la vie des mariniers de Loire. A bient\u00f4t pour un prochain article.\" \/>\n<meta property=\"og:url\" content=\"https:\/\/www.elodie-et-antoine.fr\/ra\/?p=2227\" \/>\n<meta property=\"og:site_name\" content=\"Rencontre avec mes anc\u00eatres\" \/>\n<meta property=\"article:publisher\" content=\"https:\/\/www.facebook.com\/rencontreancetres\" \/>\n<meta property=\"article:published_time\" content=\"2019-07-11T16:25:23+00:00\" \/>\n<meta property=\"article:modified_time\" content=\"2019-07-13T13:32:44+00:00\" \/>\n<meta property=\"og:image\" content=\"http:\/\/www.elodie-et-antoine.fr\/ra\/wp-content\/uploads\/2019\/07\/Ligne-de-vie-GROSLIER.jpg\" \/>\n<meta name=\"author\" content=\"Elodie\" \/>\n<meta name=\"twitter:card\" content=\"summary_large_image\" \/>\n<meta name=\"twitter:creator\" content=\"@lodeetwit\" \/>\n<meta name=\"twitter:site\" content=\"@lodeetwit\" \/>\n<meta name=\"twitter:label1\" content=\"\u00c9crit par\" \/>\n\t<meta name=\"twitter:data1\" content=\"Elodie\" \/>\n\t<meta name=\"twitter:label2\" content=\"Dur\u00e9e de lecture estim\u00e9e\" \/>\n\t<meta name=\"twitter:data2\" content=\"2 minutes\" \/>\n<script type=\"application\/ld+json\" class=\"yoast-schema-graph\">{\"@context\":\"https:\/\/schema.org\",\"@graph\":[{\"@type\":\"Article\",\"@id\":\"https:\/\/www.elodie-et-antoine.fr\/ra\/?p=2227#article\",\"isPartOf\":{\"@id\":\"https:\/\/www.elodie-et-antoine.fr\/ra\/?p=2227\"},\"author\":{\"name\":\"Elodie\",\"@id\":\"https:\/\/www.elodie-et-antoine.fr\/ra\/#\/schema\/person\/50e9be10104b0e8a3c0f55df181b9b56\"},\"headline\":\"La vie de Simon GROSLIER, marinier [D\u00e9fi 3 mois]\",\"datePublished\":\"2019-07-11T16:25:23+00:00\",\"dateModified\":\"2019-07-13T13:32:44+00:00\",\"mainEntityOfPage\":{\"@id\":\"https:\/\/www.elodie-et-antoine.fr\/ra\/?p=2227\"},\"wordCount\":418,\"commentCount\":0,\"publisher\":{\"@id\":\"https:\/\/www.elodie-et-antoine.fr\/ra\/#organization\"},\"image\":{\"@id\":\"https:\/\/www.elodie-et-antoine.fr\/ra\/?p=2227#primaryimage\"},\"thumbnailUrl\":\"http:\/\/www.elodie-et-antoine.fr\/ra\/wp-content\/uploads\/2019\/07\/Ligne-de-vie-GROSLIER.jpg\",\"keywords\":[\"Forest\",\"Groslier\",\"marinier\",\"Saint-Satur\"],\"articleSection\":[\"Mes recherches\"],\"inLanguage\":\"fr-FR\",\"potentialAction\":[{\"@type\":\"CommentAction\",\"name\":\"Comment\",\"target\":[\"https:\/\/www.elodie-et-antoine.fr\/ra\/?p=2227#respond\"]}]},{\"@type\":\"WebPage\",\"@id\":\"https:\/\/www.elodie-et-antoine.fr\/ra\/?p=2227\",\"url\":\"https:\/\/www.elodie-et-antoine.fr\/ra\/?p=2227\",\"name\":\"La vie de Simon GROSLIER, marinier [D\u00e9fi 3 mois] - Rencontre avec mes anc\u00eatres\",\"isPartOf\":{\"@id\":\"https:\/\/www.elodie-et-antoine.fr\/ra\/#website\"},\"primaryImageOfPage\":{\"@id\":\"https:\/\/www.elodie-et-antoine.fr\/ra\/?p=2227#primaryimage\"},\"image\":{\"@id\":\"https:\/\/www.elodie-et-antoine.fr\/ra\/?p=2227#primaryimage\"},\"thumbnailUrl\":\"http:\/\/www.elodie-et-antoine.fr\/ra\/wp-content\/uploads\/2019\/07\/Ligne-de-vie-GROSLIER.jpg\",\"datePublished\":\"2019-07-11T16:25:23+00:00\",\"dateModified\":\"2019-07-13T13:32:44+00:00\",\"breadcrumb\":{\"@id\":\"https:\/\/www.elodie-et-antoine.fr\/ra\/?p=2227#breadcrumb\"},\"inLanguage\":\"fr-FR\",\"potentialAction\":[{\"@type\":\"ReadAction\",\"target\":[\"https:\/\/www.elodie-et-antoine.fr\/ra\/?p=2227\"]}]},{\"@type\":\"ImageObject\",\"inLanguage\":\"fr-FR\",\"@id\":\"https:\/\/www.elodie-et-antoine.fr\/ra\/?p=2227#primaryimage\",\"url\":\"http:\/\/www.elodie-et-antoine.fr\/ra\/wp-content\/uploads\/2019\/07\/Ligne-de-vie-GROSLIER.jpg\",\"contentUrl\":\"http:\/\/www.elodie-et-antoine.fr\/ra\/wp-content\/uploads\/2019\/07\/Ligne-de-vie-GROSLIER.jpg\"},{\"@type\":\"BreadcrumbList\",\"@id\":\"https:\/\/www.elodie-et-antoine.fr\/ra\/?p=2227#breadcrumb\",\"itemListElement\":[{\"@type\":\"ListItem\",\"position\":1,\"name\":\"Accueil\",\"item\":\"https:\/\/www.elodie-et-antoine.fr\/ra\"},{\"@type\":\"ListItem\",\"position\":2,\"name\":\"La vie de Simon GROSLIER, marinier [D\u00e9fi 3 mois]\"}]},{\"@type\":\"WebSite\",\"@id\":\"https:\/\/www.elodie-et-antoine.fr\/ra\/#website\",\"url\":\"https:\/\/www.elodie-et-antoine.fr\/ra\/\",\"name\":\"Rencontre avec mes anc\u00eatres\",\"description\":\"Rencontre avec mes anc\u00eatres\",\"publisher\":{\"@id\":\"https:\/\/www.elodie-et-antoine.fr\/ra\/#organization\"},\"potentialAction\":[{\"@type\":\"SearchAction\",\"target\":{\"@type\":\"EntryPoint\",\"urlTemplate\":\"https:\/\/www.elodie-et-antoine.fr\/ra\/?s={search_term_string}\"},\"query-input\":{\"@type\":\"PropertyValueSpecification\",\"valueRequired\":true,\"valueName\":\"search_term_string\"}}],\"inLanguage\":\"fr-FR\"},{\"@type\":\"Organization\",\"@id\":\"https:\/\/www.elodie-et-antoine.fr\/ra\/#organization\",\"name\":\"Rencontre avec mes anc\u00eatres\",\"url\":\"https:\/\/www.elodie-et-antoine.fr\/ra\/\",\"logo\":{\"@type\":\"ImageObject\",\"inLanguage\":\"fr-FR\",\"@id\":\"https:\/\/www.elodie-et-antoine.fr\/ra\/#\/schema\/logo\/image\/\",\"url\":\"https:\/\/www.elodie-et-antoine.fr\/ra\/wp-content\/uploads\/2024\/02\/Logo-detoure.png\",\"contentUrl\":\"https:\/\/www.elodie-et-antoine.fr\/ra\/wp-content\/uploads\/2024\/02\/Logo-detoure.png\",\"width\":500,\"height\":500,\"caption\":\"Rencontre avec mes anc\u00eatres\"},\"image\":{\"@id\":\"https:\/\/www.elodie-et-antoine.fr\/ra\/#\/schema\/logo\/image\/\"},\"sameAs\":[\"https:\/\/www.facebook.com\/rencontreancetres\",\"https:\/\/x.com\/lodeetwit\"]},{\"@type\":\"Person\",\"@id\":\"https:\/\/www.elodie-et-antoine.fr\/ra\/#\/schema\/person\/50e9be10104b0e8a3c0f55df181b9b56\",\"name\":\"Elodie\",\"image\":{\"@type\":\"ImageObject\",\"inLanguage\":\"fr-FR\",\"@id\":\"https:\/\/www.elodie-et-antoine.fr\/ra\/#\/schema\/person\/image\/\",\"url\":\"https:\/\/secure.gravatar.com\/avatar\/1ee5777faed60801dee6c0665d8f4bb2cfd6d4bf6ab052dbbc40be268a652c31?s=96&d=mm&r=g\",\"contentUrl\":\"https:\/\/secure.gravatar.com\/avatar\/1ee5777faed60801dee6c0665d8f4bb2cfd6d4bf6ab052dbbc40be268a652c31?s=96&d=mm&r=g\",\"caption\":\"Elodie\"},\"url\":\"https:\/\/www.elodie-et-antoine.fr\/ra\/?author=1\"}]}<\/script>\n<!-- \/ Yoast SEO plugin. -->","yoast_head_json":{"title":"La vie de Simon GROSLIER, marinier [D\u00e9fi 3 mois] - Rencontre avec mes anc\u00eatres","robots":{"index":"index","follow":"follow","max-snippet":"max-snippet:-1","max-image-preview":"max-image-preview:large","max-video-preview":"max-video-preview:-1"},"canonical":"https:\/\/www.elodie-et-antoine.fr\/ra\/?p=2227","og_locale":"fr_FR","og_type":"article","og_title":"La vie de Simon GROSLIER, marinier [D\u00e9fi 3 mois] - Rencontre avec mes anc\u00eatres","og_description":"Voil\u00e0 un d\u00e9fi 3 mois qui durera plus de 3 mois&#8230; mais l&rsquo;important est d&rsquo;arriver au bout ! Pour vous rappeler le contexte, je vous conseille de lire le premier billet ici. Apr\u00e8s la vie des soeurs FOREST et celle de Louis LEDUC, voici celle de Simon GROSLIER, \u00e9poux de Th\u00e9r\u00e8se. Nous restons dans la commune de Saint-Satur, o\u00f9 Simon GROSLIER na\u00eet le 4 f\u00e9vrier 1781\u00a0 d&rsquo;un p\u00e8re batelier ; de nombreux anc\u00eatres ont exerc\u00e9 cette profession qui sera bient\u00f4t la sienne. Il \u00e9pouse le 24 janvier 1807 Suzanne Fran\u00e7oise PIESANT de 8 ans son a\u00een\u00e9e. Il est alors \u00e2g\u00e9 de 25 ans. Sept mois plus tard na\u00eet Claude, leur premier fils (cela ne fait donc pas neuf mois !). Son oncle Claude GROSLIER, voiturier par eau, est l&rsquo;un des t\u00e9moins de la naissance. En 1810 na\u00eet leur deuxi\u00e8me fils \u00c9tienne Genefort, puis en 1812 Euphrasie dont je perd la trace dans les archives. Une seconde fille, Eug\u00e9nie, na\u00eet en 1815 ; elle vivra 6 mois. Le dernier enfant que j&rsquo;ai trouv\u00e9 est Simon, n\u00e9 en 1818 qui d\u00e9c\u00e8de \u00e0 l&rsquo;\u00e2ge de 21 mois. Je retrouve heureusement des \u00e9v\u00e8nements plus joyeux : en 1833 Etienne Genefort, qui est devenu marinier, \u00e9pouse une ling\u00e8re &#8230; qui porte le m\u00eame patronyme que lui. Claude \u00e9pouse deux ans plus tard une couturi\u00e8re. Sa femme meurt le 11 mai 1839 \u00e0 l&rsquo;\u00e2ge de 65 ans. Seulement quatre mois plus tard, il \u00e9pouse Th\u00e9r\u00e8se FOREST, \u00e2g\u00e9e de 41 ans ; il en a 58. Ils n&rsquo;auront aucun enfant ensemble, peut-\u00eatre est-ce d\u00fb \u00e0 l&rsquo;\u00e2ge de la mari\u00e9e ? Simon GROSLIER d\u00e9c\u00e8de le 30 mars 1853 ; Th\u00e9r\u00e8se restera veuve durant 7 ans avant de d\u00e9c\u00e9der \u00e0 son tour en 1860. Et ses ascendants ? Les deux arri\u00e8re-grand-p\u00e8res paternels de Simon, son p\u00e8re et son grand-p\u00e8re, furent mariniers. Du c\u00f4t\u00e9 de sa m\u00e8re, nous retrouvons un grand-p\u00e8re mar\u00e9chal, une grand-m\u00e8re aubergiste et un anc\u00eatre qui fut mar\u00e9chal et cabaretier. Moi qui imaginait des cousins \u00e9loign\u00e9s mariniers, les s\u0153urs FOREST n&rsquo;ont finalement eu aucun enfant avec leurs \u00e9poux travaillant sur la Loire. Il faut dire qu&rsquo;elles se sont toutes les deux mari\u00e9es tardivement pour une premi\u00e8re union. Le d\u00e9fi n&rsquo;est pas encore termin\u00e9, car il me reste \u00e0 \u00e9crire un article (ou plusieurs) portant sur ce qu&rsquo;\u00e9tait la vie des mariniers de Loire. A bient\u00f4t pour un prochain article.","og_url":"https:\/\/www.elodie-et-antoine.fr\/ra\/?p=2227","og_site_name":"Rencontre avec mes anc\u00eatres","article_publisher":"https:\/\/www.facebook.com\/rencontreancetres","article_published_time":"2019-07-11T16:25:23+00:00","article_modified_time":"2019-07-13T13:32:44+00:00","og_image":[{"url":"http:\/\/www.elodie-et-antoine.fr\/ra\/wp-content\/uploads\/2019\/07\/Ligne-de-vie-GROSLIER.jpg","type":"","width":"","height":""}],"author":"Elodie","twitter_card":"summary_large_image","twitter_creator":"@lodeetwit","twitter_site":"@lodeetwit","twitter_misc":{"\u00c9crit par":"Elodie","Dur\u00e9e de lecture estim\u00e9e":"2 minutes"},"schema":{"@context":"https:\/\/schema.org","@graph":[{"@type":"Article","@id":"https:\/\/www.elodie-et-antoine.fr\/ra\/?p=2227#article","isPartOf":{"@id":"https:\/\/www.elodie-et-antoine.fr\/ra\/?p=2227"},"author":{"name":"Elodie","@id":"https:\/\/www.elodie-et-antoine.fr\/ra\/#\/schema\/person\/50e9be10104b0e8a3c0f55df181b9b56"},"headline":"La vie de Simon GROSLIER, marinier [D\u00e9fi 3 mois]","datePublished":"2019-07-11T16:25:23+00:00","dateModified":"2019-07-13T13:32:44+00:00","mainEntityOfPage":{"@id":"https:\/\/www.elodie-et-antoine.fr\/ra\/?p=2227"},"wordCount":418,"commentCount":0,"publisher":{"@id":"https:\/\/www.elodie-et-antoine.fr\/ra\/#organization"},"image":{"@id":"https:\/\/www.elodie-et-antoine.fr\/ra\/?p=2227#primaryimage"},"thumbnailUrl":"http:\/\/www.elodie-et-antoine.fr\/ra\/wp-content\/uploads\/2019\/07\/Ligne-de-vie-GROSLIER.jpg","keywords":["Forest","Groslier","marinier","Saint-Satur"],"articleSection":["Mes recherches"],"inLanguage":"fr-FR","potentialAction":[{"@type":"CommentAction","name":"Comment","target":["https:\/\/www.elodie-et-antoine.fr\/ra\/?p=2227#respond"]}]},{"@type":"WebPage","@id":"https:\/\/www.elodie-et-antoine.fr\/ra\/?p=2227","url":"https:\/\/www.elodie-et-antoine.fr\/ra\/?p=2227","name":"La vie de Simon GROSLIER, marinier [D\u00e9fi 3 mois] - Rencontre avec mes anc\u00eatres","isPartOf":{"@id":"https:\/\/www.elodie-et-antoine.fr\/ra\/#website"},"primaryImageOfPage":{"@id":"https:\/\/www.elodie-et-antoine.fr\/ra\/?p=2227#primaryimage"},"image":{"@id":"https:\/\/www.elodie-et-antoine.fr\/ra\/?p=2227#primaryimage"},"thumbnailUrl":"http:\/\/www.elodie-et-antoine.fr\/ra\/wp-content\/uploads\/2019\/07\/Ligne-de-vie-GROSLIER.jpg","datePublished":"2019-07-11T16:25:23+00:00","dateModified":"2019-07-13T13:32:44+00:00","breadcrumb":{"@id":"https:\/\/www.elodie-et-antoine.fr\/ra\/?p=2227#breadcrumb"},"inLanguage":"fr-FR","potentialAction":[{"@type":"ReadAction","target":["https:\/\/www.elodie-et-antoine.fr\/ra\/?p=2227"]}]},{"@type":"ImageObject","inLanguage":"fr-FR","@id":"https:\/\/www.elodie-et-antoine.fr\/ra\/?p=2227#primaryimage","url":"http:\/\/www.elodie-et-antoine.fr\/ra\/wp-content\/uploads\/2019\/07\/Ligne-de-vie-GROSLIER.jpg","contentUrl":"http:\/\/www.elodie-et-antoine.fr\/ra\/wp-content\/uploads\/2019\/07\/Ligne-de-vie-GROSLIER.jpg"},{"@type":"BreadcrumbList","@id":"https:\/\/www.elodie-et-antoine.fr\/ra\/?p=2227#breadcrumb","itemListElement":[{"@type":"ListItem","position":1,"name":"Accueil","item":"https:\/\/www.elodie-et-antoine.fr\/ra"},{"@type":"ListItem","position":2,"name":"La vie de Simon GROSLIER, marinier [D\u00e9fi 3 mois]"}]},{"@type":"WebSite","@id":"https:\/\/www.elodie-et-antoine.fr\/ra\/#website","url":"https:\/\/www.elodie-et-antoine.fr\/ra\/","name":"Rencontre avec mes anc\u00eatres","description":"Rencontre avec mes anc\u00eatres","publisher":{"@id":"https:\/\/www.elodie-et-antoine.fr\/ra\/#organization"},"potentialAction":[{"@type":"SearchAction","target":{"@type":"EntryPoint","urlTemplate":"https:\/\/www.elodie-et-antoine.fr\/ra\/?s={search_term_string}"},"query-input":{"@type":"PropertyValueSpecification","valueRequired":true,"valueName":"search_term_string"}}],"inLanguage":"fr-FR"},{"@type":"Organization","@id":"https:\/\/www.elodie-et-antoine.fr\/ra\/#organization","name":"Rencontre avec mes anc\u00eatres","url":"https:\/\/www.elodie-et-antoine.fr\/ra\/","logo":{"@type":"ImageObject","inLanguage":"fr-FR","@id":"https:\/\/www.elodie-et-antoine.fr\/ra\/#\/schema\/logo\/image\/","url":"https:\/\/www.elodie-et-antoine.fr\/ra\/wp-content\/uploads\/2024\/02\/Logo-detoure.png","contentUrl":"https:\/\/www.elodie-et-antoine.fr\/ra\/wp-content\/uploads\/2024\/02\/Logo-detoure.png","width":500,"height":500,"caption":"Rencontre avec mes anc\u00eatres"},"image":{"@id":"https:\/\/www.elodie-et-antoine.fr\/ra\/#\/schema\/logo\/image\/"},"sameAs":["https:\/\/www.facebook.com\/rencontreancetres","https:\/\/x.com\/lodeetwit"]},{"@type":"Person","@id":"https:\/\/www.elodie-et-antoine.fr\/ra\/#\/schema\/person\/50e9be10104b0e8a3c0f55df181b9b56","name":"Elodie","image":{"@type":"ImageObject","inLanguage":"fr-FR","@id":"https:\/\/www.elodie-et-antoine.fr\/ra\/#\/schema\/person\/image\/","url":"https:\/\/secure.gravatar.com\/avatar\/1ee5777faed60801dee6c0665d8f4bb2cfd6d4bf6ab052dbbc40be268a652c31?s=96&d=mm&r=g","contentUrl":"https:\/\/secure.gravatar.com\/avatar\/1ee5777faed60801dee6c0665d8f4bb2cfd6d4bf6ab052dbbc40be268a652c31?s=96&d=mm&r=g","caption":"Elodie"},"url":"https:\/\/www.elodie-et-antoine.fr\/ra\/?author=1"}]}},"jetpack_featured_media_url":"","jetpack_sharing_enabled":true,"_links":{"self":[{"href":"https:\/\/www.elodie-et-antoine.fr\/ra\/index.php?rest_route=\/wp\/v2\/posts\/2227","targetHints":{"allow":["GET"]}}],"collection":[{"href":"https:\/\/www.elodie-et-antoine.fr\/ra\/index.php?rest_route=\/wp\/v2\/posts"}],"about":[{"href":"https:\/\/www.elodie-et-antoine.fr\/ra\/index.php?rest_route=\/wp\/v2\/types\/post"}],"author":[{"embeddable":true,"href":"https:\/\/www.elodie-et-antoine.fr\/ra\/index.php?rest_route=\/wp\/v2\/users\/1"}],"replies":[{"embeddable":true,"href":"https:\/\/www.elodie-et-antoine.fr\/ra\/index.php?rest_route=%2Fwp%2Fv2%2Fcomments&post=2227"}],"version-history":[{"count":6,"href":"https:\/\/www.elodie-et-antoine.fr\/ra\/index.php?rest_route=\/wp\/v2\/posts\/2227\/revisions"}],"predecessor-version":[{"id":2302,"href":"https:\/\/www.elodie-et-antoine.fr\/ra\/index.php?rest_route=\/wp\/v2\/posts\/2227\/revisions\/2302"}],"wp:attachment":[{"href":"https:\/\/www.elodie-et-antoine.fr\/ra\/index.php?rest_route=%2Fwp%2Fv2%2Fmedia&parent=2227"}],"wp:term":[{"taxonomy":"category","embeddable":true,"href":"https:\/\/www.elodie-et-antoine.fr\/ra\/index.php?rest_route=%2Fwp%2Fv2%2Fcategories&post=2227"},{"taxonomy":"post_tag","embeddable":true,"href":"https:\/\/www.elodie-et-antoine.fr\/ra\/index.php?rest_route=%2Fwp%2Fv2%2Ftags&post=2227"}],"curies":[{"name":"wp","href":"https:\/\/api.w.org\/{rel}","templated":true}]}}