{"id":192,"date":"2013-11-09T14:25:22","date_gmt":"2013-11-09T13:25:22","guid":{"rendered":"http:\/\/www.elodie-et-antoine.fr\/ra\/?p=192"},"modified":"2013-11-09T14:25:22","modified_gmt":"2013-11-09T13:25:22","slug":"morts-pour-la-france-1418-le-4eme-ri-a-signeulx-2","status":"publish","type":"post","link":"https:\/\/www.elodie-et-antoine.fr\/ra\/?p=192","title":{"rendered":"Morts pour la France 14\/18 : le 4\u00e8me RI \u00e0 Signeulx [2]"},"content":{"rendered":"<div style=\"text-align: justify;\"><em>Je poursuis ma s\u00e9rie d&rsquo;articles concernant les soldats morts pour la France de Sury-en-Vaux et Verdigny. Apr\u00e8s avoir pr\u00e9sent\u00e9 ces hommes <a title=\"Morts pour la France 14\/18 : Sury-en-Vaux et Verdigny [1]\" href=\"https:\/\/www.elodie-et-antoine.fr\/ra\/?p=195\">[1]<\/a>, nous allons cette semaine passer la fronti\u00e8re pour nous rendre en Belgique.<\/em><\/div>\n<div style=\"text-align: justify;\"><\/div>\n<p style=\"text-align: justify;\">En lisant les fiches des soldats, j&rsquo;ai remarqu\u00e9 que certains hommes \u00e9taient morts en Belgique. J&rsquo;ai retrouv\u00e9 trois fois le m\u00eame lieu et la m\u00eame date de d\u00e9c\u00e8s : le 22 ao\u00fbt 1914 \u00e0 Signeulx. Ces hommes faisaient tous partie du 4\u00e8me R\u00e9giment d&rsquo;Infanterie. Il n&rsquo;en fallait pas moins pour que je cherche \u00e0 en savoir plus sur les \u00e9v\u00e8nements qui ont eut lieu.<\/p>\n<ul>\n<li><b>Les hommes concern\u00e9s<\/b><\/li>\n<\/ul>\n<p style=\"text-align: justify;\">Louis Marie BIZET est n\u00e9 le 2 novembre 1889 \u00e0 Sury-en-Vaux de parents vignerons et domestiques. Il \u00e9tait soldat de 2\u00e8me classe et \u00e2g\u00e9 de 25 ans le 22 ao\u00fbt 1914.<\/p>\n<p style=\"text-align: justify;\">Louis Georges THOMAS, \u00e9galement soldat de 2\u00e8me classe, est\u00a0 n\u00e9 le 14 septembre 1893 \u00e0 Sury-en-Vaux de parents vignerons : THOMAS Louis \u00c9tienne et FLEURIET Marie Euphrasie. Il a 20 ans lors des \u00e9v\u00e8nements \u00e0 Signeulx.<\/p>\n<p style=\"text-align: justify;\">Fernand LAPORTE est caporal tambour, n\u00e9 le 21 ao\u00fbt 1889 \u00e0 Verdigny de parents vignerons. Isidore LAPORTE est en effet vigneron \u00e0 Chaudoux et mari\u00e9 \u00e0 L\u00e9ontine NEVEU. Il \u00e9tait le seul homme d&rsquo;une fratrie de trois s\u0153urs ou devrais-je dire trois \u00ab\u00a0Marie\u00a0\u00bb : Marie Louise Camille, Marie Marthe et Marie L\u00e9ontine Germaine.<\/p>\n<ul>\n<li><b>Ce qui s&rsquo;est pass\u00e9 le 22 ao\u00fbt 1914 \u00e0 Signeulx<\/b><\/li>\n<\/ul>\n<p>Avertissement : n&rsquo;ayant pas pu acc\u00e9der au journal des marches et op\u00e9rations de ce r\u00e9giment, je me suis bas\u00e9e sur des retranscriptions trouv\u00e9es sur internet [2].<b><br \/>\n<\/b><\/p>\n<div><a href=\"http:\/\/3.bp.blogspot.com\/-OdyzW7--qS8\/Um4TKJiR10I\/AAAAAAAADLE\/1_3frXViyy8\/s1600\/site-signeulx-cimeti%C3%A8re-militaire.jpg\"><img loading=\"lazy\" decoding=\"async\" class=\"aligncenter\" alt=\"\" src=\"http:\/\/3.bp.blogspot.com\/-OdyzW7--qS8\/Um4TKJiR10I\/AAAAAAAADLE\/1_3frXViyy8\/s1600\/site-signeulx-cimeti%C3%A8re-militaire.jpg\" width=\"400\" height=\"252\" border=\"0\" \/><\/a><\/div>\n<div style=\"text-align: center;\"><i>Ancien cimeti\u00e8re militaire fran\u00e7ais \u00e0 Signeulx <a href=\"http:\/\/1914-18.be\/2010\/09\/06\/signeulx-baranzy-cimetiere-militaire-francais\/\">source<\/a><\/i><b><br \/>\n<\/b><\/div>\n<p style=\"text-align: justify;\"><b><br \/>\n<\/b>Le 4<sup>\u00e8me <\/sup>R\u00e9giment d&rsquo;Infanterie (4 RI) tient garnison \u00e0 Auxerre. Ils quittent cette ville le 5 ao\u00fbt 1914. Le r\u00e9giment d\u00e9barque le 6 ao\u00fbt \u00e0 Sampigny et gagne Woinville o\u00f9 il re\u00e7oit l\u2019ordre de s&rsquo;installer d\u00e9fensivement face \u00e0 Metz. Le 21 ao\u00fbt, apr\u00e8s avoir parcouru 40 kilom\u00e8tres sous une forte chaleur, il gagne la fronti\u00e8re belge. En route, les hommes voient la ville de Longwy en flammes.<\/p>\n<div style=\"text-align: justify;\">Le 22 ao\u00fbt ils franchissent au petit matin la fronti\u00e8re belge \u00e0 Signeulx. Les habitants de la localit\u00e9 les informent que les allemandes sont \u00e0 3 km. La 9<sup>\u00e8me<\/sup>division (4<sup>\u00e8me<\/sup>, 82<sup>\u00e8me<\/sup>, 113<sup>\u00e8me<\/sup> et 131<sup>\u00e8me<\/sup>RI) doit attaquer sur le front Signeulx &#8211; Gorcy. Le 4<sup>\u00e8me<\/sup> RI a pour objectif Mussy-la-Ville. Le brouillard est intense, on y voit \u00e0 peine \u00e0 50m. Les allemands sont retranch\u00e9s et les accueillent par le feu. Il faut se replier. Le soir le r\u00e9giment se regroupe \u00e0 la ferme de Bouillon\u00a0: les pertes se montent \u00e0 18 officiers et 1200 hommes au total, dont nos trois hommes.<\/div>\n<div style=\"text-align: justify;\"><\/div>\n<div style=\"text-align: justify;\"><a href=\"https:\/\/www.elodie-et-antoine.fr\/ra\/wp-content\/uploads\/2013\/11\/signeulx-copie.jpg\"><img loading=\"lazy\" decoding=\"async\" class=\"aligncenter size-full wp-image-379\" alt=\"signeulx copie\" src=\"https:\/\/www.elodie-et-antoine.fr\/ra\/wp-content\/uploads\/2013\/11\/signeulx-copie.jpg\" width=\"1026\" height=\"613\" srcset=\"https:\/\/www.elodie-et-antoine.fr\/ra\/wp-content\/uploads\/2013\/11\/signeulx-copie.jpg 1026w, https:\/\/www.elodie-et-antoine.fr\/ra\/wp-content\/uploads\/2013\/11\/signeulx-copie-300x179.jpg 300w, https:\/\/www.elodie-et-antoine.fr\/ra\/wp-content\/uploads\/2013\/11\/signeulx-copie-1024x611.jpg 1024w\" sizes=\"auto, (max-width: 1026px) 100vw, 1026px\" \/><\/a><\/div>\n<div style=\"text-align: justify;\">Le plan des combats est disponible <a href=\"http:\/\/www.1914-1918.be\/photo.php?image=photos\/rommel\/foch_002!.jpg\">ici<\/a>.<\/div>\n<p><\/br><\/p>\n<p style=\"text-align: justify;\">La bataille des Fronti\u00e8res est la premi\u00e8re phase de combats le long des fronti\u00e8res franco belge et franco allemande entre le 7 et le 23 ao\u00fbt 1914. Le 22 ao\u00fbt 1914 ce sont 22000 hommes qui perdent la vie. La seule solution est de battre en retraite\u00a0 : c&rsquo;est la Grande Retraite qui se termine par la bataille de la Marne d\u00e9but septembre [3].<\/p>\n<p style=\"text-align: justify;\"><a title=\"Morts pour la France 14\/18 : Sury-en-Vaux et Verdigny [1]\" href=\"https:\/\/www.elodie-et-antoine.fr\/ra\/?p=195\">[1] Morts pour la France 14\/18 : Sury-en-Vaux et Verdigny <\/a><\/p>\n<p style=\"text-align: justify;\">[2] <a href=\"http:\/\/auxerre.historique.free.fr\/Melanges\/militaires\/4eme_RI\/14-18\/4eme_14_signeulx.htm\">Histoire du 4\u00e8me R\u00e9giment d&rsquo;Infanterie &#8211; Guerre de 1914 &#8211; 1918<\/a>, <a href=\"http:\/\/www.encyclo89.net\/quatrieme_01.html\">Historique sommaire du 4\u00e8me R\u00e9giment d&rsquo;Infanterie pendant la guerre 1914-1918<\/a>,<a href=\"http:\/\/1914-18.be\/\"> http:\/\/1914-18.be\/<\/a>, <a href=\"http:\/\/forum.lixium.fr\/d-8454063.htm\">forum de l&rsquo;association 14-18<\/a>.<\/p>\n<p>[3] <a href=\"http:\/\/rosalielebel75.franceserv.com\/index.html#premierscombats\">L&rsquo;arm\u00e9e fran\u00e7aise de l&rsquo;\u00e9t\u00e9 1914<\/a>, <a href=\"http:\/\/www.carto1418.fr\/anim-batfrontieres-mini.php\">Animation sur la bataille des fronti\u00e8res<\/a><\/p>\n","protected":false},"excerpt":{"rendered":"<p>Je poursuis ma s\u00e9rie d&rsquo;articles concernant les soldats morts pour la France de Sury-en-Vaux et Verdigny. Apr\u00e8s avoir pr\u00e9sent\u00e9 ces hommes [1], nous allons cette semaine passer la fronti\u00e8re pour nous rendre en Belgique. En lisant les fiches des soldats, j&rsquo;ai remarqu\u00e9 que certains hommes \u00e9taient morts en Belgique. J&rsquo;ai retrouv\u00e9 trois fois le m\u00eame lieu et la m\u00eame date de d\u00e9c\u00e8s : le 22 ao\u00fbt 1914 \u00e0 Signeulx. Ces hommes faisaient tous partie du 4\u00e8me R\u00e9giment d&rsquo;Infanterie. Il n&rsquo;en fallait pas moins pour que je cherche \u00e0 en savoir plus sur les \u00e9v\u00e8nements qui ont eut lieu. Les hommes concern\u00e9s Louis Marie BIZET est n\u00e9 le 2 novembre 1889 \u00e0 Sury-en-Vaux de parents vignerons et domestiques. Il \u00e9tait soldat de 2\u00e8me classe et \u00e2g\u00e9 de 25 ans le 22 ao\u00fbt 1914. Louis Georges THOMAS, \u00e9galement soldat de 2\u00e8me classe, est\u00a0 n\u00e9 le 14 septembre 1893 \u00e0 Sury-en-Vaux de parents vignerons : THOMAS Louis \u00c9tienne et FLEURIET Marie Euphrasie. Il a 20 ans lors des \u00e9v\u00e8nements \u00e0 Signeulx. Fernand LAPORTE est caporal tambour, n\u00e9 le 21 ao\u00fbt 1889 \u00e0 Verdigny de parents vignerons. Isidore LAPORTE est en effet vigneron \u00e0 Chaudoux et mari\u00e9 \u00e0 L\u00e9ontine NEVEU. Il \u00e9tait le seul homme d&rsquo;une fratrie de trois s\u0153urs ou devrais-je dire trois \u00ab\u00a0Marie\u00a0\u00bb : Marie Louise Camille, Marie Marthe et Marie L\u00e9ontine Germaine. Ce qui s&rsquo;est pass\u00e9 le 22 ao\u00fbt 1914 \u00e0 Signeulx Avertissement : n&rsquo;ayant pas pu acc\u00e9der au journal des marches et op\u00e9rations de ce r\u00e9giment, je me suis bas\u00e9e sur des retranscriptions trouv\u00e9es sur internet [2]. Ancien cimeti\u00e8re militaire fran\u00e7ais \u00e0 Signeulx source Le 4\u00e8me R\u00e9giment d&rsquo;Infanterie (4 RI) tient garnison \u00e0 Auxerre. Ils quittent cette ville le 5 ao\u00fbt 1914. Le r\u00e9giment d\u00e9barque le 6 ao\u00fbt \u00e0 Sampigny et gagne Woinville o\u00f9 il re\u00e7oit l\u2019ordre de s&rsquo;installer d\u00e9fensivement face \u00e0 Metz. Le 21 ao\u00fbt, apr\u00e8s avoir parcouru 40 kilom\u00e8tres sous une forte chaleur, il gagne la fronti\u00e8re belge. En route, les hommes voient la ville de Longwy en flammes. Le 22 ao\u00fbt ils franchissent au petit matin la fronti\u00e8re belge \u00e0 Signeulx. Les habitants de la localit\u00e9 les informent que les allemandes sont \u00e0 3 km. La 9\u00e8medivision (4\u00e8me, 82\u00e8me, 113\u00e8me et 131\u00e8meRI) doit attaquer sur le front Signeulx &#8211; Gorcy. Le 4\u00e8me RI a pour objectif Mussy-la-Ville. Le brouillard est intense, on y voit \u00e0 peine \u00e0 50m. Les allemands sont retranch\u00e9s et les accueillent par le feu. Il faut se replier. Le soir le r\u00e9giment se regroupe \u00e0 la ferme de Bouillon\u00a0: les pertes se montent \u00e0 18 officiers et 1200 hommes au total, dont nos trois hommes. Le plan des combats est disponible ici. La bataille des Fronti\u00e8res est la premi\u00e8re phase de combats le long des fronti\u00e8res franco belge et franco allemande entre le 7 et le 23 ao\u00fbt 1914. Le 22 ao\u00fbt 1914 ce sont 22000 hommes qui perdent la vie. La seule solution est de battre en retraite\u00a0 : c&rsquo;est la Grande Retraite qui se termine par la bataille de la Marne d\u00e9but septembre [3]. [1] Morts pour la France 14\/18 : Sury-en-Vaux et Verdigny [2] Histoire du 4\u00e8me R\u00e9giment d&rsquo;Infanterie &#8211; Guerre de 1914 &#8211; 1918, Historique sommaire du 4\u00e8me R\u00e9giment d&rsquo;Infanterie pendant la guerre 1914-1918, http:\/\/1914-18.be\/, forum de l&rsquo;association 14-18. [3] L&rsquo;arm\u00e9e fran\u00e7aise de l&rsquo;\u00e9t\u00e9 1914, Animation sur la bataille des fronti\u00e8res<\/p>\n","protected":false},"author":1,"featured_media":0,"comment_status":"open","ping_status":"open","sticky":false,"template":"","format":"standard","meta":{"_exactmetrics_skip_tracking":false,"_exactmetrics_sitenote_active":false,"_exactmetrics_sitenote_note":"","_exactmetrics_sitenote_category":0,"jetpack_post_was_ever_published":false,"_jetpack_newsletter_access":"","_jetpack_dont_email_post_to_subs":false,"_jetpack_newsletter_tier_id":0,"_jetpack_memberships_contains_paywalled_content":false,"_jetpack_memberships_contains_paid_content":false,"footnotes":""},"categories":[6],"tags":[120,33,52],"class_list":["post-192","post","type-post","status-publish","format-standard","hentry","category-histoire-locale","tag-guerre-1418","tag-sury-en-vaux","tag-verdigny"],"yoast_head":"<!-- This site is optimized with the Yoast SEO plugin v27.0 - https:\/\/yoast.com\/product\/yoast-seo-wordpress\/ -->\n<title>Morts pour la France 14\/18 : le 4\u00e8me RI \u00e0 Signeulx [2] - Rencontre avec mes anc\u00eatres<\/title>\n<meta name=\"robots\" content=\"index, follow, max-snippet:-1, max-image-preview:large, max-video-preview:-1\" \/>\n<link rel=\"canonical\" href=\"https:\/\/www.elodie-et-antoine.fr\/ra\/?p=192\" \/>\n<meta property=\"og:locale\" content=\"fr_FR\" \/>\n<meta property=\"og:type\" content=\"article\" \/>\n<meta property=\"og:title\" content=\"Morts pour la France 14\/18 : le 4\u00e8me RI \u00e0 Signeulx [2] - Rencontre avec mes anc\u00eatres\" \/>\n<meta property=\"og:description\" content=\"Je poursuis ma s\u00e9rie d&rsquo;articles concernant les soldats morts pour la France de Sury-en-Vaux et Verdigny. Apr\u00e8s avoir pr\u00e9sent\u00e9 ces hommes [1], nous allons cette semaine passer la fronti\u00e8re pour nous rendre en Belgique. En lisant les fiches des soldats, j&rsquo;ai remarqu\u00e9 que certains hommes \u00e9taient morts en Belgique. J&rsquo;ai retrouv\u00e9 trois fois le m\u00eame lieu et la m\u00eame date de d\u00e9c\u00e8s : le 22 ao\u00fbt 1914 \u00e0 Signeulx. Ces hommes faisaient tous partie du 4\u00e8me R\u00e9giment d&rsquo;Infanterie. Il n&rsquo;en fallait pas moins pour que je cherche \u00e0 en savoir plus sur les \u00e9v\u00e8nements qui ont eut lieu. Les hommes concern\u00e9s Louis Marie BIZET est n\u00e9 le 2 novembre 1889 \u00e0 Sury-en-Vaux de parents vignerons et domestiques. Il \u00e9tait soldat de 2\u00e8me classe et \u00e2g\u00e9 de 25 ans le 22 ao\u00fbt 1914. Louis Georges THOMAS, \u00e9galement soldat de 2\u00e8me classe, est\u00a0 n\u00e9 le 14 septembre 1893 \u00e0 Sury-en-Vaux de parents vignerons : THOMAS Louis \u00c9tienne et FLEURIET Marie Euphrasie. Il a 20 ans lors des \u00e9v\u00e8nements \u00e0 Signeulx. Fernand LAPORTE est caporal tambour, n\u00e9 le 21 ao\u00fbt 1889 \u00e0 Verdigny de parents vignerons. Isidore LAPORTE est en effet vigneron \u00e0 Chaudoux et mari\u00e9 \u00e0 L\u00e9ontine NEVEU. Il \u00e9tait le seul homme d&rsquo;une fratrie de trois s\u0153urs ou devrais-je dire trois \u00ab\u00a0Marie\u00a0\u00bb : Marie Louise Camille, Marie Marthe et Marie L\u00e9ontine Germaine. Ce qui s&rsquo;est pass\u00e9 le 22 ao\u00fbt 1914 \u00e0 Signeulx Avertissement : n&rsquo;ayant pas pu acc\u00e9der au journal des marches et op\u00e9rations de ce r\u00e9giment, je me suis bas\u00e9e sur des retranscriptions trouv\u00e9es sur internet [2]. Ancien cimeti\u00e8re militaire fran\u00e7ais \u00e0 Signeulx source Le 4\u00e8me R\u00e9giment d&rsquo;Infanterie (4 RI) tient garnison \u00e0 Auxerre. Ils quittent cette ville le 5 ao\u00fbt 1914. Le r\u00e9giment d\u00e9barque le 6 ao\u00fbt \u00e0 Sampigny et gagne Woinville o\u00f9 il re\u00e7oit l\u2019ordre de s&rsquo;installer d\u00e9fensivement face \u00e0 Metz. Le 21 ao\u00fbt, apr\u00e8s avoir parcouru 40 kilom\u00e8tres sous une forte chaleur, il gagne la fronti\u00e8re belge. En route, les hommes voient la ville de Longwy en flammes. Le 22 ao\u00fbt ils franchissent au petit matin la fronti\u00e8re belge \u00e0 Signeulx. Les habitants de la localit\u00e9 les informent que les allemandes sont \u00e0 3 km. La 9\u00e8medivision (4\u00e8me, 82\u00e8me, 113\u00e8me et 131\u00e8meRI) doit attaquer sur le front Signeulx &#8211; Gorcy. Le 4\u00e8me RI a pour objectif Mussy-la-Ville. Le brouillard est intense, on y voit \u00e0 peine \u00e0 50m. Les allemands sont retranch\u00e9s et les accueillent par le feu. Il faut se replier. Le soir le r\u00e9giment se regroupe \u00e0 la ferme de Bouillon\u00a0: les pertes se montent \u00e0 18 officiers et 1200 hommes au total, dont nos trois hommes. Le plan des combats est disponible ici. La bataille des Fronti\u00e8res est la premi\u00e8re phase de combats le long des fronti\u00e8res franco belge et franco allemande entre le 7 et le 23 ao\u00fbt 1914. Le 22 ao\u00fbt 1914 ce sont 22000 hommes qui perdent la vie. La seule solution est de battre en retraite\u00a0 : c&rsquo;est la Grande Retraite qui se termine par la bataille de la Marne d\u00e9but septembre [3]. [1] Morts pour la France 14\/18 : Sury-en-Vaux et Verdigny [2] Histoire du 4\u00e8me R\u00e9giment d&rsquo;Infanterie &#8211; Guerre de 1914 &#8211; 1918, Historique sommaire du 4\u00e8me R\u00e9giment d&rsquo;Infanterie pendant la guerre 1914-1918, http:\/\/1914-18.be\/, forum de l&rsquo;association 14-18. [3] L&rsquo;arm\u00e9e fran\u00e7aise de l&rsquo;\u00e9t\u00e9 1914, Animation sur la bataille des fronti\u00e8res\" \/>\n<meta property=\"og:url\" content=\"https:\/\/www.elodie-et-antoine.fr\/ra\/?p=192\" \/>\n<meta property=\"og:site_name\" content=\"Rencontre avec mes anc\u00eatres\" \/>\n<meta property=\"article:publisher\" content=\"https:\/\/www.facebook.com\/rencontreancetres\" \/>\n<meta property=\"article:published_time\" content=\"2013-11-09T13:25:22+00:00\" \/>\n<meta property=\"og:image\" content=\"http:\/\/3.bp.blogspot.com\/-OdyzW7--qS8\/Um4TKJiR10I\/AAAAAAAADLE\/1_3frXViyy8\/s1600\/site-signeulx-cimeti%C3%A8re-militaire.jpg\" \/>\n<meta name=\"author\" content=\"Elodie\" \/>\n<meta name=\"twitter:card\" content=\"summary_large_image\" \/>\n<meta name=\"twitter:creator\" content=\"@lodeetwit\" \/>\n<meta name=\"twitter:site\" content=\"@lodeetwit\" \/>\n<meta name=\"twitter:label1\" content=\"\u00c9crit par\" \/>\n\t<meta name=\"twitter:data1\" content=\"Elodie\" \/>\n\t<meta name=\"twitter:label2\" content=\"Dur\u00e9e de lecture estim\u00e9e\" \/>\n\t<meta name=\"twitter:data2\" content=\"3 minutes\" \/>\n<script type=\"application\/ld+json\" class=\"yoast-schema-graph\">{\"@context\":\"https:\/\/schema.org\",\"@graph\":[{\"@type\":\"Article\",\"@id\":\"https:\/\/www.elodie-et-antoine.fr\/ra\/?p=192#article\",\"isPartOf\":{\"@id\":\"https:\/\/www.elodie-et-antoine.fr\/ra\/?p=192\"},\"author\":{\"name\":\"Elodie\",\"@id\":\"https:\/\/www.elodie-et-antoine.fr\/ra\/#\/schema\/person\/50e9be10104b0e8a3c0f55df181b9b56\"},\"headline\":\"Morts pour la France 14\/18 : le 4\u00e8me RI \u00e0 Signeulx [2]\",\"datePublished\":\"2013-11-09T13:25:22+00:00\",\"mainEntityOfPage\":{\"@id\":\"https:\/\/www.elodie-et-antoine.fr\/ra\/?p=192\"},\"wordCount\":551,\"commentCount\":2,\"publisher\":{\"@id\":\"https:\/\/www.elodie-et-antoine.fr\/ra\/#organization\"},\"image\":{\"@id\":\"https:\/\/www.elodie-et-antoine.fr\/ra\/?p=192#primaryimage\"},\"thumbnailUrl\":\"http:\/\/3.bp.blogspot.com\/-OdyzW7--qS8\/Um4TKJiR10I\/AAAAAAAADLE\/1_3frXViyy8\/s1600\/site-signeulx-cimeti%C3%A8re-militaire.jpg\",\"keywords\":[\"guerre 14\/18\",\"sury-en-vaux\",\"Verdigny\"],\"articleSection\":[\"Histoire locale\"],\"inLanguage\":\"fr-FR\",\"potentialAction\":[{\"@type\":\"CommentAction\",\"name\":\"Comment\",\"target\":[\"https:\/\/www.elodie-et-antoine.fr\/ra\/?p=192#respond\"]}]},{\"@type\":\"WebPage\",\"@id\":\"https:\/\/www.elodie-et-antoine.fr\/ra\/?p=192\",\"url\":\"https:\/\/www.elodie-et-antoine.fr\/ra\/?p=192\",\"name\":\"Morts pour la France 14\/18 : le 4\u00e8me RI \u00e0 Signeulx [2] - Rencontre avec mes anc\u00eatres\",\"isPartOf\":{\"@id\":\"https:\/\/www.elodie-et-antoine.fr\/ra\/#website\"},\"primaryImageOfPage\":{\"@id\":\"https:\/\/www.elodie-et-antoine.fr\/ra\/?p=192#primaryimage\"},\"image\":{\"@id\":\"https:\/\/www.elodie-et-antoine.fr\/ra\/?p=192#primaryimage\"},\"thumbnailUrl\":\"http:\/\/3.bp.blogspot.com\/-OdyzW7--qS8\/Um4TKJiR10I\/AAAAAAAADLE\/1_3frXViyy8\/s1600\/site-signeulx-cimeti%C3%A8re-militaire.jpg\",\"datePublished\":\"2013-11-09T13:25:22+00:00\",\"breadcrumb\":{\"@id\":\"https:\/\/www.elodie-et-antoine.fr\/ra\/?p=192#breadcrumb\"},\"inLanguage\":\"fr-FR\",\"potentialAction\":[{\"@type\":\"ReadAction\",\"target\":[\"https:\/\/www.elodie-et-antoine.fr\/ra\/?p=192\"]}]},{\"@type\":\"ImageObject\",\"inLanguage\":\"fr-FR\",\"@id\":\"https:\/\/www.elodie-et-antoine.fr\/ra\/?p=192#primaryimage\",\"url\":\"http:\/\/3.bp.blogspot.com\/-OdyzW7--qS8\/Um4TKJiR10I\/AAAAAAAADLE\/1_3frXViyy8\/s1600\/site-signeulx-cimeti%C3%A8re-militaire.jpg\",\"contentUrl\":\"http:\/\/3.bp.blogspot.com\/-OdyzW7--qS8\/Um4TKJiR10I\/AAAAAAAADLE\/1_3frXViyy8\/s1600\/site-signeulx-cimeti%C3%A8re-militaire.jpg\"},{\"@type\":\"BreadcrumbList\",\"@id\":\"https:\/\/www.elodie-et-antoine.fr\/ra\/?p=192#breadcrumb\",\"itemListElement\":[{\"@type\":\"ListItem\",\"position\":1,\"name\":\"Accueil\",\"item\":\"https:\/\/www.elodie-et-antoine.fr\/ra\"},{\"@type\":\"ListItem\",\"position\":2,\"name\":\"Morts pour la France 14\/18 : le 4\u00e8me RI \u00e0 Signeulx [2]\"}]},{\"@type\":\"WebSite\",\"@id\":\"https:\/\/www.elodie-et-antoine.fr\/ra\/#website\",\"url\":\"https:\/\/www.elodie-et-antoine.fr\/ra\/\",\"name\":\"Rencontre avec mes anc\u00eatres\",\"description\":\"Rencontre avec mes anc\u00eatres\",\"publisher\":{\"@id\":\"https:\/\/www.elodie-et-antoine.fr\/ra\/#organization\"},\"potentialAction\":[{\"@type\":\"SearchAction\",\"target\":{\"@type\":\"EntryPoint\",\"urlTemplate\":\"https:\/\/www.elodie-et-antoine.fr\/ra\/?s={search_term_string}\"},\"query-input\":{\"@type\":\"PropertyValueSpecification\",\"valueRequired\":true,\"valueName\":\"search_term_string\"}}],\"inLanguage\":\"fr-FR\"},{\"@type\":\"Organization\",\"@id\":\"https:\/\/www.elodie-et-antoine.fr\/ra\/#organization\",\"name\":\"Rencontre avec mes anc\u00eatres\",\"url\":\"https:\/\/www.elodie-et-antoine.fr\/ra\/\",\"logo\":{\"@type\":\"ImageObject\",\"inLanguage\":\"fr-FR\",\"@id\":\"https:\/\/www.elodie-et-antoine.fr\/ra\/#\/schema\/logo\/image\/\",\"url\":\"https:\/\/www.elodie-et-antoine.fr\/ra\/wp-content\/uploads\/2024\/02\/Logo-detoure.png\",\"contentUrl\":\"https:\/\/www.elodie-et-antoine.fr\/ra\/wp-content\/uploads\/2024\/02\/Logo-detoure.png\",\"width\":500,\"height\":500,\"caption\":\"Rencontre avec mes anc\u00eatres\"},\"image\":{\"@id\":\"https:\/\/www.elodie-et-antoine.fr\/ra\/#\/schema\/logo\/image\/\"},\"sameAs\":[\"https:\/\/www.facebook.com\/rencontreancetres\",\"https:\/\/x.com\/lodeetwit\"]},{\"@type\":\"Person\",\"@id\":\"https:\/\/www.elodie-et-antoine.fr\/ra\/#\/schema\/person\/50e9be10104b0e8a3c0f55df181b9b56\",\"name\":\"Elodie\",\"image\":{\"@type\":\"ImageObject\",\"inLanguage\":\"fr-FR\",\"@id\":\"https:\/\/www.elodie-et-antoine.fr\/ra\/#\/schema\/person\/image\/\",\"url\":\"https:\/\/secure.gravatar.com\/avatar\/1ee5777faed60801dee6c0665d8f4bb2cfd6d4bf6ab052dbbc40be268a652c31?s=96&d=mm&r=g\",\"contentUrl\":\"https:\/\/secure.gravatar.com\/avatar\/1ee5777faed60801dee6c0665d8f4bb2cfd6d4bf6ab052dbbc40be268a652c31?s=96&d=mm&r=g\",\"caption\":\"Elodie\"},\"url\":\"https:\/\/www.elodie-et-antoine.fr\/ra\/?author=1\"}]}<\/script>\n<!-- \/ Yoast SEO plugin. -->","yoast_head_json":{"title":"Morts pour la France 14\/18 : le 4\u00e8me RI \u00e0 Signeulx [2] - Rencontre avec mes anc\u00eatres","robots":{"index":"index","follow":"follow","max-snippet":"max-snippet:-1","max-image-preview":"max-image-preview:large","max-video-preview":"max-video-preview:-1"},"canonical":"https:\/\/www.elodie-et-antoine.fr\/ra\/?p=192","og_locale":"fr_FR","og_type":"article","og_title":"Morts pour la France 14\/18 : le 4\u00e8me RI \u00e0 Signeulx [2] - Rencontre avec mes anc\u00eatres","og_description":"Je poursuis ma s\u00e9rie d&rsquo;articles concernant les soldats morts pour la France de Sury-en-Vaux et Verdigny. Apr\u00e8s avoir pr\u00e9sent\u00e9 ces hommes [1], nous allons cette semaine passer la fronti\u00e8re pour nous rendre en Belgique. En lisant les fiches des soldats, j&rsquo;ai remarqu\u00e9 que certains hommes \u00e9taient morts en Belgique. J&rsquo;ai retrouv\u00e9 trois fois le m\u00eame lieu et la m\u00eame date de d\u00e9c\u00e8s : le 22 ao\u00fbt 1914 \u00e0 Signeulx. Ces hommes faisaient tous partie du 4\u00e8me R\u00e9giment d&rsquo;Infanterie. Il n&rsquo;en fallait pas moins pour que je cherche \u00e0 en savoir plus sur les \u00e9v\u00e8nements qui ont eut lieu. Les hommes concern\u00e9s Louis Marie BIZET est n\u00e9 le 2 novembre 1889 \u00e0 Sury-en-Vaux de parents vignerons et domestiques. Il \u00e9tait soldat de 2\u00e8me classe et \u00e2g\u00e9 de 25 ans le 22 ao\u00fbt 1914. Louis Georges THOMAS, \u00e9galement soldat de 2\u00e8me classe, est\u00a0 n\u00e9 le 14 septembre 1893 \u00e0 Sury-en-Vaux de parents vignerons : THOMAS Louis \u00c9tienne et FLEURIET Marie Euphrasie. Il a 20 ans lors des \u00e9v\u00e8nements \u00e0 Signeulx. Fernand LAPORTE est caporal tambour, n\u00e9 le 21 ao\u00fbt 1889 \u00e0 Verdigny de parents vignerons. Isidore LAPORTE est en effet vigneron \u00e0 Chaudoux et mari\u00e9 \u00e0 L\u00e9ontine NEVEU. Il \u00e9tait le seul homme d&rsquo;une fratrie de trois s\u0153urs ou devrais-je dire trois \u00ab\u00a0Marie\u00a0\u00bb : Marie Louise Camille, Marie Marthe et Marie L\u00e9ontine Germaine. Ce qui s&rsquo;est pass\u00e9 le 22 ao\u00fbt 1914 \u00e0 Signeulx Avertissement : n&rsquo;ayant pas pu acc\u00e9der au journal des marches et op\u00e9rations de ce r\u00e9giment, je me suis bas\u00e9e sur des retranscriptions trouv\u00e9es sur internet [2]. Ancien cimeti\u00e8re militaire fran\u00e7ais \u00e0 Signeulx source Le 4\u00e8me R\u00e9giment d&rsquo;Infanterie (4 RI) tient garnison \u00e0 Auxerre. Ils quittent cette ville le 5 ao\u00fbt 1914. Le r\u00e9giment d\u00e9barque le 6 ao\u00fbt \u00e0 Sampigny et gagne Woinville o\u00f9 il re\u00e7oit l\u2019ordre de s&rsquo;installer d\u00e9fensivement face \u00e0 Metz. Le 21 ao\u00fbt, apr\u00e8s avoir parcouru 40 kilom\u00e8tres sous une forte chaleur, il gagne la fronti\u00e8re belge. En route, les hommes voient la ville de Longwy en flammes. Le 22 ao\u00fbt ils franchissent au petit matin la fronti\u00e8re belge \u00e0 Signeulx. Les habitants de la localit\u00e9 les informent que les allemandes sont \u00e0 3 km. La 9\u00e8medivision (4\u00e8me, 82\u00e8me, 113\u00e8me et 131\u00e8meRI) doit attaquer sur le front Signeulx &#8211; Gorcy. Le 4\u00e8me RI a pour objectif Mussy-la-Ville. Le brouillard est intense, on y voit \u00e0 peine \u00e0 50m. Les allemands sont retranch\u00e9s et les accueillent par le feu. Il faut se replier. Le soir le r\u00e9giment se regroupe \u00e0 la ferme de Bouillon\u00a0: les pertes se montent \u00e0 18 officiers et 1200 hommes au total, dont nos trois hommes. Le plan des combats est disponible ici. La bataille des Fronti\u00e8res est la premi\u00e8re phase de combats le long des fronti\u00e8res franco belge et franco allemande entre le 7 et le 23 ao\u00fbt 1914. Le 22 ao\u00fbt 1914 ce sont 22000 hommes qui perdent la vie. La seule solution est de battre en retraite\u00a0 : c&rsquo;est la Grande Retraite qui se termine par la bataille de la Marne d\u00e9but septembre [3]. [1] Morts pour la France 14\/18 : Sury-en-Vaux et Verdigny [2] Histoire du 4\u00e8me R\u00e9giment d&rsquo;Infanterie &#8211; Guerre de 1914 &#8211; 1918, Historique sommaire du 4\u00e8me R\u00e9giment d&rsquo;Infanterie pendant la guerre 1914-1918, http:\/\/1914-18.be\/, forum de l&rsquo;association 14-18. [3] L&rsquo;arm\u00e9e fran\u00e7aise de l&rsquo;\u00e9t\u00e9 1914, Animation sur la bataille des fronti\u00e8res","og_url":"https:\/\/www.elodie-et-antoine.fr\/ra\/?p=192","og_site_name":"Rencontre avec mes anc\u00eatres","article_publisher":"https:\/\/www.facebook.com\/rencontreancetres","article_published_time":"2013-11-09T13:25:22+00:00","og_image":[{"url":"http:\/\/3.bp.blogspot.com\/-OdyzW7--qS8\/Um4TKJiR10I\/AAAAAAAADLE\/1_3frXViyy8\/s1600\/site-signeulx-cimeti%C3%A8re-militaire.jpg","type":"","width":"","height":""}],"author":"Elodie","twitter_card":"summary_large_image","twitter_creator":"@lodeetwit","twitter_site":"@lodeetwit","twitter_misc":{"\u00c9crit par":"Elodie","Dur\u00e9e de lecture estim\u00e9e":"3 minutes"},"schema":{"@context":"https:\/\/schema.org","@graph":[{"@type":"Article","@id":"https:\/\/www.elodie-et-antoine.fr\/ra\/?p=192#article","isPartOf":{"@id":"https:\/\/www.elodie-et-antoine.fr\/ra\/?p=192"},"author":{"name":"Elodie","@id":"https:\/\/www.elodie-et-antoine.fr\/ra\/#\/schema\/person\/50e9be10104b0e8a3c0f55df181b9b56"},"headline":"Morts pour la France 14\/18 : le 4\u00e8me RI \u00e0 Signeulx [2]","datePublished":"2013-11-09T13:25:22+00:00","mainEntityOfPage":{"@id":"https:\/\/www.elodie-et-antoine.fr\/ra\/?p=192"},"wordCount":551,"commentCount":2,"publisher":{"@id":"https:\/\/www.elodie-et-antoine.fr\/ra\/#organization"},"image":{"@id":"https:\/\/www.elodie-et-antoine.fr\/ra\/?p=192#primaryimage"},"thumbnailUrl":"http:\/\/3.bp.blogspot.com\/-OdyzW7--qS8\/Um4TKJiR10I\/AAAAAAAADLE\/1_3frXViyy8\/s1600\/site-signeulx-cimeti%C3%A8re-militaire.jpg","keywords":["guerre 14\/18","sury-en-vaux","Verdigny"],"articleSection":["Histoire locale"],"inLanguage":"fr-FR","potentialAction":[{"@type":"CommentAction","name":"Comment","target":["https:\/\/www.elodie-et-antoine.fr\/ra\/?p=192#respond"]}]},{"@type":"WebPage","@id":"https:\/\/www.elodie-et-antoine.fr\/ra\/?p=192","url":"https:\/\/www.elodie-et-antoine.fr\/ra\/?p=192","name":"Morts pour la France 14\/18 : le 4\u00e8me RI \u00e0 Signeulx [2] - Rencontre avec mes anc\u00eatres","isPartOf":{"@id":"https:\/\/www.elodie-et-antoine.fr\/ra\/#website"},"primaryImageOfPage":{"@id":"https:\/\/www.elodie-et-antoine.fr\/ra\/?p=192#primaryimage"},"image":{"@id":"https:\/\/www.elodie-et-antoine.fr\/ra\/?p=192#primaryimage"},"thumbnailUrl":"http:\/\/3.bp.blogspot.com\/-OdyzW7--qS8\/Um4TKJiR10I\/AAAAAAAADLE\/1_3frXViyy8\/s1600\/site-signeulx-cimeti%C3%A8re-militaire.jpg","datePublished":"2013-11-09T13:25:22+00:00","breadcrumb":{"@id":"https:\/\/www.elodie-et-antoine.fr\/ra\/?p=192#breadcrumb"},"inLanguage":"fr-FR","potentialAction":[{"@type":"ReadAction","target":["https:\/\/www.elodie-et-antoine.fr\/ra\/?p=192"]}]},{"@type":"ImageObject","inLanguage":"fr-FR","@id":"https:\/\/www.elodie-et-antoine.fr\/ra\/?p=192#primaryimage","url":"http:\/\/3.bp.blogspot.com\/-OdyzW7--qS8\/Um4TKJiR10I\/AAAAAAAADLE\/1_3frXViyy8\/s1600\/site-signeulx-cimeti%C3%A8re-militaire.jpg","contentUrl":"http:\/\/3.bp.blogspot.com\/-OdyzW7--qS8\/Um4TKJiR10I\/AAAAAAAADLE\/1_3frXViyy8\/s1600\/site-signeulx-cimeti%C3%A8re-militaire.jpg"},{"@type":"BreadcrumbList","@id":"https:\/\/www.elodie-et-antoine.fr\/ra\/?p=192#breadcrumb","itemListElement":[{"@type":"ListItem","position":1,"name":"Accueil","item":"https:\/\/www.elodie-et-antoine.fr\/ra"},{"@type":"ListItem","position":2,"name":"Morts pour la France 14\/18 : le 4\u00e8me RI \u00e0 Signeulx [2]"}]},{"@type":"WebSite","@id":"https:\/\/www.elodie-et-antoine.fr\/ra\/#website","url":"https:\/\/www.elodie-et-antoine.fr\/ra\/","name":"Rencontre avec mes anc\u00eatres","description":"Rencontre avec mes anc\u00eatres","publisher":{"@id":"https:\/\/www.elodie-et-antoine.fr\/ra\/#organization"},"potentialAction":[{"@type":"SearchAction","target":{"@type":"EntryPoint","urlTemplate":"https:\/\/www.elodie-et-antoine.fr\/ra\/?s={search_term_string}"},"query-input":{"@type":"PropertyValueSpecification","valueRequired":true,"valueName":"search_term_string"}}],"inLanguage":"fr-FR"},{"@type":"Organization","@id":"https:\/\/www.elodie-et-antoine.fr\/ra\/#organization","name":"Rencontre avec mes anc\u00eatres","url":"https:\/\/www.elodie-et-antoine.fr\/ra\/","logo":{"@type":"ImageObject","inLanguage":"fr-FR","@id":"https:\/\/www.elodie-et-antoine.fr\/ra\/#\/schema\/logo\/image\/","url":"https:\/\/www.elodie-et-antoine.fr\/ra\/wp-content\/uploads\/2024\/02\/Logo-detoure.png","contentUrl":"https:\/\/www.elodie-et-antoine.fr\/ra\/wp-content\/uploads\/2024\/02\/Logo-detoure.png","width":500,"height":500,"caption":"Rencontre avec mes anc\u00eatres"},"image":{"@id":"https:\/\/www.elodie-et-antoine.fr\/ra\/#\/schema\/logo\/image\/"},"sameAs":["https:\/\/www.facebook.com\/rencontreancetres","https:\/\/x.com\/lodeetwit"]},{"@type":"Person","@id":"https:\/\/www.elodie-et-antoine.fr\/ra\/#\/schema\/person\/50e9be10104b0e8a3c0f55df181b9b56","name":"Elodie","image":{"@type":"ImageObject","inLanguage":"fr-FR","@id":"https:\/\/www.elodie-et-antoine.fr\/ra\/#\/schema\/person\/image\/","url":"https:\/\/secure.gravatar.com\/avatar\/1ee5777faed60801dee6c0665d8f4bb2cfd6d4bf6ab052dbbc40be268a652c31?s=96&d=mm&r=g","contentUrl":"https:\/\/secure.gravatar.com\/avatar\/1ee5777faed60801dee6c0665d8f4bb2cfd6d4bf6ab052dbbc40be268a652c31?s=96&d=mm&r=g","caption":"Elodie"},"url":"https:\/\/www.elodie-et-antoine.fr\/ra\/?author=1"}]}},"jetpack_featured_media_url":"","jetpack_sharing_enabled":true,"_links":{"self":[{"href":"https:\/\/www.elodie-et-antoine.fr\/ra\/index.php?rest_route=\/wp\/v2\/posts\/192","targetHints":{"allow":["GET"]}}],"collection":[{"href":"https:\/\/www.elodie-et-antoine.fr\/ra\/index.php?rest_route=\/wp\/v2\/posts"}],"about":[{"href":"https:\/\/www.elodie-et-antoine.fr\/ra\/index.php?rest_route=\/wp\/v2\/types\/post"}],"author":[{"embeddable":true,"href":"https:\/\/www.elodie-et-antoine.fr\/ra\/index.php?rest_route=\/wp\/v2\/users\/1"}],"replies":[{"embeddable":true,"href":"https:\/\/www.elodie-et-antoine.fr\/ra\/index.php?rest_route=%2Fwp%2Fv2%2Fcomments&post=192"}],"version-history":[{"count":9,"href":"https:\/\/www.elodie-et-antoine.fr\/ra\/index.php?rest_route=\/wp\/v2\/posts\/192\/revisions"}],"predecessor-version":[{"id":387,"href":"https:\/\/www.elodie-et-antoine.fr\/ra\/index.php?rest_route=\/wp\/v2\/posts\/192\/revisions\/387"}],"wp:attachment":[{"href":"https:\/\/www.elodie-et-antoine.fr\/ra\/index.php?rest_route=%2Fwp%2Fv2%2Fmedia&parent=192"}],"wp:term":[{"taxonomy":"category","embeddable":true,"href":"https:\/\/www.elodie-et-antoine.fr\/ra\/index.php?rest_route=%2Fwp%2Fv2%2Fcategories&post=192"},{"taxonomy":"post_tag","embeddable":true,"href":"https:\/\/www.elodie-et-antoine.fr\/ra\/index.php?rest_route=%2Fwp%2Fv2%2Ftags&post=192"}],"curies":[{"name":"wp","href":"https:\/\/api.w.org\/{rel}","templated":true}]}}