{"id":1910,"date":"2018-11-02T06:00:36","date_gmt":"2018-11-02T05:00:36","guid":{"rendered":"http:\/\/www.elodie-et-antoine.fr\/ra\/?p=1910"},"modified":"2018-11-02T07:57:30","modified_gmt":"2018-11-02T06:57:30","slug":"bergere-avec-son-futur-mari-domestique","status":"publish","type":"post","link":"https:\/\/www.elodie-et-antoine.fr\/ra\/?p=1910","title":{"rendered":"Berg\u00e8re avec son (futur) mari domestique"},"content":{"rendered":"<p style=\"text-align: justify;\">Le recensement de 1872 a eu lieu en 1872 &#8230; mais j&rsquo;aimerais beaucoup conna\u00eetre la date exacte !<\/p>\n<p style=\"text-align: justify;\">En effet, si j&rsquo;ai retrouv\u00e9 mes a\u00efeux Jean DUMAY et Marie VALET dans la m\u00eame maisonn\u00e9e, o\u00f9 ils travaillent pour un m\u00eame patron, ils se sont mari\u00e9s en juillet 1872. Impossible donc de savoir s&rsquo;ils sont all\u00e9s travailler au m\u00eame endroit une fois mari\u00e9s, ou bien si c&rsquo;est le lieu de leur rencontre.<\/p>\n<p style=\"text-align: justify;\">Lors du recensement, Jean \u00e2g\u00e9 de 28 ans est domestique, tandis que Marie a 17 ans et est berg\u00e8re.\u00a0 Ils travaillent pour Jacques BOUCHARD \u00e0 la R\u00eache, hameau de la commune de Vinon, village tout proche de Saint-Bouize o\u00f9 ils se sont mari\u00e9s et o\u00f9 ils vivront par la suite.<\/p>\n<p><a href=\"https:\/\/www.elodie-et-antoine.fr\/ra\/wp-content\/uploads\/2018\/11\/B.jpg\"><img loading=\"lazy\" decoding=\"async\" class=\"alignnone size-full wp-image-1948\" src=\"https:\/\/www.elodie-et-antoine.fr\/ra\/wp-content\/uploads\/2018\/11\/B.jpg\" alt=\"\" width=\"962\" height=\"624\" srcset=\"https:\/\/www.elodie-et-antoine.fr\/ra\/wp-content\/uploads\/2018\/11\/B.jpg 962w, https:\/\/www.elodie-et-antoine.fr\/ra\/wp-content\/uploads\/2018\/11\/B-300x195.jpg 300w, https:\/\/www.elodie-et-antoine.fr\/ra\/wp-content\/uploads\/2018\/11\/B-768x498.jpg 768w, https:\/\/www.elodie-et-antoine.fr\/ra\/wp-content\/uploads\/2018\/11\/B-900x584.jpg 900w\" sizes=\"auto, (max-width: 962px) 100vw, 962px\" \/><\/a><\/p>\n<p style=\"text-align: justify;\">Ils sont loin d&rsquo;\u00eatre seuls ! Lors du recensement, la composition de la maison est la suivante :<\/p>\n<ul>\n<li>Jacques BOUCHARD, fermier, et sa femme Louise LEGER<\/li>\n<li>Leurs enfants : Jean, 13 ans, Marie, 12 ans, Paulin, 9 ans et Elie, 2 ans<\/li>\n<li>Mes anc\u00eatres Jean DUMAY et Marie VALET, domestique et berg\u00e8re<\/li>\n<li>Un autre domestique, Th\u00e9odore BONNET<\/li>\n<li>Un jeune vacher de 14 ans, Hippolyte NEVEU<\/li>\n<\/ul>\n<p>Sans doute une assez grosse ferme !<\/p>\n<p><a href=\"https:\/\/www.elodie-et-antoine.fr\/ra\/wp-content\/uploads\/2018\/10\/ChallengeAZB.jpg\"><img loading=\"lazy\" decoding=\"async\" class=\"alignnone size-large wp-image-1939\" src=\"https:\/\/www.elodie-et-antoine.fr\/ra\/wp-content\/uploads\/2018\/10\/ChallengeAZB-1024x576.jpg\" alt=\"\" width=\"629\" height=\"354\" srcset=\"https:\/\/www.elodie-et-antoine.fr\/ra\/wp-content\/uploads\/2018\/10\/ChallengeAZB-1024x576.jpg 1024w, https:\/\/www.elodie-et-antoine.fr\/ra\/wp-content\/uploads\/2018\/10\/ChallengeAZB-300x169.jpg 300w, https:\/\/www.elodie-et-antoine.fr\/ra\/wp-content\/uploads\/2018\/10\/ChallengeAZB-768x432.jpg 768w, https:\/\/www.elodie-et-antoine.fr\/ra\/wp-content\/uploads\/2018\/10\/ChallengeAZB-900x506.jpg 900w, https:\/\/www.elodie-et-antoine.fr\/ra\/wp-content\/uploads\/2018\/10\/ChallengeAZB.jpg 1280w\" sizes=\"auto, (max-width: 629px) 100vw, 629px\" \/><\/a><\/p>\n","protected":false},"excerpt":{"rendered":"<p>Le recensement de 1872 a eu lieu en 1872 &#8230; mais j&rsquo;aimerais beaucoup conna\u00eetre la date exacte ! En effet, si j&rsquo;ai retrouv\u00e9 mes a\u00efeux Jean DUMAY et Marie VALET dans la m\u00eame maisonn\u00e9e, o\u00f9 ils travaillent pour un m\u00eame patron, ils se sont mari\u00e9s en juillet 1872. Impossible donc de savoir s&rsquo;ils sont all\u00e9s travailler au m\u00eame endroit une fois mari\u00e9s, ou bien si c&rsquo;est le lieu de leur rencontre. Lors du recensement, Jean \u00e2g\u00e9 de 28 ans est domestique, tandis que Marie a 17 ans et est berg\u00e8re.\u00a0 Ils travaillent pour Jacques BOUCHARD \u00e0 la R\u00eache, hameau de la commune de Vinon, village tout proche de Saint-Bouize o\u00f9 ils se sont mari\u00e9s et o\u00f9 ils vivront par la suite. Ils sont loin d&rsquo;\u00eatre seuls ! Lors du recensement, la composition de la maison est la suivante : Jacques BOUCHARD, fermier, et sa femme Louise LEGER Leurs enfants : Jean, 13 ans, Marie, 12 ans, Paulin, 9 ans et Elie, 2 ans Mes anc\u00eatres Jean DUMAY et Marie VALET, domestique et berg\u00e8re Un autre domestique, Th\u00e9odore BONNET Un jeune vacher de 14 ans, Hippolyte NEVEU Sans doute une assez grosse ferme !<\/p>\n","protected":false},"author":1,"featured_media":0,"comment_status":"open","ping_status":"open","sticky":false,"template":"","format":"standard","meta":{"_exactmetrics_skip_tracking":false,"_exactmetrics_sitenote_active":false,"_exactmetrics_sitenote_note":"","_exactmetrics_sitenote_category":0,"jetpack_post_was_ever_published":false,"_jetpack_newsletter_access":"","_jetpack_dont_email_post_to_subs":false,"_jetpack_newsletter_tier_id":0,"_jetpack_memberships_contains_paywalled_content":false,"_jetpack_memberships_contains_paid_content":false,"footnotes":""},"categories":[12],"tags":[66,102,208,209],"class_list":["post-1910","post","type-post","status-publish","format-standard","hentry","category-challenge","tag-challenge-az","tag-dumay","tag-valet","tag-vinon"],"yoast_head":"<!-- This site is optimized with the Yoast SEO plugin v27.0 - https:\/\/yoast.com\/product\/yoast-seo-wordpress\/ -->\n<title>Berg\u00e8re avec son (futur) mari domestique - Rencontre avec mes anc\u00eatres<\/title>\n<meta name=\"robots\" content=\"index, follow, max-snippet:-1, max-image-preview:large, max-video-preview:-1\" \/>\n<link rel=\"canonical\" href=\"https:\/\/www.elodie-et-antoine.fr\/ra\/?p=1910\" \/>\n<meta property=\"og:locale\" content=\"fr_FR\" \/>\n<meta property=\"og:type\" content=\"article\" \/>\n<meta property=\"og:title\" content=\"Berg\u00e8re avec son (futur) mari domestique - Rencontre avec mes anc\u00eatres\" \/>\n<meta property=\"og:description\" content=\"Le recensement de 1872 a eu lieu en 1872 &#8230; mais j&rsquo;aimerais beaucoup conna\u00eetre la date exacte ! En effet, si j&rsquo;ai retrouv\u00e9 mes a\u00efeux Jean DUMAY et Marie VALET dans la m\u00eame maisonn\u00e9e, o\u00f9 ils travaillent pour un m\u00eame patron, ils se sont mari\u00e9s en juillet 1872. Impossible donc de savoir s&rsquo;ils sont all\u00e9s travailler au m\u00eame endroit une fois mari\u00e9s, ou bien si c&rsquo;est le lieu de leur rencontre. Lors du recensement, Jean \u00e2g\u00e9 de 28 ans est domestique, tandis que Marie a 17 ans et est berg\u00e8re.\u00a0 Ils travaillent pour Jacques BOUCHARD \u00e0 la R\u00eache, hameau de la commune de Vinon, village tout proche de Saint-Bouize o\u00f9 ils se sont mari\u00e9s et o\u00f9 ils vivront par la suite. Ils sont loin d&rsquo;\u00eatre seuls ! Lors du recensement, la composition de la maison est la suivante : Jacques BOUCHARD, fermier, et sa femme Louise LEGER Leurs enfants : Jean, 13 ans, Marie, 12 ans, Paulin, 9 ans et Elie, 2 ans Mes anc\u00eatres Jean DUMAY et Marie VALET, domestique et berg\u00e8re Un autre domestique, Th\u00e9odore BONNET Un jeune vacher de 14 ans, Hippolyte NEVEU Sans doute une assez grosse ferme !\" \/>\n<meta property=\"og:url\" content=\"https:\/\/www.elodie-et-antoine.fr\/ra\/?p=1910\" \/>\n<meta property=\"og:site_name\" content=\"Rencontre avec mes anc\u00eatres\" \/>\n<meta property=\"article:publisher\" content=\"https:\/\/www.facebook.com\/rencontreancetres\" \/>\n<meta property=\"article:published_time\" content=\"2018-11-02T05:00:36+00:00\" \/>\n<meta property=\"article:modified_time\" content=\"2018-11-02T06:57:30+00:00\" \/>\n<meta property=\"og:image\" content=\"http:\/\/www.elodie-et-antoine.fr\/ra\/wp-content\/uploads\/2018\/11\/B.jpg\" \/>\n<meta name=\"author\" content=\"Elodie\" \/>\n<meta name=\"twitter:card\" content=\"summary_large_image\" \/>\n<meta name=\"twitter:creator\" content=\"@lodeetwit\" \/>\n<meta name=\"twitter:site\" content=\"@lodeetwit\" \/>\n<meta name=\"twitter:label1\" content=\"\u00c9crit par\" \/>\n\t<meta name=\"twitter:data1\" content=\"Elodie\" \/>\n\t<meta name=\"twitter:label2\" content=\"Dur\u00e9e de lecture estim\u00e9e\" \/>\n\t<meta name=\"twitter:data2\" content=\"1 minute\" \/>\n<script type=\"application\/ld+json\" class=\"yoast-schema-graph\">{\"@context\":\"https:\/\/schema.org\",\"@graph\":[{\"@type\":\"Article\",\"@id\":\"https:\/\/www.elodie-et-antoine.fr\/ra\/?p=1910#article\",\"isPartOf\":{\"@id\":\"https:\/\/www.elodie-et-antoine.fr\/ra\/?p=1910\"},\"author\":{\"name\":\"Elodie\",\"@id\":\"https:\/\/www.elodie-et-antoine.fr\/ra\/#\/schema\/person\/50e9be10104b0e8a3c0f55df181b9b56\"},\"headline\":\"Berg\u00e8re avec son (futur) mari domestique\",\"datePublished\":\"2018-11-02T05:00:36+00:00\",\"dateModified\":\"2018-11-02T06:57:30+00:00\",\"mainEntityOfPage\":{\"@id\":\"https:\/\/www.elodie-et-antoine.fr\/ra\/?p=1910\"},\"wordCount\":199,\"commentCount\":4,\"publisher\":{\"@id\":\"https:\/\/www.elodie-et-antoine.fr\/ra\/#organization\"},\"image\":{\"@id\":\"https:\/\/www.elodie-et-antoine.fr\/ra\/?p=1910#primaryimage\"},\"thumbnailUrl\":\"http:\/\/www.elodie-et-antoine.fr\/ra\/wp-content\/uploads\/2018\/11\/B.jpg\",\"keywords\":[\"challenge AZ\",\"Dumay\",\"Valet\",\"Vinon\"],\"articleSection\":[\"Challenge\"],\"inLanguage\":\"fr-FR\",\"potentialAction\":[{\"@type\":\"CommentAction\",\"name\":\"Comment\",\"target\":[\"https:\/\/www.elodie-et-antoine.fr\/ra\/?p=1910#respond\"]}]},{\"@type\":\"WebPage\",\"@id\":\"https:\/\/www.elodie-et-antoine.fr\/ra\/?p=1910\",\"url\":\"https:\/\/www.elodie-et-antoine.fr\/ra\/?p=1910\",\"name\":\"Berg\u00e8re avec son (futur) mari domestique - Rencontre avec mes anc\u00eatres\",\"isPartOf\":{\"@id\":\"https:\/\/www.elodie-et-antoine.fr\/ra\/#website\"},\"primaryImageOfPage\":{\"@id\":\"https:\/\/www.elodie-et-antoine.fr\/ra\/?p=1910#primaryimage\"},\"image\":{\"@id\":\"https:\/\/www.elodie-et-antoine.fr\/ra\/?p=1910#primaryimage\"},\"thumbnailUrl\":\"http:\/\/www.elodie-et-antoine.fr\/ra\/wp-content\/uploads\/2018\/11\/B.jpg\",\"datePublished\":\"2018-11-02T05:00:36+00:00\",\"dateModified\":\"2018-11-02T06:57:30+00:00\",\"breadcrumb\":{\"@id\":\"https:\/\/www.elodie-et-antoine.fr\/ra\/?p=1910#breadcrumb\"},\"inLanguage\":\"fr-FR\",\"potentialAction\":[{\"@type\":\"ReadAction\",\"target\":[\"https:\/\/www.elodie-et-antoine.fr\/ra\/?p=1910\"]}]},{\"@type\":\"ImageObject\",\"inLanguage\":\"fr-FR\",\"@id\":\"https:\/\/www.elodie-et-antoine.fr\/ra\/?p=1910#primaryimage\",\"url\":\"http:\/\/www.elodie-et-antoine.fr\/ra\/wp-content\/uploads\/2018\/11\/B.jpg\",\"contentUrl\":\"http:\/\/www.elodie-et-antoine.fr\/ra\/wp-content\/uploads\/2018\/11\/B.jpg\"},{\"@type\":\"BreadcrumbList\",\"@id\":\"https:\/\/www.elodie-et-antoine.fr\/ra\/?p=1910#breadcrumb\",\"itemListElement\":[{\"@type\":\"ListItem\",\"position\":1,\"name\":\"Accueil\",\"item\":\"https:\/\/www.elodie-et-antoine.fr\/ra\"},{\"@type\":\"ListItem\",\"position\":2,\"name\":\"Berg\u00e8re avec son (futur) mari domestique\"}]},{\"@type\":\"WebSite\",\"@id\":\"https:\/\/www.elodie-et-antoine.fr\/ra\/#website\",\"url\":\"https:\/\/www.elodie-et-antoine.fr\/ra\/\",\"name\":\"Rencontre avec mes anc\u00eatres\",\"description\":\"Rencontre avec mes anc\u00eatres\",\"publisher\":{\"@id\":\"https:\/\/www.elodie-et-antoine.fr\/ra\/#organization\"},\"potentialAction\":[{\"@type\":\"SearchAction\",\"target\":{\"@type\":\"EntryPoint\",\"urlTemplate\":\"https:\/\/www.elodie-et-antoine.fr\/ra\/?s={search_term_string}\"},\"query-input\":{\"@type\":\"PropertyValueSpecification\",\"valueRequired\":true,\"valueName\":\"search_term_string\"}}],\"inLanguage\":\"fr-FR\"},{\"@type\":\"Organization\",\"@id\":\"https:\/\/www.elodie-et-antoine.fr\/ra\/#organization\",\"name\":\"Rencontre avec mes anc\u00eatres\",\"url\":\"https:\/\/www.elodie-et-antoine.fr\/ra\/\",\"logo\":{\"@type\":\"ImageObject\",\"inLanguage\":\"fr-FR\",\"@id\":\"https:\/\/www.elodie-et-antoine.fr\/ra\/#\/schema\/logo\/image\/\",\"url\":\"https:\/\/www.elodie-et-antoine.fr\/ra\/wp-content\/uploads\/2024\/02\/Logo-detoure.png\",\"contentUrl\":\"https:\/\/www.elodie-et-antoine.fr\/ra\/wp-content\/uploads\/2024\/02\/Logo-detoure.png\",\"width\":500,\"height\":500,\"caption\":\"Rencontre avec mes anc\u00eatres\"},\"image\":{\"@id\":\"https:\/\/www.elodie-et-antoine.fr\/ra\/#\/schema\/logo\/image\/\"},\"sameAs\":[\"https:\/\/www.facebook.com\/rencontreancetres\",\"https:\/\/x.com\/lodeetwit\"]},{\"@type\":\"Person\",\"@id\":\"https:\/\/www.elodie-et-antoine.fr\/ra\/#\/schema\/person\/50e9be10104b0e8a3c0f55df181b9b56\",\"name\":\"Elodie\",\"image\":{\"@type\":\"ImageObject\",\"inLanguage\":\"fr-FR\",\"@id\":\"https:\/\/www.elodie-et-antoine.fr\/ra\/#\/schema\/person\/image\/\",\"url\":\"https:\/\/secure.gravatar.com\/avatar\/1ee5777faed60801dee6c0665d8f4bb2cfd6d4bf6ab052dbbc40be268a652c31?s=96&d=mm&r=g\",\"contentUrl\":\"https:\/\/secure.gravatar.com\/avatar\/1ee5777faed60801dee6c0665d8f4bb2cfd6d4bf6ab052dbbc40be268a652c31?s=96&d=mm&r=g\",\"caption\":\"Elodie\"},\"url\":\"https:\/\/www.elodie-et-antoine.fr\/ra\/?author=1\"}]}<\/script>\n<!-- \/ Yoast SEO plugin. -->","yoast_head_json":{"title":"Berg\u00e8re avec son (futur) mari domestique - Rencontre avec mes anc\u00eatres","robots":{"index":"index","follow":"follow","max-snippet":"max-snippet:-1","max-image-preview":"max-image-preview:large","max-video-preview":"max-video-preview:-1"},"canonical":"https:\/\/www.elodie-et-antoine.fr\/ra\/?p=1910","og_locale":"fr_FR","og_type":"article","og_title":"Berg\u00e8re avec son (futur) mari domestique - Rencontre avec mes anc\u00eatres","og_description":"Le recensement de 1872 a eu lieu en 1872 &#8230; mais j&rsquo;aimerais beaucoup conna\u00eetre la date exacte ! En effet, si j&rsquo;ai retrouv\u00e9 mes a\u00efeux Jean DUMAY et Marie VALET dans la m\u00eame maisonn\u00e9e, o\u00f9 ils travaillent pour un m\u00eame patron, ils se sont mari\u00e9s en juillet 1872. Impossible donc de savoir s&rsquo;ils sont all\u00e9s travailler au m\u00eame endroit une fois mari\u00e9s, ou bien si c&rsquo;est le lieu de leur rencontre. Lors du recensement, Jean \u00e2g\u00e9 de 28 ans est domestique, tandis que Marie a 17 ans et est berg\u00e8re.\u00a0 Ils travaillent pour Jacques BOUCHARD \u00e0 la R\u00eache, hameau de la commune de Vinon, village tout proche de Saint-Bouize o\u00f9 ils se sont mari\u00e9s et o\u00f9 ils vivront par la suite. Ils sont loin d&rsquo;\u00eatre seuls ! Lors du recensement, la composition de la maison est la suivante : Jacques BOUCHARD, fermier, et sa femme Louise LEGER Leurs enfants : Jean, 13 ans, Marie, 12 ans, Paulin, 9 ans et Elie, 2 ans Mes anc\u00eatres Jean DUMAY et Marie VALET, domestique et berg\u00e8re Un autre domestique, Th\u00e9odore BONNET Un jeune vacher de 14 ans, Hippolyte NEVEU Sans doute une assez grosse ferme !","og_url":"https:\/\/www.elodie-et-antoine.fr\/ra\/?p=1910","og_site_name":"Rencontre avec mes anc\u00eatres","article_publisher":"https:\/\/www.facebook.com\/rencontreancetres","article_published_time":"2018-11-02T05:00:36+00:00","article_modified_time":"2018-11-02T06:57:30+00:00","og_image":[{"url":"http:\/\/www.elodie-et-antoine.fr\/ra\/wp-content\/uploads\/2018\/11\/B.jpg","type":"","width":"","height":""}],"author":"Elodie","twitter_card":"summary_large_image","twitter_creator":"@lodeetwit","twitter_site":"@lodeetwit","twitter_misc":{"\u00c9crit par":"Elodie","Dur\u00e9e de lecture estim\u00e9e":"1 minute"},"schema":{"@context":"https:\/\/schema.org","@graph":[{"@type":"Article","@id":"https:\/\/www.elodie-et-antoine.fr\/ra\/?p=1910#article","isPartOf":{"@id":"https:\/\/www.elodie-et-antoine.fr\/ra\/?p=1910"},"author":{"name":"Elodie","@id":"https:\/\/www.elodie-et-antoine.fr\/ra\/#\/schema\/person\/50e9be10104b0e8a3c0f55df181b9b56"},"headline":"Berg\u00e8re avec son (futur) mari domestique","datePublished":"2018-11-02T05:00:36+00:00","dateModified":"2018-11-02T06:57:30+00:00","mainEntityOfPage":{"@id":"https:\/\/www.elodie-et-antoine.fr\/ra\/?p=1910"},"wordCount":199,"commentCount":4,"publisher":{"@id":"https:\/\/www.elodie-et-antoine.fr\/ra\/#organization"},"image":{"@id":"https:\/\/www.elodie-et-antoine.fr\/ra\/?p=1910#primaryimage"},"thumbnailUrl":"http:\/\/www.elodie-et-antoine.fr\/ra\/wp-content\/uploads\/2018\/11\/B.jpg","keywords":["challenge AZ","Dumay","Valet","Vinon"],"articleSection":["Challenge"],"inLanguage":"fr-FR","potentialAction":[{"@type":"CommentAction","name":"Comment","target":["https:\/\/www.elodie-et-antoine.fr\/ra\/?p=1910#respond"]}]},{"@type":"WebPage","@id":"https:\/\/www.elodie-et-antoine.fr\/ra\/?p=1910","url":"https:\/\/www.elodie-et-antoine.fr\/ra\/?p=1910","name":"Berg\u00e8re avec son (futur) mari domestique - Rencontre avec mes anc\u00eatres","isPartOf":{"@id":"https:\/\/www.elodie-et-antoine.fr\/ra\/#website"},"primaryImageOfPage":{"@id":"https:\/\/www.elodie-et-antoine.fr\/ra\/?p=1910#primaryimage"},"image":{"@id":"https:\/\/www.elodie-et-antoine.fr\/ra\/?p=1910#primaryimage"},"thumbnailUrl":"http:\/\/www.elodie-et-antoine.fr\/ra\/wp-content\/uploads\/2018\/11\/B.jpg","datePublished":"2018-11-02T05:00:36+00:00","dateModified":"2018-11-02T06:57:30+00:00","breadcrumb":{"@id":"https:\/\/www.elodie-et-antoine.fr\/ra\/?p=1910#breadcrumb"},"inLanguage":"fr-FR","potentialAction":[{"@type":"ReadAction","target":["https:\/\/www.elodie-et-antoine.fr\/ra\/?p=1910"]}]},{"@type":"ImageObject","inLanguage":"fr-FR","@id":"https:\/\/www.elodie-et-antoine.fr\/ra\/?p=1910#primaryimage","url":"http:\/\/www.elodie-et-antoine.fr\/ra\/wp-content\/uploads\/2018\/11\/B.jpg","contentUrl":"http:\/\/www.elodie-et-antoine.fr\/ra\/wp-content\/uploads\/2018\/11\/B.jpg"},{"@type":"BreadcrumbList","@id":"https:\/\/www.elodie-et-antoine.fr\/ra\/?p=1910#breadcrumb","itemListElement":[{"@type":"ListItem","position":1,"name":"Accueil","item":"https:\/\/www.elodie-et-antoine.fr\/ra"},{"@type":"ListItem","position":2,"name":"Berg\u00e8re avec son (futur) mari domestique"}]},{"@type":"WebSite","@id":"https:\/\/www.elodie-et-antoine.fr\/ra\/#website","url":"https:\/\/www.elodie-et-antoine.fr\/ra\/","name":"Rencontre avec mes anc\u00eatres","description":"Rencontre avec mes anc\u00eatres","publisher":{"@id":"https:\/\/www.elodie-et-antoine.fr\/ra\/#organization"},"potentialAction":[{"@type":"SearchAction","target":{"@type":"EntryPoint","urlTemplate":"https:\/\/www.elodie-et-antoine.fr\/ra\/?s={search_term_string}"},"query-input":{"@type":"PropertyValueSpecification","valueRequired":true,"valueName":"search_term_string"}}],"inLanguage":"fr-FR"},{"@type":"Organization","@id":"https:\/\/www.elodie-et-antoine.fr\/ra\/#organization","name":"Rencontre avec mes anc\u00eatres","url":"https:\/\/www.elodie-et-antoine.fr\/ra\/","logo":{"@type":"ImageObject","inLanguage":"fr-FR","@id":"https:\/\/www.elodie-et-antoine.fr\/ra\/#\/schema\/logo\/image\/","url":"https:\/\/www.elodie-et-antoine.fr\/ra\/wp-content\/uploads\/2024\/02\/Logo-detoure.png","contentUrl":"https:\/\/www.elodie-et-antoine.fr\/ra\/wp-content\/uploads\/2024\/02\/Logo-detoure.png","width":500,"height":500,"caption":"Rencontre avec mes anc\u00eatres"},"image":{"@id":"https:\/\/www.elodie-et-antoine.fr\/ra\/#\/schema\/logo\/image\/"},"sameAs":["https:\/\/www.facebook.com\/rencontreancetres","https:\/\/x.com\/lodeetwit"]},{"@type":"Person","@id":"https:\/\/www.elodie-et-antoine.fr\/ra\/#\/schema\/person\/50e9be10104b0e8a3c0f55df181b9b56","name":"Elodie","image":{"@type":"ImageObject","inLanguage":"fr-FR","@id":"https:\/\/www.elodie-et-antoine.fr\/ra\/#\/schema\/person\/image\/","url":"https:\/\/secure.gravatar.com\/avatar\/1ee5777faed60801dee6c0665d8f4bb2cfd6d4bf6ab052dbbc40be268a652c31?s=96&d=mm&r=g","contentUrl":"https:\/\/secure.gravatar.com\/avatar\/1ee5777faed60801dee6c0665d8f4bb2cfd6d4bf6ab052dbbc40be268a652c31?s=96&d=mm&r=g","caption":"Elodie"},"url":"https:\/\/www.elodie-et-antoine.fr\/ra\/?author=1"}]}},"jetpack_featured_media_url":"","jetpack_sharing_enabled":true,"_links":{"self":[{"href":"https:\/\/www.elodie-et-antoine.fr\/ra\/index.php?rest_route=\/wp\/v2\/posts\/1910","targetHints":{"allow":["GET"]}}],"collection":[{"href":"https:\/\/www.elodie-et-antoine.fr\/ra\/index.php?rest_route=\/wp\/v2\/posts"}],"about":[{"href":"https:\/\/www.elodie-et-antoine.fr\/ra\/index.php?rest_route=\/wp\/v2\/types\/post"}],"author":[{"embeddable":true,"href":"https:\/\/www.elodie-et-antoine.fr\/ra\/index.php?rest_route=\/wp\/v2\/users\/1"}],"replies":[{"embeddable":true,"href":"https:\/\/www.elodie-et-antoine.fr\/ra\/index.php?rest_route=%2Fwp%2Fv2%2Fcomments&post=1910"}],"version-history":[{"count":5,"href":"https:\/\/www.elodie-et-antoine.fr\/ra\/index.php?rest_route=\/wp\/v2\/posts\/1910\/revisions"}],"predecessor-version":[{"id":1980,"href":"https:\/\/www.elodie-et-antoine.fr\/ra\/index.php?rest_route=\/wp\/v2\/posts\/1910\/revisions\/1980"}],"wp:attachment":[{"href":"https:\/\/www.elodie-et-antoine.fr\/ra\/index.php?rest_route=%2Fwp%2Fv2%2Fmedia&parent=1910"}],"wp:term":[{"taxonomy":"category","embeddable":true,"href":"https:\/\/www.elodie-et-antoine.fr\/ra\/index.php?rest_route=%2Fwp%2Fv2%2Fcategories&post=1910"},{"taxonomy":"post_tag","embeddable":true,"href":"https:\/\/www.elodie-et-antoine.fr\/ra\/index.php?rest_route=%2Fwp%2Fv2%2Ftags&post=1910"}],"curies":[{"name":"wp","href":"https:\/\/api.w.org\/{rel}","templated":true}]}}