{"id":191,"date":"2013-11-23T09:40:10","date_gmt":"2013-11-23T08:40:10","guid":{"rendered":"http:\/\/www.elodie-et-antoine.fr\/ra\/?p=191"},"modified":"2013-11-23T09:40:10","modified_gmt":"2013-11-23T08:40:10","slug":"morts-pour-la-france-1418-le-bois-dailly-3","status":"publish","type":"post","link":"https:\/\/www.elodie-et-antoine.fr\/ra\/?p=191","title":{"rendered":"Morts pour la France 14\/18 : le bois d&rsquo;Ailly [3]"},"content":{"rendered":"<p style=\"text-align: justify;\">Apr\u00e8s vous avoir pr\u00e9sent\u00e9 <a title=\"Morts pour la France 14\/18 : Sury-en-Vaux et Verdigny [1]\" href=\"https:\/\/www.elodie-et-antoine.fr\/ra\/?p=195\">les morts pour la France 14\/18 de Sury-en-Vaux et Verdigny<\/a>, nous avons voyag\u00e9 en <a title=\"Morts pour la France 14\/18 : le 4\u00e8me RI \u00e0 Signeulx [2]\" href=\"https:\/\/www.elodie-et-antoine.fr\/ra\/?p=192\">Belgique en ao\u00fbt 1914<\/a>. Cette fois-ci nous partons pour les tranch\u00e9es situ\u00e9es dans la Meuse, plus pr\u00e9cis\u00e9ment au niveau du bois d&rsquo;Ailly.<\/p>\n<ul>\n<li><strong>Les hommes<\/strong><\/li>\n<\/ul>\n<p style=\"text-align: justify;\">Cette fois-ci, nos hommes ne faisaient pas partie du m\u00eame r\u00e9giment mais ont tous trouv\u00e9 la mort en avril 1915 au bois d&rsquo;Ailly.<\/p>\n<p style=\"text-align: justify;\">Louis, Camille ROBERT est n\u00e9 le 16\/05\/1893 \u00e0 Sury-en-Vaux (au lieu-dit de la Vall\u00e9e) de parents tisserand et couturi\u00e8re. Il \u00e9tait soldat de 2\u00e8me classe au 29\u00e8me RI lors de son d\u00e9c\u00e8s le 24\/4\/1915 au bois d&rsquo;Ailly.<br \/>\nGeorges Isidore COTTAT est n\u00e9 le 14\/3\/1894 \u00e0 Verdigny, de parents vignerons \u00e0 Chaudoux. Il \u00e9tait \u00e9galement soldat de 2\u00e8me classe au 27\u00e8me RI lors de son d\u00e9c\u00e8s le 14\/4\/1915 au bois d&rsquo;Ailly (commune de Marbottes).<\/p>\n<p style=\"text-align: justify;\">Le troisi\u00e8me homme, est Charles LEGER, 2\u00e8me classe au 56\u00e8me RI. Il meurt le 7 avril 1915 au bois d&rsquo;Ailly. En recherchant quelques informations sur cet homme, comme pour les pr\u00e9c\u00e9dents, je fais une d\u00e9couverte : Charles LEGER est en fait le fr\u00e8re de mon arri\u00e8re-arri\u00e8re grand p\u00e8re <a href=\"http:\/\/gw.geneanet.org\/edezat_w?lang=fr&amp;p=emile+justin&amp;n=leger&amp;oc=0\">\u00c9mile Justin LEGER<\/a>. Je garde donc son histoire pour une prochaine fois.<\/p>\n<ul>\n<li><strong>La zone du Bois d&rsquo;Ailly<\/strong><\/li>\n<\/ul>\n<p>La zone du bois d&rsquo;Ailly se situe dans la Meuse, entre les communes de Saint Mihiel et de Marbotte.<\/p>\n<p><iframe loading=\"lazy\" src=\"https:\/\/maps.google.fr\/maps?f=q&amp;source=s_q&amp;hl=fr&amp;geocode=&amp;q=marbotte&amp;aq=&amp;sll=48.865731,5.682507&amp;sspn=0.03845,0.090895&amp;t=h&amp;ie=UTF8&amp;hq=&amp;hnear=Marbotte,+Apremont-la-For%C3%AAt,+Meuse,+Lorraine&amp;ll=48.834516,5.582819&amp;spn=0.077365,0.181789&amp;z=13&amp;output=embed\" height=\"350\" width=\"425\" frameborder=\"0\" marginwidth=\"0\" marginheight=\"0\" scrolling=\"no\"><\/iframe><br \/>\n<small><a style=\"color: #0000ff; text-align: left;\" href=\"https:\/\/maps.google.fr\/maps?f=q&amp;source=embed&amp;hl=fr&amp;geocode=&amp;q=marbotte&amp;aq=&amp;sll=48.865731,5.682507&amp;sspn=0.03845,0.090895&amp;t=h&amp;ie=UTF8&amp;hq=&amp;hnear=Marbotte,+Apremont-la-For%C3%AAt,+Meuse,+Lorraine&amp;ll=48.834516,5.582819&amp;spn=0.077365,0.181789&amp;z=13\">Agrandir le plan<\/a><\/small><\/p>\n<p>A Marbotte se trouve d&rsquo;ailleurs actuellement une n\u00e9cropole nationale.<\/p>\n<ul>\n<li><strong>Journal du 29\u00e8me RI, le 24 avril<\/strong><\/li>\n<\/ul>\n<p style=\"text-align: justify; padding-left: 30px;\">8h : ordre est donn\u00e9 de faire partir le 1er bataillon \u00e0 la Croix Saint Jean. Un bataillon du 100\u00e8me le remplace. Pendant la matin\u00e9e, une Compagnie du 100\u00e8me, aid\u00e9e par les grenadiers du 2\u00e8me bataillon s&rsquo;installe \u00e0 la droite de celui-ci dans la tranch\u00e9e prise sur une longueur de 150 m\u00e8tres.<br \/>\nA 10h, la 12\u00e8me compagnie quitte le point 5 et va rejoindre son bataillon \u00e0 Pont sur Meuse.<br \/>\nA 21h, ordre est donn\u00e9e de faire partir le lendemain \u00e0 6h15 le 1et bataillon et du 8\u00e8me.<\/p>\n<p style=\"padding-left: 30px;\">18 tu\u00e9s, 10 bless\u00e9s, 20 disparus. Louis, Camille ROBERT en faisait partie.<\/p>\n<p style=\"text-align: justify;\">Une journ\u00e9e o\u00f9 l&rsquo;on ne parle pas de grands combats, une journ\u00e9e presque \u00ab\u00a0ordinaire dans les tranch\u00e9es.<\/p>\n<ul>\n<li><strong>Journal du 27\u00e8me RI, le 14 avril<\/strong><\/li>\n<\/ul>\n<p style=\"text-align: justify; padding-left: 30px;\">Le r\u00e9giment occupe les m\u00eames emplacements que la veille.<br \/>\n5h : les 5 et 6\u00e8mes compagnies rel\u00e8vent en 2\u00e8me ligne les 7\u00e8mes et 8\u00e8mes compagnies qui viennent bivouaquer \u00e0 la Croix Saint Jean.<br \/>\n15h15 : le 1er bataillon quitte Pont sur Meuse pour aller remplacer le 3\u00e8me btn et des \u00e9l\u00e9ments du 13\u00e8 d&rsquo;Infanterie pour les remplacements en premi\u00e8re ligne. <strong>Le relev\u00e9 s&rsquo;effectue difficilement, les 1\u00e8res, 2\u00e8me et 4\u00e8mes compagnies ne connaissant qu&rsquo;imparfaitement leurs nouveaux secteurs<\/strong>. Elle est toutefois termin\u00e9e \u00e0 22 heures.<\/p>\n<p style=\"text-align: justify;\">Encore une fois pas de grandes batailles. Se dire que Georges Isidore COTTAT, est peut-\u00eatre mort tout \u00ab\u00a0simplement \u00a0\u00bb \u00e0 cause d&rsquo;un probl\u00e8me d&rsquo;organisation&#8230;<\/p>\n<p style=\"text-align: justify;\">Le quatri\u00e8me et dernier volet de ce g\u00e9n\u00e9ath\u00e8me sur la guerre 14\/18 portera sur les \u00ab\u00a0Dezat\u00a0\u00bb morts pour la France. Mais je pense que je vais poursuivre mes investigations l&rsquo;an prochain et peut-\u00eatre m\u00eame les ann\u00e9es suivantes.<\/p>\n<p style=\"text-align: center;\"><a href=\"https:\/\/www.elodie-et-antoine.fr\/ra\/wp-content\/uploads\/2013\/11\/Nouvelle-image.jpg\"><img loading=\"lazy\" decoding=\"async\" class=\"aligncenter size-full wp-image-398\" alt=\"Nouvelle image\" src=\"https:\/\/www.elodie-et-antoine.fr\/ra\/wp-content\/uploads\/2013\/11\/Nouvelle-image.jpg\" width=\"816\" height=\"675\" srcset=\"https:\/\/www.elodie-et-antoine.fr\/ra\/wp-content\/uploads\/2013\/11\/Nouvelle-image.jpg 816w, https:\/\/www.elodie-et-antoine.fr\/ra\/wp-content\/uploads\/2013\/11\/Nouvelle-image-300x248.jpg 300w\" sizes=\"auto, (max-width: 816px) 100vw, 816px\" \/><\/a><em>N\u00e9cropole nationale \u00e0 Marbotte &#8211; Google street view 2013<\/em><\/p>\n<p style=\"text-align: justify;\"><em>Sources : <span style=\"text-decoration: underline;\">SGA M\u00e9moire des Hommes<\/span>. Fiches Morts pour la France. Journaux des Marches et Op\u00e9rations. <span style=\"text-decoration: underline;\">Archives du Cher<\/span> : actes de naissance.<\/em><\/p>\n<p style=\"text-align: justify;\">\n","protected":false},"excerpt":{"rendered":"<p>Apr\u00e8s vous avoir pr\u00e9sent\u00e9 les morts pour la France 14\/18 de Sury-en-Vaux et Verdigny, nous avons voyag\u00e9 en Belgique en ao\u00fbt 1914. Cette fois-ci nous partons pour les tranch\u00e9es situ\u00e9es dans la Meuse, plus pr\u00e9cis\u00e9ment au niveau du bois d&rsquo;Ailly. Les hommes Cette fois-ci, nos hommes ne faisaient pas partie du m\u00eame r\u00e9giment mais ont tous trouv\u00e9 la mort en avril 1915 au bois d&rsquo;Ailly. Louis, Camille ROBERT est n\u00e9 le 16\/05\/1893 \u00e0 Sury-en-Vaux (au lieu-dit de la Vall\u00e9e) de parents tisserand et couturi\u00e8re. Il \u00e9tait soldat de 2\u00e8me classe au 29\u00e8me RI lors de son d\u00e9c\u00e8s le 24\/4\/1915 au bois d&rsquo;Ailly. Georges Isidore COTTAT est n\u00e9 le 14\/3\/1894 \u00e0 Verdigny, de parents vignerons \u00e0 Chaudoux. Il \u00e9tait \u00e9galement soldat de 2\u00e8me classe au 27\u00e8me RI lors de son d\u00e9c\u00e8s le 14\/4\/1915 au bois d&rsquo;Ailly (commune de Marbottes). Le troisi\u00e8me homme, est Charles LEGER, 2\u00e8me classe au 56\u00e8me RI. Il meurt le 7 avril 1915 au bois d&rsquo;Ailly. En recherchant quelques informations sur cet homme, comme pour les pr\u00e9c\u00e9dents, je fais une d\u00e9couverte : Charles LEGER est en fait le fr\u00e8re de mon arri\u00e8re-arri\u00e8re grand p\u00e8re \u00c9mile Justin LEGER. Je garde donc son histoire pour une prochaine fois. La zone du Bois d&rsquo;Ailly La zone du bois d&rsquo;Ailly se situe dans la Meuse, entre les communes de Saint Mihiel et de Marbotte. Agrandir le plan A Marbotte se trouve d&rsquo;ailleurs actuellement une n\u00e9cropole nationale. Journal du 29\u00e8me RI, le 24 avril 8h : ordre est donn\u00e9 de faire partir le 1er bataillon \u00e0 la Croix Saint Jean. Un bataillon du 100\u00e8me le remplace. Pendant la matin\u00e9e, une Compagnie du 100\u00e8me, aid\u00e9e par les grenadiers du 2\u00e8me bataillon s&rsquo;installe \u00e0 la droite de celui-ci dans la tranch\u00e9e prise sur une longueur de 150 m\u00e8tres. A 10h, la 12\u00e8me compagnie quitte le point 5 et va rejoindre son bataillon \u00e0 Pont sur Meuse. A 21h, ordre est donn\u00e9e de faire partir le lendemain \u00e0 6h15 le 1et bataillon et du 8\u00e8me. 18 tu\u00e9s, 10 bless\u00e9s, 20 disparus. Louis, Camille ROBERT en faisait partie. Une journ\u00e9e o\u00f9 l&rsquo;on ne parle pas de grands combats, une journ\u00e9e presque \u00ab\u00a0ordinaire dans les tranch\u00e9es. Journal du 27\u00e8me RI, le 14 avril Le r\u00e9giment occupe les m\u00eames emplacements que la veille. 5h : les 5 et 6\u00e8mes compagnies rel\u00e8vent en 2\u00e8me ligne les 7\u00e8mes et 8\u00e8mes compagnies qui viennent bivouaquer \u00e0 la Croix Saint Jean. 15h15 : le 1er bataillon quitte Pont sur Meuse pour aller remplacer le 3\u00e8me btn et des \u00e9l\u00e9ments du 13\u00e8 d&rsquo;Infanterie pour les remplacements en premi\u00e8re ligne. Le relev\u00e9 s&rsquo;effectue difficilement, les 1\u00e8res, 2\u00e8me et 4\u00e8mes compagnies ne connaissant qu&rsquo;imparfaitement leurs nouveaux secteurs. Elle est toutefois termin\u00e9e \u00e0 22 heures. Encore une fois pas de grandes batailles. Se dire que Georges Isidore COTTAT, est peut-\u00eatre mort tout \u00ab\u00a0simplement \u00a0\u00bb \u00e0 cause d&rsquo;un probl\u00e8me d&rsquo;organisation&#8230; Le quatri\u00e8me et dernier volet de ce g\u00e9n\u00e9ath\u00e8me sur la guerre 14\/18 portera sur les \u00ab\u00a0Dezat\u00a0\u00bb morts pour la France. Mais je pense que je vais poursuivre mes investigations l&rsquo;an prochain et peut-\u00eatre m\u00eame les ann\u00e9es suivantes. N\u00e9cropole nationale \u00e0 Marbotte &#8211; Google street view 2013 Sources : SGA M\u00e9moire des Hommes. Fiches Morts pour la France. Journaux des Marches et Op\u00e9rations. Archives du Cher : actes de naissance.<\/p>\n","protected":false},"author":1,"featured_media":0,"comment_status":"open","ping_status":"open","sticky":false,"template":"","format":"standard","meta":{"_exactmetrics_skip_tracking":false,"_exactmetrics_sitenote_active":false,"_exactmetrics_sitenote_note":"","_exactmetrics_sitenote_category":0,"jetpack_post_was_ever_published":false,"_jetpack_newsletter_access":"","_jetpack_dont_email_post_to_subs":false,"_jetpack_newsletter_tier_id":0,"_jetpack_memberships_contains_paywalled_content":false,"_jetpack_memberships_contains_paid_content":false,"footnotes":""},"categories":[8,6],"tags":[120,69,33,52],"class_list":["post-191","post","type-post","status-publish","format-standard","hentry","category-geneatheme","category-histoire-locale","tag-guerre-1418","tag-leger","tag-sury-en-vaux","tag-verdigny"],"yoast_head":"<!-- This site is optimized with the Yoast SEO plugin v27.0 - https:\/\/yoast.com\/product\/yoast-seo-wordpress\/ -->\n<title>Morts pour la France 14\/18 : le bois d&#039;Ailly [3] - Rencontre avec mes anc\u00eatres<\/title>\n<meta name=\"robots\" content=\"index, follow, max-snippet:-1, max-image-preview:large, max-video-preview:-1\" \/>\n<link rel=\"canonical\" href=\"https:\/\/www.elodie-et-antoine.fr\/ra\/?p=191\" \/>\n<meta property=\"og:locale\" content=\"fr_FR\" \/>\n<meta property=\"og:type\" content=\"article\" \/>\n<meta property=\"og:title\" content=\"Morts pour la France 14\/18 : le bois d&#039;Ailly [3] - Rencontre avec mes anc\u00eatres\" \/>\n<meta property=\"og:description\" content=\"Apr\u00e8s vous avoir pr\u00e9sent\u00e9 les morts pour la France 14\/18 de Sury-en-Vaux et Verdigny, nous avons voyag\u00e9 en Belgique en ao\u00fbt 1914. Cette fois-ci nous partons pour les tranch\u00e9es situ\u00e9es dans la Meuse, plus pr\u00e9cis\u00e9ment au niveau du bois d&rsquo;Ailly. Les hommes Cette fois-ci, nos hommes ne faisaient pas partie du m\u00eame r\u00e9giment mais ont tous trouv\u00e9 la mort en avril 1915 au bois d&rsquo;Ailly. Louis, Camille ROBERT est n\u00e9 le 16\/05\/1893 \u00e0 Sury-en-Vaux (au lieu-dit de la Vall\u00e9e) de parents tisserand et couturi\u00e8re. Il \u00e9tait soldat de 2\u00e8me classe au 29\u00e8me RI lors de son d\u00e9c\u00e8s le 24\/4\/1915 au bois d&rsquo;Ailly. Georges Isidore COTTAT est n\u00e9 le 14\/3\/1894 \u00e0 Verdigny, de parents vignerons \u00e0 Chaudoux. Il \u00e9tait \u00e9galement soldat de 2\u00e8me classe au 27\u00e8me RI lors de son d\u00e9c\u00e8s le 14\/4\/1915 au bois d&rsquo;Ailly (commune de Marbottes). Le troisi\u00e8me homme, est Charles LEGER, 2\u00e8me classe au 56\u00e8me RI. Il meurt le 7 avril 1915 au bois d&rsquo;Ailly. En recherchant quelques informations sur cet homme, comme pour les pr\u00e9c\u00e9dents, je fais une d\u00e9couverte : Charles LEGER est en fait le fr\u00e8re de mon arri\u00e8re-arri\u00e8re grand p\u00e8re \u00c9mile Justin LEGER. Je garde donc son histoire pour une prochaine fois. La zone du Bois d&rsquo;Ailly La zone du bois d&rsquo;Ailly se situe dans la Meuse, entre les communes de Saint Mihiel et de Marbotte. Agrandir le plan A Marbotte se trouve d&rsquo;ailleurs actuellement une n\u00e9cropole nationale. Journal du 29\u00e8me RI, le 24 avril 8h : ordre est donn\u00e9 de faire partir le 1er bataillon \u00e0 la Croix Saint Jean. Un bataillon du 100\u00e8me le remplace. Pendant la matin\u00e9e, une Compagnie du 100\u00e8me, aid\u00e9e par les grenadiers du 2\u00e8me bataillon s&rsquo;installe \u00e0 la droite de celui-ci dans la tranch\u00e9e prise sur une longueur de 150 m\u00e8tres. A 10h, la 12\u00e8me compagnie quitte le point 5 et va rejoindre son bataillon \u00e0 Pont sur Meuse. A 21h, ordre est donn\u00e9e de faire partir le lendemain \u00e0 6h15 le 1et bataillon et du 8\u00e8me. 18 tu\u00e9s, 10 bless\u00e9s, 20 disparus. Louis, Camille ROBERT en faisait partie. Une journ\u00e9e o\u00f9 l&rsquo;on ne parle pas de grands combats, une journ\u00e9e presque \u00ab\u00a0ordinaire dans les tranch\u00e9es. Journal du 27\u00e8me RI, le 14 avril Le r\u00e9giment occupe les m\u00eames emplacements que la veille. 5h : les 5 et 6\u00e8mes compagnies rel\u00e8vent en 2\u00e8me ligne les 7\u00e8mes et 8\u00e8mes compagnies qui viennent bivouaquer \u00e0 la Croix Saint Jean. 15h15 : le 1er bataillon quitte Pont sur Meuse pour aller remplacer le 3\u00e8me btn et des \u00e9l\u00e9ments du 13\u00e8 d&rsquo;Infanterie pour les remplacements en premi\u00e8re ligne. Le relev\u00e9 s&rsquo;effectue difficilement, les 1\u00e8res, 2\u00e8me et 4\u00e8mes compagnies ne connaissant qu&rsquo;imparfaitement leurs nouveaux secteurs. Elle est toutefois termin\u00e9e \u00e0 22 heures. Encore une fois pas de grandes batailles. Se dire que Georges Isidore COTTAT, est peut-\u00eatre mort tout \u00ab\u00a0simplement \u00a0\u00bb \u00e0 cause d&rsquo;un probl\u00e8me d&rsquo;organisation&#8230; Le quatri\u00e8me et dernier volet de ce g\u00e9n\u00e9ath\u00e8me sur la guerre 14\/18 portera sur les \u00ab\u00a0Dezat\u00a0\u00bb morts pour la France. Mais je pense que je vais poursuivre mes investigations l&rsquo;an prochain et peut-\u00eatre m\u00eame les ann\u00e9es suivantes. N\u00e9cropole nationale \u00e0 Marbotte &#8211; Google street view 2013 Sources : SGA M\u00e9moire des Hommes. Fiches Morts pour la France. Journaux des Marches et Op\u00e9rations. Archives du Cher : actes de naissance.\" \/>\n<meta property=\"og:url\" content=\"https:\/\/www.elodie-et-antoine.fr\/ra\/?p=191\" \/>\n<meta property=\"og:site_name\" content=\"Rencontre avec mes anc\u00eatres\" \/>\n<meta property=\"article:publisher\" content=\"https:\/\/www.facebook.com\/rencontreancetres\" \/>\n<meta property=\"article:published_time\" content=\"2013-11-23T08:40:10+00:00\" \/>\n<meta property=\"og:image\" content=\"http:\/\/www.elodie-et-antoine.fr\/ra\/wp-content\/uploads\/2013\/11\/Nouvelle-image.jpg\" \/>\n<meta name=\"author\" content=\"Elodie\" \/>\n<meta name=\"twitter:card\" content=\"summary_large_image\" \/>\n<meta name=\"twitter:creator\" content=\"@lodeetwit\" \/>\n<meta name=\"twitter:site\" content=\"@lodeetwit\" \/>\n<meta name=\"twitter:label1\" content=\"\u00c9crit par\" \/>\n\t<meta name=\"twitter:data1\" content=\"Elodie\" \/>\n\t<meta name=\"twitter:label2\" content=\"Dur\u00e9e de lecture estim\u00e9e\" \/>\n\t<meta name=\"twitter:data2\" content=\"3 minutes\" \/>\n<script type=\"application\/ld+json\" class=\"yoast-schema-graph\">{\"@context\":\"https:\/\/schema.org\",\"@graph\":[{\"@type\":\"Article\",\"@id\":\"https:\/\/www.elodie-et-antoine.fr\/ra\/?p=191#article\",\"isPartOf\":{\"@id\":\"https:\/\/www.elodie-et-antoine.fr\/ra\/?p=191\"},\"author\":{\"name\":\"Elodie\",\"@id\":\"https:\/\/www.elodie-et-antoine.fr\/ra\/#\/schema\/person\/50e9be10104b0e8a3c0f55df181b9b56\"},\"headline\":\"Morts pour la France 14\/18 : le bois d&rsquo;Ailly [3]\",\"datePublished\":\"2013-11-23T08:40:10+00:00\",\"mainEntityOfPage\":{\"@id\":\"https:\/\/www.elodie-et-antoine.fr\/ra\/?p=191\"},\"wordCount\":561,\"commentCount\":16,\"publisher\":{\"@id\":\"https:\/\/www.elodie-et-antoine.fr\/ra\/#organization\"},\"image\":{\"@id\":\"https:\/\/www.elodie-et-antoine.fr\/ra\/?p=191#primaryimage\"},\"thumbnailUrl\":\"http:\/\/www.elodie-et-antoine.fr\/ra\/wp-content\/uploads\/2013\/11\/Nouvelle-image.jpg\",\"keywords\":[\"guerre 14\/18\",\"L\u00e9ger\",\"sury-en-vaux\",\"Verdigny\"],\"articleSection\":[\"G\u00e9n\u00e9ath\u00e8me\",\"Histoire locale\"],\"inLanguage\":\"fr-FR\",\"potentialAction\":[{\"@type\":\"CommentAction\",\"name\":\"Comment\",\"target\":[\"https:\/\/www.elodie-et-antoine.fr\/ra\/?p=191#respond\"]}]},{\"@type\":\"WebPage\",\"@id\":\"https:\/\/www.elodie-et-antoine.fr\/ra\/?p=191\",\"url\":\"https:\/\/www.elodie-et-antoine.fr\/ra\/?p=191\",\"name\":\"Morts pour la France 14\/18 : le bois d'Ailly [3] - Rencontre avec mes anc\u00eatres\",\"isPartOf\":{\"@id\":\"https:\/\/www.elodie-et-antoine.fr\/ra\/#website\"},\"primaryImageOfPage\":{\"@id\":\"https:\/\/www.elodie-et-antoine.fr\/ra\/?p=191#primaryimage\"},\"image\":{\"@id\":\"https:\/\/www.elodie-et-antoine.fr\/ra\/?p=191#primaryimage\"},\"thumbnailUrl\":\"http:\/\/www.elodie-et-antoine.fr\/ra\/wp-content\/uploads\/2013\/11\/Nouvelle-image.jpg\",\"datePublished\":\"2013-11-23T08:40:10+00:00\",\"breadcrumb\":{\"@id\":\"https:\/\/www.elodie-et-antoine.fr\/ra\/?p=191#breadcrumb\"},\"inLanguage\":\"fr-FR\",\"potentialAction\":[{\"@type\":\"ReadAction\",\"target\":[\"https:\/\/www.elodie-et-antoine.fr\/ra\/?p=191\"]}]},{\"@type\":\"ImageObject\",\"inLanguage\":\"fr-FR\",\"@id\":\"https:\/\/www.elodie-et-antoine.fr\/ra\/?p=191#primaryimage\",\"url\":\"http:\/\/www.elodie-et-antoine.fr\/ra\/wp-content\/uploads\/2013\/11\/Nouvelle-image.jpg\",\"contentUrl\":\"http:\/\/www.elodie-et-antoine.fr\/ra\/wp-content\/uploads\/2013\/11\/Nouvelle-image.jpg\"},{\"@type\":\"BreadcrumbList\",\"@id\":\"https:\/\/www.elodie-et-antoine.fr\/ra\/?p=191#breadcrumb\",\"itemListElement\":[{\"@type\":\"ListItem\",\"position\":1,\"name\":\"Accueil\",\"item\":\"https:\/\/www.elodie-et-antoine.fr\/ra\"},{\"@type\":\"ListItem\",\"position\":2,\"name\":\"Morts pour la France 14\/18 : le bois d&rsquo;Ailly [3]\"}]},{\"@type\":\"WebSite\",\"@id\":\"https:\/\/www.elodie-et-antoine.fr\/ra\/#website\",\"url\":\"https:\/\/www.elodie-et-antoine.fr\/ra\/\",\"name\":\"Rencontre avec mes anc\u00eatres\",\"description\":\"Rencontre avec mes anc\u00eatres\",\"publisher\":{\"@id\":\"https:\/\/www.elodie-et-antoine.fr\/ra\/#organization\"},\"potentialAction\":[{\"@type\":\"SearchAction\",\"target\":{\"@type\":\"EntryPoint\",\"urlTemplate\":\"https:\/\/www.elodie-et-antoine.fr\/ra\/?s={search_term_string}\"},\"query-input\":{\"@type\":\"PropertyValueSpecification\",\"valueRequired\":true,\"valueName\":\"search_term_string\"}}],\"inLanguage\":\"fr-FR\"},{\"@type\":\"Organization\",\"@id\":\"https:\/\/www.elodie-et-antoine.fr\/ra\/#organization\",\"name\":\"Rencontre avec mes anc\u00eatres\",\"url\":\"https:\/\/www.elodie-et-antoine.fr\/ra\/\",\"logo\":{\"@type\":\"ImageObject\",\"inLanguage\":\"fr-FR\",\"@id\":\"https:\/\/www.elodie-et-antoine.fr\/ra\/#\/schema\/logo\/image\/\",\"url\":\"https:\/\/www.elodie-et-antoine.fr\/ra\/wp-content\/uploads\/2024\/02\/Logo-detoure.png\",\"contentUrl\":\"https:\/\/www.elodie-et-antoine.fr\/ra\/wp-content\/uploads\/2024\/02\/Logo-detoure.png\",\"width\":500,\"height\":500,\"caption\":\"Rencontre avec mes anc\u00eatres\"},\"image\":{\"@id\":\"https:\/\/www.elodie-et-antoine.fr\/ra\/#\/schema\/logo\/image\/\"},\"sameAs\":[\"https:\/\/www.facebook.com\/rencontreancetres\",\"https:\/\/x.com\/lodeetwit\"]},{\"@type\":\"Person\",\"@id\":\"https:\/\/www.elodie-et-antoine.fr\/ra\/#\/schema\/person\/50e9be10104b0e8a3c0f55df181b9b56\",\"name\":\"Elodie\",\"image\":{\"@type\":\"ImageObject\",\"inLanguage\":\"fr-FR\",\"@id\":\"https:\/\/www.elodie-et-antoine.fr\/ra\/#\/schema\/person\/image\/\",\"url\":\"https:\/\/secure.gravatar.com\/avatar\/1ee5777faed60801dee6c0665d8f4bb2cfd6d4bf6ab052dbbc40be268a652c31?s=96&d=mm&r=g\",\"contentUrl\":\"https:\/\/secure.gravatar.com\/avatar\/1ee5777faed60801dee6c0665d8f4bb2cfd6d4bf6ab052dbbc40be268a652c31?s=96&d=mm&r=g\",\"caption\":\"Elodie\"},\"url\":\"https:\/\/www.elodie-et-antoine.fr\/ra\/?author=1\"}]}<\/script>\n<!-- \/ Yoast SEO plugin. -->","yoast_head_json":{"title":"Morts pour la France 14\/18 : le bois d'Ailly [3] - Rencontre avec mes anc\u00eatres","robots":{"index":"index","follow":"follow","max-snippet":"max-snippet:-1","max-image-preview":"max-image-preview:large","max-video-preview":"max-video-preview:-1"},"canonical":"https:\/\/www.elodie-et-antoine.fr\/ra\/?p=191","og_locale":"fr_FR","og_type":"article","og_title":"Morts pour la France 14\/18 : le bois d'Ailly [3] - Rencontre avec mes anc\u00eatres","og_description":"Apr\u00e8s vous avoir pr\u00e9sent\u00e9 les morts pour la France 14\/18 de Sury-en-Vaux et Verdigny, nous avons voyag\u00e9 en Belgique en ao\u00fbt 1914. Cette fois-ci nous partons pour les tranch\u00e9es situ\u00e9es dans la Meuse, plus pr\u00e9cis\u00e9ment au niveau du bois d&rsquo;Ailly. Les hommes Cette fois-ci, nos hommes ne faisaient pas partie du m\u00eame r\u00e9giment mais ont tous trouv\u00e9 la mort en avril 1915 au bois d&rsquo;Ailly. Louis, Camille ROBERT est n\u00e9 le 16\/05\/1893 \u00e0 Sury-en-Vaux (au lieu-dit de la Vall\u00e9e) de parents tisserand et couturi\u00e8re. Il \u00e9tait soldat de 2\u00e8me classe au 29\u00e8me RI lors de son d\u00e9c\u00e8s le 24\/4\/1915 au bois d&rsquo;Ailly. Georges Isidore COTTAT est n\u00e9 le 14\/3\/1894 \u00e0 Verdigny, de parents vignerons \u00e0 Chaudoux. Il \u00e9tait \u00e9galement soldat de 2\u00e8me classe au 27\u00e8me RI lors de son d\u00e9c\u00e8s le 14\/4\/1915 au bois d&rsquo;Ailly (commune de Marbottes). Le troisi\u00e8me homme, est Charles LEGER, 2\u00e8me classe au 56\u00e8me RI. Il meurt le 7 avril 1915 au bois d&rsquo;Ailly. En recherchant quelques informations sur cet homme, comme pour les pr\u00e9c\u00e9dents, je fais une d\u00e9couverte : Charles LEGER est en fait le fr\u00e8re de mon arri\u00e8re-arri\u00e8re grand p\u00e8re \u00c9mile Justin LEGER. Je garde donc son histoire pour une prochaine fois. La zone du Bois d&rsquo;Ailly La zone du bois d&rsquo;Ailly se situe dans la Meuse, entre les communes de Saint Mihiel et de Marbotte. Agrandir le plan A Marbotte se trouve d&rsquo;ailleurs actuellement une n\u00e9cropole nationale. Journal du 29\u00e8me RI, le 24 avril 8h : ordre est donn\u00e9 de faire partir le 1er bataillon \u00e0 la Croix Saint Jean. Un bataillon du 100\u00e8me le remplace. Pendant la matin\u00e9e, une Compagnie du 100\u00e8me, aid\u00e9e par les grenadiers du 2\u00e8me bataillon s&rsquo;installe \u00e0 la droite de celui-ci dans la tranch\u00e9e prise sur une longueur de 150 m\u00e8tres. A 10h, la 12\u00e8me compagnie quitte le point 5 et va rejoindre son bataillon \u00e0 Pont sur Meuse. A 21h, ordre est donn\u00e9e de faire partir le lendemain \u00e0 6h15 le 1et bataillon et du 8\u00e8me. 18 tu\u00e9s, 10 bless\u00e9s, 20 disparus. Louis, Camille ROBERT en faisait partie. Une journ\u00e9e o\u00f9 l&rsquo;on ne parle pas de grands combats, une journ\u00e9e presque \u00ab\u00a0ordinaire dans les tranch\u00e9es. Journal du 27\u00e8me RI, le 14 avril Le r\u00e9giment occupe les m\u00eames emplacements que la veille. 5h : les 5 et 6\u00e8mes compagnies rel\u00e8vent en 2\u00e8me ligne les 7\u00e8mes et 8\u00e8mes compagnies qui viennent bivouaquer \u00e0 la Croix Saint Jean. 15h15 : le 1er bataillon quitte Pont sur Meuse pour aller remplacer le 3\u00e8me btn et des \u00e9l\u00e9ments du 13\u00e8 d&rsquo;Infanterie pour les remplacements en premi\u00e8re ligne. Le relev\u00e9 s&rsquo;effectue difficilement, les 1\u00e8res, 2\u00e8me et 4\u00e8mes compagnies ne connaissant qu&rsquo;imparfaitement leurs nouveaux secteurs. Elle est toutefois termin\u00e9e \u00e0 22 heures. Encore une fois pas de grandes batailles. Se dire que Georges Isidore COTTAT, est peut-\u00eatre mort tout \u00ab\u00a0simplement \u00a0\u00bb \u00e0 cause d&rsquo;un probl\u00e8me d&rsquo;organisation&#8230; Le quatri\u00e8me et dernier volet de ce g\u00e9n\u00e9ath\u00e8me sur la guerre 14\/18 portera sur les \u00ab\u00a0Dezat\u00a0\u00bb morts pour la France. Mais je pense que je vais poursuivre mes investigations l&rsquo;an prochain et peut-\u00eatre m\u00eame les ann\u00e9es suivantes. N\u00e9cropole nationale \u00e0 Marbotte &#8211; Google street view 2013 Sources : SGA M\u00e9moire des Hommes. Fiches Morts pour la France. Journaux des Marches et Op\u00e9rations. Archives du Cher : actes de naissance.","og_url":"https:\/\/www.elodie-et-antoine.fr\/ra\/?p=191","og_site_name":"Rencontre avec mes anc\u00eatres","article_publisher":"https:\/\/www.facebook.com\/rencontreancetres","article_published_time":"2013-11-23T08:40:10+00:00","og_image":[{"url":"http:\/\/www.elodie-et-antoine.fr\/ra\/wp-content\/uploads\/2013\/11\/Nouvelle-image.jpg","type":"","width":"","height":""}],"author":"Elodie","twitter_card":"summary_large_image","twitter_creator":"@lodeetwit","twitter_site":"@lodeetwit","twitter_misc":{"\u00c9crit par":"Elodie","Dur\u00e9e de lecture estim\u00e9e":"3 minutes"},"schema":{"@context":"https:\/\/schema.org","@graph":[{"@type":"Article","@id":"https:\/\/www.elodie-et-antoine.fr\/ra\/?p=191#article","isPartOf":{"@id":"https:\/\/www.elodie-et-antoine.fr\/ra\/?p=191"},"author":{"name":"Elodie","@id":"https:\/\/www.elodie-et-antoine.fr\/ra\/#\/schema\/person\/50e9be10104b0e8a3c0f55df181b9b56"},"headline":"Morts pour la France 14\/18 : le bois d&rsquo;Ailly [3]","datePublished":"2013-11-23T08:40:10+00:00","mainEntityOfPage":{"@id":"https:\/\/www.elodie-et-antoine.fr\/ra\/?p=191"},"wordCount":561,"commentCount":16,"publisher":{"@id":"https:\/\/www.elodie-et-antoine.fr\/ra\/#organization"},"image":{"@id":"https:\/\/www.elodie-et-antoine.fr\/ra\/?p=191#primaryimage"},"thumbnailUrl":"http:\/\/www.elodie-et-antoine.fr\/ra\/wp-content\/uploads\/2013\/11\/Nouvelle-image.jpg","keywords":["guerre 14\/18","L\u00e9ger","sury-en-vaux","Verdigny"],"articleSection":["G\u00e9n\u00e9ath\u00e8me","Histoire locale"],"inLanguage":"fr-FR","potentialAction":[{"@type":"CommentAction","name":"Comment","target":["https:\/\/www.elodie-et-antoine.fr\/ra\/?p=191#respond"]}]},{"@type":"WebPage","@id":"https:\/\/www.elodie-et-antoine.fr\/ra\/?p=191","url":"https:\/\/www.elodie-et-antoine.fr\/ra\/?p=191","name":"Morts pour la France 14\/18 : le bois d'Ailly [3] - Rencontre avec mes anc\u00eatres","isPartOf":{"@id":"https:\/\/www.elodie-et-antoine.fr\/ra\/#website"},"primaryImageOfPage":{"@id":"https:\/\/www.elodie-et-antoine.fr\/ra\/?p=191#primaryimage"},"image":{"@id":"https:\/\/www.elodie-et-antoine.fr\/ra\/?p=191#primaryimage"},"thumbnailUrl":"http:\/\/www.elodie-et-antoine.fr\/ra\/wp-content\/uploads\/2013\/11\/Nouvelle-image.jpg","datePublished":"2013-11-23T08:40:10+00:00","breadcrumb":{"@id":"https:\/\/www.elodie-et-antoine.fr\/ra\/?p=191#breadcrumb"},"inLanguage":"fr-FR","potentialAction":[{"@type":"ReadAction","target":["https:\/\/www.elodie-et-antoine.fr\/ra\/?p=191"]}]},{"@type":"ImageObject","inLanguage":"fr-FR","@id":"https:\/\/www.elodie-et-antoine.fr\/ra\/?p=191#primaryimage","url":"http:\/\/www.elodie-et-antoine.fr\/ra\/wp-content\/uploads\/2013\/11\/Nouvelle-image.jpg","contentUrl":"http:\/\/www.elodie-et-antoine.fr\/ra\/wp-content\/uploads\/2013\/11\/Nouvelle-image.jpg"},{"@type":"BreadcrumbList","@id":"https:\/\/www.elodie-et-antoine.fr\/ra\/?p=191#breadcrumb","itemListElement":[{"@type":"ListItem","position":1,"name":"Accueil","item":"https:\/\/www.elodie-et-antoine.fr\/ra"},{"@type":"ListItem","position":2,"name":"Morts pour la France 14\/18 : le bois d&rsquo;Ailly [3]"}]},{"@type":"WebSite","@id":"https:\/\/www.elodie-et-antoine.fr\/ra\/#website","url":"https:\/\/www.elodie-et-antoine.fr\/ra\/","name":"Rencontre avec mes anc\u00eatres","description":"Rencontre avec mes anc\u00eatres","publisher":{"@id":"https:\/\/www.elodie-et-antoine.fr\/ra\/#organization"},"potentialAction":[{"@type":"SearchAction","target":{"@type":"EntryPoint","urlTemplate":"https:\/\/www.elodie-et-antoine.fr\/ra\/?s={search_term_string}"},"query-input":{"@type":"PropertyValueSpecification","valueRequired":true,"valueName":"search_term_string"}}],"inLanguage":"fr-FR"},{"@type":"Organization","@id":"https:\/\/www.elodie-et-antoine.fr\/ra\/#organization","name":"Rencontre avec mes anc\u00eatres","url":"https:\/\/www.elodie-et-antoine.fr\/ra\/","logo":{"@type":"ImageObject","inLanguage":"fr-FR","@id":"https:\/\/www.elodie-et-antoine.fr\/ra\/#\/schema\/logo\/image\/","url":"https:\/\/www.elodie-et-antoine.fr\/ra\/wp-content\/uploads\/2024\/02\/Logo-detoure.png","contentUrl":"https:\/\/www.elodie-et-antoine.fr\/ra\/wp-content\/uploads\/2024\/02\/Logo-detoure.png","width":500,"height":500,"caption":"Rencontre avec mes anc\u00eatres"},"image":{"@id":"https:\/\/www.elodie-et-antoine.fr\/ra\/#\/schema\/logo\/image\/"},"sameAs":["https:\/\/www.facebook.com\/rencontreancetres","https:\/\/x.com\/lodeetwit"]},{"@type":"Person","@id":"https:\/\/www.elodie-et-antoine.fr\/ra\/#\/schema\/person\/50e9be10104b0e8a3c0f55df181b9b56","name":"Elodie","image":{"@type":"ImageObject","inLanguage":"fr-FR","@id":"https:\/\/www.elodie-et-antoine.fr\/ra\/#\/schema\/person\/image\/","url":"https:\/\/secure.gravatar.com\/avatar\/1ee5777faed60801dee6c0665d8f4bb2cfd6d4bf6ab052dbbc40be268a652c31?s=96&d=mm&r=g","contentUrl":"https:\/\/secure.gravatar.com\/avatar\/1ee5777faed60801dee6c0665d8f4bb2cfd6d4bf6ab052dbbc40be268a652c31?s=96&d=mm&r=g","caption":"Elodie"},"url":"https:\/\/www.elodie-et-antoine.fr\/ra\/?author=1"}]}},"jetpack_featured_media_url":"","jetpack_sharing_enabled":true,"_links":{"self":[{"href":"https:\/\/www.elodie-et-antoine.fr\/ra\/index.php?rest_route=\/wp\/v2\/posts\/191","targetHints":{"allow":["GET"]}}],"collection":[{"href":"https:\/\/www.elodie-et-antoine.fr\/ra\/index.php?rest_route=\/wp\/v2\/posts"}],"about":[{"href":"https:\/\/www.elodie-et-antoine.fr\/ra\/index.php?rest_route=\/wp\/v2\/types\/post"}],"author":[{"embeddable":true,"href":"https:\/\/www.elodie-et-antoine.fr\/ra\/index.php?rest_route=\/wp\/v2\/users\/1"}],"replies":[{"embeddable":true,"href":"https:\/\/www.elodie-et-antoine.fr\/ra\/index.php?rest_route=%2Fwp%2Fv2%2Fcomments&post=191"}],"version-history":[{"count":7,"href":"https:\/\/www.elodie-et-antoine.fr\/ra\/index.php?rest_route=\/wp\/v2\/posts\/191\/revisions"}],"predecessor-version":[{"id":399,"href":"https:\/\/www.elodie-et-antoine.fr\/ra\/index.php?rest_route=\/wp\/v2\/posts\/191\/revisions\/399"}],"wp:attachment":[{"href":"https:\/\/www.elodie-et-antoine.fr\/ra\/index.php?rest_route=%2Fwp%2Fv2%2Fmedia&parent=191"}],"wp:term":[{"taxonomy":"category","embeddable":true,"href":"https:\/\/www.elodie-et-antoine.fr\/ra\/index.php?rest_route=%2Fwp%2Fv2%2Fcategories&post=191"},{"taxonomy":"post_tag","embeddable":true,"href":"https:\/\/www.elodie-et-antoine.fr\/ra\/index.php?rest_route=%2Fwp%2Fv2%2Ftags&post=191"}],"curies":[{"name":"wp","href":"https:\/\/api.w.org\/{rel}","templated":true}]}}