{"id":1703,"date":"2016-06-21T21:04:04","date_gmt":"2016-06-21T20:04:04","guid":{"rendered":"http:\/\/www.elodie-et-antoine.fr\/ra\/?p=1703"},"modified":"2016-06-21T21:04:04","modified_gmt":"2016-06-21T20:04:04","slug":"q-quelques-nouvelles-revelations","status":"publish","type":"post","link":"https:\/\/www.elodie-et-antoine.fr\/ra\/?p=1703","title":{"rendered":"Q&#8230; Quelques nouvelles r\u00e9v\u00e9lations"},"content":{"rendered":"<p style=\"text-align: justify;\"><span style=\"color: #99cc00;\">Lire le d\u00e9but <a style=\"color: #99cc00;\" href=\"https:\/\/www.elodie-et-antoine.fr\/ra\/?p=1578\">ici<\/a>.<\/span><\/p>\n<p style=\"text-align: justify;\">La discussion se poursuit avec Edm\u00e9, mon a\u00efeul originaire de l&rsquo;Yonne.<\/p>\n<p style=\"text-align: justify;\"><em>&#8211; Edm\u00e9<\/em> : J&rsquo;ai parl\u00e9 de ma femme Magdeleine, mais j&rsquo;ai \u00e0 peine \u00e9voqu\u00e9 mes parents. Mon p\u00e8re \u00e9tait laboureur, mais \u00e0 ses heures perdues a \u00e9galement \u00e9t\u00e9 &#8230;<\/p>\n<p style=\"text-align: center;\">(suspens)<\/p>\n<p style=\"text-align: justify;\">vigneron.<\/p>\n<p style=\"text-align: justify;\"><em>&#8211; Moi, me mordant les l\u00e8vres pour ne pas dire \u00ab\u00a0encore\u00a0\u00bb<\/em> : &#8230; On se rapproche de Chablis au moins !<\/p>\n<p style=\"text-align: justify;\">&#8211; <em>Edm\u00e9<\/em> : Et mon grand-p\u00e8re \u00e9tait fermier au ch\u00e2teau de Curly, \u00e0 Auxerre.<\/p>\n<p style=\"text-align: justify;\">&#8211; <em>Moi<\/em> : Tiens, c&rsquo;est bien la premi\u00e8re fois que j&rsquo;entends parler d&rsquo;un anc\u00eatre ayant v\u00e9cu dans une grande ville. Enfin, du chef-lieu d&rsquo;un d\u00e9partement !<\/p>\n<p style=\"text-align: justify;\">&#8211; <em>Edm\u00e9<\/em> : Oui, mais tu imagines bien qu&rsquo;avec cette profession, il ne vivait pas dans le centre d&rsquo;Auxerre, mais en p\u00e9riph\u00e9rie.<\/p>\n<p style=\"text-align: justify;\">J&rsquo;ouvre une carte du secteur.<\/p>\n<p style=\"text-align: justify;\">&#8211; <em>Edm\u00e9<\/em> : Tu vois, c&rsquo;est \u00e0 l&rsquo;est \u00e0 proximit\u00e9 de Bleigny-le-Carreau. Le village d&rsquo;origine de ma belle-famille.<\/p>\n<p style=\"text-align: justify;\"><a href=\"https:\/\/www.elodie-et-antoine.fr\/ra\/wp-content\/uploads\/2016\/06\/Q.jpg\" rel=\"attachment wp-att-1706\"><img loading=\"lazy\" decoding=\"async\" class=\"alignnone size-full wp-image-1706\" src=\"https:\/\/www.elodie-et-antoine.fr\/ra\/wp-content\/uploads\/2016\/06\/Q.jpg\" alt=\"Q\" width=\"845\" height=\"548\" srcset=\"https:\/\/www.elodie-et-antoine.fr\/ra\/wp-content\/uploads\/2016\/06\/Q.jpg 845w, https:\/\/www.elodie-et-antoine.fr\/ra\/wp-content\/uploads\/2016\/06\/Q-300x195.jpg 300w, https:\/\/www.elodie-et-antoine.fr\/ra\/wp-content\/uploads\/2016\/06\/Q-768x498.jpg 768w\" sizes=\"auto, (max-width: 845px) 100vw, 845px\" \/><\/a><\/p>\n<p style=\"text-align: justify;\">&#8211; <em>Moi<\/em> : Et son p\u00e8re \u00e9tait aussi fermier au m\u00eame endroit ?<\/p>\n<p style=\"text-align: justify;\">&#8211; <em>Edm\u00e9 r\u00e9fl\u00e9chit<\/em> : Humm, je ne sais plus trop. Il devait bien \u00eatre laboureur aussi. Mais je ne sais pas pourquoi, je crois avoir entendu dire qu&rsquo;il \u00e9tait marchand&#8230; Ah si seulement j&rsquo;avais fait de la g\u00e9n\u00e9alogie \u00e0 mon \u00e9poque ! Ce que je sais c&rsquo;est que sa femme s&rsquo;appelait Edm\u00e9e, comme ma grand-m\u00e8re maternelle et sa m\u00e8re \u00e9galement.<\/p>\n<p style=\"text-align: justify;\">&#8211; <em>Moi<\/em> : Et bien, voil\u00e0 un pr\u00e9nom r\u00e9pandu alors que je l&rsquo;ai rencontr\u00e9 peu souvent dans le Berry. En tous cas, merci pour cette discussion qui a d\u00e9but\u00e9 sur des histoires de prononciation !<\/p>\n<p style=\"text-align: justify;\">D&rsquo;ailleurs, il faut que je vous raconte comment j&rsquo;ai d\u00e9bloqu\u00e9 une \u00e9pine g\u00e9n\u00e9alogique simplement en pronon\u00e7ant un mot \u00e0 la berrichonne !<\/p>\n<p style=\"text-align: right;\"><span style=\"color: #99cc00;\">A suivre<\/span><\/p>\n<p>&nbsp;<\/p>\n","protected":false},"excerpt":{"rendered":"<p>Lire le d\u00e9but ici. La discussion se poursuit avec Edm\u00e9, mon a\u00efeul originaire de l&rsquo;Yonne. &#8211; Edm\u00e9 : J&rsquo;ai parl\u00e9 de ma femme Magdeleine, mais j&rsquo;ai \u00e0 peine \u00e9voqu\u00e9 mes parents. Mon p\u00e8re \u00e9tait laboureur, mais \u00e0 ses heures perdues a \u00e9galement \u00e9t\u00e9 &#8230; (suspens) vigneron. &#8211; Moi, me mordant les l\u00e8vres pour ne pas dire \u00ab\u00a0encore\u00a0\u00bb : &#8230; On se rapproche de Chablis au moins ! &#8211; Edm\u00e9 : Et mon grand-p\u00e8re \u00e9tait fermier au ch\u00e2teau de Curly, \u00e0 Auxerre. &#8211; Moi : Tiens, c&rsquo;est bien la premi\u00e8re fois que j&rsquo;entends parler d&rsquo;un anc\u00eatre ayant v\u00e9cu dans une grande ville. Enfin, du chef-lieu d&rsquo;un d\u00e9partement ! &#8211; Edm\u00e9 : Oui, mais tu imagines bien qu&rsquo;avec cette profession, il ne vivait pas dans le centre d&rsquo;Auxerre, mais en p\u00e9riph\u00e9rie. J&rsquo;ouvre une carte du secteur. &#8211; Edm\u00e9 : Tu vois, c&rsquo;est \u00e0 l&rsquo;est \u00e0 proximit\u00e9 de Bleigny-le-Carreau. Le village d&rsquo;origine de ma belle-famille. &#8211; Moi : Et son p\u00e8re \u00e9tait aussi fermier au m\u00eame endroit ? &#8211; Edm\u00e9 r\u00e9fl\u00e9chit : Humm, je ne sais plus trop. Il devait bien \u00eatre laboureur aussi. Mais je ne sais pas pourquoi, je crois avoir entendu dire qu&rsquo;il \u00e9tait marchand&#8230; Ah si seulement j&rsquo;avais fait de la g\u00e9n\u00e9alogie \u00e0 mon \u00e9poque ! Ce que je sais c&rsquo;est que sa femme s&rsquo;appelait Edm\u00e9e, comme ma grand-m\u00e8re maternelle et sa m\u00e8re \u00e9galement. &#8211; Moi : Et bien, voil\u00e0 un pr\u00e9nom r\u00e9pandu alors que je l&rsquo;ai rencontr\u00e9 peu souvent dans le Berry. En tous cas, merci pour cette discussion qui a d\u00e9but\u00e9 sur des histoires de prononciation ! D&rsquo;ailleurs, il faut que je vous raconte comment j&rsquo;ai d\u00e9bloqu\u00e9 une \u00e9pine g\u00e9n\u00e9alogique simplement en pronon\u00e7ant un mot \u00e0 la berrichonne ! A suivre &nbsp;<\/p>\n","protected":false},"author":1,"featured_media":0,"comment_status":"open","ping_status":"open","sticky":false,"template":"","format":"standard","meta":{"_exactmetrics_skip_tracking":false,"_exactmetrics_sitenote_active":false,"_exactmetrics_sitenote_note":"","_exactmetrics_sitenote_category":0,"jetpack_post_was_ever_published":false,"_jetpack_newsletter_access":"","_jetpack_dont_email_post_to_subs":false,"_jetpack_newsletter_tier_id":0,"_jetpack_memberships_contains_paywalled_content":false,"_jetpack_memberships_contains_paid_content":false,"footnotes":""},"categories":[12],"tags":[],"class_list":["post-1703","post","type-post","status-publish","format-standard","hentry","category-challenge"],"yoast_head":"<!-- This site is optimized with the Yoast SEO plugin v27.0 - https:\/\/yoast.com\/product\/yoast-seo-wordpress\/ -->\n<title>Q... Quelques nouvelles r\u00e9v\u00e9lations - Rencontre avec mes anc\u00eatres<\/title>\n<meta name=\"robots\" content=\"index, follow, max-snippet:-1, max-image-preview:large, max-video-preview:-1\" \/>\n<link rel=\"canonical\" href=\"https:\/\/www.elodie-et-antoine.fr\/ra\/?p=1703\" \/>\n<meta property=\"og:locale\" content=\"fr_FR\" \/>\n<meta property=\"og:type\" content=\"article\" \/>\n<meta property=\"og:title\" content=\"Q... Quelques nouvelles r\u00e9v\u00e9lations - Rencontre avec mes anc\u00eatres\" \/>\n<meta property=\"og:description\" content=\"Lire le d\u00e9but ici. La discussion se poursuit avec Edm\u00e9, mon a\u00efeul originaire de l&rsquo;Yonne. &#8211; Edm\u00e9 : J&rsquo;ai parl\u00e9 de ma femme Magdeleine, mais j&rsquo;ai \u00e0 peine \u00e9voqu\u00e9 mes parents. Mon p\u00e8re \u00e9tait laboureur, mais \u00e0 ses heures perdues a \u00e9galement \u00e9t\u00e9 &#8230; (suspens) vigneron. &#8211; Moi, me mordant les l\u00e8vres pour ne pas dire \u00ab\u00a0encore\u00a0\u00bb : &#8230; On se rapproche de Chablis au moins ! &#8211; Edm\u00e9 : Et mon grand-p\u00e8re \u00e9tait fermier au ch\u00e2teau de Curly, \u00e0 Auxerre. &#8211; Moi : Tiens, c&rsquo;est bien la premi\u00e8re fois que j&rsquo;entends parler d&rsquo;un anc\u00eatre ayant v\u00e9cu dans une grande ville. Enfin, du chef-lieu d&rsquo;un d\u00e9partement ! &#8211; Edm\u00e9 : Oui, mais tu imagines bien qu&rsquo;avec cette profession, il ne vivait pas dans le centre d&rsquo;Auxerre, mais en p\u00e9riph\u00e9rie. J&rsquo;ouvre une carte du secteur. &#8211; Edm\u00e9 : Tu vois, c&rsquo;est \u00e0 l&rsquo;est \u00e0 proximit\u00e9 de Bleigny-le-Carreau. Le village d&rsquo;origine de ma belle-famille. &#8211; Moi : Et son p\u00e8re \u00e9tait aussi fermier au m\u00eame endroit ? &#8211; Edm\u00e9 r\u00e9fl\u00e9chit : Humm, je ne sais plus trop. Il devait bien \u00eatre laboureur aussi. Mais je ne sais pas pourquoi, je crois avoir entendu dire qu&rsquo;il \u00e9tait marchand&#8230; Ah si seulement j&rsquo;avais fait de la g\u00e9n\u00e9alogie \u00e0 mon \u00e9poque ! Ce que je sais c&rsquo;est que sa femme s&rsquo;appelait Edm\u00e9e, comme ma grand-m\u00e8re maternelle et sa m\u00e8re \u00e9galement. &#8211; Moi : Et bien, voil\u00e0 un pr\u00e9nom r\u00e9pandu alors que je l&rsquo;ai rencontr\u00e9 peu souvent dans le Berry. En tous cas, merci pour cette discussion qui a d\u00e9but\u00e9 sur des histoires de prononciation ! D&rsquo;ailleurs, il faut que je vous raconte comment j&rsquo;ai d\u00e9bloqu\u00e9 une \u00e9pine g\u00e9n\u00e9alogique simplement en pronon\u00e7ant un mot \u00e0 la berrichonne ! A suivre &nbsp;\" \/>\n<meta property=\"og:url\" content=\"https:\/\/www.elodie-et-antoine.fr\/ra\/?p=1703\" \/>\n<meta property=\"og:site_name\" content=\"Rencontre avec mes anc\u00eatres\" \/>\n<meta property=\"article:publisher\" content=\"https:\/\/www.facebook.com\/rencontreancetres\" \/>\n<meta property=\"article:published_time\" content=\"2016-06-21T20:04:04+00:00\" \/>\n<meta property=\"og:image\" content=\"http:\/\/www.elodie-et-antoine.fr\/ra\/wp-content\/uploads\/2016\/06\/Q.jpg\" \/>\n<meta name=\"author\" content=\"Elodie\" \/>\n<meta name=\"twitter:card\" content=\"summary_large_image\" \/>\n<meta name=\"twitter:creator\" content=\"@lodeetwit\" \/>\n<meta name=\"twitter:site\" content=\"@lodeetwit\" \/>\n<meta name=\"twitter:label1\" content=\"\u00c9crit par\" \/>\n\t<meta name=\"twitter:data1\" content=\"Elodie\" \/>\n\t<meta name=\"twitter:label2\" content=\"Dur\u00e9e de lecture estim\u00e9e\" \/>\n\t<meta name=\"twitter:data2\" content=\"1 minute\" \/>\n<script type=\"application\/ld+json\" class=\"yoast-schema-graph\">{\"@context\":\"https:\/\/schema.org\",\"@graph\":[{\"@type\":\"Article\",\"@id\":\"https:\/\/www.elodie-et-antoine.fr\/ra\/?p=1703#article\",\"isPartOf\":{\"@id\":\"https:\/\/www.elodie-et-antoine.fr\/ra\/?p=1703\"},\"author\":{\"name\":\"Elodie\",\"@id\":\"https:\/\/www.elodie-et-antoine.fr\/ra\/#\/schema\/person\/50e9be10104b0e8a3c0f55df181b9b56\"},\"headline\":\"Q&#8230; Quelques nouvelles r\u00e9v\u00e9lations\",\"datePublished\":\"2016-06-21T20:04:04+00:00\",\"mainEntityOfPage\":{\"@id\":\"https:\/\/www.elodie-et-antoine.fr\/ra\/?p=1703\"},\"wordCount\":295,\"commentCount\":0,\"publisher\":{\"@id\":\"https:\/\/www.elodie-et-antoine.fr\/ra\/#organization\"},\"image\":{\"@id\":\"https:\/\/www.elodie-et-antoine.fr\/ra\/?p=1703#primaryimage\"},\"thumbnailUrl\":\"http:\/\/www.elodie-et-antoine.fr\/ra\/wp-content\/uploads\/2016\/06\/Q.jpg\",\"articleSection\":[\"Challenge\"],\"inLanguage\":\"fr-FR\",\"potentialAction\":[{\"@type\":\"CommentAction\",\"name\":\"Comment\",\"target\":[\"https:\/\/www.elodie-et-antoine.fr\/ra\/?p=1703#respond\"]}]},{\"@type\":\"WebPage\",\"@id\":\"https:\/\/www.elodie-et-antoine.fr\/ra\/?p=1703\",\"url\":\"https:\/\/www.elodie-et-antoine.fr\/ra\/?p=1703\",\"name\":\"Q... Quelques nouvelles r\u00e9v\u00e9lations - Rencontre avec mes anc\u00eatres\",\"isPartOf\":{\"@id\":\"https:\/\/www.elodie-et-antoine.fr\/ra\/#website\"},\"primaryImageOfPage\":{\"@id\":\"https:\/\/www.elodie-et-antoine.fr\/ra\/?p=1703#primaryimage\"},\"image\":{\"@id\":\"https:\/\/www.elodie-et-antoine.fr\/ra\/?p=1703#primaryimage\"},\"thumbnailUrl\":\"http:\/\/www.elodie-et-antoine.fr\/ra\/wp-content\/uploads\/2016\/06\/Q.jpg\",\"datePublished\":\"2016-06-21T20:04:04+00:00\",\"breadcrumb\":{\"@id\":\"https:\/\/www.elodie-et-antoine.fr\/ra\/?p=1703#breadcrumb\"},\"inLanguage\":\"fr-FR\",\"potentialAction\":[{\"@type\":\"ReadAction\",\"target\":[\"https:\/\/www.elodie-et-antoine.fr\/ra\/?p=1703\"]}]},{\"@type\":\"ImageObject\",\"inLanguage\":\"fr-FR\",\"@id\":\"https:\/\/www.elodie-et-antoine.fr\/ra\/?p=1703#primaryimage\",\"url\":\"http:\/\/www.elodie-et-antoine.fr\/ra\/wp-content\/uploads\/2016\/06\/Q.jpg\",\"contentUrl\":\"http:\/\/www.elodie-et-antoine.fr\/ra\/wp-content\/uploads\/2016\/06\/Q.jpg\"},{\"@type\":\"BreadcrumbList\",\"@id\":\"https:\/\/www.elodie-et-antoine.fr\/ra\/?p=1703#breadcrumb\",\"itemListElement\":[{\"@type\":\"ListItem\",\"position\":1,\"name\":\"Accueil\",\"item\":\"https:\/\/www.elodie-et-antoine.fr\/ra\"},{\"@type\":\"ListItem\",\"position\":2,\"name\":\"Q&#8230; Quelques nouvelles r\u00e9v\u00e9lations\"}]},{\"@type\":\"WebSite\",\"@id\":\"https:\/\/www.elodie-et-antoine.fr\/ra\/#website\",\"url\":\"https:\/\/www.elodie-et-antoine.fr\/ra\/\",\"name\":\"Rencontre avec mes anc\u00eatres\",\"description\":\"Rencontre avec mes anc\u00eatres\",\"publisher\":{\"@id\":\"https:\/\/www.elodie-et-antoine.fr\/ra\/#organization\"},\"potentialAction\":[{\"@type\":\"SearchAction\",\"target\":{\"@type\":\"EntryPoint\",\"urlTemplate\":\"https:\/\/www.elodie-et-antoine.fr\/ra\/?s={search_term_string}\"},\"query-input\":{\"@type\":\"PropertyValueSpecification\",\"valueRequired\":true,\"valueName\":\"search_term_string\"}}],\"inLanguage\":\"fr-FR\"},{\"@type\":\"Organization\",\"@id\":\"https:\/\/www.elodie-et-antoine.fr\/ra\/#organization\",\"name\":\"Rencontre avec mes anc\u00eatres\",\"url\":\"https:\/\/www.elodie-et-antoine.fr\/ra\/\",\"logo\":{\"@type\":\"ImageObject\",\"inLanguage\":\"fr-FR\",\"@id\":\"https:\/\/www.elodie-et-antoine.fr\/ra\/#\/schema\/logo\/image\/\",\"url\":\"https:\/\/www.elodie-et-antoine.fr\/ra\/wp-content\/uploads\/2024\/02\/Logo-detoure.png\",\"contentUrl\":\"https:\/\/www.elodie-et-antoine.fr\/ra\/wp-content\/uploads\/2024\/02\/Logo-detoure.png\",\"width\":500,\"height\":500,\"caption\":\"Rencontre avec mes anc\u00eatres\"},\"image\":{\"@id\":\"https:\/\/www.elodie-et-antoine.fr\/ra\/#\/schema\/logo\/image\/\"},\"sameAs\":[\"https:\/\/www.facebook.com\/rencontreancetres\",\"https:\/\/x.com\/lodeetwit\"]},{\"@type\":\"Person\",\"@id\":\"https:\/\/www.elodie-et-antoine.fr\/ra\/#\/schema\/person\/50e9be10104b0e8a3c0f55df181b9b56\",\"name\":\"Elodie\",\"image\":{\"@type\":\"ImageObject\",\"inLanguage\":\"fr-FR\",\"@id\":\"https:\/\/www.elodie-et-antoine.fr\/ra\/#\/schema\/person\/image\/\",\"url\":\"https:\/\/secure.gravatar.com\/avatar\/1ee5777faed60801dee6c0665d8f4bb2cfd6d4bf6ab052dbbc40be268a652c31?s=96&d=mm&r=g\",\"contentUrl\":\"https:\/\/secure.gravatar.com\/avatar\/1ee5777faed60801dee6c0665d8f4bb2cfd6d4bf6ab052dbbc40be268a652c31?s=96&d=mm&r=g\",\"caption\":\"Elodie\"},\"url\":\"https:\/\/www.elodie-et-antoine.fr\/ra\/?author=1\"}]}<\/script>\n<!-- \/ Yoast SEO plugin. -->","yoast_head_json":{"title":"Q... Quelques nouvelles r\u00e9v\u00e9lations - Rencontre avec mes anc\u00eatres","robots":{"index":"index","follow":"follow","max-snippet":"max-snippet:-1","max-image-preview":"max-image-preview:large","max-video-preview":"max-video-preview:-1"},"canonical":"https:\/\/www.elodie-et-antoine.fr\/ra\/?p=1703","og_locale":"fr_FR","og_type":"article","og_title":"Q... Quelques nouvelles r\u00e9v\u00e9lations - Rencontre avec mes anc\u00eatres","og_description":"Lire le d\u00e9but ici. La discussion se poursuit avec Edm\u00e9, mon a\u00efeul originaire de l&rsquo;Yonne. &#8211; Edm\u00e9 : J&rsquo;ai parl\u00e9 de ma femme Magdeleine, mais j&rsquo;ai \u00e0 peine \u00e9voqu\u00e9 mes parents. Mon p\u00e8re \u00e9tait laboureur, mais \u00e0 ses heures perdues a \u00e9galement \u00e9t\u00e9 &#8230; (suspens) vigneron. &#8211; Moi, me mordant les l\u00e8vres pour ne pas dire \u00ab\u00a0encore\u00a0\u00bb : &#8230; On se rapproche de Chablis au moins ! &#8211; Edm\u00e9 : Et mon grand-p\u00e8re \u00e9tait fermier au ch\u00e2teau de Curly, \u00e0 Auxerre. &#8211; Moi : Tiens, c&rsquo;est bien la premi\u00e8re fois que j&rsquo;entends parler d&rsquo;un anc\u00eatre ayant v\u00e9cu dans une grande ville. Enfin, du chef-lieu d&rsquo;un d\u00e9partement ! &#8211; Edm\u00e9 : Oui, mais tu imagines bien qu&rsquo;avec cette profession, il ne vivait pas dans le centre d&rsquo;Auxerre, mais en p\u00e9riph\u00e9rie. J&rsquo;ouvre une carte du secteur. &#8211; Edm\u00e9 : Tu vois, c&rsquo;est \u00e0 l&rsquo;est \u00e0 proximit\u00e9 de Bleigny-le-Carreau. Le village d&rsquo;origine de ma belle-famille. &#8211; Moi : Et son p\u00e8re \u00e9tait aussi fermier au m\u00eame endroit ? &#8211; Edm\u00e9 r\u00e9fl\u00e9chit : Humm, je ne sais plus trop. Il devait bien \u00eatre laboureur aussi. Mais je ne sais pas pourquoi, je crois avoir entendu dire qu&rsquo;il \u00e9tait marchand&#8230; Ah si seulement j&rsquo;avais fait de la g\u00e9n\u00e9alogie \u00e0 mon \u00e9poque ! Ce que je sais c&rsquo;est que sa femme s&rsquo;appelait Edm\u00e9e, comme ma grand-m\u00e8re maternelle et sa m\u00e8re \u00e9galement. &#8211; Moi : Et bien, voil\u00e0 un pr\u00e9nom r\u00e9pandu alors que je l&rsquo;ai rencontr\u00e9 peu souvent dans le Berry. En tous cas, merci pour cette discussion qui a d\u00e9but\u00e9 sur des histoires de prononciation ! D&rsquo;ailleurs, il faut que je vous raconte comment j&rsquo;ai d\u00e9bloqu\u00e9 une \u00e9pine g\u00e9n\u00e9alogique simplement en pronon\u00e7ant un mot \u00e0 la berrichonne ! A suivre &nbsp;","og_url":"https:\/\/www.elodie-et-antoine.fr\/ra\/?p=1703","og_site_name":"Rencontre avec mes anc\u00eatres","article_publisher":"https:\/\/www.facebook.com\/rencontreancetres","article_published_time":"2016-06-21T20:04:04+00:00","og_image":[{"url":"http:\/\/www.elodie-et-antoine.fr\/ra\/wp-content\/uploads\/2016\/06\/Q.jpg","type":"","width":"","height":""}],"author":"Elodie","twitter_card":"summary_large_image","twitter_creator":"@lodeetwit","twitter_site":"@lodeetwit","twitter_misc":{"\u00c9crit par":"Elodie","Dur\u00e9e de lecture estim\u00e9e":"1 minute"},"schema":{"@context":"https:\/\/schema.org","@graph":[{"@type":"Article","@id":"https:\/\/www.elodie-et-antoine.fr\/ra\/?p=1703#article","isPartOf":{"@id":"https:\/\/www.elodie-et-antoine.fr\/ra\/?p=1703"},"author":{"name":"Elodie","@id":"https:\/\/www.elodie-et-antoine.fr\/ra\/#\/schema\/person\/50e9be10104b0e8a3c0f55df181b9b56"},"headline":"Q&#8230; Quelques nouvelles r\u00e9v\u00e9lations","datePublished":"2016-06-21T20:04:04+00:00","mainEntityOfPage":{"@id":"https:\/\/www.elodie-et-antoine.fr\/ra\/?p=1703"},"wordCount":295,"commentCount":0,"publisher":{"@id":"https:\/\/www.elodie-et-antoine.fr\/ra\/#organization"},"image":{"@id":"https:\/\/www.elodie-et-antoine.fr\/ra\/?p=1703#primaryimage"},"thumbnailUrl":"http:\/\/www.elodie-et-antoine.fr\/ra\/wp-content\/uploads\/2016\/06\/Q.jpg","articleSection":["Challenge"],"inLanguage":"fr-FR","potentialAction":[{"@type":"CommentAction","name":"Comment","target":["https:\/\/www.elodie-et-antoine.fr\/ra\/?p=1703#respond"]}]},{"@type":"WebPage","@id":"https:\/\/www.elodie-et-antoine.fr\/ra\/?p=1703","url":"https:\/\/www.elodie-et-antoine.fr\/ra\/?p=1703","name":"Q... Quelques nouvelles r\u00e9v\u00e9lations - Rencontre avec mes anc\u00eatres","isPartOf":{"@id":"https:\/\/www.elodie-et-antoine.fr\/ra\/#website"},"primaryImageOfPage":{"@id":"https:\/\/www.elodie-et-antoine.fr\/ra\/?p=1703#primaryimage"},"image":{"@id":"https:\/\/www.elodie-et-antoine.fr\/ra\/?p=1703#primaryimage"},"thumbnailUrl":"http:\/\/www.elodie-et-antoine.fr\/ra\/wp-content\/uploads\/2016\/06\/Q.jpg","datePublished":"2016-06-21T20:04:04+00:00","breadcrumb":{"@id":"https:\/\/www.elodie-et-antoine.fr\/ra\/?p=1703#breadcrumb"},"inLanguage":"fr-FR","potentialAction":[{"@type":"ReadAction","target":["https:\/\/www.elodie-et-antoine.fr\/ra\/?p=1703"]}]},{"@type":"ImageObject","inLanguage":"fr-FR","@id":"https:\/\/www.elodie-et-antoine.fr\/ra\/?p=1703#primaryimage","url":"http:\/\/www.elodie-et-antoine.fr\/ra\/wp-content\/uploads\/2016\/06\/Q.jpg","contentUrl":"http:\/\/www.elodie-et-antoine.fr\/ra\/wp-content\/uploads\/2016\/06\/Q.jpg"},{"@type":"BreadcrumbList","@id":"https:\/\/www.elodie-et-antoine.fr\/ra\/?p=1703#breadcrumb","itemListElement":[{"@type":"ListItem","position":1,"name":"Accueil","item":"https:\/\/www.elodie-et-antoine.fr\/ra"},{"@type":"ListItem","position":2,"name":"Q&#8230; Quelques nouvelles r\u00e9v\u00e9lations"}]},{"@type":"WebSite","@id":"https:\/\/www.elodie-et-antoine.fr\/ra\/#website","url":"https:\/\/www.elodie-et-antoine.fr\/ra\/","name":"Rencontre avec mes anc\u00eatres","description":"Rencontre avec mes anc\u00eatres","publisher":{"@id":"https:\/\/www.elodie-et-antoine.fr\/ra\/#organization"},"potentialAction":[{"@type":"SearchAction","target":{"@type":"EntryPoint","urlTemplate":"https:\/\/www.elodie-et-antoine.fr\/ra\/?s={search_term_string}"},"query-input":{"@type":"PropertyValueSpecification","valueRequired":true,"valueName":"search_term_string"}}],"inLanguage":"fr-FR"},{"@type":"Organization","@id":"https:\/\/www.elodie-et-antoine.fr\/ra\/#organization","name":"Rencontre avec mes anc\u00eatres","url":"https:\/\/www.elodie-et-antoine.fr\/ra\/","logo":{"@type":"ImageObject","inLanguage":"fr-FR","@id":"https:\/\/www.elodie-et-antoine.fr\/ra\/#\/schema\/logo\/image\/","url":"https:\/\/www.elodie-et-antoine.fr\/ra\/wp-content\/uploads\/2024\/02\/Logo-detoure.png","contentUrl":"https:\/\/www.elodie-et-antoine.fr\/ra\/wp-content\/uploads\/2024\/02\/Logo-detoure.png","width":500,"height":500,"caption":"Rencontre avec mes anc\u00eatres"},"image":{"@id":"https:\/\/www.elodie-et-antoine.fr\/ra\/#\/schema\/logo\/image\/"},"sameAs":["https:\/\/www.facebook.com\/rencontreancetres","https:\/\/x.com\/lodeetwit"]},{"@type":"Person","@id":"https:\/\/www.elodie-et-antoine.fr\/ra\/#\/schema\/person\/50e9be10104b0e8a3c0f55df181b9b56","name":"Elodie","image":{"@type":"ImageObject","inLanguage":"fr-FR","@id":"https:\/\/www.elodie-et-antoine.fr\/ra\/#\/schema\/person\/image\/","url":"https:\/\/secure.gravatar.com\/avatar\/1ee5777faed60801dee6c0665d8f4bb2cfd6d4bf6ab052dbbc40be268a652c31?s=96&d=mm&r=g","contentUrl":"https:\/\/secure.gravatar.com\/avatar\/1ee5777faed60801dee6c0665d8f4bb2cfd6d4bf6ab052dbbc40be268a652c31?s=96&d=mm&r=g","caption":"Elodie"},"url":"https:\/\/www.elodie-et-antoine.fr\/ra\/?author=1"}]}},"jetpack_featured_media_url":"","jetpack_sharing_enabled":true,"_links":{"self":[{"href":"https:\/\/www.elodie-et-antoine.fr\/ra\/index.php?rest_route=\/wp\/v2\/posts\/1703","targetHints":{"allow":["GET"]}}],"collection":[{"href":"https:\/\/www.elodie-et-antoine.fr\/ra\/index.php?rest_route=\/wp\/v2\/posts"}],"about":[{"href":"https:\/\/www.elodie-et-antoine.fr\/ra\/index.php?rest_route=\/wp\/v2\/types\/post"}],"author":[{"embeddable":true,"href":"https:\/\/www.elodie-et-antoine.fr\/ra\/index.php?rest_route=\/wp\/v2\/users\/1"}],"replies":[{"embeddable":true,"href":"https:\/\/www.elodie-et-antoine.fr\/ra\/index.php?rest_route=%2Fwp%2Fv2%2Fcomments&post=1703"}],"version-history":[{"count":3,"href":"https:\/\/www.elodie-et-antoine.fr\/ra\/index.php?rest_route=\/wp\/v2\/posts\/1703\/revisions"}],"predecessor-version":[{"id":1707,"href":"https:\/\/www.elodie-et-antoine.fr\/ra\/index.php?rest_route=\/wp\/v2\/posts\/1703\/revisions\/1707"}],"wp:attachment":[{"href":"https:\/\/www.elodie-et-antoine.fr\/ra\/index.php?rest_route=%2Fwp%2Fv2%2Fmedia&parent=1703"}],"wp:term":[{"taxonomy":"category","embeddable":true,"href":"https:\/\/www.elodie-et-antoine.fr\/ra\/index.php?rest_route=%2Fwp%2Fv2%2Fcategories&post=1703"},{"taxonomy":"post_tag","embeddable":true,"href":"https:\/\/www.elodie-et-antoine.fr\/ra\/index.php?rest_route=%2Fwp%2Fv2%2Ftags&post=1703"}],"curies":[{"name":"wp","href":"https:\/\/api.w.org\/{rel}","templated":true}]}}