{"id":1676,"date":"2016-06-11T08:50:12","date_gmt":"2016-06-11T07:50:12","guid":{"rendered":"http:\/\/www.elodie-et-antoine.fr\/ra\/?p=1676"},"modified":"2016-06-11T08:50:12","modified_gmt":"2016-06-11T07:50:12","slug":"i-ils-ont-fait-la-guerre","status":"publish","type":"post","link":"https:\/\/www.elodie-et-antoine.fr\/ra\/?p=1676","title":{"rendered":"I &#8230; Ils ont fait la guerre"},"content":{"rendered":"<p><span style=\"color: #99cc00;\">Lire le d\u00e9but <a style=\"color: #99cc00;\" href=\"https:\/\/www.elodie-et-antoine.fr\/ra\/?p=1578\">ici<\/a>.<\/span><\/p>\n<p style=\"text-align: justify;\">A l&rsquo;\u00e9vocation de la guerre, le silence se fait dans la pi\u00e8ce.<\/p>\n<p style=\"text-align: justify;\">&#8211; <em>Moi<\/em> : m\u00eame si je n&rsquo;ai pas connu mes anc\u00eatres qui ont combattu. J&rsquo;ai retrouv\u00e9 leur trace dans les archives. Par qui voulez-vous commencer ?<\/p>\n<p style=\"text-align: justify;\">&#8211; <em>Un homme<\/em> : honneur aux dames, commen\u00e7ons par les anc\u00eatres de ta m\u00e8re.<\/p>\n<p style=\"text-align: justify;\">Je sors les fiches matricules, et mes anc\u00eatres se regroupent autour de moi. A mon tour de leur apprendre l&rsquo;histoire familiale !<\/p>\n<p style=\"text-align: justify;\">&#8211; <em>Moi<\/em> : Commen\u00e7ons par Louis Fran\u00e7ois Joseph LINARD. Le p\u00e8re de mon arri\u00e8re-grand-m\u00e8re. Il \u00e9tait dans le 4\u00e8me r\u00e9giment d&rsquo;infanterie. Il sera \u00e9vacu\u00e9 de nombreuses fois : une premi\u00e8re fois pour blessure de guerre le 9 d\u00e9cembre 1914, il partira en convalescence \u00e0 Marseille. Il repart aux arm\u00e9es en mai 1915. Cette fois il tombe malade et est \u00e9vacu\u00e9 \u00e0 Bar le Duc puis Chaumont. Il retourne au combat en juillet 1916, et est de nouveau \u00e9vacu\u00e9 pour maladie \u00e0 Bourges un mois apr\u00e8s. Il retourne combattre en septembre 1916, d\u00e9finitivement cette fois. Il sera nomm\u00e9 caporal en avril 1918.<\/p>\n<p style=\"text-align: justify;\">Avec cette nomination, ses anc\u00eatres hochent fi\u00e8rement la t\u00eate.<\/p>\n<p style=\"text-align: justify;\">&#8211; <em>Moi<\/em> : Pierre Francisque CHAMPION a aussi combattu. Encore un de mes anc\u00eatres pr\u00e9f\u00e9r\u00e9, figurez-vous qu&rsquo;il \u00e9tait charbonnier ! On apprend aussi qu&rsquo;en 1900 il est devenu clairon. Il a combattu dans les r\u00e9giments d&rsquo;infanterie, mais aussi dans l&rsquo;infanterie territoriale. A partir de 1918 il a \u00e9t\u00e9 mobilis\u00e9 sur les voies ferr\u00e9es \u00e0 Bondy.<\/p>\n<p style=\"text-align: justify;\">En fait beaucoup de mes anc\u00eatres \u00e9taient \u00e2g\u00e9s et ont combattu dans l&rsquo;arm\u00e9e territoriale. Ce qui n&rsquo;a pas emp\u00each\u00e9 une bonne partie de mes anc\u00eatres d&rsquo;\u00eatre bless\u00e9s ou d\u2019avoir combattu plus pr\u00e8s du front par la suite !<\/p>\n<p style=\"text-align: right;\"><span style=\"color: #99cc00;\">A suivre&#8230;<\/span><\/p>\n<p style=\"text-align: justify;\">\n","protected":false},"excerpt":{"rendered":"<p>Lire le d\u00e9but ici. A l&rsquo;\u00e9vocation de la guerre, le silence se fait dans la pi\u00e8ce. &#8211; Moi : m\u00eame si je n&rsquo;ai pas connu mes anc\u00eatres qui ont combattu. J&rsquo;ai retrouv\u00e9 leur trace dans les archives. Par qui voulez-vous commencer ? &#8211; Un homme : honneur aux dames, commen\u00e7ons par les anc\u00eatres de ta m\u00e8re. Je sors les fiches matricules, et mes anc\u00eatres se regroupent autour de moi. A mon tour de leur apprendre l&rsquo;histoire familiale ! &#8211; Moi : Commen\u00e7ons par Louis Fran\u00e7ois Joseph LINARD. Le p\u00e8re de mon arri\u00e8re-grand-m\u00e8re. Il \u00e9tait dans le 4\u00e8me r\u00e9giment d&rsquo;infanterie. Il sera \u00e9vacu\u00e9 de nombreuses fois : une premi\u00e8re fois pour blessure de guerre le 9 d\u00e9cembre 1914, il partira en convalescence \u00e0 Marseille. Il repart aux arm\u00e9es en mai 1915. Cette fois il tombe malade et est \u00e9vacu\u00e9 \u00e0 Bar le Duc puis Chaumont. Il retourne au combat en juillet 1916, et est de nouveau \u00e9vacu\u00e9 pour maladie \u00e0 Bourges un mois apr\u00e8s. Il retourne combattre en septembre 1916, d\u00e9finitivement cette fois. Il sera nomm\u00e9 caporal en avril 1918. Avec cette nomination, ses anc\u00eatres hochent fi\u00e8rement la t\u00eate. &#8211; Moi : Pierre Francisque CHAMPION a aussi combattu. Encore un de mes anc\u00eatres pr\u00e9f\u00e9r\u00e9, figurez-vous qu&rsquo;il \u00e9tait charbonnier ! On apprend aussi qu&rsquo;en 1900 il est devenu clairon. Il a combattu dans les r\u00e9giments d&rsquo;infanterie, mais aussi dans l&rsquo;infanterie territoriale. A partir de 1918 il a \u00e9t\u00e9 mobilis\u00e9 sur les voies ferr\u00e9es \u00e0 Bondy. En fait beaucoup de mes anc\u00eatres \u00e9taient \u00e2g\u00e9s et ont combattu dans l&rsquo;arm\u00e9e territoriale. Ce qui n&rsquo;a pas emp\u00each\u00e9 une bonne partie de mes anc\u00eatres d&rsquo;\u00eatre bless\u00e9s ou d\u2019avoir combattu plus pr\u00e8s du front par la suite ! A suivre&#8230;<\/p>\n","protected":false},"author":1,"featured_media":0,"comment_status":"open","ping_status":"open","sticky":false,"template":"","format":"standard","meta":{"_exactmetrics_skip_tracking":false,"_exactmetrics_sitenote_active":false,"_exactmetrics_sitenote_note":"","_exactmetrics_sitenote_category":0,"jetpack_post_was_ever_published":false,"_jetpack_newsletter_access":"","_jetpack_dont_email_post_to_subs":false,"_jetpack_newsletter_tier_id":0,"_jetpack_memberships_contains_paywalled_content":false,"_jetpack_memberships_contains_paid_content":false,"footnotes":""},"categories":[12],"tags":[],"class_list":["post-1676","post","type-post","status-publish","format-standard","hentry","category-challenge"],"yoast_head":"<!-- This site is optimized with the Yoast SEO plugin v27.0 - https:\/\/yoast.com\/product\/yoast-seo-wordpress\/ -->\n<title>I ... Ils ont fait la guerre - Rencontre avec mes anc\u00eatres<\/title>\n<meta name=\"robots\" content=\"index, follow, max-snippet:-1, max-image-preview:large, max-video-preview:-1\" \/>\n<link rel=\"canonical\" href=\"https:\/\/www.elodie-et-antoine.fr\/ra\/?p=1676\" \/>\n<meta property=\"og:locale\" content=\"fr_FR\" \/>\n<meta property=\"og:type\" content=\"article\" \/>\n<meta property=\"og:title\" content=\"I ... Ils ont fait la guerre - Rencontre avec mes anc\u00eatres\" \/>\n<meta property=\"og:description\" content=\"Lire le d\u00e9but ici. A l&rsquo;\u00e9vocation de la guerre, le silence se fait dans la pi\u00e8ce. &#8211; Moi : m\u00eame si je n&rsquo;ai pas connu mes anc\u00eatres qui ont combattu. J&rsquo;ai retrouv\u00e9 leur trace dans les archives. Par qui voulez-vous commencer ? &#8211; Un homme : honneur aux dames, commen\u00e7ons par les anc\u00eatres de ta m\u00e8re. Je sors les fiches matricules, et mes anc\u00eatres se regroupent autour de moi. A mon tour de leur apprendre l&rsquo;histoire familiale ! &#8211; Moi : Commen\u00e7ons par Louis Fran\u00e7ois Joseph LINARD. Le p\u00e8re de mon arri\u00e8re-grand-m\u00e8re. Il \u00e9tait dans le 4\u00e8me r\u00e9giment d&rsquo;infanterie. Il sera \u00e9vacu\u00e9 de nombreuses fois : une premi\u00e8re fois pour blessure de guerre le 9 d\u00e9cembre 1914, il partira en convalescence \u00e0 Marseille. Il repart aux arm\u00e9es en mai 1915. Cette fois il tombe malade et est \u00e9vacu\u00e9 \u00e0 Bar le Duc puis Chaumont. Il retourne au combat en juillet 1916, et est de nouveau \u00e9vacu\u00e9 pour maladie \u00e0 Bourges un mois apr\u00e8s. Il retourne combattre en septembre 1916, d\u00e9finitivement cette fois. Il sera nomm\u00e9 caporal en avril 1918. Avec cette nomination, ses anc\u00eatres hochent fi\u00e8rement la t\u00eate. &#8211; Moi : Pierre Francisque CHAMPION a aussi combattu. Encore un de mes anc\u00eatres pr\u00e9f\u00e9r\u00e9, figurez-vous qu&rsquo;il \u00e9tait charbonnier ! On apprend aussi qu&rsquo;en 1900 il est devenu clairon. Il a combattu dans les r\u00e9giments d&rsquo;infanterie, mais aussi dans l&rsquo;infanterie territoriale. A partir de 1918 il a \u00e9t\u00e9 mobilis\u00e9 sur les voies ferr\u00e9es \u00e0 Bondy. En fait beaucoup de mes anc\u00eatres \u00e9taient \u00e2g\u00e9s et ont combattu dans l&rsquo;arm\u00e9e territoriale. Ce qui n&rsquo;a pas emp\u00each\u00e9 une bonne partie de mes anc\u00eatres d&rsquo;\u00eatre bless\u00e9s ou d\u2019avoir combattu plus pr\u00e8s du front par la suite ! A suivre&#8230;\" \/>\n<meta property=\"og:url\" content=\"https:\/\/www.elodie-et-antoine.fr\/ra\/?p=1676\" \/>\n<meta property=\"og:site_name\" content=\"Rencontre avec mes anc\u00eatres\" \/>\n<meta property=\"article:publisher\" content=\"https:\/\/www.facebook.com\/rencontreancetres\" \/>\n<meta property=\"article:published_time\" content=\"2016-06-11T07:50:12+00:00\" \/>\n<meta name=\"author\" content=\"Elodie\" \/>\n<meta name=\"twitter:card\" content=\"summary_large_image\" \/>\n<meta name=\"twitter:creator\" content=\"@lodeetwit\" \/>\n<meta name=\"twitter:site\" content=\"@lodeetwit\" \/>\n<meta name=\"twitter:label1\" content=\"\u00c9crit par\" \/>\n\t<meta name=\"twitter:data1\" content=\"Elodie\" \/>\n\t<meta name=\"twitter:label2\" content=\"Dur\u00e9e de lecture estim\u00e9e\" \/>\n\t<meta name=\"twitter:data2\" content=\"1 minute\" \/>\n<script type=\"application\/ld+json\" class=\"yoast-schema-graph\">{\"@context\":\"https:\/\/schema.org\",\"@graph\":[{\"@type\":\"Article\",\"@id\":\"https:\/\/www.elodie-et-antoine.fr\/ra\/?p=1676#article\",\"isPartOf\":{\"@id\":\"https:\/\/www.elodie-et-antoine.fr\/ra\/?p=1676\"},\"author\":{\"name\":\"Elodie\",\"@id\":\"https:\/\/www.elodie-et-antoine.fr\/ra\/#\/schema\/person\/50e9be10104b0e8a3c0f55df181b9b56\"},\"headline\":\"I &#8230; Ils ont fait la guerre\",\"datePublished\":\"2016-06-11T07:50:12+00:00\",\"mainEntityOfPage\":{\"@id\":\"https:\/\/www.elodie-et-antoine.fr\/ra\/?p=1676\"},\"wordCount\":305,\"commentCount\":0,\"publisher\":{\"@id\":\"https:\/\/www.elodie-et-antoine.fr\/ra\/#organization\"},\"articleSection\":[\"Challenge\"],\"inLanguage\":\"fr-FR\",\"potentialAction\":[{\"@type\":\"CommentAction\",\"name\":\"Comment\",\"target\":[\"https:\/\/www.elodie-et-antoine.fr\/ra\/?p=1676#respond\"]}]},{\"@type\":\"WebPage\",\"@id\":\"https:\/\/www.elodie-et-antoine.fr\/ra\/?p=1676\",\"url\":\"https:\/\/www.elodie-et-antoine.fr\/ra\/?p=1676\",\"name\":\"I ... Ils ont fait la guerre - Rencontre avec mes anc\u00eatres\",\"isPartOf\":{\"@id\":\"https:\/\/www.elodie-et-antoine.fr\/ra\/#website\"},\"datePublished\":\"2016-06-11T07:50:12+00:00\",\"breadcrumb\":{\"@id\":\"https:\/\/www.elodie-et-antoine.fr\/ra\/?p=1676#breadcrumb\"},\"inLanguage\":\"fr-FR\",\"potentialAction\":[{\"@type\":\"ReadAction\",\"target\":[\"https:\/\/www.elodie-et-antoine.fr\/ra\/?p=1676\"]}]},{\"@type\":\"BreadcrumbList\",\"@id\":\"https:\/\/www.elodie-et-antoine.fr\/ra\/?p=1676#breadcrumb\",\"itemListElement\":[{\"@type\":\"ListItem\",\"position\":1,\"name\":\"Accueil\",\"item\":\"https:\/\/www.elodie-et-antoine.fr\/ra\"},{\"@type\":\"ListItem\",\"position\":2,\"name\":\"I &#8230; Ils ont fait la guerre\"}]},{\"@type\":\"WebSite\",\"@id\":\"https:\/\/www.elodie-et-antoine.fr\/ra\/#website\",\"url\":\"https:\/\/www.elodie-et-antoine.fr\/ra\/\",\"name\":\"Rencontre avec mes anc\u00eatres\",\"description\":\"Rencontre avec mes anc\u00eatres\",\"publisher\":{\"@id\":\"https:\/\/www.elodie-et-antoine.fr\/ra\/#organization\"},\"potentialAction\":[{\"@type\":\"SearchAction\",\"target\":{\"@type\":\"EntryPoint\",\"urlTemplate\":\"https:\/\/www.elodie-et-antoine.fr\/ra\/?s={search_term_string}\"},\"query-input\":{\"@type\":\"PropertyValueSpecification\",\"valueRequired\":true,\"valueName\":\"search_term_string\"}}],\"inLanguage\":\"fr-FR\"},{\"@type\":\"Organization\",\"@id\":\"https:\/\/www.elodie-et-antoine.fr\/ra\/#organization\",\"name\":\"Rencontre avec mes anc\u00eatres\",\"url\":\"https:\/\/www.elodie-et-antoine.fr\/ra\/\",\"logo\":{\"@type\":\"ImageObject\",\"inLanguage\":\"fr-FR\",\"@id\":\"https:\/\/www.elodie-et-antoine.fr\/ra\/#\/schema\/logo\/image\/\",\"url\":\"https:\/\/www.elodie-et-antoine.fr\/ra\/wp-content\/uploads\/2024\/02\/Logo-detoure.png\",\"contentUrl\":\"https:\/\/www.elodie-et-antoine.fr\/ra\/wp-content\/uploads\/2024\/02\/Logo-detoure.png\",\"width\":500,\"height\":500,\"caption\":\"Rencontre avec mes anc\u00eatres\"},\"image\":{\"@id\":\"https:\/\/www.elodie-et-antoine.fr\/ra\/#\/schema\/logo\/image\/\"},\"sameAs\":[\"https:\/\/www.facebook.com\/rencontreancetres\",\"https:\/\/x.com\/lodeetwit\"]},{\"@type\":\"Person\",\"@id\":\"https:\/\/www.elodie-et-antoine.fr\/ra\/#\/schema\/person\/50e9be10104b0e8a3c0f55df181b9b56\",\"name\":\"Elodie\",\"image\":{\"@type\":\"ImageObject\",\"inLanguage\":\"fr-FR\",\"@id\":\"https:\/\/www.elodie-et-antoine.fr\/ra\/#\/schema\/person\/image\/\",\"url\":\"https:\/\/secure.gravatar.com\/avatar\/1ee5777faed60801dee6c0665d8f4bb2cfd6d4bf6ab052dbbc40be268a652c31?s=96&d=mm&r=g\",\"contentUrl\":\"https:\/\/secure.gravatar.com\/avatar\/1ee5777faed60801dee6c0665d8f4bb2cfd6d4bf6ab052dbbc40be268a652c31?s=96&d=mm&r=g\",\"caption\":\"Elodie\"},\"url\":\"https:\/\/www.elodie-et-antoine.fr\/ra\/?author=1\"}]}<\/script>\n<!-- \/ Yoast SEO plugin. -->","yoast_head_json":{"title":"I ... Ils ont fait la guerre - Rencontre avec mes anc\u00eatres","robots":{"index":"index","follow":"follow","max-snippet":"max-snippet:-1","max-image-preview":"max-image-preview:large","max-video-preview":"max-video-preview:-1"},"canonical":"https:\/\/www.elodie-et-antoine.fr\/ra\/?p=1676","og_locale":"fr_FR","og_type":"article","og_title":"I ... Ils ont fait la guerre - Rencontre avec mes anc\u00eatres","og_description":"Lire le d\u00e9but ici. A l&rsquo;\u00e9vocation de la guerre, le silence se fait dans la pi\u00e8ce. &#8211; Moi : m\u00eame si je n&rsquo;ai pas connu mes anc\u00eatres qui ont combattu. J&rsquo;ai retrouv\u00e9 leur trace dans les archives. Par qui voulez-vous commencer ? &#8211; Un homme : honneur aux dames, commen\u00e7ons par les anc\u00eatres de ta m\u00e8re. Je sors les fiches matricules, et mes anc\u00eatres se regroupent autour de moi. A mon tour de leur apprendre l&rsquo;histoire familiale ! &#8211; Moi : Commen\u00e7ons par Louis Fran\u00e7ois Joseph LINARD. Le p\u00e8re de mon arri\u00e8re-grand-m\u00e8re. Il \u00e9tait dans le 4\u00e8me r\u00e9giment d&rsquo;infanterie. Il sera \u00e9vacu\u00e9 de nombreuses fois : une premi\u00e8re fois pour blessure de guerre le 9 d\u00e9cembre 1914, il partira en convalescence \u00e0 Marseille. Il repart aux arm\u00e9es en mai 1915. Cette fois il tombe malade et est \u00e9vacu\u00e9 \u00e0 Bar le Duc puis Chaumont. Il retourne au combat en juillet 1916, et est de nouveau \u00e9vacu\u00e9 pour maladie \u00e0 Bourges un mois apr\u00e8s. Il retourne combattre en septembre 1916, d\u00e9finitivement cette fois. Il sera nomm\u00e9 caporal en avril 1918. Avec cette nomination, ses anc\u00eatres hochent fi\u00e8rement la t\u00eate. &#8211; Moi : Pierre Francisque CHAMPION a aussi combattu. Encore un de mes anc\u00eatres pr\u00e9f\u00e9r\u00e9, figurez-vous qu&rsquo;il \u00e9tait charbonnier ! On apprend aussi qu&rsquo;en 1900 il est devenu clairon. Il a combattu dans les r\u00e9giments d&rsquo;infanterie, mais aussi dans l&rsquo;infanterie territoriale. A partir de 1918 il a \u00e9t\u00e9 mobilis\u00e9 sur les voies ferr\u00e9es \u00e0 Bondy. En fait beaucoup de mes anc\u00eatres \u00e9taient \u00e2g\u00e9s et ont combattu dans l&rsquo;arm\u00e9e territoriale. Ce qui n&rsquo;a pas emp\u00each\u00e9 une bonne partie de mes anc\u00eatres d&rsquo;\u00eatre bless\u00e9s ou d\u2019avoir combattu plus pr\u00e8s du front par la suite ! A suivre&#8230;","og_url":"https:\/\/www.elodie-et-antoine.fr\/ra\/?p=1676","og_site_name":"Rencontre avec mes anc\u00eatres","article_publisher":"https:\/\/www.facebook.com\/rencontreancetres","article_published_time":"2016-06-11T07:50:12+00:00","author":"Elodie","twitter_card":"summary_large_image","twitter_creator":"@lodeetwit","twitter_site":"@lodeetwit","twitter_misc":{"\u00c9crit par":"Elodie","Dur\u00e9e de lecture estim\u00e9e":"1 minute"},"schema":{"@context":"https:\/\/schema.org","@graph":[{"@type":"Article","@id":"https:\/\/www.elodie-et-antoine.fr\/ra\/?p=1676#article","isPartOf":{"@id":"https:\/\/www.elodie-et-antoine.fr\/ra\/?p=1676"},"author":{"name":"Elodie","@id":"https:\/\/www.elodie-et-antoine.fr\/ra\/#\/schema\/person\/50e9be10104b0e8a3c0f55df181b9b56"},"headline":"I &#8230; Ils ont fait la guerre","datePublished":"2016-06-11T07:50:12+00:00","mainEntityOfPage":{"@id":"https:\/\/www.elodie-et-antoine.fr\/ra\/?p=1676"},"wordCount":305,"commentCount":0,"publisher":{"@id":"https:\/\/www.elodie-et-antoine.fr\/ra\/#organization"},"articleSection":["Challenge"],"inLanguage":"fr-FR","potentialAction":[{"@type":"CommentAction","name":"Comment","target":["https:\/\/www.elodie-et-antoine.fr\/ra\/?p=1676#respond"]}]},{"@type":"WebPage","@id":"https:\/\/www.elodie-et-antoine.fr\/ra\/?p=1676","url":"https:\/\/www.elodie-et-antoine.fr\/ra\/?p=1676","name":"I ... Ils ont fait la guerre - Rencontre avec mes anc\u00eatres","isPartOf":{"@id":"https:\/\/www.elodie-et-antoine.fr\/ra\/#website"},"datePublished":"2016-06-11T07:50:12+00:00","breadcrumb":{"@id":"https:\/\/www.elodie-et-antoine.fr\/ra\/?p=1676#breadcrumb"},"inLanguage":"fr-FR","potentialAction":[{"@type":"ReadAction","target":["https:\/\/www.elodie-et-antoine.fr\/ra\/?p=1676"]}]},{"@type":"BreadcrumbList","@id":"https:\/\/www.elodie-et-antoine.fr\/ra\/?p=1676#breadcrumb","itemListElement":[{"@type":"ListItem","position":1,"name":"Accueil","item":"https:\/\/www.elodie-et-antoine.fr\/ra"},{"@type":"ListItem","position":2,"name":"I &#8230; Ils ont fait la guerre"}]},{"@type":"WebSite","@id":"https:\/\/www.elodie-et-antoine.fr\/ra\/#website","url":"https:\/\/www.elodie-et-antoine.fr\/ra\/","name":"Rencontre avec mes anc\u00eatres","description":"Rencontre avec mes anc\u00eatres","publisher":{"@id":"https:\/\/www.elodie-et-antoine.fr\/ra\/#organization"},"potentialAction":[{"@type":"SearchAction","target":{"@type":"EntryPoint","urlTemplate":"https:\/\/www.elodie-et-antoine.fr\/ra\/?s={search_term_string}"},"query-input":{"@type":"PropertyValueSpecification","valueRequired":true,"valueName":"search_term_string"}}],"inLanguage":"fr-FR"},{"@type":"Organization","@id":"https:\/\/www.elodie-et-antoine.fr\/ra\/#organization","name":"Rencontre avec mes anc\u00eatres","url":"https:\/\/www.elodie-et-antoine.fr\/ra\/","logo":{"@type":"ImageObject","inLanguage":"fr-FR","@id":"https:\/\/www.elodie-et-antoine.fr\/ra\/#\/schema\/logo\/image\/","url":"https:\/\/www.elodie-et-antoine.fr\/ra\/wp-content\/uploads\/2024\/02\/Logo-detoure.png","contentUrl":"https:\/\/www.elodie-et-antoine.fr\/ra\/wp-content\/uploads\/2024\/02\/Logo-detoure.png","width":500,"height":500,"caption":"Rencontre avec mes anc\u00eatres"},"image":{"@id":"https:\/\/www.elodie-et-antoine.fr\/ra\/#\/schema\/logo\/image\/"},"sameAs":["https:\/\/www.facebook.com\/rencontreancetres","https:\/\/x.com\/lodeetwit"]},{"@type":"Person","@id":"https:\/\/www.elodie-et-antoine.fr\/ra\/#\/schema\/person\/50e9be10104b0e8a3c0f55df181b9b56","name":"Elodie","image":{"@type":"ImageObject","inLanguage":"fr-FR","@id":"https:\/\/www.elodie-et-antoine.fr\/ra\/#\/schema\/person\/image\/","url":"https:\/\/secure.gravatar.com\/avatar\/1ee5777faed60801dee6c0665d8f4bb2cfd6d4bf6ab052dbbc40be268a652c31?s=96&d=mm&r=g","contentUrl":"https:\/\/secure.gravatar.com\/avatar\/1ee5777faed60801dee6c0665d8f4bb2cfd6d4bf6ab052dbbc40be268a652c31?s=96&d=mm&r=g","caption":"Elodie"},"url":"https:\/\/www.elodie-et-antoine.fr\/ra\/?author=1"}]}},"jetpack_featured_media_url":"","jetpack_sharing_enabled":true,"_links":{"self":[{"href":"https:\/\/www.elodie-et-antoine.fr\/ra\/index.php?rest_route=\/wp\/v2\/posts\/1676","targetHints":{"allow":["GET"]}}],"collection":[{"href":"https:\/\/www.elodie-et-antoine.fr\/ra\/index.php?rest_route=\/wp\/v2\/posts"}],"about":[{"href":"https:\/\/www.elodie-et-antoine.fr\/ra\/index.php?rest_route=\/wp\/v2\/types\/post"}],"author":[{"embeddable":true,"href":"https:\/\/www.elodie-et-antoine.fr\/ra\/index.php?rest_route=\/wp\/v2\/users\/1"}],"replies":[{"embeddable":true,"href":"https:\/\/www.elodie-et-antoine.fr\/ra\/index.php?rest_route=%2Fwp%2Fv2%2Fcomments&post=1676"}],"version-history":[{"count":1,"href":"https:\/\/www.elodie-et-antoine.fr\/ra\/index.php?rest_route=\/wp\/v2\/posts\/1676\/revisions"}],"predecessor-version":[{"id":1677,"href":"https:\/\/www.elodie-et-antoine.fr\/ra\/index.php?rest_route=\/wp\/v2\/posts\/1676\/revisions\/1677"}],"wp:attachment":[{"href":"https:\/\/www.elodie-et-antoine.fr\/ra\/index.php?rest_route=%2Fwp%2Fv2%2Fmedia&parent=1676"}],"wp:term":[{"taxonomy":"category","embeddable":true,"href":"https:\/\/www.elodie-et-antoine.fr\/ra\/index.php?rest_route=%2Fwp%2Fv2%2Fcategories&post=1676"},{"taxonomy":"post_tag","embeddable":true,"href":"https:\/\/www.elodie-et-antoine.fr\/ra\/index.php?rest_route=%2Fwp%2Fv2%2Ftags&post=1676"}],"curies":[{"name":"wp","href":"https:\/\/api.w.org\/{rel}","templated":true}]}}