{"id":1473,"date":"2016-01-13T13:05:12","date_gmt":"2016-01-13T12:05:12","guid":{"rendered":"http:\/\/www.elodie-et-antoine.fr\/ra\/?p=1473"},"modified":"2016-02-07T09:13:11","modified_gmt":"2016-02-07T08:13:11","slug":"trois-mois-pour-decouvrir-la-famille-leger-porcher","status":"publish","type":"post","link":"https:\/\/www.elodie-et-antoine.fr\/ra\/?p=1473","title":{"rendered":"Trois mois pour d\u00e9couvrir la famille LEGER &#8211; PORCHER"},"content":{"rendered":"<p style=\"text-align: justify;\">Ce billet est le premier d&rsquo;une s\u00e9rie qui va m&rsquo;occuper les trois prochains mois, durant lesquels je vais axer mes recherches sur la famille LEGER-PORCHER.<\/p>\n<p style=\"text-align: justify;\"><a href=\"https:\/\/www.elodie-et-antoine.fr\/ra\/wp-content\/uploads\/2016\/01\/Ici.jpg\" rel=\"attachment wp-att-1481\"><img loading=\"lazy\" decoding=\"async\" class=\"alignnone size-full wp-image-1481\" src=\"https:\/\/www.elodie-et-antoine.fr\/ra\/wp-content\/uploads\/2016\/01\/Ici.jpg\" alt=\"Ici\" width=\"940\" height=\"566\" srcset=\"https:\/\/www.elodie-et-antoine.fr\/ra\/wp-content\/uploads\/2016\/01\/Ici.jpg 940w, https:\/\/www.elodie-et-antoine.fr\/ra\/wp-content\/uploads\/2016\/01\/Ici-300x181.jpg 300w, https:\/\/www.elodie-et-antoine.fr\/ra\/wp-content\/uploads\/2016\/01\/Ici-768x462.jpg 768w\" sizes=\"auto, (max-width: 940px) 100vw, 940px\" \/><\/a><\/p>\n<p style=\"text-align: justify;\">Pourquoi me demanderiez-vous ? Le d\u00e9clencheur est un nouveau d\u00e9fi g\u00e9n\u00e9alogique \u00ab\u00a03 mois pour ma g\u00e9n\u00e9alogie\u00a0\u00bb, dont le principe est de se concentrer sur un individu de son arbre. En l\u2019occurrence je commence d\u00e9j\u00e0 par prendre quelques libert\u00e9s en choisissant une famille enti\u00e8re. Le choix de cette branche est presque d\u00fb au hasard, car je commen\u00e7ais des recherches sur le pass\u00e9 militaire des fr\u00e8res de\u00a0 Justin LEGER, grand-p\u00e8re de mon grand-p\u00e8re qu&rsquo;il affectionnait particuli\u00e8rement.<\/p>\n<p style=\"text-align: justify;\">Les recherches nous m\u00e8neront dans l&rsquo;\u00e9tat civil, les recensements, registres matricule&#8230;. Je vous donne rendez-vous avant la fin du mois pour vous pr\u00e9senter plus pr\u00e9cis\u00e9ment ces anc\u00eatres.<\/p>\n<p><a href=\"https:\/\/www.elodie-et-antoine.fr\/ra\/wp-content\/uploads\/2016\/01\/Leger-Porcher.jpg\" rel=\"attachment wp-att-1477\"><img loading=\"lazy\" decoding=\"async\" class=\"alignnone size-full wp-image-1477\" src=\"https:\/\/www.elodie-et-antoine.fr\/ra\/wp-content\/uploads\/2016\/01\/Leger-Porcher.jpg\" alt=\"Leger Porcher\" width=\"878\" height=\"413\" srcset=\"https:\/\/www.elodie-et-antoine.fr\/ra\/wp-content\/uploads\/2016\/01\/Leger-Porcher.jpg 878w, https:\/\/www.elodie-et-antoine.fr\/ra\/wp-content\/uploads\/2016\/01\/Leger-Porcher-300x141.jpg 300w, https:\/\/www.elodie-et-antoine.fr\/ra\/wp-content\/uploads\/2016\/01\/Leger-Porcher-768x361.jpg 768w\" sizes=\"auto, (max-width: 878px) 100vw, 878px\" \/><\/a><\/p>\n<p style=\"text-align: center;\"><span style=\"text-decoration: underline;\"><em>Voici le point de d\u00e9part de ce nouveau d\u00e9fi g\u00e9n\u00e9alogique !<\/em><\/span><\/p>\n<p>&nbsp;<\/p>\n","protected":false},"excerpt":{"rendered":"<p>Ce billet est le premier d&rsquo;une s\u00e9rie qui va m&rsquo;occuper les trois prochains mois, durant lesquels je vais axer mes recherches sur la famille LEGER-PORCHER. Pourquoi me demanderiez-vous ? Le d\u00e9clencheur est un nouveau d\u00e9fi g\u00e9n\u00e9alogique \u00ab\u00a03 mois pour ma g\u00e9n\u00e9alogie\u00a0\u00bb, dont le principe est de se concentrer sur un individu de son arbre. En l\u2019occurrence je commence d\u00e9j\u00e0 par prendre quelques libert\u00e9s en choisissant une famille enti\u00e8re. Le choix de cette branche est presque d\u00fb au hasard, car je commen\u00e7ais des recherches sur le pass\u00e9 militaire des fr\u00e8res de\u00a0 Justin LEGER, grand-p\u00e8re de mon grand-p\u00e8re qu&rsquo;il affectionnait particuli\u00e8rement. Les recherches nous m\u00e8neront dans l&rsquo;\u00e9tat civil, les recensements, registres matricule&#8230;. Je vous donne rendez-vous avant la fin du mois pour vous pr\u00e9senter plus pr\u00e9cis\u00e9ment ces anc\u00eatres. Voici le point de d\u00e9part de ce nouveau d\u00e9fi g\u00e9n\u00e9alogique ! &nbsp;<\/p>\n","protected":false},"author":1,"featured_media":0,"comment_status":"open","ping_status":"open","sticky":false,"template":"","format":"standard","meta":{"_exactmetrics_skip_tracking":false,"_exactmetrics_sitenote_active":false,"_exactmetrics_sitenote_note":"","_exactmetrics_sitenote_category":0,"jetpack_post_was_ever_published":false,"_jetpack_newsletter_access":"","_jetpack_dont_email_post_to_subs":false,"_jetpack_newsletter_tier_id":0,"_jetpack_memberships_contains_paywalled_content":false,"_jetpack_memberships_contains_paid_content":false,"footnotes":""},"categories":[12,8,26],"tags":[200,69,160,33],"class_list":["post-1473","post","type-post","status-publish","format-standard","hentry","category-challenge","category-geneatheme","category-mes-ancetres","tag-defi-3-mois","tag-leger","tag-porcher","tag-sury-en-vaux"],"yoast_head":"<!-- This site is optimized with the Yoast SEO plugin v27.0 - https:\/\/yoast.com\/product\/yoast-seo-wordpress\/ -->\n<title>Trois mois pour d\u00e9couvrir la famille LEGER - PORCHER - Rencontre avec mes anc\u00eatres<\/title>\n<meta name=\"robots\" content=\"index, follow, max-snippet:-1, max-image-preview:large, max-video-preview:-1\" \/>\n<link rel=\"canonical\" href=\"https:\/\/www.elodie-et-antoine.fr\/ra\/?p=1473\" \/>\n<meta property=\"og:locale\" content=\"fr_FR\" \/>\n<meta property=\"og:type\" content=\"article\" \/>\n<meta property=\"og:title\" content=\"Trois mois pour d\u00e9couvrir la famille LEGER - PORCHER - Rencontre avec mes anc\u00eatres\" \/>\n<meta property=\"og:description\" content=\"Ce billet est le premier d&rsquo;une s\u00e9rie qui va m&rsquo;occuper les trois prochains mois, durant lesquels je vais axer mes recherches sur la famille LEGER-PORCHER. Pourquoi me demanderiez-vous ? Le d\u00e9clencheur est un nouveau d\u00e9fi g\u00e9n\u00e9alogique \u00ab\u00a03 mois pour ma g\u00e9n\u00e9alogie\u00a0\u00bb, dont le principe est de se concentrer sur un individu de son arbre. En l\u2019occurrence je commence d\u00e9j\u00e0 par prendre quelques libert\u00e9s en choisissant une famille enti\u00e8re. Le choix de cette branche est presque d\u00fb au hasard, car je commen\u00e7ais des recherches sur le pass\u00e9 militaire des fr\u00e8res de\u00a0 Justin LEGER, grand-p\u00e8re de mon grand-p\u00e8re qu&rsquo;il affectionnait particuli\u00e8rement. Les recherches nous m\u00e8neront dans l&rsquo;\u00e9tat civil, les recensements, registres matricule&#8230;. Je vous donne rendez-vous avant la fin du mois pour vous pr\u00e9senter plus pr\u00e9cis\u00e9ment ces anc\u00eatres. Voici le point de d\u00e9part de ce nouveau d\u00e9fi g\u00e9n\u00e9alogique ! &nbsp;\" \/>\n<meta property=\"og:url\" content=\"https:\/\/www.elodie-et-antoine.fr\/ra\/?p=1473\" \/>\n<meta property=\"og:site_name\" content=\"Rencontre avec mes anc\u00eatres\" \/>\n<meta property=\"article:publisher\" content=\"https:\/\/www.facebook.com\/rencontreancetres\" \/>\n<meta property=\"article:published_time\" content=\"2016-01-13T12:05:12+00:00\" \/>\n<meta property=\"article:modified_time\" content=\"2016-02-07T08:13:11+00:00\" \/>\n<meta property=\"og:image\" content=\"http:\/\/www.elodie-et-antoine.fr\/ra\/wp-content\/uploads\/2016\/01\/Ici.jpg\" \/>\n<meta name=\"author\" content=\"Elodie\" \/>\n<meta name=\"twitter:card\" content=\"summary_large_image\" \/>\n<meta name=\"twitter:creator\" content=\"@lodeetwit\" \/>\n<meta name=\"twitter:site\" content=\"@lodeetwit\" \/>\n<meta name=\"twitter:label1\" content=\"\u00c9crit par\" \/>\n\t<meta name=\"twitter:data1\" content=\"Elodie\" \/>\n\t<meta name=\"twitter:label2\" content=\"Dur\u00e9e de lecture estim\u00e9e\" \/>\n\t<meta name=\"twitter:data2\" content=\"1 minute\" \/>\n<script type=\"application\/ld+json\" class=\"yoast-schema-graph\">{\"@context\":\"https:\/\/schema.org\",\"@graph\":[{\"@type\":\"Article\",\"@id\":\"https:\/\/www.elodie-et-antoine.fr\/ra\/?p=1473#article\",\"isPartOf\":{\"@id\":\"https:\/\/www.elodie-et-antoine.fr\/ra\/?p=1473\"},\"author\":{\"name\":\"Elodie\",\"@id\":\"https:\/\/www.elodie-et-antoine.fr\/ra\/#\/schema\/person\/50e9be10104b0e8a3c0f55df181b9b56\"},\"headline\":\"Trois mois pour d\u00e9couvrir la famille LEGER &#8211; PORCHER\",\"datePublished\":\"2016-01-13T12:05:12+00:00\",\"dateModified\":\"2016-02-07T08:13:11+00:00\",\"mainEntityOfPage\":{\"@id\":\"https:\/\/www.elodie-et-antoine.fr\/ra\/?p=1473\"},\"wordCount\":171,\"commentCount\":2,\"publisher\":{\"@id\":\"https:\/\/www.elodie-et-antoine.fr\/ra\/#organization\"},\"image\":{\"@id\":\"https:\/\/www.elodie-et-antoine.fr\/ra\/?p=1473#primaryimage\"},\"thumbnailUrl\":\"http:\/\/www.elodie-et-antoine.fr\/ra\/wp-content\/uploads\/2016\/01\/Ici.jpg\",\"keywords\":[\"D\u00e9fi 3 mois\",\"L\u00e9ger\",\"Porcher\",\"sury-en-vaux\"],\"articleSection\":[\"Challenge\",\"G\u00e9n\u00e9ath\u00e8me\",\"Mes anc\u00eatres\"],\"inLanguage\":\"fr-FR\",\"potentialAction\":[{\"@type\":\"CommentAction\",\"name\":\"Comment\",\"target\":[\"https:\/\/www.elodie-et-antoine.fr\/ra\/?p=1473#respond\"]}]},{\"@type\":\"WebPage\",\"@id\":\"https:\/\/www.elodie-et-antoine.fr\/ra\/?p=1473\",\"url\":\"https:\/\/www.elodie-et-antoine.fr\/ra\/?p=1473\",\"name\":\"Trois mois pour d\u00e9couvrir la famille LEGER - PORCHER - Rencontre avec mes anc\u00eatres\",\"isPartOf\":{\"@id\":\"https:\/\/www.elodie-et-antoine.fr\/ra\/#website\"},\"primaryImageOfPage\":{\"@id\":\"https:\/\/www.elodie-et-antoine.fr\/ra\/?p=1473#primaryimage\"},\"image\":{\"@id\":\"https:\/\/www.elodie-et-antoine.fr\/ra\/?p=1473#primaryimage\"},\"thumbnailUrl\":\"http:\/\/www.elodie-et-antoine.fr\/ra\/wp-content\/uploads\/2016\/01\/Ici.jpg\",\"datePublished\":\"2016-01-13T12:05:12+00:00\",\"dateModified\":\"2016-02-07T08:13:11+00:00\",\"breadcrumb\":{\"@id\":\"https:\/\/www.elodie-et-antoine.fr\/ra\/?p=1473#breadcrumb\"},\"inLanguage\":\"fr-FR\",\"potentialAction\":[{\"@type\":\"ReadAction\",\"target\":[\"https:\/\/www.elodie-et-antoine.fr\/ra\/?p=1473\"]}]},{\"@type\":\"ImageObject\",\"inLanguage\":\"fr-FR\",\"@id\":\"https:\/\/www.elodie-et-antoine.fr\/ra\/?p=1473#primaryimage\",\"url\":\"http:\/\/www.elodie-et-antoine.fr\/ra\/wp-content\/uploads\/2016\/01\/Ici.jpg\",\"contentUrl\":\"http:\/\/www.elodie-et-antoine.fr\/ra\/wp-content\/uploads\/2016\/01\/Ici.jpg\"},{\"@type\":\"BreadcrumbList\",\"@id\":\"https:\/\/www.elodie-et-antoine.fr\/ra\/?p=1473#breadcrumb\",\"itemListElement\":[{\"@type\":\"ListItem\",\"position\":1,\"name\":\"Accueil\",\"item\":\"https:\/\/www.elodie-et-antoine.fr\/ra\"},{\"@type\":\"ListItem\",\"position\":2,\"name\":\"Trois mois pour d\u00e9couvrir la famille LEGER &#8211; PORCHER\"}]},{\"@type\":\"WebSite\",\"@id\":\"https:\/\/www.elodie-et-antoine.fr\/ra\/#website\",\"url\":\"https:\/\/www.elodie-et-antoine.fr\/ra\/\",\"name\":\"Rencontre avec mes anc\u00eatres\",\"description\":\"Rencontre avec mes anc\u00eatres\",\"publisher\":{\"@id\":\"https:\/\/www.elodie-et-antoine.fr\/ra\/#organization\"},\"potentialAction\":[{\"@type\":\"SearchAction\",\"target\":{\"@type\":\"EntryPoint\",\"urlTemplate\":\"https:\/\/www.elodie-et-antoine.fr\/ra\/?s={search_term_string}\"},\"query-input\":{\"@type\":\"PropertyValueSpecification\",\"valueRequired\":true,\"valueName\":\"search_term_string\"}}],\"inLanguage\":\"fr-FR\"},{\"@type\":\"Organization\",\"@id\":\"https:\/\/www.elodie-et-antoine.fr\/ra\/#organization\",\"name\":\"Rencontre avec mes anc\u00eatres\",\"url\":\"https:\/\/www.elodie-et-antoine.fr\/ra\/\",\"logo\":{\"@type\":\"ImageObject\",\"inLanguage\":\"fr-FR\",\"@id\":\"https:\/\/www.elodie-et-antoine.fr\/ra\/#\/schema\/logo\/image\/\",\"url\":\"https:\/\/www.elodie-et-antoine.fr\/ra\/wp-content\/uploads\/2024\/02\/Logo-detoure.png\",\"contentUrl\":\"https:\/\/www.elodie-et-antoine.fr\/ra\/wp-content\/uploads\/2024\/02\/Logo-detoure.png\",\"width\":500,\"height\":500,\"caption\":\"Rencontre avec mes anc\u00eatres\"},\"image\":{\"@id\":\"https:\/\/www.elodie-et-antoine.fr\/ra\/#\/schema\/logo\/image\/\"},\"sameAs\":[\"https:\/\/www.facebook.com\/rencontreancetres\",\"https:\/\/x.com\/lodeetwit\"]},{\"@type\":\"Person\",\"@id\":\"https:\/\/www.elodie-et-antoine.fr\/ra\/#\/schema\/person\/50e9be10104b0e8a3c0f55df181b9b56\",\"name\":\"Elodie\",\"image\":{\"@type\":\"ImageObject\",\"inLanguage\":\"fr-FR\",\"@id\":\"https:\/\/www.elodie-et-antoine.fr\/ra\/#\/schema\/person\/image\/\",\"url\":\"https:\/\/secure.gravatar.com\/avatar\/1ee5777faed60801dee6c0665d8f4bb2cfd6d4bf6ab052dbbc40be268a652c31?s=96&d=mm&r=g\",\"contentUrl\":\"https:\/\/secure.gravatar.com\/avatar\/1ee5777faed60801dee6c0665d8f4bb2cfd6d4bf6ab052dbbc40be268a652c31?s=96&d=mm&r=g\",\"caption\":\"Elodie\"},\"url\":\"https:\/\/www.elodie-et-antoine.fr\/ra\/?author=1\"}]}<\/script>\n<!-- \/ Yoast SEO plugin. -->","yoast_head_json":{"title":"Trois mois pour d\u00e9couvrir la famille LEGER - PORCHER - Rencontre avec mes anc\u00eatres","robots":{"index":"index","follow":"follow","max-snippet":"max-snippet:-1","max-image-preview":"max-image-preview:large","max-video-preview":"max-video-preview:-1"},"canonical":"https:\/\/www.elodie-et-antoine.fr\/ra\/?p=1473","og_locale":"fr_FR","og_type":"article","og_title":"Trois mois pour d\u00e9couvrir la famille LEGER - PORCHER - Rencontre avec mes anc\u00eatres","og_description":"Ce billet est le premier d&rsquo;une s\u00e9rie qui va m&rsquo;occuper les trois prochains mois, durant lesquels je vais axer mes recherches sur la famille LEGER-PORCHER. Pourquoi me demanderiez-vous ? Le d\u00e9clencheur est un nouveau d\u00e9fi g\u00e9n\u00e9alogique \u00ab\u00a03 mois pour ma g\u00e9n\u00e9alogie\u00a0\u00bb, dont le principe est de se concentrer sur un individu de son arbre. En l\u2019occurrence je commence d\u00e9j\u00e0 par prendre quelques libert\u00e9s en choisissant une famille enti\u00e8re. Le choix de cette branche est presque d\u00fb au hasard, car je commen\u00e7ais des recherches sur le pass\u00e9 militaire des fr\u00e8res de\u00a0 Justin LEGER, grand-p\u00e8re de mon grand-p\u00e8re qu&rsquo;il affectionnait particuli\u00e8rement. Les recherches nous m\u00e8neront dans l&rsquo;\u00e9tat civil, les recensements, registres matricule&#8230;. Je vous donne rendez-vous avant la fin du mois pour vous pr\u00e9senter plus pr\u00e9cis\u00e9ment ces anc\u00eatres. Voici le point de d\u00e9part de ce nouveau d\u00e9fi g\u00e9n\u00e9alogique ! &nbsp;","og_url":"https:\/\/www.elodie-et-antoine.fr\/ra\/?p=1473","og_site_name":"Rencontre avec mes anc\u00eatres","article_publisher":"https:\/\/www.facebook.com\/rencontreancetres","article_published_time":"2016-01-13T12:05:12+00:00","article_modified_time":"2016-02-07T08:13:11+00:00","og_image":[{"url":"http:\/\/www.elodie-et-antoine.fr\/ra\/wp-content\/uploads\/2016\/01\/Ici.jpg","type":"","width":"","height":""}],"author":"Elodie","twitter_card":"summary_large_image","twitter_creator":"@lodeetwit","twitter_site":"@lodeetwit","twitter_misc":{"\u00c9crit par":"Elodie","Dur\u00e9e de lecture estim\u00e9e":"1 minute"},"schema":{"@context":"https:\/\/schema.org","@graph":[{"@type":"Article","@id":"https:\/\/www.elodie-et-antoine.fr\/ra\/?p=1473#article","isPartOf":{"@id":"https:\/\/www.elodie-et-antoine.fr\/ra\/?p=1473"},"author":{"name":"Elodie","@id":"https:\/\/www.elodie-et-antoine.fr\/ra\/#\/schema\/person\/50e9be10104b0e8a3c0f55df181b9b56"},"headline":"Trois mois pour d\u00e9couvrir la famille LEGER &#8211; PORCHER","datePublished":"2016-01-13T12:05:12+00:00","dateModified":"2016-02-07T08:13:11+00:00","mainEntityOfPage":{"@id":"https:\/\/www.elodie-et-antoine.fr\/ra\/?p=1473"},"wordCount":171,"commentCount":2,"publisher":{"@id":"https:\/\/www.elodie-et-antoine.fr\/ra\/#organization"},"image":{"@id":"https:\/\/www.elodie-et-antoine.fr\/ra\/?p=1473#primaryimage"},"thumbnailUrl":"http:\/\/www.elodie-et-antoine.fr\/ra\/wp-content\/uploads\/2016\/01\/Ici.jpg","keywords":["D\u00e9fi 3 mois","L\u00e9ger","Porcher","sury-en-vaux"],"articleSection":["Challenge","G\u00e9n\u00e9ath\u00e8me","Mes anc\u00eatres"],"inLanguage":"fr-FR","potentialAction":[{"@type":"CommentAction","name":"Comment","target":["https:\/\/www.elodie-et-antoine.fr\/ra\/?p=1473#respond"]}]},{"@type":"WebPage","@id":"https:\/\/www.elodie-et-antoine.fr\/ra\/?p=1473","url":"https:\/\/www.elodie-et-antoine.fr\/ra\/?p=1473","name":"Trois mois pour d\u00e9couvrir la famille LEGER - PORCHER - Rencontre avec mes anc\u00eatres","isPartOf":{"@id":"https:\/\/www.elodie-et-antoine.fr\/ra\/#website"},"primaryImageOfPage":{"@id":"https:\/\/www.elodie-et-antoine.fr\/ra\/?p=1473#primaryimage"},"image":{"@id":"https:\/\/www.elodie-et-antoine.fr\/ra\/?p=1473#primaryimage"},"thumbnailUrl":"http:\/\/www.elodie-et-antoine.fr\/ra\/wp-content\/uploads\/2016\/01\/Ici.jpg","datePublished":"2016-01-13T12:05:12+00:00","dateModified":"2016-02-07T08:13:11+00:00","breadcrumb":{"@id":"https:\/\/www.elodie-et-antoine.fr\/ra\/?p=1473#breadcrumb"},"inLanguage":"fr-FR","potentialAction":[{"@type":"ReadAction","target":["https:\/\/www.elodie-et-antoine.fr\/ra\/?p=1473"]}]},{"@type":"ImageObject","inLanguage":"fr-FR","@id":"https:\/\/www.elodie-et-antoine.fr\/ra\/?p=1473#primaryimage","url":"http:\/\/www.elodie-et-antoine.fr\/ra\/wp-content\/uploads\/2016\/01\/Ici.jpg","contentUrl":"http:\/\/www.elodie-et-antoine.fr\/ra\/wp-content\/uploads\/2016\/01\/Ici.jpg"},{"@type":"BreadcrumbList","@id":"https:\/\/www.elodie-et-antoine.fr\/ra\/?p=1473#breadcrumb","itemListElement":[{"@type":"ListItem","position":1,"name":"Accueil","item":"https:\/\/www.elodie-et-antoine.fr\/ra"},{"@type":"ListItem","position":2,"name":"Trois mois pour d\u00e9couvrir la famille LEGER &#8211; PORCHER"}]},{"@type":"WebSite","@id":"https:\/\/www.elodie-et-antoine.fr\/ra\/#website","url":"https:\/\/www.elodie-et-antoine.fr\/ra\/","name":"Rencontre avec mes anc\u00eatres","description":"Rencontre avec mes anc\u00eatres","publisher":{"@id":"https:\/\/www.elodie-et-antoine.fr\/ra\/#organization"},"potentialAction":[{"@type":"SearchAction","target":{"@type":"EntryPoint","urlTemplate":"https:\/\/www.elodie-et-antoine.fr\/ra\/?s={search_term_string}"},"query-input":{"@type":"PropertyValueSpecification","valueRequired":true,"valueName":"search_term_string"}}],"inLanguage":"fr-FR"},{"@type":"Organization","@id":"https:\/\/www.elodie-et-antoine.fr\/ra\/#organization","name":"Rencontre avec mes anc\u00eatres","url":"https:\/\/www.elodie-et-antoine.fr\/ra\/","logo":{"@type":"ImageObject","inLanguage":"fr-FR","@id":"https:\/\/www.elodie-et-antoine.fr\/ra\/#\/schema\/logo\/image\/","url":"https:\/\/www.elodie-et-antoine.fr\/ra\/wp-content\/uploads\/2024\/02\/Logo-detoure.png","contentUrl":"https:\/\/www.elodie-et-antoine.fr\/ra\/wp-content\/uploads\/2024\/02\/Logo-detoure.png","width":500,"height":500,"caption":"Rencontre avec mes anc\u00eatres"},"image":{"@id":"https:\/\/www.elodie-et-antoine.fr\/ra\/#\/schema\/logo\/image\/"},"sameAs":["https:\/\/www.facebook.com\/rencontreancetres","https:\/\/x.com\/lodeetwit"]},{"@type":"Person","@id":"https:\/\/www.elodie-et-antoine.fr\/ra\/#\/schema\/person\/50e9be10104b0e8a3c0f55df181b9b56","name":"Elodie","image":{"@type":"ImageObject","inLanguage":"fr-FR","@id":"https:\/\/www.elodie-et-antoine.fr\/ra\/#\/schema\/person\/image\/","url":"https:\/\/secure.gravatar.com\/avatar\/1ee5777faed60801dee6c0665d8f4bb2cfd6d4bf6ab052dbbc40be268a652c31?s=96&d=mm&r=g","contentUrl":"https:\/\/secure.gravatar.com\/avatar\/1ee5777faed60801dee6c0665d8f4bb2cfd6d4bf6ab052dbbc40be268a652c31?s=96&d=mm&r=g","caption":"Elodie"},"url":"https:\/\/www.elodie-et-antoine.fr\/ra\/?author=1"}]}},"jetpack_featured_media_url":"","jetpack_sharing_enabled":true,"_links":{"self":[{"href":"https:\/\/www.elodie-et-antoine.fr\/ra\/index.php?rest_route=\/wp\/v2\/posts\/1473","targetHints":{"allow":["GET"]}}],"collection":[{"href":"https:\/\/www.elodie-et-antoine.fr\/ra\/index.php?rest_route=\/wp\/v2\/posts"}],"about":[{"href":"https:\/\/www.elodie-et-antoine.fr\/ra\/index.php?rest_route=\/wp\/v2\/types\/post"}],"author":[{"embeddable":true,"href":"https:\/\/www.elodie-et-antoine.fr\/ra\/index.php?rest_route=\/wp\/v2\/users\/1"}],"replies":[{"embeddable":true,"href":"https:\/\/www.elodie-et-antoine.fr\/ra\/index.php?rest_route=%2Fwp%2Fv2%2Fcomments&post=1473"}],"version-history":[{"count":7,"href":"https:\/\/www.elodie-et-antoine.fr\/ra\/index.php?rest_route=\/wp\/v2\/posts\/1473\/revisions"}],"predecessor-version":[{"id":1483,"href":"https:\/\/www.elodie-et-antoine.fr\/ra\/index.php?rest_route=\/wp\/v2\/posts\/1473\/revisions\/1483"}],"wp:attachment":[{"href":"https:\/\/www.elodie-et-antoine.fr\/ra\/index.php?rest_route=%2Fwp%2Fv2%2Fmedia&parent=1473"}],"wp:term":[{"taxonomy":"category","embeddable":true,"href":"https:\/\/www.elodie-et-antoine.fr\/ra\/index.php?rest_route=%2Fwp%2Fv2%2Fcategories&post=1473"},{"taxonomy":"post_tag","embeddable":true,"href":"https:\/\/www.elodie-et-antoine.fr\/ra\/index.php?rest_route=%2Fwp%2Fv2%2Ftags&post=1473"}],"curies":[{"name":"wp","href":"https:\/\/api.w.org\/{rel}","templated":true}]}}