{"id":1038,"date":"2014-10-15T15:46:25","date_gmt":"2014-10-15T14:46:25","guid":{"rendered":"http:\/\/www.elodie-et-antoine.fr\/ra\/?p=1038"},"modified":"2015-01-10T17:36:57","modified_gmt":"2015-01-10T16:36:57","slug":"fiches-matricule-de-mes-ancetres-toutes-trouvees","status":"publish","type":"post","link":"https:\/\/www.elodie-et-antoine.fr\/ra\/?p=1038","title":{"rendered":"Fiches matricule de mes anc\u00eatres : trouv\u00e9es !"},"content":{"rendered":"<p style=\"text-align: justify;\">La bonne nouvelle est tomb\u00e9e ce lundi : les registres matricules de la Ni\u00e8vre sont en ligne. Nos anc\u00eatres du Cher \u00e9taient affect\u00e9s au bureau de recrutement de Cosne sur Loire dans le d\u00e9partement voisin de la Ni\u00e8vre&#8230; Ce qui ne m&rsquo;a pas facilit\u00e9 la tache ! J&rsquo;ai trouv\u00e9 une premi\u00e8re partie des fiches de mes a\u00efeux l&rsquo;\u00e9t\u00e9 dernier lors de la mise en ligne des fiches du Cher. Et \u00e0 ce jour, j&rsquo;ai entre mes mains (virtuellement tout du moins) toutes les fiches de mes anc\u00eatres et ceux de mon mari ! Je ne me suis int\u00e9ress\u00e9e pour le moment qu&rsquo;\u00e0 nos anc\u00eatres en ligne directe.<\/p>\n<p style=\"text-align: justify;\">Le pass\u00e9 militaire de ces hommes fera sans nul doute l&rsquo;objet d&rsquo;articles plus d\u00e9taill\u00e9s sur ce blog. Voici les premiers \u00e9l\u00e9ments.<\/p>\n<p style=\"text-align: justify;\"><strong>DEZAT Louis D\u00e9sir\u00e9 Auguste<\/strong> &#8211; sosa 16. Affect\u00e9 \u00e0 diff\u00e9rents R\u00e9giments d&rsquo;Infanterie Territoriale ainsi que dans la 23\u00e8me Section d&rsquo;Infirmiers Militaires. Il fut d\u00e9tach\u00e9 comme agriculteur de cat\u00e9gorie A en septembre 1917.<\/p>\n<p style=\"text-align: justify;\"><strong>L\u00c9GER \u00c9mile Justin<\/strong> &#8211; sosa 18. Affect\u00e9 \u00e9galement \u00e0 un R\u00e9giment d&rsquo;Infanterie Territoriale, puis d&rsquo;Infanterie Coloniale. Il est gravement bless\u00e9 \u00e0 la jambe le 4 d\u00e9cembre 1917 puis sera envoy\u00e9 dans divers h\u00f4pitaux militaires.<\/p>\n<p style=\"text-align: justify;\"><strong>BLONDEAU L\u00e9onard Alexandre<\/strong> &#8211; sosa 10. Affect\u00e9 \u00e0 diff\u00e9rents R\u00e9giments d&rsquo;Artillerie de Campagne o\u00f9 il est canonnier.<\/p>\n<p style=\"text-align: justify;\"><strong>REVERDY Alphonse Ferdinand \u00c9tienne<\/strong> &#8211; sosa 22 . Il fut exempt\u00e9 de service militaire.<\/p>\n<p style=\"text-align: justify;\"><strong>CHAMPAULT Henri Isidore Eug\u00e8ne<\/strong> &#8211; sosa 26.\u00a0 Affect\u00e9 \u00e0 diff\u00e9rents R\u00e9giments d&rsquo;Artillerie Lourde.<\/p>\n<p style=\"text-align: justify;\"><strong>CHAMPION Pierre Francisque<\/strong> &#8211; sosa 28. En plus de la fiche matricule, j&rsquo;ai une copie de son livret militaire. Affect\u00e9 \u00e0 divers R\u00e9giments d&rsquo;Infanterie Territoriale. A l&rsquo;issue de la guerre, il passa quelques semaines dans le 5\u00e8me R\u00e9giment de G\u00e9nie o\u00f9 il fut d\u00e9tach\u00e9 sur les voies ferr\u00e9es \u00e0 Bondy.<\/p>\n<p style=\"text-align: justify;\"><strong>LINARD Louis Fran\u00e7ois Joseph<\/strong> &#8211; sosa 30. Affect\u00e9 au 4\u00e8me R\u00e9giment d&rsquo;Infanterie, comme beaucoup d&rsquo;hommes du Cher. Il est \u00e9vacu\u00e9 une premi\u00e8re fois pour blessure de guerre. Il repart aux armes et sera \u00e9vacu\u00e9 pour maladie. Il rejoindra son corps et devient caporal en avril 1918.<\/p>\n<p style=\"text-align: justify;\"><a href=\"https:\/\/www.elodie-et-antoine.fr\/ra\/wp-content\/uploads\/2014\/10\/Matricules.jpg\"><img loading=\"lazy\" decoding=\"async\" class=\"alignnone size-full wp-image-1042\" src=\"https:\/\/www.elodie-et-antoine.fr\/ra\/wp-content\/uploads\/2014\/10\/Matricules.jpg\" alt=\"Matricules\" width=\"960\" height=\"623\" srcset=\"https:\/\/www.elodie-et-antoine.fr\/ra\/wp-content\/uploads\/2014\/10\/Matricules.jpg 960w, https:\/\/www.elodie-et-antoine.fr\/ra\/wp-content\/uploads\/2014\/10\/Matricules-300x194.jpg 300w\" sizes=\"auto, (max-width: 960px) 100vw, 960px\" \/><\/a><\/p>\n<p style=\"text-align: justify;\"><em>Voici maintenant l&rsquo;\u00e9tat des lieux du c\u00f4t\u00e9 de mon mari :<\/em><\/p>\n<p style=\"text-align: justify;\"><strong>GIRAUD Ernest Ren\u00e9<\/strong> &#8211; sosa 8.\u00a0 Il fut exempt\u00e9 pour cause de bronchite chronique.<\/p>\n<p style=\"text-align: justify;\"><strong>BLIN Joseph Alexandre<\/strong> &#8211; sosa 10. Affect\u00e9 \u00e0 dix-neuf ans alors que la guerre est d\u00e9j\u00e0 en cours. Il servira dans des bataillons de Chasseur \u00e0 pied et de Chasseurs alpins.<\/p>\n<p style=\"text-align: justify;\"><strong>AUGERAT \u00c9mile Auguste<\/strong>. sosa 12. Il est ajourn\u00e9e pour cause de faiblesse en 1915 et 1916. Il rejoint le 95\u00e8me R\u00e9giment d&rsquo;Infanterie en 1917.<\/p>\n<p style=\"text-align: justify;\"><strong>BONTEMPS L\u00e9on Fran\u00e7ois<\/strong> &#8211; sosa 14. J&rsquo;ai besoin de bien relire la fiche, mais il \u00e9tait visiblement atteint de grave probl\u00e8mes de myopie &#8230; ce qui ne l&#8217;emp\u00eache pas d&rsquo;\u00eatre affect\u00e9 \u00e0 un r\u00e9giment d&rsquo;artillerie. Il passe ensuite dans un r\u00e9giment de chasseur \u00e0 cheval, dans un r\u00e9giment de hussards puis dans un r\u00e9giment de Dragons en 1919.<\/p>\n<p style=\"text-align: justify;\">De quoi m&rsquo;occuper durant mes longues soir\u00e9es d&rsquo;hiver. Et vous, avez-vous trouv\u00e9 trace du pass\u00e9 militaire de vos anc\u00eatres ?<\/p>\n","protected":false},"excerpt":{"rendered":"<p>La bonne nouvelle est tomb\u00e9e ce lundi : les registres matricules de la Ni\u00e8vre sont en ligne. Nos anc\u00eatres du Cher \u00e9taient affect\u00e9s au bureau de recrutement de Cosne sur Loire dans le d\u00e9partement voisin de la Ni\u00e8vre&#8230; Ce qui ne m&rsquo;a pas facilit\u00e9 la tache ! J&rsquo;ai trouv\u00e9 une premi\u00e8re partie des fiches de mes a\u00efeux l&rsquo;\u00e9t\u00e9 dernier lors de la mise en ligne des fiches du Cher. Et \u00e0 ce jour, j&rsquo;ai entre mes mains (virtuellement tout du moins) toutes les fiches de mes anc\u00eatres et ceux de mon mari ! Je ne me suis int\u00e9ress\u00e9e pour le moment qu&rsquo;\u00e0 nos anc\u00eatres en ligne directe. Le pass\u00e9 militaire de ces hommes fera sans nul doute l&rsquo;objet d&rsquo;articles plus d\u00e9taill\u00e9s sur ce blog. Voici les premiers \u00e9l\u00e9ments. DEZAT Louis D\u00e9sir\u00e9 Auguste &#8211; sosa 16. Affect\u00e9 \u00e0 diff\u00e9rents R\u00e9giments d&rsquo;Infanterie Territoriale ainsi que dans la 23\u00e8me Section d&rsquo;Infirmiers Militaires. Il fut d\u00e9tach\u00e9 comme agriculteur de cat\u00e9gorie A en septembre 1917. L\u00c9GER \u00c9mile Justin &#8211; sosa 18. Affect\u00e9 \u00e9galement \u00e0 un R\u00e9giment d&rsquo;Infanterie Territoriale, puis d&rsquo;Infanterie Coloniale. Il est gravement bless\u00e9 \u00e0 la jambe le 4 d\u00e9cembre 1917 puis sera envoy\u00e9 dans divers h\u00f4pitaux militaires. BLONDEAU L\u00e9onard Alexandre &#8211; sosa 10. Affect\u00e9 \u00e0 diff\u00e9rents R\u00e9giments d&rsquo;Artillerie de Campagne o\u00f9 il est canonnier. REVERDY Alphonse Ferdinand \u00c9tienne &#8211; sosa 22 . Il fut exempt\u00e9 de service militaire. CHAMPAULT Henri Isidore Eug\u00e8ne &#8211; sosa 26.\u00a0 Affect\u00e9 \u00e0 diff\u00e9rents R\u00e9giments d&rsquo;Artillerie Lourde. CHAMPION Pierre Francisque &#8211; sosa 28. En plus de la fiche matricule, j&rsquo;ai une copie de son livret militaire. Affect\u00e9 \u00e0 divers R\u00e9giments d&rsquo;Infanterie Territoriale. A l&rsquo;issue de la guerre, il passa quelques semaines dans le 5\u00e8me R\u00e9giment de G\u00e9nie o\u00f9 il fut d\u00e9tach\u00e9 sur les voies ferr\u00e9es \u00e0 Bondy. LINARD Louis Fran\u00e7ois Joseph &#8211; sosa 30. Affect\u00e9 au 4\u00e8me R\u00e9giment d&rsquo;Infanterie, comme beaucoup d&rsquo;hommes du Cher. Il est \u00e9vacu\u00e9 une premi\u00e8re fois pour blessure de guerre. Il repart aux armes et sera \u00e9vacu\u00e9 pour maladie. Il rejoindra son corps et devient caporal en avril 1918. Voici maintenant l&rsquo;\u00e9tat des lieux du c\u00f4t\u00e9 de mon mari : GIRAUD Ernest Ren\u00e9 &#8211; sosa 8.\u00a0 Il fut exempt\u00e9 pour cause de bronchite chronique. BLIN Joseph Alexandre &#8211; sosa 10. Affect\u00e9 \u00e0 dix-neuf ans alors que la guerre est d\u00e9j\u00e0 en cours. Il servira dans des bataillons de Chasseur \u00e0 pied et de Chasseurs alpins. AUGERAT \u00c9mile Auguste. sosa 12. Il est ajourn\u00e9e pour cause de faiblesse en 1915 et 1916. Il rejoint le 95\u00e8me R\u00e9giment d&rsquo;Infanterie en 1917. BONTEMPS L\u00e9on Fran\u00e7ois &#8211; sosa 14. J&rsquo;ai besoin de bien relire la fiche, mais il \u00e9tait visiblement atteint de grave probl\u00e8mes de myopie &#8230; ce qui ne l&#8217;emp\u00eache pas d&rsquo;\u00eatre affect\u00e9 \u00e0 un r\u00e9giment d&rsquo;artillerie. Il passe ensuite dans un r\u00e9giment de chasseur \u00e0 cheval, dans un r\u00e9giment de hussards puis dans un r\u00e9giment de Dragons en 1919. De quoi m&rsquo;occuper durant mes longues soir\u00e9es d&rsquo;hiver. Et vous, avez-vous trouv\u00e9 trace du pass\u00e9 militaire de vos anc\u00eatres ?<\/p>\n","protected":false},"author":1,"featured_media":0,"comment_status":"open","ping_status":"open","sticky":false,"template":"","format":"standard","meta":{"_exactmetrics_skip_tracking":false,"_exactmetrics_sitenote_active":false,"_exactmetrics_sitenote_note":"","_exactmetrics_sitenote_category":0,"jetpack_post_was_ever_published":false,"_jetpack_newsletter_access":"","_jetpack_dont_email_post_to_subs":false,"_jetpack_newsletter_tier_id":0,"_jetpack_memberships_contains_paywalled_content":false,"_jetpack_memberships_contains_paid_content":false,"footnotes":""},"categories":[26],"tags":[120],"class_list":["post-1038","post","type-post","status-publish","format-standard","hentry","category-mes-ancetres","tag-guerre-1418"],"yoast_head":"<!-- This site is optimized with the Yoast SEO plugin v27.0 - https:\/\/yoast.com\/product\/yoast-seo-wordpress\/ -->\n<title>Fiches matricule de mes anc\u00eatres : trouv\u00e9es ! - Rencontre avec mes anc\u00eatres<\/title>\n<meta name=\"robots\" content=\"index, follow, max-snippet:-1, max-image-preview:large, max-video-preview:-1\" \/>\n<link rel=\"canonical\" href=\"https:\/\/www.elodie-et-antoine.fr\/ra\/?p=1038\" \/>\n<meta property=\"og:locale\" content=\"fr_FR\" \/>\n<meta property=\"og:type\" content=\"article\" \/>\n<meta property=\"og:title\" content=\"Fiches matricule de mes anc\u00eatres : trouv\u00e9es ! - Rencontre avec mes anc\u00eatres\" \/>\n<meta property=\"og:description\" content=\"La bonne nouvelle est tomb\u00e9e ce lundi : les registres matricules de la Ni\u00e8vre sont en ligne. Nos anc\u00eatres du Cher \u00e9taient affect\u00e9s au bureau de recrutement de Cosne sur Loire dans le d\u00e9partement voisin de la Ni\u00e8vre&#8230; Ce qui ne m&rsquo;a pas facilit\u00e9 la tache ! J&rsquo;ai trouv\u00e9 une premi\u00e8re partie des fiches de mes a\u00efeux l&rsquo;\u00e9t\u00e9 dernier lors de la mise en ligne des fiches du Cher. Et \u00e0 ce jour, j&rsquo;ai entre mes mains (virtuellement tout du moins) toutes les fiches de mes anc\u00eatres et ceux de mon mari ! Je ne me suis int\u00e9ress\u00e9e pour le moment qu&rsquo;\u00e0 nos anc\u00eatres en ligne directe. Le pass\u00e9 militaire de ces hommes fera sans nul doute l&rsquo;objet d&rsquo;articles plus d\u00e9taill\u00e9s sur ce blog. Voici les premiers \u00e9l\u00e9ments. DEZAT Louis D\u00e9sir\u00e9 Auguste &#8211; sosa 16. Affect\u00e9 \u00e0 diff\u00e9rents R\u00e9giments d&rsquo;Infanterie Territoriale ainsi que dans la 23\u00e8me Section d&rsquo;Infirmiers Militaires. Il fut d\u00e9tach\u00e9 comme agriculteur de cat\u00e9gorie A en septembre 1917. L\u00c9GER \u00c9mile Justin &#8211; sosa 18. Affect\u00e9 \u00e9galement \u00e0 un R\u00e9giment d&rsquo;Infanterie Territoriale, puis d&rsquo;Infanterie Coloniale. Il est gravement bless\u00e9 \u00e0 la jambe le 4 d\u00e9cembre 1917 puis sera envoy\u00e9 dans divers h\u00f4pitaux militaires. BLONDEAU L\u00e9onard Alexandre &#8211; sosa 10. Affect\u00e9 \u00e0 diff\u00e9rents R\u00e9giments d&rsquo;Artillerie de Campagne o\u00f9 il est canonnier. REVERDY Alphonse Ferdinand \u00c9tienne &#8211; sosa 22 . Il fut exempt\u00e9 de service militaire. CHAMPAULT Henri Isidore Eug\u00e8ne &#8211; sosa 26.\u00a0 Affect\u00e9 \u00e0 diff\u00e9rents R\u00e9giments d&rsquo;Artillerie Lourde. CHAMPION Pierre Francisque &#8211; sosa 28. En plus de la fiche matricule, j&rsquo;ai une copie de son livret militaire. Affect\u00e9 \u00e0 divers R\u00e9giments d&rsquo;Infanterie Territoriale. A l&rsquo;issue de la guerre, il passa quelques semaines dans le 5\u00e8me R\u00e9giment de G\u00e9nie o\u00f9 il fut d\u00e9tach\u00e9 sur les voies ferr\u00e9es \u00e0 Bondy. LINARD Louis Fran\u00e7ois Joseph &#8211; sosa 30. Affect\u00e9 au 4\u00e8me R\u00e9giment d&rsquo;Infanterie, comme beaucoup d&rsquo;hommes du Cher. Il est \u00e9vacu\u00e9 une premi\u00e8re fois pour blessure de guerre. Il repart aux armes et sera \u00e9vacu\u00e9 pour maladie. Il rejoindra son corps et devient caporal en avril 1918. Voici maintenant l&rsquo;\u00e9tat des lieux du c\u00f4t\u00e9 de mon mari : GIRAUD Ernest Ren\u00e9 &#8211; sosa 8.\u00a0 Il fut exempt\u00e9 pour cause de bronchite chronique. BLIN Joseph Alexandre &#8211; sosa 10. Affect\u00e9 \u00e0 dix-neuf ans alors que la guerre est d\u00e9j\u00e0 en cours. Il servira dans des bataillons de Chasseur \u00e0 pied et de Chasseurs alpins. AUGERAT \u00c9mile Auguste. sosa 12. Il est ajourn\u00e9e pour cause de faiblesse en 1915 et 1916. Il rejoint le 95\u00e8me R\u00e9giment d&rsquo;Infanterie en 1917. BONTEMPS L\u00e9on Fran\u00e7ois &#8211; sosa 14. J&rsquo;ai besoin de bien relire la fiche, mais il \u00e9tait visiblement atteint de grave probl\u00e8mes de myopie &#8230; ce qui ne l&#8217;emp\u00eache pas d&rsquo;\u00eatre affect\u00e9 \u00e0 un r\u00e9giment d&rsquo;artillerie. Il passe ensuite dans un r\u00e9giment de chasseur \u00e0 cheval, dans un r\u00e9giment de hussards puis dans un r\u00e9giment de Dragons en 1919. De quoi m&rsquo;occuper durant mes longues soir\u00e9es d&rsquo;hiver. Et vous, avez-vous trouv\u00e9 trace du pass\u00e9 militaire de vos anc\u00eatres ?\" \/>\n<meta property=\"og:url\" content=\"https:\/\/www.elodie-et-antoine.fr\/ra\/?p=1038\" \/>\n<meta property=\"og:site_name\" content=\"Rencontre avec mes anc\u00eatres\" \/>\n<meta property=\"article:publisher\" content=\"https:\/\/www.facebook.com\/rencontreancetres\" \/>\n<meta property=\"article:published_time\" content=\"2014-10-15T14:46:25+00:00\" \/>\n<meta property=\"article:modified_time\" content=\"2015-01-10T16:36:57+00:00\" \/>\n<meta property=\"og:image\" content=\"http:\/\/www.elodie-et-antoine.fr\/ra\/wp-content\/uploads\/2014\/10\/Matricules.jpg\" \/>\n<meta name=\"author\" content=\"Elodie\" \/>\n<meta name=\"twitter:card\" content=\"summary_large_image\" \/>\n<meta name=\"twitter:creator\" content=\"@lodeetwit\" \/>\n<meta name=\"twitter:site\" content=\"@lodeetwit\" \/>\n<meta name=\"twitter:label1\" content=\"\u00c9crit par\" \/>\n\t<meta name=\"twitter:data1\" content=\"Elodie\" \/>\n\t<meta name=\"twitter:label2\" content=\"Dur\u00e9e de lecture estim\u00e9e\" \/>\n\t<meta name=\"twitter:data2\" content=\"3 minutes\" \/>\n<script type=\"application\/ld+json\" class=\"yoast-schema-graph\">{\"@context\":\"https:\/\/schema.org\",\"@graph\":[{\"@type\":\"Article\",\"@id\":\"https:\/\/www.elodie-et-antoine.fr\/ra\/?p=1038#article\",\"isPartOf\":{\"@id\":\"https:\/\/www.elodie-et-antoine.fr\/ra\/?p=1038\"},\"author\":{\"name\":\"Elodie\",\"@id\":\"https:\/\/www.elodie-et-antoine.fr\/ra\/#\/schema\/person\/50e9be10104b0e8a3c0f55df181b9b56\"},\"headline\":\"Fiches matricule de mes anc\u00eatres : trouv\u00e9es !\",\"datePublished\":\"2014-10-15T14:46:25+00:00\",\"dateModified\":\"2015-01-10T16:36:57+00:00\",\"mainEntityOfPage\":{\"@id\":\"https:\/\/www.elodie-et-antoine.fr\/ra\/?p=1038\"},\"wordCount\":517,\"commentCount\":9,\"publisher\":{\"@id\":\"https:\/\/www.elodie-et-antoine.fr\/ra\/#organization\"},\"image\":{\"@id\":\"https:\/\/www.elodie-et-antoine.fr\/ra\/?p=1038#primaryimage\"},\"thumbnailUrl\":\"http:\/\/www.elodie-et-antoine.fr\/ra\/wp-content\/uploads\/2014\/10\/Matricules.jpg\",\"keywords\":[\"guerre 14\/18\"],\"articleSection\":[\"Mes anc\u00eatres\"],\"inLanguage\":\"fr-FR\",\"potentialAction\":[{\"@type\":\"CommentAction\",\"name\":\"Comment\",\"target\":[\"https:\/\/www.elodie-et-antoine.fr\/ra\/?p=1038#respond\"]}]},{\"@type\":\"WebPage\",\"@id\":\"https:\/\/www.elodie-et-antoine.fr\/ra\/?p=1038\",\"url\":\"https:\/\/www.elodie-et-antoine.fr\/ra\/?p=1038\",\"name\":\"Fiches matricule de mes anc\u00eatres : trouv\u00e9es ! - Rencontre avec mes anc\u00eatres\",\"isPartOf\":{\"@id\":\"https:\/\/www.elodie-et-antoine.fr\/ra\/#website\"},\"primaryImageOfPage\":{\"@id\":\"https:\/\/www.elodie-et-antoine.fr\/ra\/?p=1038#primaryimage\"},\"image\":{\"@id\":\"https:\/\/www.elodie-et-antoine.fr\/ra\/?p=1038#primaryimage\"},\"thumbnailUrl\":\"http:\/\/www.elodie-et-antoine.fr\/ra\/wp-content\/uploads\/2014\/10\/Matricules.jpg\",\"datePublished\":\"2014-10-15T14:46:25+00:00\",\"dateModified\":\"2015-01-10T16:36:57+00:00\",\"breadcrumb\":{\"@id\":\"https:\/\/www.elodie-et-antoine.fr\/ra\/?p=1038#breadcrumb\"},\"inLanguage\":\"fr-FR\",\"potentialAction\":[{\"@type\":\"ReadAction\",\"target\":[\"https:\/\/www.elodie-et-antoine.fr\/ra\/?p=1038\"]}]},{\"@type\":\"ImageObject\",\"inLanguage\":\"fr-FR\",\"@id\":\"https:\/\/www.elodie-et-antoine.fr\/ra\/?p=1038#primaryimage\",\"url\":\"http:\/\/www.elodie-et-antoine.fr\/ra\/wp-content\/uploads\/2014\/10\/Matricules.jpg\",\"contentUrl\":\"http:\/\/www.elodie-et-antoine.fr\/ra\/wp-content\/uploads\/2014\/10\/Matricules.jpg\"},{\"@type\":\"BreadcrumbList\",\"@id\":\"https:\/\/www.elodie-et-antoine.fr\/ra\/?p=1038#breadcrumb\",\"itemListElement\":[{\"@type\":\"ListItem\",\"position\":1,\"name\":\"Accueil\",\"item\":\"https:\/\/www.elodie-et-antoine.fr\/ra\"},{\"@type\":\"ListItem\",\"position\":2,\"name\":\"Fiches matricule de mes anc\u00eatres : trouv\u00e9es !\"}]},{\"@type\":\"WebSite\",\"@id\":\"https:\/\/www.elodie-et-antoine.fr\/ra\/#website\",\"url\":\"https:\/\/www.elodie-et-antoine.fr\/ra\/\",\"name\":\"Rencontre avec mes anc\u00eatres\",\"description\":\"Rencontre avec mes anc\u00eatres\",\"publisher\":{\"@id\":\"https:\/\/www.elodie-et-antoine.fr\/ra\/#organization\"},\"potentialAction\":[{\"@type\":\"SearchAction\",\"target\":{\"@type\":\"EntryPoint\",\"urlTemplate\":\"https:\/\/www.elodie-et-antoine.fr\/ra\/?s={search_term_string}\"},\"query-input\":{\"@type\":\"PropertyValueSpecification\",\"valueRequired\":true,\"valueName\":\"search_term_string\"}}],\"inLanguage\":\"fr-FR\"},{\"@type\":\"Organization\",\"@id\":\"https:\/\/www.elodie-et-antoine.fr\/ra\/#organization\",\"name\":\"Rencontre avec mes anc\u00eatres\",\"url\":\"https:\/\/www.elodie-et-antoine.fr\/ra\/\",\"logo\":{\"@type\":\"ImageObject\",\"inLanguage\":\"fr-FR\",\"@id\":\"https:\/\/www.elodie-et-antoine.fr\/ra\/#\/schema\/logo\/image\/\",\"url\":\"https:\/\/www.elodie-et-antoine.fr\/ra\/wp-content\/uploads\/2024\/02\/Logo-detoure.png\",\"contentUrl\":\"https:\/\/www.elodie-et-antoine.fr\/ra\/wp-content\/uploads\/2024\/02\/Logo-detoure.png\",\"width\":500,\"height\":500,\"caption\":\"Rencontre avec mes anc\u00eatres\"},\"image\":{\"@id\":\"https:\/\/www.elodie-et-antoine.fr\/ra\/#\/schema\/logo\/image\/\"},\"sameAs\":[\"https:\/\/www.facebook.com\/rencontreancetres\",\"https:\/\/x.com\/lodeetwit\"]},{\"@type\":\"Person\",\"@id\":\"https:\/\/www.elodie-et-antoine.fr\/ra\/#\/schema\/person\/50e9be10104b0e8a3c0f55df181b9b56\",\"name\":\"Elodie\",\"image\":{\"@type\":\"ImageObject\",\"inLanguage\":\"fr-FR\",\"@id\":\"https:\/\/www.elodie-et-antoine.fr\/ra\/#\/schema\/person\/image\/\",\"url\":\"https:\/\/secure.gravatar.com\/avatar\/1ee5777faed60801dee6c0665d8f4bb2cfd6d4bf6ab052dbbc40be268a652c31?s=96&d=mm&r=g\",\"contentUrl\":\"https:\/\/secure.gravatar.com\/avatar\/1ee5777faed60801dee6c0665d8f4bb2cfd6d4bf6ab052dbbc40be268a652c31?s=96&d=mm&r=g\",\"caption\":\"Elodie\"},\"url\":\"https:\/\/www.elodie-et-antoine.fr\/ra\/?author=1\"}]}<\/script>\n<!-- \/ Yoast SEO plugin. -->","yoast_head_json":{"title":"Fiches matricule de mes anc\u00eatres : trouv\u00e9es ! - Rencontre avec mes anc\u00eatres","robots":{"index":"index","follow":"follow","max-snippet":"max-snippet:-1","max-image-preview":"max-image-preview:large","max-video-preview":"max-video-preview:-1"},"canonical":"https:\/\/www.elodie-et-antoine.fr\/ra\/?p=1038","og_locale":"fr_FR","og_type":"article","og_title":"Fiches matricule de mes anc\u00eatres : trouv\u00e9es ! - Rencontre avec mes anc\u00eatres","og_description":"La bonne nouvelle est tomb\u00e9e ce lundi : les registres matricules de la Ni\u00e8vre sont en ligne. Nos anc\u00eatres du Cher \u00e9taient affect\u00e9s au bureau de recrutement de Cosne sur Loire dans le d\u00e9partement voisin de la Ni\u00e8vre&#8230; Ce qui ne m&rsquo;a pas facilit\u00e9 la tache ! J&rsquo;ai trouv\u00e9 une premi\u00e8re partie des fiches de mes a\u00efeux l&rsquo;\u00e9t\u00e9 dernier lors de la mise en ligne des fiches du Cher. Et \u00e0 ce jour, j&rsquo;ai entre mes mains (virtuellement tout du moins) toutes les fiches de mes anc\u00eatres et ceux de mon mari ! Je ne me suis int\u00e9ress\u00e9e pour le moment qu&rsquo;\u00e0 nos anc\u00eatres en ligne directe. Le pass\u00e9 militaire de ces hommes fera sans nul doute l&rsquo;objet d&rsquo;articles plus d\u00e9taill\u00e9s sur ce blog. Voici les premiers \u00e9l\u00e9ments. DEZAT Louis D\u00e9sir\u00e9 Auguste &#8211; sosa 16. Affect\u00e9 \u00e0 diff\u00e9rents R\u00e9giments d&rsquo;Infanterie Territoriale ainsi que dans la 23\u00e8me Section d&rsquo;Infirmiers Militaires. Il fut d\u00e9tach\u00e9 comme agriculteur de cat\u00e9gorie A en septembre 1917. L\u00c9GER \u00c9mile Justin &#8211; sosa 18. Affect\u00e9 \u00e9galement \u00e0 un R\u00e9giment d&rsquo;Infanterie Territoriale, puis d&rsquo;Infanterie Coloniale. Il est gravement bless\u00e9 \u00e0 la jambe le 4 d\u00e9cembre 1917 puis sera envoy\u00e9 dans divers h\u00f4pitaux militaires. BLONDEAU L\u00e9onard Alexandre &#8211; sosa 10. Affect\u00e9 \u00e0 diff\u00e9rents R\u00e9giments d&rsquo;Artillerie de Campagne o\u00f9 il est canonnier. REVERDY Alphonse Ferdinand \u00c9tienne &#8211; sosa 22 . Il fut exempt\u00e9 de service militaire. CHAMPAULT Henri Isidore Eug\u00e8ne &#8211; sosa 26.\u00a0 Affect\u00e9 \u00e0 diff\u00e9rents R\u00e9giments d&rsquo;Artillerie Lourde. CHAMPION Pierre Francisque &#8211; sosa 28. En plus de la fiche matricule, j&rsquo;ai une copie de son livret militaire. Affect\u00e9 \u00e0 divers R\u00e9giments d&rsquo;Infanterie Territoriale. A l&rsquo;issue de la guerre, il passa quelques semaines dans le 5\u00e8me R\u00e9giment de G\u00e9nie o\u00f9 il fut d\u00e9tach\u00e9 sur les voies ferr\u00e9es \u00e0 Bondy. LINARD Louis Fran\u00e7ois Joseph &#8211; sosa 30. Affect\u00e9 au 4\u00e8me R\u00e9giment d&rsquo;Infanterie, comme beaucoup d&rsquo;hommes du Cher. Il est \u00e9vacu\u00e9 une premi\u00e8re fois pour blessure de guerre. Il repart aux armes et sera \u00e9vacu\u00e9 pour maladie. Il rejoindra son corps et devient caporal en avril 1918. Voici maintenant l&rsquo;\u00e9tat des lieux du c\u00f4t\u00e9 de mon mari : GIRAUD Ernest Ren\u00e9 &#8211; sosa 8.\u00a0 Il fut exempt\u00e9 pour cause de bronchite chronique. BLIN Joseph Alexandre &#8211; sosa 10. Affect\u00e9 \u00e0 dix-neuf ans alors que la guerre est d\u00e9j\u00e0 en cours. Il servira dans des bataillons de Chasseur \u00e0 pied et de Chasseurs alpins. AUGERAT \u00c9mile Auguste. sosa 12. Il est ajourn\u00e9e pour cause de faiblesse en 1915 et 1916. Il rejoint le 95\u00e8me R\u00e9giment d&rsquo;Infanterie en 1917. BONTEMPS L\u00e9on Fran\u00e7ois &#8211; sosa 14. J&rsquo;ai besoin de bien relire la fiche, mais il \u00e9tait visiblement atteint de grave probl\u00e8mes de myopie &#8230; ce qui ne l&#8217;emp\u00eache pas d&rsquo;\u00eatre affect\u00e9 \u00e0 un r\u00e9giment d&rsquo;artillerie. Il passe ensuite dans un r\u00e9giment de chasseur \u00e0 cheval, dans un r\u00e9giment de hussards puis dans un r\u00e9giment de Dragons en 1919. De quoi m&rsquo;occuper durant mes longues soir\u00e9es d&rsquo;hiver. Et vous, avez-vous trouv\u00e9 trace du pass\u00e9 militaire de vos anc\u00eatres ?","og_url":"https:\/\/www.elodie-et-antoine.fr\/ra\/?p=1038","og_site_name":"Rencontre avec mes anc\u00eatres","article_publisher":"https:\/\/www.facebook.com\/rencontreancetres","article_published_time":"2014-10-15T14:46:25+00:00","article_modified_time":"2015-01-10T16:36:57+00:00","og_image":[{"url":"http:\/\/www.elodie-et-antoine.fr\/ra\/wp-content\/uploads\/2014\/10\/Matricules.jpg","type":"","width":"","height":""}],"author":"Elodie","twitter_card":"summary_large_image","twitter_creator":"@lodeetwit","twitter_site":"@lodeetwit","twitter_misc":{"\u00c9crit par":"Elodie","Dur\u00e9e de lecture estim\u00e9e":"3 minutes"},"schema":{"@context":"https:\/\/schema.org","@graph":[{"@type":"Article","@id":"https:\/\/www.elodie-et-antoine.fr\/ra\/?p=1038#article","isPartOf":{"@id":"https:\/\/www.elodie-et-antoine.fr\/ra\/?p=1038"},"author":{"name":"Elodie","@id":"https:\/\/www.elodie-et-antoine.fr\/ra\/#\/schema\/person\/50e9be10104b0e8a3c0f55df181b9b56"},"headline":"Fiches matricule de mes anc\u00eatres : trouv\u00e9es !","datePublished":"2014-10-15T14:46:25+00:00","dateModified":"2015-01-10T16:36:57+00:00","mainEntityOfPage":{"@id":"https:\/\/www.elodie-et-antoine.fr\/ra\/?p=1038"},"wordCount":517,"commentCount":9,"publisher":{"@id":"https:\/\/www.elodie-et-antoine.fr\/ra\/#organization"},"image":{"@id":"https:\/\/www.elodie-et-antoine.fr\/ra\/?p=1038#primaryimage"},"thumbnailUrl":"http:\/\/www.elodie-et-antoine.fr\/ra\/wp-content\/uploads\/2014\/10\/Matricules.jpg","keywords":["guerre 14\/18"],"articleSection":["Mes anc\u00eatres"],"inLanguage":"fr-FR","potentialAction":[{"@type":"CommentAction","name":"Comment","target":["https:\/\/www.elodie-et-antoine.fr\/ra\/?p=1038#respond"]}]},{"@type":"WebPage","@id":"https:\/\/www.elodie-et-antoine.fr\/ra\/?p=1038","url":"https:\/\/www.elodie-et-antoine.fr\/ra\/?p=1038","name":"Fiches matricule de mes anc\u00eatres : trouv\u00e9es ! - Rencontre avec mes anc\u00eatres","isPartOf":{"@id":"https:\/\/www.elodie-et-antoine.fr\/ra\/#website"},"primaryImageOfPage":{"@id":"https:\/\/www.elodie-et-antoine.fr\/ra\/?p=1038#primaryimage"},"image":{"@id":"https:\/\/www.elodie-et-antoine.fr\/ra\/?p=1038#primaryimage"},"thumbnailUrl":"http:\/\/www.elodie-et-antoine.fr\/ra\/wp-content\/uploads\/2014\/10\/Matricules.jpg","datePublished":"2014-10-15T14:46:25+00:00","dateModified":"2015-01-10T16:36:57+00:00","breadcrumb":{"@id":"https:\/\/www.elodie-et-antoine.fr\/ra\/?p=1038#breadcrumb"},"inLanguage":"fr-FR","potentialAction":[{"@type":"ReadAction","target":["https:\/\/www.elodie-et-antoine.fr\/ra\/?p=1038"]}]},{"@type":"ImageObject","inLanguage":"fr-FR","@id":"https:\/\/www.elodie-et-antoine.fr\/ra\/?p=1038#primaryimage","url":"http:\/\/www.elodie-et-antoine.fr\/ra\/wp-content\/uploads\/2014\/10\/Matricules.jpg","contentUrl":"http:\/\/www.elodie-et-antoine.fr\/ra\/wp-content\/uploads\/2014\/10\/Matricules.jpg"},{"@type":"BreadcrumbList","@id":"https:\/\/www.elodie-et-antoine.fr\/ra\/?p=1038#breadcrumb","itemListElement":[{"@type":"ListItem","position":1,"name":"Accueil","item":"https:\/\/www.elodie-et-antoine.fr\/ra"},{"@type":"ListItem","position":2,"name":"Fiches matricule de mes anc\u00eatres : trouv\u00e9es !"}]},{"@type":"WebSite","@id":"https:\/\/www.elodie-et-antoine.fr\/ra\/#website","url":"https:\/\/www.elodie-et-antoine.fr\/ra\/","name":"Rencontre avec mes anc\u00eatres","description":"Rencontre avec mes anc\u00eatres","publisher":{"@id":"https:\/\/www.elodie-et-antoine.fr\/ra\/#organization"},"potentialAction":[{"@type":"SearchAction","target":{"@type":"EntryPoint","urlTemplate":"https:\/\/www.elodie-et-antoine.fr\/ra\/?s={search_term_string}"},"query-input":{"@type":"PropertyValueSpecification","valueRequired":true,"valueName":"search_term_string"}}],"inLanguage":"fr-FR"},{"@type":"Organization","@id":"https:\/\/www.elodie-et-antoine.fr\/ra\/#organization","name":"Rencontre avec mes anc\u00eatres","url":"https:\/\/www.elodie-et-antoine.fr\/ra\/","logo":{"@type":"ImageObject","inLanguage":"fr-FR","@id":"https:\/\/www.elodie-et-antoine.fr\/ra\/#\/schema\/logo\/image\/","url":"https:\/\/www.elodie-et-antoine.fr\/ra\/wp-content\/uploads\/2024\/02\/Logo-detoure.png","contentUrl":"https:\/\/www.elodie-et-antoine.fr\/ra\/wp-content\/uploads\/2024\/02\/Logo-detoure.png","width":500,"height":500,"caption":"Rencontre avec mes anc\u00eatres"},"image":{"@id":"https:\/\/www.elodie-et-antoine.fr\/ra\/#\/schema\/logo\/image\/"},"sameAs":["https:\/\/www.facebook.com\/rencontreancetres","https:\/\/x.com\/lodeetwit"]},{"@type":"Person","@id":"https:\/\/www.elodie-et-antoine.fr\/ra\/#\/schema\/person\/50e9be10104b0e8a3c0f55df181b9b56","name":"Elodie","image":{"@type":"ImageObject","inLanguage":"fr-FR","@id":"https:\/\/www.elodie-et-antoine.fr\/ra\/#\/schema\/person\/image\/","url":"https:\/\/secure.gravatar.com\/avatar\/1ee5777faed60801dee6c0665d8f4bb2cfd6d4bf6ab052dbbc40be268a652c31?s=96&d=mm&r=g","contentUrl":"https:\/\/secure.gravatar.com\/avatar\/1ee5777faed60801dee6c0665d8f4bb2cfd6d4bf6ab052dbbc40be268a652c31?s=96&d=mm&r=g","caption":"Elodie"},"url":"https:\/\/www.elodie-et-antoine.fr\/ra\/?author=1"}]}},"jetpack_featured_media_url":"","jetpack_sharing_enabled":true,"_links":{"self":[{"href":"https:\/\/www.elodie-et-antoine.fr\/ra\/index.php?rest_route=\/wp\/v2\/posts\/1038","targetHints":{"allow":["GET"]}}],"collection":[{"href":"https:\/\/www.elodie-et-antoine.fr\/ra\/index.php?rest_route=\/wp\/v2\/posts"}],"about":[{"href":"https:\/\/www.elodie-et-antoine.fr\/ra\/index.php?rest_route=\/wp\/v2\/types\/post"}],"author":[{"embeddable":true,"href":"https:\/\/www.elodie-et-antoine.fr\/ra\/index.php?rest_route=\/wp\/v2\/users\/1"}],"replies":[{"embeddable":true,"href":"https:\/\/www.elodie-et-antoine.fr\/ra\/index.php?rest_route=%2Fwp%2Fv2%2Fcomments&post=1038"}],"version-history":[{"count":5,"href":"https:\/\/www.elodie-et-antoine.fr\/ra\/index.php?rest_route=\/wp\/v2\/posts\/1038\/revisions"}],"predecessor-version":[{"id":1044,"href":"https:\/\/www.elodie-et-antoine.fr\/ra\/index.php?rest_route=\/wp\/v2\/posts\/1038\/revisions\/1044"}],"wp:attachment":[{"href":"https:\/\/www.elodie-et-antoine.fr\/ra\/index.php?rest_route=%2Fwp%2Fv2%2Fmedia&parent=1038"}],"wp:term":[{"taxonomy":"category","embeddable":true,"href":"https:\/\/www.elodie-et-antoine.fr\/ra\/index.php?rest_route=%2Fwp%2Fv2%2Fcategories&post=1038"},{"taxonomy":"post_tag","embeddable":true,"href":"https:\/\/www.elodie-et-antoine.fr\/ra\/index.php?rest_route=%2Fwp%2Fv2%2Ftags&post=1038"}],"curies":[{"name":"wp","href":"https:\/\/api.w.org\/{rel}","templated":true}]}}